{"id":205615,"date":"2023-09-20T15:04:13","date_gmt":"2023-09-20T18:04:13","guid":{"rendered":"https:\/\/www.novaconcursos.com.br\/portal\/?p=205615"},"modified":"2025-04-15T17:41:34","modified_gmt":"2025-04-15T20:41:34","slug":"concurso-emater-df-saiu-o-edital-niveis-medio-e-superior","status":"publish","type":"post","link":"https:\/\/www.novaconcursos.com.br\/portal\/noticias\/concurso-emater-df-saiu-o-edital-niveis-medio-e-superior\/","title":{"rendered":"Concurso Emater DF: Saiu o edital com 126 vagas! N\u00edveis m\u00e9dio e superior!"},"content":{"rendered":"<p>Enfim saiu o edital do\u00a0<a href=\"https:\/\/www.novaconcursos.com.br\/portal\/concursos-abertos\/\">concurso Emater DF 2023<\/a>. S\u00e3o 126 vagas, com sal\u00e1rios que passam dos R$ 6,3 mil, para os n\u00edveis m\u00e9dio e superior.<strong> Veja como se inscrever<\/strong>!<\/p>\n\n\n\n<h2 class=\"wp-block-heading\" id=\"resumo-do-edital\">Resumo do Edital<\/h2>\n\n\n\n<p>Vagas: 126 vagas<br>Escolaridade: n\u00edveis m\u00e9dio e superior<br>Sal\u00e1rio: at\u00e9 R$ 6.310,06<br>Per\u00edodo de inscri\u00e7\u00e3o: 20\/10\/2023 at\u00e9 03\/12\/2023<br>Taxa de inscri\u00e7\u00e3o: R$ 67,00 e R$ 87,00<br>Prova: 21\/01\/2024 e 28\/01\/2024<br>Banca: Iades<br><a href=\"https:\/\/www.novaconcursos.com.br\/portal\/wp-content\/uploads\/2023\/09\/edital-embraer-df.pdf\" target=\"_blank\" rel=\"noreferrer noopener\">Baixe o edital<\/a><\/p>\n\n\n\n<p>Estude para o concurso dos seus sonhos com o\u00a0<strong>M\u00e9todo<\/strong>\u00a0que j\u00e1 ajudou na\u00a0<strong>aprova\u00e7\u00e3o de mais de 70 mil alunos.<\/strong>\u00a0<a href=\"https:\/\/aprovacao.novaconcursos.com.br\/assinatura\" target=\"_blank\" rel=\"noreferrer noopener\">Clique aqui<\/a>\u00a0e saiba mais!<\/p>\n\n\n\n<h2 class=\"wp-block-heading\" id=\"como-se-inscrever-no-concurso-emater-df\">Como se inscrever no concurso Emater DF?<\/h2>\n\n\n\n<p>Portanto, os interessados em uma das vagas do concurso da Emater \u2013 Empresa de Assist\u00eancia T\u00e9cnica e Extens\u00e3o Rural do\u00a0<a href=\"https:\/\/www.novaconcursos.com.br\/portal\/concursos-previstos\/df\/\">Distrito Federal<\/a>, devem se atentar.<\/p>\n\n\n\n<p>Isso porque as inscri\u00e7\u00f5es estar\u00e3o abertas entre \u00e0s\u00a0<strong>8h do dia 20 de outubro at\u00e9 \u00e0s 22h do dia 03 de dezembro de 2023<\/strong>, no site da banca organizadora,\u00a0<a href=\"http:\/\/www.iades.com.br\/\" target=\"_blank\" rel=\"noreferrer noopener\">Iades<\/a>.<\/p>\n\n\n\n<p>Para efetivar a inscri\u00e7\u00e3o, ser\u00e1 preciso pagar uma\u00a0<strong>taxa<\/strong>\u00a0de inscri\u00e7\u00e3o, at\u00e9 o dia 06 de dezembro, no valor de R$ 87 para cargos de n\u00edvel superior e R$ 67 para os de n\u00edvel m\u00e9dio.<\/p>\n\n\n\n<h3 class=\"wp-block-heading\">Isen\u00e7\u00e3o e redu\u00e7\u00e3o da taxa<\/h3>\n\n\n\n<p><strong>Fique atento!<\/strong>\u00a0O\u00a0<strong>per\u00edodo para solicita\u00e7\u00e3o<\/strong>\u00a0de isen\u00e7\u00e3o \u00e9 antes do per\u00edodo de inscri\u00e7\u00f5es, devendo ser solicitado entre os dias 05 de setembro e 11 de outubro de 2023. Veja quem pode pedir:<\/p>\n\n\n\n<ul class=\"wp-block-list\"><li>doador de sangue, conforme a Lei Distrital n\u00ba 4.949\/2012: certificado emitido por institui\u00e7\u00e3o p\u00fablica de sa\u00fade, que comprove pelo menos 3 doa\u00e7\u00f5es de sangue realizadas h\u00e1 menos de 1 (um) ano da data de in\u00edcio das inscri\u00e7\u00f5es;<\/li>\n\n\n\n<li>benefici\u00e1rio de programa social, conforme a Lei Distrital n\u00ba 4.949\/2012: certid\u00e3o ou declara\u00e7\u00e3o equivalente expedida pelo Governo do Distrito Federal (GDF) no presente ano, que comprove recebimento de benef\u00edcio de programa social de complementa\u00e7\u00e3o ou suplementa\u00e7\u00e3o de renda institu\u00eddo pelo GDF;<\/li>\n\n\n\n<li>presta\u00e7\u00e3o de servi\u00e7o \u00e0 Justi\u00e7a Eleitoral, conforme a Lei Distrital n\u00ba 5.818\/2017: declara\u00e7\u00e3o ou diploma expedido pela Justi\u00e7a Eleitoral, que comprove a presta\u00e7\u00e3o de servi\u00e7o \u00e0 Justi\u00e7a Eleitoral por, no m\u00ednimo, 2 elei\u00e7\u00f5es consecutivas ou n\u00e3o, considerado cada turno como uma elei\u00e7\u00e3o, com o nome completo do eleitor, a fun\u00e7\u00e3o desempenhada, o turno e a data da elei\u00e7\u00e3o;<\/li>\n\n\n\n<li>comiss\u00e1rio ou Agente de Prote\u00e7\u00e3o da Inf\u00e2ncia e da Juventude, conforme a Lei Distrital n\u00ba 6.314\/2019: documento comprobat\u00f3rio do exerc\u00edcio da atividade volunt\u00e1ria e n\u00e3o remunerada de Comiss\u00e1rio ou Agente de Prote\u00e7\u00e3o da Inf\u00e2ncia e da Juventude, emitido pelo \u00f3rg\u00e3o judici\u00e1rio correspondente, em que conste o per\u00edodo, no qual o candidato exerceu a referida atividade;<\/li>\n\n\n\n<li>doador de medula \u00f3ssea, conforme a Lei Distrital n\u00ba 5.968\/2017: documento expedido pela entidade coletora ou pela entidade respons\u00e1vel por cadastro de doadorde medula \u00f3ssea (redu\u00e7\u00e3o parcial de 50%).<\/li>\n<\/ul><h2 class=\"wp-block-heading\" id=\"quais-os-cargos-e-vagas-do-concurso-emater-df\">Quais os cargos e vagas do concurso Emater DF?<\/h2>\n\n\n\n<p>Portanto, a Empresa de Assist\u00eancia T\u00e9cnica e Extens\u00e3o Rural do\u00a0<a href=\"https:\/\/www.novaconcursos.com.br\/portal\/concursos-previstos\/df\/\">Distrito Federal<\/a> est\u00e1 ofertando\u00a0<strong>126 vagas<\/strong> para os n\u00edveis m\u00e9dio e superior.<\/p>\n\n\n\n<p>Segundo a divis\u00e3o, ent\u00e3o, s\u00e3o 35 vagas<strong>\u00a0imediatas<\/strong>\u00a0e 91 para a\u00a0<strong>forma\u00e7\u00e3o de cadastro reserva<\/strong>. As vagas ser\u00e3o distribu\u00eddas entre os seguintes<strong>\u00a0cargos<\/strong>:<\/p>\n\n\n\n<ul class=\"wp-block-list\"><li><strong>N\u00edvel m\u00e9dio<\/strong>\n<ul class=\"wp-block-list\"><li>Extensionista Rural\n<ul class=\"wp-block-list\"><li>Agroind\u00fastria: 01 + 04 CR<\/li>\n\n\n\n<li>Agropecu\u00e1ria: 02 + 05 CR<\/li>\n<\/ul><\/li>\n\n\n\n<li>Grupo Ocupacional de Apoio Administrativo e Servi\u00e7os Gerais\n<ul class=\"wp-block-list\"><li>Assistente Administrativo: 10 + 14 CR<\/li>\n<\/ul><\/li>\n<\/ul><\/li>\n\n\n\n<li><strong>N\u00edvel superior<\/strong>\n\n\n\n\n<ul class=\"wp-block-list\"><li>Extensionista Rural\n<ul class=\"wp-block-list\"><li>Economia Dom\u00e9stica: 01 + 06 CR<\/li>\n\n\n\n<li>Engenharia Agr\u00f4nomica: 07 + 27 CR<\/li>\n\n\n\n<li>Medicina Veterin\u00e1ria: 06 + 15 CR T\u00e9cnico Especializado<\/li>\n<\/ul><\/li>\n<\/ul><ul class=\"wp-block-list\"><li>Administra\u00e7\u00e3o: 02 + 11 CR<\/li>\n\n\n\n<li>Ci\u00eancias Econ\u00f4micas: 01 + 03 CR<\/li>\n\n\n\n<li>Contabilidade: 02 + 02 CR<\/li>\n\n\n\n<li>Direito: 02 + 03 CR<\/li>\n\n\n\n<li>Tecnologia da Informa\u00e7\u00e3o: 01 + 01 CR<\/li>\n<\/ul><\/li>\n<\/ul><h2 class=\"wp-block-heading\" id=\"quais-os-salrios-e-benefcios-na-emater-df\">Quais os sal\u00e1rios e benef\u00edcios na Emater DF?<\/h2>\n\n\n\n<p>Al\u00e9m disso, os\u00a0<strong>sal\u00e1rios iniciais<\/strong>\u00a0variam entre os cargos, ficando entre R$ 4.7 mil e R$ 6.3 mil. Ent\u00e3o, veja a distribui\u00e7\u00e3o:<\/p>\n\n\n\n<ul class=\"wp-block-list\"><li>N\u00edvel superior:\n<ul class=\"wp-block-list\"><li>Extensionista Rural: R$ 6.310,06<\/li>\n\n\n\n<li>T\u00e9cnico Especializado: R$ 6.310,06<\/li>\n<\/ul><\/li>\n\n\n\n<li>N\u00edvel m\u00e9dio:\n<ul class=\"wp-block-list\"><li>Extensionista Rural: R$ 5.218,06<\/li>\n\n\n\n<li>Assistente Administrativo: R$ 4.766,69<\/li>\n<\/ul><\/li>\n<\/ul><p>Al\u00e9m disso, os cargos oferecem os seguintes<strong>\u00a0benef\u00edcios<\/strong>:<\/p>\n\n\n\n<ul class=\"wp-block-list\"><li>Aux\u00edlios Refei\u00e7\u00e3o\/Alimenta\u00e7\u00e3o nos termos da legisla\u00e7\u00e3o e do Acordo Coletivo de Trabalho vigente;<\/li>\n\n\n\n<li>Aux\u00edlio natalidade, Aux\u00edlio creche, Licen\u00e7as Maternidade e Paternidade estendidas nos termos da legisla\u00e7\u00e3o e do Acordo Coletivo de Trabalho vigente;<\/li>\n\n\n\n<li>Possibilidade de participa\u00e7\u00e3o em Plano de Previd\u00eancia Complementar nos termos da legisla\u00e7\u00e3o e do Acordo Coletivo de Trabalho vigente; e<\/li>\n\n\n\n<li>E outros benef\u00edcios previstos no Acordo Coletivo de Trabalho vigente.<\/li>\n<\/ul><h2 class=\"wp-block-heading\" id=\"quando-e-como-sero-as-provas-do-concurso-emater-df\">Quando e como ser\u00e3o as provas do concurso Emater DF?<\/h2>\n\n\n\n<p>Posteriormente, os inscritos no concurso passar\u00e3o por at\u00e9 tr\u00eas <strong>fases<\/strong>\u00a0de sele\u00e7\u00e3o, ambas em car\u00e1ter eliminat\u00f3rio e classificat\u00f3rio. Veja, ent\u00e3o, quais:<\/p>\n\n\n\n<ul class=\"wp-block-list\"><li>Prova objetiva (para todos os cargos);<\/li>\n\n\n\n<li>Prova discursiva (cargos de n\u00edvel superior); e<\/li>\n\n\n\n<li>Prova de reda\u00e7\u00e3o (cargos de n\u00edvel m\u00e9dio)<\/li>\n<\/ul><p>Assim, as provas objetivas ser\u00e3o aplicadas em<strong>\u00a0dias e hor\u00e1rios distintos<\/strong>\u00a0para cada carreira. Confira o esquema abaixo:<\/p>\n\n\n\n<ul class=\"wp-block-list\"><li>Extensionista Rural de N\u00edvel Superior e T\u00e9cnico Especializado: dia 21 de janeiro de 2024, no per\u00edodo da manh\u00e3;<\/li>\n\n\n\n<li>Extensionista Rural de N\u00edvel M\u00e9dio: dia 21 de janeiro de 2024, no per\u00edodo da tarde; e<\/li>\n\n\n\n<li>Assistente Administrativo: 28 de janeiro de 2024, no turno da tarde.<\/li>\n<\/ul><p>Depois, os <strong>locais e hor\u00e1rios<\/strong>\u00a0das provas ser\u00e3o divulgados no site da banca no dia 09 de janeiro de 2024. Ser\u00e3o entre 50 e 60 quest\u00f5es de m\u00faltipla escolha. Veja:<\/p>\n\n\n\n<ul class=\"wp-block-list\"><li><strong>N\u00edvel m\u00e9dio<\/strong> \u2013\u00a0<strong>50 quest\u00f5es<\/strong>\n\n\n\n\n<ul class=\"wp-block-list\"><li>Conhecimentos b\u00e1sicos\n<ul class=\"wp-block-list\"><li>L\u00edngua Portuguesa e Reda\u00e7\u00e3o Oficial (08)<\/li>\n\n\n\n<li>Realidade \u00e9tnica, social, hist\u00f3rica, geogr\u00e1fica, cultural, pol\u00edtica, econ\u00f4mica e de direitos humanos do DF e da RIDE (05)<\/li>\n\n\n\n<li>Sistema Eletr\u00f4nico de Informa\u00e7\u00f5es \u2010 SEI (04)<\/li>\n\n\n\n<li>Lei Org\u00e2nica do Distrito Federal e Lei Complementar n\u00b0 840\/2011 (03) Conhecimentos espec\u00edficos<\/li>\n<\/ul><\/li>\n<\/ul><ul class=\"wp-block-list\"><li>Conhecimentos Espec\u00edficos Comuns a todos os empregos (05)<\/li>\n\n\n\n<li>Conhecimentos Espec\u00edficos por emprego (25)<\/li>\n<\/ul><\/li>\n\n\n\n<li><strong>N\u00edvel superior\u00a0<\/strong>\u2013 <strong>60\u00a0quest\u00f5es\u00a0<\/strong>\n<ul class=\"wp-block-list\"><li>Conhecimentos b\u00e1sicos\n<ul class=\"wp-block-list\"><li>L\u00edngua Portuguesa e Reda\u00e7\u00e3o Oficial (08)<\/li>\n\n\n\n<li>Realidade \u00e9tnica, social, hist\u00f3rica, geogr\u00e1fica, cultural, pol\u00edtica, econ\u00f4mica e de direitos humanos do DF e da RIDE (05)<\/li>\n\n\n\n<li>Sistema Eletr\u00f4nico de Informa\u00e7\u00f5es \u2010 SEI (04)<\/li>\n\n\n\n<li>Lei Org\u00e2nica do Distrito Federal e Lei Complementar n\u00b0 840\/2011 (03)<\/li>\n<\/ul><\/li>\n\n\n\n<li>Conhecimentos espec\u00edficos\n<ul class=\"wp-block-list\"><li>Conhecimentos Espec\u00edficos Comuns a todos os empregos (10)<\/li>\n\n\n\n<li>Conhecimentos Espec\u00edficos por emprego (30)<\/li>\n<\/ul><\/li>\n<\/ul><\/li>\n<\/ul><h3 class=\"wp-block-heading\">Prova discursiva<\/h3>\n\n\n\n<p>Aplicada somente aos cargos de n\u00edvel superior, est\u00e1 etapa dever\u00e1 avaliar a capacidade de express\u00e3o na modalidade escrita e o uso das normas do registro formal culto da L\u00edngua Portuguesa do candidato.<\/p>\n\n\n\n<p>Assim, a prova discursiva receber\u00e1 pontua\u00e7\u00e3o m\u00e1xima igual a 20 pontos e, para ser <strong>aprovado<\/strong>, o candidato dever\u00e1 obter nota igual ou superior \u00e0 50% do total.<\/p>\n\n\n\n<h3 class=\"wp-block-heading\">Prova de Reda\u00e7\u00e3o<\/h3>\n\n\n\n<p>Esta etapa, realizada somente pelos candidatos aos cargos de n\u00edvel m\u00e9dio, ser\u00e1 composta pela elabora\u00e7\u00e3o de\u00a0<strong>um texto dissertativo-argumentativo<\/strong>, com o m\u00ednimo de 20 linhas e m\u00e1ximo de 30, sobre os conhecimentos espec\u00edficos de cada cargo.<\/p>\n\n\n\n<p>Ademais, a prova ser\u00e1 avaliada em uma escala de 0 \u00e0 10 pontos e ser\u00e3o\u00a0<strong>eliminados<\/strong>\u00a0os candidatos que n\u00e3o obtiverem nota m\u00ednima de 50% do total.<\/p>","protected":false},"excerpt":{"rendered":"<p>Enfim saiu o edital do\u00a0concurso Emater DF 2023. S\u00e3o 126 vagas, com sal\u00e1rios que passam dos R$ 6,3 mil, para os n\u00edveis m\u00e9dio e superior. Veja como se inscrever! Resumo do Edital Vagas: 126 vagasEscolaridade: n\u00edveis m\u00e9dio e superiorSal\u00e1rio: at\u00e9 R$ 6.310,06Per\u00edodo de inscri\u00e7\u00e3o: 20\/10\/2023 at\u00e9 03\/12\/2023Taxa de inscri\u00e7\u00e3o: R$ 67,00 e R$ 87,00Prova: 21\/01\/2024 [&hellip;]<\/p>\n","protected":false},"author":54671,"featured_media":197412,"comment_status":"closed","ping_status":"closed","sticky":false,"template":"","format":"standard","meta":{"_acf_changed":false,"footnotes":"","_wp_rev_ctl_limit":""},"categories":[228],"tags":[],"class_list":["post-205615","post","type-post","status-publish","format-standard","has-post-thumbnail","hentry","category-noticias"],"acf":[],"_links":{"self":[{"href":"https:\/\/www.novaconcursos.com.br\/portal\/wp-json\/wp\/v2\/posts\/205615","targetHints":{"allow":["GET"]}}],"collection":[{"href":"https:\/\/www.novaconcursos.com.br\/portal\/wp-json\/wp\/v2\/posts"}],"about":[{"href":"https:\/\/www.novaconcursos.com.br\/portal\/wp-json\/wp\/v2\/types\/post"}],"author":[{"embeddable":true,"href":"https:\/\/www.novaconcursos.com.br\/portal\/wp-json\/wp\/v2\/users\/54671"}],"replies":[{"embeddable":true,"href":"https:\/\/www.novaconcursos.com.br\/portal\/wp-json\/wp\/v2\/comments?post=205615"}],"version-history":[{"count":6,"href":"https:\/\/www.novaconcursos.com.br\/portal\/wp-json\/wp\/v2\/posts\/205615\/revisions"}],"predecessor-version":[{"id":279465,"href":"https:\/\/www.novaconcursos.com.br\/portal\/wp-json\/wp\/v2\/posts\/205615\/revisions\/279465"}],"wp:featuredmedia":[{"embeddable":true,"href":"https:\/\/www.novaconcursos.com.br\/portal\/wp-json\/wp\/v2\/media\/197412"}],"wp:attachment":[{"href":"https:\/\/www.novaconcursos.com.br\/portal\/wp-json\/wp\/v2\/media?parent=205615"}],"wp:term":[{"taxonomy":"category","embeddable":true,"href":"https:\/\/www.novaconcursos.com.br\/portal\/wp-json\/wp\/v2\/categories?post=205615"},{"taxonomy":"post_tag","embeddable":true,"href":"https:\/\/www.novaconcursos.com.br\/portal\/wp-json\/wp\/v2\/tags?post=205615"}],"curies":[{"name":"wp","href":"https:\/\/api.w.org\/{rel}","templated":true}]}}