{"id":205642,"date":"2023-09-20T16:47:11","date_gmt":"2023-09-20T19:47:11","guid":{"rendered":"https:\/\/www.novaconcursos.com.br\/portal\/?p=205642"},"modified":"2023-09-20T16:47:14","modified_gmt":"2023-09-20T19:47:14","slug":"concurso-anatel-fora-do-edital-unificado-preparativos-ja-em-andamento","status":"publish","type":"post","link":"https:\/\/www.novaconcursos.com.br\/portal\/noticias\/concurso-anatel-fora-do-edital-unificado-preparativos-ja-em-andamento\/","title":{"rendered":"Concurso Anatel: Fora do edital unificado! Preparativos j\u00e1 em andamento!"},"content":{"rendered":"<p>O\u00a0<a href=\"https:\/\/www.novaconcursos.com.br\/portal\/concursos\/concurso-anatel\/\">concurso ANATEL<\/a>\u00a0segue autorizado para oferta de <strong>50 vagas<\/strong>\u00a0para o cargo de Especialista em Regula\u00e7\u00e3o de Servi\u00e7os P\u00fablicos de Telecomunica\u00e7\u00f5es. Mas, como est\u00e3o os andamentos? Veja!<\/p>\n\n\n\n<ul class=\"wp-block-list\"><li><strong>Confira:\u00a0<\/strong><a href=\"https:\/\/www.novaconcursos.com.br\/livro\/1000-questoes-gabaritadas-fgv\">Livro 1.000 Quest\u00f5es Gabaritadas da FGV<\/a><\/li>\n\n\n\n<li><strong>Confira:\u00a0<\/strong><a href=\"https:\/\/www.novaconcursos.com.br\/livro\/1000-questoes-gabaritadas-cebraspe\">Livro 1.000 Quest\u00f5es Gabaritadas da CEBRASPE<\/a><\/li>\n<\/ul><p><\/p>\n\n\n\n<p>Estude para o concurso dos seus sonhos com o\u00a0<strong>M\u00e9todo<\/strong>\u00a0que j\u00e1 ajudou na\u00a0<strong>aprova\u00e7\u00e3o de mais de 70 mil alunos.<\/strong>\u00a0<a href=\"https:\/\/aprovacao.novaconcursos.com.br\/assinatura\" target=\"_blank\" rel=\"noreferrer noopener\">Clique aqui<\/a>\u00a0e saiba mais!<\/p>\n\n\n\n<h2 class=\"wp-block-heading\" id=\"concurso-anatel-quando-sai-o-edital\">Concurso Anatel: quando sai o edital?<\/h2>\n\n\n\n<p>Sendo assim, um novo\u00a0<a href=\"https:\/\/www.novaconcursos.com.br\/portal\/concursos-previstos\/nacional\">concurso<\/a><strong> segue aguardado ainda para 2023,\u00a0<\/strong>para a Ag\u00eancia Nacional de Telecomunica\u00e7\u00f5es, que vem esperando edital h\u00e1 meses.<\/p>\n\n\n\n<p>Recentemente, a Anatel anunciou que estaria fora do <strong>Concurso Nacional Unificado<\/strong>, que segue sendo preparado com quase 8 mil vagas para 50 \u00f3rg\u00e3os e minist\u00e9rios.<\/p>\n\n\n\n<p>Agora, a ag\u00eancia informou que est\u00e1 em fase de <strong>planejamento <\/strong>do edital, mas que n\u00e3o h\u00e1 prazos estabelecidos para anunciar.<\/p>\n\n\n\n<blockquote class=\"wp-block-quote is-layout-flow wp-block-quote-is-layout-flow\">\n<p><em>\u201cNo momento, a Ag\u00eancia encontra-se em fase de defini\u00e7\u00e3o dos crit\u00e9rios que v\u00e3o nortear o planejamento do concurso, n\u00e3o tendo sido iniciada a elabora\u00e7\u00e3o de projeto b\u00e1sico\u201d<\/em>, disse a Anatel.<\/p>\n\n\n\n<p>Assim, a <strong>comiss\u00e3o <\/strong>j\u00e1 est\u00e1 formada desde o in\u00edcio do m\u00eas e segue respons\u00e1vel por esses tr\u00e2mites, inclusive pela escolha da banca organizadora.<\/p>\n\n\n\n<blockquote class=\"wp-block-quote is-layout-flow wp-block-quote-is-layout-flow\">\n<p><em>\u201cEst\u00e1 sob an\u00e1lise desta Ag\u00eancia a defini\u00e7\u00e3o espec\u00edfica acerca da aloca\u00e7\u00e3o geogr\u00e1fica das vagas autorizadas e sobre o quantitativo de vagas por especialidade que constar\u00e3o do edital\u201d,<\/em> completou.<\/p>\n\n\n\n<h3 class=\"wp-block-heading\">Vagas e sal\u00e1rios<\/h3>\n\n\n\n<p>Assim, a portaria com a autoriza\u00e7\u00e3o \u00e9 para o preenchimento de<strong>\u00a050 vagas<\/strong>\u00a0para o cargo de Especialista em Regula\u00e7\u00e3o de Servi\u00e7os P\u00fablicos de Telecomunica\u00e7\u00f5es.<\/p>\n\n\n\n<p>Ademais, a carreira exige n\u00edvel superior de forma\u00e7\u00e3o e oferece\u00a0<strong>sal\u00e1rios iniciais de R$ 16.413,35<\/strong>\u00a0e aux\u00edlio-alimenta\u00e7\u00e3o de R$ 658,00.<\/p>\n\n\n\n<p>Posteriormente, ao final da carreira, o servidor pode estar recebendo R$ 22.929,74 por m\u00eas. Confira detalhes da portaria autorizativa,\u00a0<a href=\"https:\/\/www.in.gov.br\/web\/dou\/-\/portaria-mgi-n-3.876-de-24-de-julho-de-2023-498929210\" target=\"_blank\" rel=\"noreferrer noopener\">clicando aqui!<\/a><\/p>\n\n\n\n<h2 class=\"wp-block-heading\" id=\"cargos-vagos-continuam-crescendo-na-anatel\">Cargos vagos continuam crescendo na Anatel<\/h2>\n\n\n\n<p>Portanto, segundo dados recentes do Portal Brasileiro de Dados Abertos, atualmente existem\u00a0<strong>404 cargos vagos<\/strong>\u00a0na Anatel. Assim, veja a distribui\u00e7\u00e3o:<\/p>\n\n\n\n<ul class=\"wp-block-list\"><li>54 vagas para o cargo de analista administrativo;<\/li>\n\n\n\n<li>122 vagas para o cargo de especialista em regula\u00e7\u00e3o de servi\u00e7os p\u00fablicos de telecomunica\u00e7\u00f5es;<\/li>\n\n\n\n<li>119 vagas para o cargo de t\u00e9cnico administrativo; e<\/li>\n\n\n\n<li>109 vagas para o cargo de t\u00e9cnico em regula\u00e7\u00e3o de servi\u00e7os p\u00fablicos de telecomunica\u00e7\u00f5es.<\/li>\n<\/ul><\/blockquote>\n<\/blockquote>\n\n\n\n<p><\/p>\n\n\n\n<p>Inclusive, no dia 15 de junho de 2023, a Ag\u00eancia solicitou a realiza\u00e7\u00e3o de um concurso para o preenchimento de\u00a0<strong>404 vagas<\/strong>. Entretanto, apenas 50 foram autorizadas!<\/p>\n\n\n\n<h2 class=\"wp-block-heading\" id=\"como-foi-o-ltimo-concurso-anatel\">Como foi o \u00faltimo concurso ANATEL?<\/h2>\n\n\n\n<p>Ademais, o \u00faltimo\u00a0<a href=\"https:\/\/www.novaconcursos.com.br\/portal\/concursos-abertos\/nacional\">concurso<\/a>\u00a0para a Ag\u00eancia Nacional de Telecomunica\u00e7\u00f5es aconteceu em 2014 e ofertou <strong>100 vagas<\/strong>\u00a0distribu\u00eddas entre as seguintes carreiras:<\/p>\n\n\n\n<ul class=\"wp-block-list\"><li><strong>Analista Administrativo (n\u00edvel superior<\/strong>)\n<ul class=\"wp-block-list\"><li>Administra\u00e7\u00e3o;<\/li>\n\n\n\n<li>Arquitetura de Solu\u00e7\u00f5es de Tecnologia da Informa\u00e7\u00e3o e Comunica\u00e7\u00e3o;<\/li>\n\n\n\n<li>Desenvolvimento de Sistemas de Informa\u00e7\u00e3o;<\/li>\n\n\n\n<li>Direito;<\/li>\n\n\n\n<li>Engenharia Civil;<\/li>\n\n\n\n<li>Suporte e Infraestrutura de Tecnologia da Informa\u00e7\u00e3o.<\/li>\n<\/ul><\/li>\n\n\n\n<li><strong>Especialista em Regula\u00e7\u00e3o de Servi\u00e7os P\u00fablicos de Telecomunica\u00e7\u00f5es (n\u00edvel superior)<\/strong>\n<ul class=\"wp-block-list\"><li>M\u00eddia Digital;<\/li>\n\n\n\n<li>Contabilidade;<\/li>\n\n\n\n<li>Economia;<\/li>\n\n\n\n<li>Engenharia;<\/li>\n\n\n\n<li>M\u00e9todos Quantitativos;<\/li>\n\n\n\n<li>Direito.<\/li>\n<\/ul><\/li>\n\n\n\n<li><strong>T\u00e9cnico Administrativo (n\u00edvel m\u00e9dio)<\/strong>\n<ul class=\"wp-block-list\"><li>Administrativo;<\/li>\n\n\n\n<li>Comunica\u00e7\u00e3o.<\/li>\n<\/ul><\/li>\n\n\n\n<li><strong>T\u00e9cnico em Regula\u00e7\u00e3o de Servi\u00e7os P\u00fablicos (n\u00edvel m\u00e9dio)<\/strong><\/li>\n<\/ul><p><\/p>\n\n\n\n<p>Al\u00e9m disso, a sele\u00e7\u00e3o contou com a organiza\u00e7\u00e3o do\u00a0<a href=\"https:\/\/www.cebraspe.org.br\/\" target=\"_blank\" rel=\"noreferrer noopener\">Cebraspe.<\/a>\u00a0Ademais, os candidatos foram avaliados por meio de<strong>\u00a0provas objetivas, discursivas e de t\u00edtulos<\/strong>.<\/p>\n\n\n\n<p>Por fim, \u00e9 importante destacar que na primeira etapa, os inscritos responderam a<strong>\u00a0120 quest\u00f5es\u00a0<\/strong>de Conhecimentos B\u00e1sicos e Espec\u00edficos.<\/p>","protected":false},"excerpt":{"rendered":"<p>O\u00a0concurso ANATEL\u00a0segue autorizado para oferta de 50 vagas\u00a0para o cargo de Especialista em Regula\u00e7\u00e3o de Servi\u00e7os P\u00fablicos de Telecomunica\u00e7\u00f5es. Mas, como est\u00e3o os andamentos? Veja! Estude para o concurso dos seus sonhos com o\u00a0M\u00e9todo\u00a0que j\u00e1 ajudou na\u00a0aprova\u00e7\u00e3o de mais de 70 mil alunos.\u00a0Clique aqui\u00a0e saiba mais! Concurso Anatel: quando sai o edital? Sendo assim, um [&hellip;]<\/p>\n","protected":false},"author":54671,"featured_media":160488,"comment_status":"closed","ping_status":"closed","sticky":false,"template":"","format":"standard","meta":{"_acf_changed":false,"footnotes":"","_wp_rev_ctl_limit":""},"categories":[228],"tags":[],"class_list":["post-205642","post","type-post","status-publish","format-standard","has-post-thumbnail","hentry","category-noticias"],"acf":[],"_links":{"self":[{"href":"https:\/\/www.novaconcursos.com.br\/portal\/wp-json\/wp\/v2\/posts\/205642","targetHints":{"allow":["GET"]}}],"collection":[{"href":"https:\/\/www.novaconcursos.com.br\/portal\/wp-json\/wp\/v2\/posts"}],"about":[{"href":"https:\/\/www.novaconcursos.com.br\/portal\/wp-json\/wp\/v2\/types\/post"}],"author":[{"embeddable":true,"href":"https:\/\/www.novaconcursos.com.br\/portal\/wp-json\/wp\/v2\/users\/54671"}],"replies":[{"embeddable":true,"href":"https:\/\/www.novaconcursos.com.br\/portal\/wp-json\/wp\/v2\/comments?post=205642"}],"version-history":[{"count":4,"href":"https:\/\/www.novaconcursos.com.br\/portal\/wp-json\/wp\/v2\/posts\/205642\/revisions"}],"predecessor-version":[{"id":205646,"href":"https:\/\/www.novaconcursos.com.br\/portal\/wp-json\/wp\/v2\/posts\/205642\/revisions\/205646"}],"wp:featuredmedia":[{"embeddable":true,"href":"https:\/\/www.novaconcursos.com.br\/portal\/wp-json\/wp\/v2\/media\/160488"}],"wp:attachment":[{"href":"https:\/\/www.novaconcursos.com.br\/portal\/wp-json\/wp\/v2\/media?parent=205642"}],"wp:term":[{"taxonomy":"category","embeddable":true,"href":"https:\/\/www.novaconcursos.com.br\/portal\/wp-json\/wp\/v2\/categories?post=205642"},{"taxonomy":"post_tag","embeddable":true,"href":"https:\/\/www.novaconcursos.com.br\/portal\/wp-json\/wp\/v2\/tags?post=205642"}],"curies":[{"name":"wp","href":"https:\/\/api.w.org\/{rel}","templated":true}]}}