{"id":205733,"date":"2023-09-21T16:08:03","date_gmt":"2023-09-21T19:08:03","guid":{"rendered":"https:\/\/www.novaconcursos.com.br\/portal\/?p=205733"},"modified":"2023-09-21T16:09:17","modified_gmt":"2023-09-21T19:09:17","slug":"concurso-pmerj-saude-provas-sao-adiadas-entenda","status":"publish","type":"post","link":"https:\/\/www.novaconcursos.com.br\/portal\/noticias\/concurso-pmerj-saude-provas-sao-adiadas-entenda\/","title":{"rendered":"Concurso PMERJ Sa\u00fade: Provas s\u00e3o adiadas, entenda!"},"content":{"rendered":"<p>Foram <strong>adiadas <\/strong>as provas objetivas do\u00a0<a href=\"https:\/\/www.novaconcursos.com.br\/portal\/concursos\/concurso-pm-rj-oficiais\/\">concurso PMERJ <\/a>(Pol\u00edcia Militar do Estado do Rio de Janeiro), que oferta<strong>\u00a067 vagas<\/strong>\u00a0para a \u00e1rea da Sa\u00fade. Entenda a decis\u00e3o!<\/p>\n\n\n\n<ul class=\"wp-block-list\"><li><strong>Confira:\u00a0<\/strong><a href=\"https:\/\/www.novaconcursos.com.br\/curso-online\/curso-lingua-portuguesa-prof-ariane-budke\">Curso de L\u00edngua Portuguesa \u2013 Prof\u00aa. Ariane Budke<\/a><\/li>\n\n\n\n<li><strong>Confira:<\/strong>\u00a0<a href=\"https:\/\/www.novaconcursos.com.br\/livro\/600-questoes-comentadas-lingua-portuguesa-isabella-ramiro\">Livro 600 Quest\u00f5es Comentadas L\u00edngua Portuguesa<\/a><\/li>\n<\/ul><p><\/p>\n\n\n\n<p>Estude para o concurso dos seus sonhos com o\u00a0<strong>M\u00e9todo<\/strong>\u00a0que j\u00e1 ajudou na\u00a0<strong>aprova\u00e7\u00e3o de mais de 70 mil alunos.<\/strong>\u00a0<a href=\"https:\/\/aprovacao.novaconcursos.com.br\/assinatura\" target=\"_blank\" rel=\"noreferrer noopener\">Clique aqui<\/a>\u00a0e saiba mais!<\/p>\n\n\n\n<h2 class=\"wp-block-heading\" id=\"concurso-pmerj-sade-por-que-as-provas-esto-adiadas\">Concurso PMERJ Sa\u00fade: por que as provas est\u00e3o adiadas?<\/h2>\n\n\n\n<p>Portanto, os inscritos no concurso da Pol\u00edcia Militar do\u00a0<a href=\"https:\/\/www.novaconcursos.com.br\/portal\/concursos-previstos\/rj\/\">Estado do Rio de Janeiro<\/a>\u00a0<strong>devem se atentar<\/strong>! Isso porque as provas est\u00e3o adiadas!<\/p>\n\n\n\n<p>Estamos falando da sele\u00e7\u00e3o que oferta 67 vagas para a \u00e1rea da sa\u00fade. As provas aconteceriam <strong>em 1\u00b0 de outubro de 2023.<\/strong> <\/p>\n\n\n\n<p>Agora, a corpora\u00e7\u00e3o comunicou que a decis\u00e3o foi tomada como <strong>medida preventiva<\/strong>, tendo em vista o processo administrativo sancionat\u00f3rio referente \u00e0 anula\u00e7\u00e3o da prova para soldado.<\/p>\n\n\n\n<p>Lembrando que as duas sele\u00e7\u00f5es da corpora\u00e7\u00e3o possuem a mesma banca organizadora, o\u00a0Instituto Brasileiro de Apoio e Desenvolvimento Executivo\u00a0<a href=\"https:\/\/portal.ibade.selecao.site\/\" target=\"_blank\" rel=\"noreferrer noopener\">(Ibade)<\/a>.<\/p>\n\n\n\n<p>Al\u00e9m disso, o concurso totalizou o quantitativo de<strong> 17.328 inscritos<\/strong> \u2013 16.996 para T\u00e9cnico em Enfermagem e 332 para M\u00e9dicos. Sendo assim, uma nova data ser\u00e1 anunciada em breve!<\/p>\n\n\n\n<p><a href=\"https:\/\/www.novaconcursos.com.br\/portal\/noticias\/concurso-pmerj-governador-determina-a-anulacao-da-prova-objetiva\/\">Governador determina a anula\u00e7\u00e3o da prova objetiva para Soldado. Entenda!<\/a><\/p>\n\n\n\n<h3 class=\"wp-block-heading\">Demais etapas de sele\u00e7\u00e3o<\/h3>\n\n\n\n<p>Posteriormente, os inscritos ser\u00e3o avaliados por meio de\u00a0<strong>mais sete etapas de avalia\u00e7\u00e3o<\/strong>, realizadas no Rio de Janeiro. Ent\u00e3o, veja quais:<\/p>\n\n\n\n<ul class=\"wp-block-list\"><li>2\u00aa etapa: Preenchimento do Formul\u00e1rio de Informa\u00e7\u00f5es Confidenciais (FIC) e verifica\u00e7\u00e3o dos requisitos para inscri\u00e7\u00e3o no Concurso P\u00fablico, de car\u00e1ter eliminat\u00f3rio;<\/li>\n\n\n\n<li>3\u00aa etapa: Teste de Aptid\u00e3o F\u00edsica, de car\u00e1ter eliminat\u00f3rio;<\/li>\n\n\n\n<li>4\u00aa etapa: Exame Psicol\u00f3gico, de car\u00e1ter eliminat\u00f3rio;<\/li>\n\n\n\n<li>5\u00aa etapa: Exame de Sa\u00fade, de car\u00e1ter eliminat\u00f3rio;<\/li>\n\n\n\n<li>6\u00aa etapa: Exame Social e Toxicol\u00f3gico, de car\u00e1ter eliminat\u00f3rio;<\/li>\n\n\n\n<li>7\u00aa etapa: Avalia\u00e7\u00e3o Documental, de car\u00e1ter eliminat\u00f3rio;<\/li>\n\n\n\n<li>8\u00aa etapa: Prova de t\u00edtulos, de car\u00e1ter classificat\u00f3rio.<\/li>\n<\/ul><p><\/p>\n\n\n\n<h3 class=\"wp-block-heading\">O que estudar para as provas?<\/h3>\n\n\n\n<ul class=\"wp-block-list\"><li><strong>T\u00e9cnico em Enfermagem<\/strong>\n<ul class=\"wp-block-list\"><li>Deontologia e Exerc\u00edcio Profissional: 5 quest\u00f5es<\/li>\n\n\n\n<li>Fundamentos de Enfermagem: 15 quest\u00f5es<\/li>\n\n\n\n<li>Enfermagem M\u00e9dico Cir\u00fargica: 20 quest\u00f5es<\/li>\n\n\n\n<li>Enfermagem em Emerg\u00eancia: 10 quest\u00f5es<\/li>\n\n\n\n<li>Legisla\u00e7\u00e3o Institucional: 5 quest\u00f5es<\/li>\n\n\n\n<li>Enfermagem Materno Infantil: 10 quest\u00f5es<\/li>\n\n\n\n<li>Enfermagem em Sa\u00fade P\u00fablica: 10 quest\u00f5es<\/li>\n\n\n\n<li>Enfermagem Psiqui\u00e1trica e Sa\u00fade Mental: 5 quest\u00f5es<\/li>\n<\/ul><\/li>\n\n\n\n<li><strong>M\u00e9dico<\/strong>\n<ul class=\"wp-block-list\"><li>Pediatria: 10 quest\u00f5es<\/li>\n\n\n\n<li>Cl\u00ednica M\u00e9dica: 10 quest\u00f5es<\/li>\n\n\n\n<li>Ginecologia e Obstetr\u00edcia: 10 quest\u00f5es<\/li>\n\n\n\n<li>Cirurgia Geral: 10 quest\u00f5es<\/li>\n\n\n\n<li>Legisla\u00e7\u00e3o Institucional: 10 quest\u00f5es<\/li>\n\n\n\n<li>Conte\u00fado da Especialidade (conhecimentos espec\u00edficos): 30 quest\u00f5es<\/li>\n<\/ul><\/li>\n<\/ul><p><\/p>\n\n\n\n<p>Assim, o teste de aptid\u00e3o f\u00edsica cobrar\u00e1\u00a0<strong>flex\u00e3o abdominal e corrida<\/strong>\u00a0de 2.400m. Portanto, as condi\u00e7\u00f5es ser\u00e3o diferentes para homens e mulheres, conforme descrito no edital.<\/p>\n\n\n\n<h2 class=\"wp-block-heading\" id=\"quais-as-vagas-cargos-e-salrios-do-concurso-pmerj-sade\">Quais as vagas, cargos e sal\u00e1rios do concurso PMERJ Sa\u00fade?<\/h2>\n\n\n\n<p>Portanto, o concurso da Pol\u00edcia Militar do\u00a0<a href=\"https:\/\/www.novaconcursos.com.br\/portal\/concursos-abertos\/rj\/\">Estado do Rio de Janeiro<\/a>\u00a0est\u00e1 ofertando um total de 67 vagas em v\u00e1rias carreiras da \u00e1rea da Sa\u00fade.<\/p>\n\n\n\n<p>Assim, segundo a divis\u00e3o, s\u00e3o 25 para T\u00e9cnicos em Enfermagem e 42 para M\u00e9dicos, em diversas especialidades. Veja, ent\u00e3o, a\u00a0<strong>distribui\u00e7\u00e3o<\/strong>:<\/p>\n\n\n\n<ul class=\"wp-block-list\"><li><strong>T\u00e9cnicos de Enfermagem \u2013 n\u00edvel m\u00e9dio<\/strong>\u00a0\u2013 25 vagas<\/li>\n\n\n\n<li><strong>M\u00e9dicos \u2013 n\u00edvel superior<\/strong>\n<ul class=\"wp-block-list\"><li>Anestesiologia (01 vaga);<\/li>\n\n\n\n<li>Cirurgia Geral (01);<\/li>\n\n\n\n<li>Cirurgia Pedi\u00e1trica (01);<\/li>\n\n\n\n<li>Cirurgia Vascular (01);\u00a0<\/li>\n\n\n\n<li>Cirurgia Vascular \u2013 Endovascular (01);<\/li>\n\n\n\n<li>Cl\u00ednica M\u00e9dica (17);<\/li>\n\n\n\n<li>Hematologia (01);<\/li>\n\n\n\n<li>Neurocirurgia (04);<\/li>\n\n\n\n<li>Ortopedia (01);<\/li>\n\n\n\n<li>Pediatria (02);<\/li>\n\n\n\n<li>Psiquiatria (07);<\/li>\n\n\n\n<li>Radiologia (01); e<\/li>\n\n\n\n<li>Terapia Intensiva \u2013 adulto (04).<\/li>\n<\/ul><\/li>\n<\/ul><p><\/p>\n\n\n\n<p>Para T\u00e9cnico ainda \u00e9 solicitada<strong>\u00a0forma\u00e7\u00e3o t\u00e9cnica em Enfermagem<\/strong>\u00a0e registro regular no Conselho Regional de Enfermagem.<\/p>\n\n\n\n<p>Enquanto os interessados para M\u00e9dico devem ter\u00a0<strong>especializa\u00e7\u00e3o\u00a0<\/strong>na respectiva \u00e1rea e registro no Conselho Regional de Medicina.<\/p>\n\n\n\n<p>Ademais, os concurseiros devem ainda ter idade m\u00ednima de\u00a0<strong>18\u00a0<\/strong>e m\u00e1xima de<strong>\u00a032 anos,<\/strong>\u00a0considerando o limite de 32 anos aquela compreendida at\u00e9 a v\u00e9spera do trig\u00e9simo terceiro anivers\u00e1rio.<\/p>\n\n\n\n<p>Durante o curso de forma\u00e7\u00e3o, a remunera\u00e7\u00e3o dos T\u00e9cnicos ser\u00e1 de R$4.637,26, chegando a\u00a0<strong>R$6.028,45<\/strong> ap\u00f3s a formatura.<\/p>\n\n\n\n<p>Enquanto os contratados para M\u00e9dico receber\u00e3o R$8.716,46 e, ap\u00f3s Est\u00e1gio Probat\u00f3rio de Adapta\u00e7\u00e3o de Oficiais (EPAO),\u00a0<strong>R$11.505,73<\/strong>.<\/p>\n\n\n\n<p>Al\u00e9m disso, haver\u00e1\u00a0<strong>reserva de vagas\u00a0<\/strong>para negros, ind\u00edgenas e candidatos com hipossufici\u00eancia econ\u00f4mica, mas n\u00e3o h\u00e1 cota para pessoas com defici\u00eancia.<\/p>","protected":false},"excerpt":{"rendered":"<p>Foram adiadas as provas objetivas do\u00a0concurso PMERJ (Pol\u00edcia Militar do Estado do Rio de Janeiro), que oferta\u00a067 vagas\u00a0para a \u00e1rea da Sa\u00fade. Entenda a decis\u00e3o! Estude para o concurso dos seus sonhos com o\u00a0M\u00e9todo\u00a0que j\u00e1 ajudou na\u00a0aprova\u00e7\u00e3o de mais de 70 mil alunos.\u00a0Clique aqui\u00a0e saiba mais! Concurso PMERJ Sa\u00fade: por que as provas est\u00e3o adiadas? [&hellip;]<\/p>\n","protected":false},"author":54671,"featured_media":156711,"comment_status":"closed","ping_status":"closed","sticky":false,"template":"","format":"standard","meta":{"_acf_changed":false,"footnotes":"","_wp_rev_ctl_limit":""},"categories":[228],"tags":[],"class_list":["post-205733","post","type-post","status-publish","format-standard","has-post-thumbnail","hentry","category-noticias"],"acf":[],"_links":{"self":[{"href":"https:\/\/www.novaconcursos.com.br\/portal\/wp-json\/wp\/v2\/posts\/205733","targetHints":{"allow":["GET"]}}],"collection":[{"href":"https:\/\/www.novaconcursos.com.br\/portal\/wp-json\/wp\/v2\/posts"}],"about":[{"href":"https:\/\/www.novaconcursos.com.br\/portal\/wp-json\/wp\/v2\/types\/post"}],"author":[{"embeddable":true,"href":"https:\/\/www.novaconcursos.com.br\/portal\/wp-json\/wp\/v2\/users\/54671"}],"replies":[{"embeddable":true,"href":"https:\/\/www.novaconcursos.com.br\/portal\/wp-json\/wp\/v2\/comments?post=205733"}],"version-history":[{"count":7,"href":"https:\/\/www.novaconcursos.com.br\/portal\/wp-json\/wp\/v2\/posts\/205733\/revisions"}],"predecessor-version":[{"id":205746,"href":"https:\/\/www.novaconcursos.com.br\/portal\/wp-json\/wp\/v2\/posts\/205733\/revisions\/205746"}],"wp:featuredmedia":[{"embeddable":true,"href":"https:\/\/www.novaconcursos.com.br\/portal\/wp-json\/wp\/v2\/media\/156711"}],"wp:attachment":[{"href":"https:\/\/www.novaconcursos.com.br\/portal\/wp-json\/wp\/v2\/media?parent=205733"}],"wp:term":[{"taxonomy":"category","embeddable":true,"href":"https:\/\/www.novaconcursos.com.br\/portal\/wp-json\/wp\/v2\/categories?post=205733"},{"taxonomy":"post_tag","embeddable":true,"href":"https:\/\/www.novaconcursos.com.br\/portal\/wp-json\/wp\/v2\/tags?post=205733"}],"curies":[{"name":"wp","href":"https:\/\/api.w.org\/{rel}","templated":true}]}}