{"id":205876,"date":"2023-09-22T15:39:34","date_gmt":"2023-09-22T18:39:34","guid":{"rendered":"https:\/\/www.novaconcursos.com.br\/portal\/?p=205876"},"modified":"2023-09-22T15:39:37","modified_gmt":"2023-09-22T18:39:37","slug":"concursos-federais-poderao-ter-aumento-de-cotas-raciais-para-30","status":"publish","type":"post","link":"https:\/\/www.novaconcursos.com.br\/portal\/noticias\/concursos-federais-poderao-ter-aumento-de-cotas-raciais-para-30\/","title":{"rendered":"Concursos Federais poder\u00e3o ter aumento de cotas raciais para 30%!"},"content":{"rendered":"<p>De acordo com informa\u00e7\u00f5es preliminares, <strong>metade da reserva de vagas<\/strong> para negros em <a href=\"https:\/\/www.novaconcursos.com.br\/portal\/concursos-abertos\/nacional\">concursos<\/a> federais dever\u00e1 ser para mulheres. Veja detalhes!<\/p>\n\n\n\n<ul class=\"wp-block-list\"><li><strong>Confira:\u00a0<\/strong><a href=\"https:\/\/www.novaconcursos.com.br\/eventos\/guia-definitivo-plano-de-estudos-passo-a-passo-v2\/\">Guia passo a passo \u2013 plano de estudos (Gr\u00e1tis)<\/a><\/li>\n\n\n\n<li><strong>Confira:\u00a0<\/strong><a href=\"https:\/\/www.novaconcursos.com.br\/eventos\/lp-guia-definitivo-boa-revisao\/\">Guia como fazer uma boa revis\u00e3o (Gr\u00e1tis)<\/a><\/li>\n<\/ul><p><\/p>\n\n\n\n<p>Estude para o concurso dos seus sonhos com o\u00a0<strong>M\u00e9todo<\/strong>\u00a0que j\u00e1 ajudou na\u00a0<strong>aprova\u00e7\u00e3o de mais de 70 mil alunos.<\/strong>\u00a0<a href=\"https:\/\/aprovacao.novaconcursos.com.br\/assinatura\" target=\"_blank\" rel=\"noreferrer noopener\">Clique aqui<\/a>\u00a0e saiba mais!<\/p>\n\n\n\n<h2 class=\"wp-block-heading\" id=\"concursos-federais-ter-aumento-de-cotas-raciais\">Concursos Federais ter\u00e1 aumento de cotas raciais?<\/h2>\n\n\n\n<p>Assim, o\u00a0<a href=\"https:\/\/www.gov.br\/pt-br\" target=\"_blank\" rel=\"noreferrer noopener\">Governo Federal<\/a>\u00a0deve encaminhar, nos pr\u00f3ximos dias, um projeto de lei para o Congresso com o objetivo de rever a oferta de vagas reservadas para negros em\u00a0<a href=\"https:\/\/www.novaconcursos.com.br\/portal\/concursos-previstos\/nacional\">concursos <\/a>federais.<\/p>\n\n\n\n<p>A informa\u00e7\u00e3o foi confirmada pelo O Globo nesta quinta-feira, 21 de setembro. O objetivo \u00e9 ampliar de <strong>20% para 30%<\/strong> a reserva de vagas para cotas raciais.<\/p>\n\n\n\n<p>Ainda, a metade das vagas reservadas para negros dever\u00e1 ser destinada exclusivamente para mulheres, dentro de um crit\u00e9rio chamado de <strong>subcota<\/strong>.<\/p>\n\n\n\n<p>Vale destacar que o texto est\u00e1 sendo elaborado em conjunto pelo Minist\u00e9rio da Gest\u00e3o e da Inova\u00e7\u00e3o em Servi\u00e7os P\u00fablicos com o Minist\u00e9rio da Igualdade Racial e o Minist\u00e9rio da Justi\u00e7a.<\/p>\n\n\n\n<p>Al\u00e9m disso, destacamos que a <strong>legisla\u00e7\u00e3o atual <\/strong>prev\u00ea a reserva de 20% das vagas para cotas raciais e n\u00e3o prev\u00ea subcotas. Ele segue datado de 2014.<\/p>\n\n\n\n<p><em>\u201cA gente pensou em avan\u00e7ar na quest\u00e3o da abrang\u00eancia, ampliar o percentual de reserva. Vimos que, nos \u00faltimos anos da lei de cotas, n\u00e3o conseguimos implementar na forma como gostar\u00edamos por uma s\u00e9rie de fatores\u201d, <\/em>explicou a diretora de A\u00e7\u00f5es Afirmativas\u00a0do Minist\u00e9rio da Igualdade Racial, Anna Venturini.<\/p>\n\n\n\n<p><em>\u201cUm deles \u00e9 que tivemos uma oferta de concursos muito baixa. Tivemos uma oferta de concursos menor do que era esperada quando a lei foi aprovada. Um dos motivos foi o teto de gastos\u201d, <\/em>completou ela.<\/p>\n\n\n\n<p><a href=\"https:\/\/www.novaconcursos.com.br\/portal\/noticias\/concurso-publico-reserva-vagas-pessoas-negras\/\">Saiba mais: PL de cotas destina 30% das vagas para pessoas negras!<\/a><\/p>\n\n\n\n<h2 class=\"wp-block-heading\" id=\"concursos-federais-mais-de-50-mil-vagas-em-2024\">Concursos Federais: mais de 50 mil vagas em 2024?<\/h2>\n\n\n\n<p>O\u00a0<strong>Projeto de Lei Or\u00e7ament\u00e1ria Anual (PLOA) de 2024\u00a0<\/strong>est\u00e1 encaminhado pelo Governo Federal ao Congresso Nacional.\u00a0<\/p>\n\n\n\n<p>E o documento que fixa as despesas para o pr\u00f3ximo ano prev\u00ea\u00a0<strong>50.570 vagas<\/strong>\u00a0em\u00a0concursos p\u00fablicos<strong>\u00a0<\/strong>de v\u00e1rias esferas federais.<\/p>\n\n\n\n<p>Assim, s\u00e3o\u00a0<strong>47.227 vagas para provimento e 3.343 para cria\u00e7\u00e3o<\/strong>. Mas lembrando que o texto ainda ter\u00e1 que passar pela vota\u00e7\u00e3o do Legislativo.<\/p>\n\n\n\n<p>Caso aprovado, o texto ainda passar\u00e1 depois por\u00a0<strong>san\u00e7\u00e3o\u00a0<\/strong>presidencial de Lula antes de entrar em vigor. Veja as vagas:<\/p>\n\n\n\n<ul class=\"wp-block-list\"><li><strong>Poder Executivo<\/strong>: 40.752 vagas (40.555 para provimento e 197 para cria\u00e7\u00e3o)<\/li>\n\n\n\n<li><strong>Poder Judici\u00e1rio<\/strong>: 8.759 vagas (5.704 para provimento e 3.055 para cria\u00e7\u00e3o)<\/li>\n\n\n\n<li><strong>Poder Legislativo<\/strong>: 570 vagas (todas para provimento)<\/li>\n\n\n\n<li><strong>Defensoria P\u00fablica da Uni\u00e3o<\/strong>: 194 vagas (43 para provimento e 91 para cria\u00e7\u00e3o)<\/li>\n\n\n\n<li><strong>Minist\u00e9rio P\u00fablico da Uni\u00e3o<\/strong>: 355 vagas (todas para provimento)<\/li>\n<\/ul><p><\/p>\n\n\n\n<p>Com despesa de 4,7 bilh\u00f5es, o Poder\u00a0<strong>Executivo<\/strong>\u00a0\u00e9 o que tem mais vagas, como acontece todos os anos. Por isso, os concursos s\u00e3o os mais concorridos.<\/p>\n\n\n\n<p>Entretanto, o texto n\u00e3o traz as\u00a0<strong>carreiras\u00a0<\/strong>em que estar\u00e3o preenchidas as vagas.\u00a0Mais informa\u00e7\u00f5es devem surgir com o andamento do processo.<\/p>\n\n\n\n<p>Por fim, vale destacar que as oportunidades n\u00e3o s\u00e3o garantias de autoriza\u00e7\u00e3o,\u00a0<strong>apenas uma previs\u00e3o\u00a0<\/strong>or\u00e7ament\u00e1ria.\u00a0<\/p>","protected":false},"excerpt":{"rendered":"<p>De acordo com informa\u00e7\u00f5es preliminares, metade da reserva de vagas para negros em concursos federais dever\u00e1 ser para mulheres. Veja detalhes! Estude para o concurso dos seus sonhos com o\u00a0M\u00e9todo\u00a0que j\u00e1 ajudou na\u00a0aprova\u00e7\u00e3o de mais de 70 mil alunos.\u00a0Clique aqui\u00a0e saiba mais! Concursos Federais ter\u00e1 aumento de cotas raciais? Assim, o\u00a0Governo Federal\u00a0deve encaminhar, nos pr\u00f3ximos [&hellip;]<\/p>\n","protected":false},"author":54671,"featured_media":161743,"comment_status":"closed","ping_status":"closed","sticky":false,"template":"","format":"standard","meta":{"_acf_changed":false,"footnotes":"","_wp_rev_ctl_limit":""},"categories":[228],"tags":[],"class_list":["post-205876","post","type-post","status-publish","format-standard","has-post-thumbnail","hentry","category-noticias"],"acf":[],"_links":{"self":[{"href":"https:\/\/www.novaconcursos.com.br\/portal\/wp-json\/wp\/v2\/posts\/205876","targetHints":{"allow":["GET"]}}],"collection":[{"href":"https:\/\/www.novaconcursos.com.br\/portal\/wp-json\/wp\/v2\/posts"}],"about":[{"href":"https:\/\/www.novaconcursos.com.br\/portal\/wp-json\/wp\/v2\/types\/post"}],"author":[{"embeddable":true,"href":"https:\/\/www.novaconcursos.com.br\/portal\/wp-json\/wp\/v2\/users\/54671"}],"replies":[{"embeddable":true,"href":"https:\/\/www.novaconcursos.com.br\/portal\/wp-json\/wp\/v2\/comments?post=205876"}],"version-history":[{"count":4,"href":"https:\/\/www.novaconcursos.com.br\/portal\/wp-json\/wp\/v2\/posts\/205876\/revisions"}],"predecessor-version":[{"id":205880,"href":"https:\/\/www.novaconcursos.com.br\/portal\/wp-json\/wp\/v2\/posts\/205876\/revisions\/205880"}],"wp:featuredmedia":[{"embeddable":true,"href":"https:\/\/www.novaconcursos.com.br\/portal\/wp-json\/wp\/v2\/media\/161743"}],"wp:attachment":[{"href":"https:\/\/www.novaconcursos.com.br\/portal\/wp-json\/wp\/v2\/media?parent=205876"}],"wp:term":[{"taxonomy":"category","embeddable":true,"href":"https:\/\/www.novaconcursos.com.br\/portal\/wp-json\/wp\/v2\/categories?post=205876"},{"taxonomy":"post_tag","embeddable":true,"href":"https:\/\/www.novaconcursos.com.br\/portal\/wp-json\/wp\/v2\/tags?post=205876"}],"curies":[{"name":"wp","href":"https:\/\/api.w.org\/{rel}","templated":true}]}}