{"id":206050,"date":"2023-09-26T09:43:07","date_gmt":"2023-09-26T12:43:07","guid":{"rendered":"https:\/\/www.novaconcursos.com.br\/portal\/?p=206050"},"modified":"2023-12-27T12:09:17","modified_gmt":"2023-12-27T15:09:17","slug":"concurso-nacional-unificado-o-que-estudar","status":"publish","type":"post","link":"https:\/\/www.novaconcursos.com.br\/portal\/noticias\/concurso-nacional-unificado-o-que-estudar\/","title":{"rendered":"Concurso Nacional Unificado: o que estudar?"},"content":{"rendered":"<p>O\u00a0<a href=\"https:\/\/www.novaconcursos.com.br\/portal\/concursos-previstos\/nacional\">Concurso Nacional Unificado<\/a>\u00a0continua sendo preparado e ter\u00e1 edital ainda em 2023. Por isso, se voc\u00ea se interessou, <strong>saiba como come\u00e7ar os estudos<\/strong>!<\/p>\n\n\n\n<ul class=\"wp-block-list\"><li><strong>Confira:<\/strong>\u00a0<a href=\"https:\/\/www.novaconcursos.com.br\/curso-online\/curso-de-redacao-para-concursos\">Reda\u00e7\u00e3o Nota M\u00e1xima para Concursos<\/a><\/li>\n\n\n\n<li><strong>Confira:\u00a0<\/strong><a href=\"https:\/\/www.novaconcursos.com.br\/apostila\/basico-concurso\">Apostila B\u00e1sico para Concursos 2023<\/a><\/li>\n<\/ul><p>Estude para o concurso dos seus sonhos com o\u00a0<strong>M\u00e9todo<\/strong>\u00a0que j\u00e1 ajudou na\u00a0<strong>aprova\u00e7\u00e3o de mais de 70 mil alunos.<\/strong>\u00a0<a href=\"https:\/\/aprovacao.novaconcursos.com.br\/assinatura\" target=\"_blank\" rel=\"noreferrer noopener\">Clique aqui<\/a>\u00a0e saiba mais!<\/p>\n\n\n\n<h2 class=\"wp-block-heading\" id=\"como-ser-a-avaliao-no-concurso-nacional-unificado\">Como ser\u00e1 a avalia\u00e7\u00e3o no Concurso Nacional Unificado?<\/h2>\n\n\n\n<p>Se voc\u00ea, ent\u00e3o, est\u00e1 interessado nas vagas do concurso Nacional Unificado, deve <strong>come\u00e7ar os estudos <\/strong>para se sair bem e na frente dos candidatos.<\/p>\n\n\n\n<p>Isso porque a sele\u00e7\u00e3o deve ser muito procurada. Segundo a previs\u00e3o, os inscritos na sele\u00e7\u00e3o passar\u00e3o por provas no dia <strong>25 de fevereiro. <\/strong><\/p>\n\n\n\n<p>Ent\u00e3o, a prova estaria dividida em dois momentos nesta <strong>mesma data<\/strong> e aplicadas simultaneamente em todas as capitais e cidades m\u00e9dias e grandes. Veja:<\/p>\n\n\n\n<ul class=\"wp-block-list\"><li>1\u00ba) Provas objetivas com matriz comum a todos os candidatos;<\/li>\n\n\n\n<li>2\u00ba) Provas espec\u00edficas e dissertativas por blocos tem\u00e1ticos. Os resultados gerais da primeira fase devem se divulgar at\u00e9 o final de abril de 2024 e o in\u00edcio dos cursos de forma\u00e7\u00e3o, entre junho e julho do ano que vem.\u00a0<\/li>\n<\/ul><blockquote class=\"wp-block-quote is-layout-flow wp-block-quote-is-layout-flow\">\n<p><em>\u201cDesta forma, o candidato ir\u00e1 realizar as provas objetivas (comuns a todos os candidatos) e as espec\u00edficas (objetivas e dissertativas)\u00a0do bloco de sua escolha. As quest\u00f5es espec\u00edficas ser\u00e3o definidas pelas comiss\u00f5es organizadoras dos diferentes \u00f3rg\u00e3os e entidades p\u00fablicas cujos cargos\/carreiras comp\u00f5em um determinado bloco. A proposta ainda ser\u00e1 validada com os \u00f3rg\u00e3os e entidades p\u00fablicas que aderirem ao Concurso Nacional Unificado\u201d,<\/em>\u00a0disse o MGI.<\/p>\n<\/blockquote>\n\n\n\n<p>Al\u00e9m disso, a meta \u00e9 realizar a prova em cerca de\u00a0<strong>180 cidades<\/strong>. Veja a divis\u00e3o por regi\u00e3o do pa\u00eds:<\/p>\n\n\n\n<figure class=\"wp-block-image\"><a href=\"https:\/\/www.novaconcursos.com.br\/portal\/wp-content\/uploads\/2023\/09\/33.jpg\"><img decoding=\"async\" width=\"1024\" height=\"587\" src=\"https:\/\/www.novaconcursos.com.br\/portal\/wp-content\/uploads\/2023\/09\/33-1024x587.jpg\" alt=\"\" class=\"wp-image-204324\" loading=\"lazy\" title=\"\" srcset=\"https:\/\/www.novaconcursos.com.br\/portal\/wp-content\/uploads\/2023\/09\/33-300x172.jpg 300w, https:\/\/www.novaconcursos.com.br\/portal\/wp-content\/uploads\/2023\/09\/33-1024x587.jpg 1024w, https:\/\/www.novaconcursos.com.br\/portal\/wp-content\/uploads\/2023\/09\/33.jpg 1149w\" sizes=\"auto, (max-width: 480px) 100vw, (max-width: 768px) 100vw, (max-width: 1200px) 70vw, 768px\"><\/a><\/figure><h2 class=\"wp-block-heading\" id=\"o-que-voc-pode-estudar-neste-momento\">O que voc\u00ea pode estudar neste momento?<\/h2>\n\n\n\n<p>Portanto, se voc\u00ea quer come\u00e7ar os estudos, saiba que haver\u00e1 uma parte da prova com um<strong> n\u00facleo comum <\/strong>para todas as \u00e1reas, isto \u00e9, mat\u00e9rias b\u00e1sicas.<\/p>\n\n\n\n<p>Possivelmente, ent\u00e3o, deve cair quest\u00f5es de <strong>L\u00edngua Portuguesa, Inform\u00e1tica, L\u00f3gica (RLM e Matem\u00e1tica) e Atualidades.<\/strong><\/p>\n\n\n\n<p>Al\u00e9m disso, os dois <strong>Direitos <\/strong>(Constitucional e Administrativo) b\u00e1sicos tamb\u00e9m devem ser estudados. \u00c9tica no Servi\u00e7o P\u00fablico, Direitos Humanos, Administra\u00e7\u00e3o Geral e P\u00fablica tem grande possibilidade de estarem no n\u00facleo comum.<\/p>\n\n\n\n<h2 class=\"wp-block-heading\" id=\"concursos-federais-como-ser-a-seleo-unificada\">Concursos Federais: como ser\u00e1 a sele\u00e7\u00e3o unificada?<\/h2>\n\n\n\n<p>Sendo assim, uma sele\u00e7\u00e3o unificada dos\u00a0<a href=\"https:\/\/www.novaconcursos.com.br\/portal\/concursos-abertos\/nacional\">concursos federais<\/a>\u00a0que est\u00e3o\u00a0<strong>autorizados<\/strong>\u00a0ser\u00e1 lan\u00e7ada em breve. \u00c9 uma prova\u00a0<strong>tipo ENEM!<\/strong><\/p>\n\n\n\n<p>A\u00a0<strong>ideia est\u00e1 avan\u00e7ada<\/strong>\u00a0e j\u00e1 tem prazos para edital e aplica\u00e7\u00e3o da prova. A ades\u00e3o dos minist\u00e9rios ao Concurso Nacional Unificado \u00e9 volunt\u00e1ria. O edital deve ser\u00a0<strong>publicado at\u00e9 dezembro.<\/strong><\/p>\n\n\n\n<p>Ainda, ele confirmou que se os prazos se cumprirem, a realiza\u00e7\u00e3o de prova segue prevista para o dia\u00a0<strong>25 de fevereiro<\/strong>\u00a0de 2024. Veja:<\/p>\n\n\n\n<figure class=\"wp-block-image\"><a href=\"https:\/\/www.novaconcursos.com.br\/portal\/wp-content\/uploads\/2023\/09\/22.jpg\"><img decoding=\"async\" width=\"1024\" height=\"566\" src=\"https:\/\/www.novaconcursos.com.br\/portal\/wp-content\/uploads\/2023\/09\/22-1024x566.jpg\" alt=\"\" class=\"wp-image-204326\" loading=\"lazy\" title=\"\" srcset=\"https:\/\/www.novaconcursos.com.br\/portal\/wp-content\/uploads\/2023\/09\/22-300x166.jpg 300w, https:\/\/www.novaconcursos.com.br\/portal\/wp-content\/uploads\/2023\/09\/22-1024x566.jpg 1024w, https:\/\/www.novaconcursos.com.br\/portal\/wp-content\/uploads\/2023\/09\/22.jpg 1132w\" sizes=\"auto, (max-width: 480px) 100vw, (max-width: 768px) 100vw, (max-width: 1200px) 70vw, 768px\"><\/a><\/figure><p>Segundo o MGI, a\u00a0<strong>previs\u00e3o \u00e9 que sejam publicados 11 editais<\/strong>, sendo sete para blocos tem\u00e1ticos e quatro para os cargos de n\u00edvel m\u00e9dio.<\/p>\n\n\n\n<p>Outra confirma\u00e7\u00e3o \u00e9 que o\u00a0<strong>concurso ter\u00e1 uma banca organizadora contratada<\/strong>. E os tr\u00e2mites para a contrata\u00e7\u00e3o j\u00e1 est\u00e3o iniciados.<\/p>\n\n\n\n<p>S\u00e3o, ent\u00e3o, 5151 vagas confirmadas. Portanto, confira abaixo os \u00f3rg\u00e3os que\u00a0<strong>confirmaram\u00a0<\/strong>participa\u00e7\u00e3o no edital unificado at\u00e9 18 de setembro:<\/p>\n\n\n\n<ul class=\"wp-block-list\"><li>MCTI: 814 vagas;<\/li>\n\n\n\n<li>CNPQ: 50 vagas;<\/li>\n\n\n\n<li>Funai: 502 vagas;<\/li>\n\n\n\n<li>Minist\u00e9rio da Sa\u00fade: 220 vagas;<\/li>\n\n\n\n<li>Fiocruz: 300 vagas;<\/li>\n\n\n\n<li>AFT: 900 vagas;<\/li>\n\n\n\n<li>AIE: 300 vagas;<\/li>\n\n\n\n<li>ATI: 300 vagas;<\/li>\n\n\n\n<li>ATPS: 500 vagas;<\/li>\n\n\n\n<li>EPPGG: 150 vagas;<\/li>\n\n\n\n<li>MDIC: 50 vagas;<\/li>\n\n\n\n<li>Minist\u00e9rio da Justi\u00e7a: 100 vagas;<\/li>\n\n\n\n<li>IBGE: 895 vagas;<\/li>\n\n\n\n<li>Previc: 40 vagas; e<\/li>\n\n\n\n<li>Antaq: 30 vagas.<\/li>\n<\/ul><p><a href=\"https:\/\/www.novaconcursos.com.br\/portal\/noticias\/concurso-antaq-agencia-manifesta-interesse-em-participar-de-selecao-unificada\/\">Concurso Antaq: Ag\u00eancia manifesta interesse em participar de sele\u00e7\u00e3o unificada!<\/a><\/p>\n\n\n\n<p><a href=\"https:\/\/www.novaconcursos.com.br\/portal\/noticias\/concurso-incra-instituto-nao-participara-de-selecao-unificada-entenda\/\">Concurso INCRA: Instituto n\u00e3o participar\u00e1 de sele\u00e7\u00e3o unificada. Entenda!<\/a><\/p>\n\n\n\n<p>Entretanto, alguns \u00f3rg\u00e3os j\u00e1 confirmaram extraoficialmente a participa\u00e7\u00e3o, mas ainda n\u00e3o constam na lista oficial do MGI. \u00c9 o<strong>\u00a0caso do MAPA!<\/strong><\/p>\n\n\n\n<p><a href=\"https:\/\/www.novaconcursos.com.br\/portal\/noticias\/concurso-mapa-tera-440-vagas-abertas-em-selecao-unificada-entenda\/\">Concurso Mapa: Ter\u00e1 440 vagas abertas em Sele\u00e7\u00e3o Unificada, entenda!<\/a><\/p>\n\n\n\n<p>Confira\u00a0abaixo\u00a0os blocos tem\u00e1ticos por \u00e1reas de atua\u00e7\u00e3o:\u00a0<\/p>\n\n\n\n<figure class=\"wp-block-image\"><a href=\"https:\/\/www.novaconcursos.com.br\/portal\/wp-content\/uploads\/2023\/09\/imagem1.png\"><img decoding=\"async\" width=\"1024\" height=\"577\" src=\"https:\/\/www.novaconcursos.com.br\/portal\/wp-content\/uploads\/2023\/09\/imagem1-1024x577.png\" alt=\"\" class=\"wp-image-204327\" loading=\"lazy\" title=\"\" srcset=\"https:\/\/www.novaconcursos.com.br\/portal\/wp-content\/uploads\/2023\/09\/imagem1-300x169.png 300w, https:\/\/www.novaconcursos.com.br\/portal\/wp-content\/uploads\/2023\/09\/imagem1-1024x577.png 1024w, https:\/\/www.novaconcursos.com.br\/portal\/wp-content\/uploads\/2023\/09\/imagem1.png 1282w\" sizes=\"auto, (max-width: 480px) 100vw, (max-width: 768px) 100vw, (max-width: 1200px) 70vw, 768px\"><\/a><\/figure><figure class=\"wp-block-image\"><a href=\"https:\/\/www.novaconcursos.com.br\/portal\/wp-content\/uploads\/2023\/09\/imagem2.png\"><img decoding=\"async\" width=\"1024\" height=\"573\" src=\"https:\/\/www.novaconcursos.com.br\/portal\/wp-content\/uploads\/2023\/09\/imagem2-1024x573.png\" alt=\"\" class=\"wp-image-204328\" loading=\"lazy\" title=\"\" srcset=\"https:\/\/www.novaconcursos.com.br\/portal\/wp-content\/uploads\/2023\/09\/imagem2-300x168.png 300w, https:\/\/www.novaconcursos.com.br\/portal\/wp-content\/uploads\/2023\/09\/imagem2-1024x573.png 1024w, https:\/\/www.novaconcursos.com.br\/portal\/wp-content\/uploads\/2023\/09\/imagem2.png 1278w\" sizes=\"auto, (max-width: 480px) 100vw, (max-width: 768px) 100vw, (max-width: 1200px) 70vw, 768px\"><\/a><\/figure><figure class=\"wp-block-image\"><a href=\"https:\/\/www.novaconcursos.com.br\/portal\/wp-content\/uploads\/2023\/09\/imagem3.png\"><img decoding=\"async\" width=\"1024\" height=\"578\" src=\"https:\/\/www.novaconcursos.com.br\/portal\/wp-content\/uploads\/2023\/09\/imagem3-1024x578.png\" alt=\"\" class=\"wp-image-204329\" loading=\"lazy\" title=\"\" srcset=\"https:\/\/www.novaconcursos.com.br\/portal\/wp-content\/uploads\/2023\/09\/imagem3-300x169.png 300w, https:\/\/www.novaconcursos.com.br\/portal\/wp-content\/uploads\/2023\/09\/imagem3-1024x578.png 1024w, https:\/\/www.novaconcursos.com.br\/portal\/wp-content\/uploads\/2023\/09\/imagem3.png 1277w\" sizes=\"auto, (max-width: 480px) 100vw, (max-width: 768px) 100vw, (max-width: 1200px) 70vw, 768px\"><\/a><\/figure><figure class=\"wp-block-image\"><a href=\"https:\/\/www.novaconcursos.com.br\/portal\/wp-content\/uploads\/2023\/09\/imagem4.png\"><img decoding=\"async\" width=\"1024\" height=\"577\" src=\"https:\/\/www.novaconcursos.com.br\/portal\/wp-content\/uploads\/2023\/09\/imagem4-1024x577.png\" alt=\"\" class=\"wp-image-204330\" loading=\"lazy\" title=\"\" srcset=\"https:\/\/www.novaconcursos.com.br\/portal\/wp-content\/uploads\/2023\/09\/imagem4-300x169.png 300w, https:\/\/www.novaconcursos.com.br\/portal\/wp-content\/uploads\/2023\/09\/imagem4-1024x577.png 1024w, https:\/\/www.novaconcursos.com.br\/portal\/wp-content\/uploads\/2023\/09\/imagem4.png 1275w\" sizes=\"auto, (max-width: 480px) 100vw, (max-width: 768px) 100vw, (max-width: 1200px) 70vw, 768px\"><\/a><\/figure><p><\/p>\n\n\n\n<p><\/p>","protected":false},"excerpt":{"rendered":"<p>O\u00a0Concurso Nacional Unificado\u00a0continua sendo preparado e ter\u00e1 edital ainda em 2023. Por isso, se voc\u00ea se interessou, saiba como come\u00e7ar os estudos! Estude para o concurso dos seus sonhos com o\u00a0M\u00e9todo\u00a0que j\u00e1 ajudou na\u00a0aprova\u00e7\u00e3o de mais de 70 mil alunos.\u00a0Clique aqui\u00a0e saiba mais! Como ser\u00e1 a avalia\u00e7\u00e3o no Concurso Nacional Unificado? Se voc\u00ea, ent\u00e3o, est\u00e1 [&hellip;]<\/p>\n","protected":false},"author":54671,"featured_media":205351,"comment_status":"closed","ping_status":"closed","sticky":false,"template":"","format":"standard","meta":{"_acf_changed":false,"footnotes":"","_wp_rev_ctl_limit":""},"categories":[228],"tags":[],"class_list":["post-206050","post","type-post","status-publish","format-standard","has-post-thumbnail","hentry","category-noticias"],"acf":[],"_links":{"self":[{"href":"https:\/\/www.novaconcursos.com.br\/portal\/wp-json\/wp\/v2\/posts\/206050","targetHints":{"allow":["GET"]}}],"collection":[{"href":"https:\/\/www.novaconcursos.com.br\/portal\/wp-json\/wp\/v2\/posts"}],"about":[{"href":"https:\/\/www.novaconcursos.com.br\/portal\/wp-json\/wp\/v2\/types\/post"}],"author":[{"embeddable":true,"href":"https:\/\/www.novaconcursos.com.br\/portal\/wp-json\/wp\/v2\/users\/54671"}],"replies":[{"embeddable":true,"href":"https:\/\/www.novaconcursos.com.br\/portal\/wp-json\/wp\/v2\/comments?post=206050"}],"version-history":[{"count":5,"href":"https:\/\/www.novaconcursos.com.br\/portal\/wp-json\/wp\/v2\/posts\/206050\/revisions"}],"predecessor-version":[{"id":216680,"href":"https:\/\/www.novaconcursos.com.br\/portal\/wp-json\/wp\/v2\/posts\/206050\/revisions\/216680"}],"wp:featuredmedia":[{"embeddable":true,"href":"https:\/\/www.novaconcursos.com.br\/portal\/wp-json\/wp\/v2\/media\/205351"}],"wp:attachment":[{"href":"https:\/\/www.novaconcursos.com.br\/portal\/wp-json\/wp\/v2\/media?parent=206050"}],"wp:term":[{"taxonomy":"category","embeddable":true,"href":"https:\/\/www.novaconcursos.com.br\/portal\/wp-json\/wp\/v2\/categories?post=206050"},{"taxonomy":"post_tag","embeddable":true,"href":"https:\/\/www.novaconcursos.com.br\/portal\/wp-json\/wp\/v2\/tags?post=206050"}],"curies":[{"name":"wp","href":"https:\/\/api.w.org\/{rel}","templated":true}]}}