{"id":206060,"date":"2023-09-26T10:26:04","date_gmt":"2023-09-26T13:26:04","guid":{"rendered":"https:\/\/www.novaconcursos.com.br\/portal\/?p=206060"},"modified":"2023-09-26T10:26:07","modified_gmt":"2023-09-26T13:26:07","slug":"concurso-pc-ce-mais-excedentes-novo-edital-iminente","status":"publish","type":"post","link":"https:\/\/www.novaconcursos.com.br\/portal\/noticias\/concurso-pc-ce-mais-excedentes-novo-edital-iminente\/","title":{"rendered":"Concurso PC CE: Mais de 900 excedentes ser\u00e3o convocados! Novo edital iminente!"},"content":{"rendered":"<p>Com novo edital <strong>previsto <\/strong>para este ano, Pol\u00edcia Civil do Cear\u00e1 come\u00e7a a <strong>preparar <\/strong>convoca\u00e7\u00e3o de 918 excedentes do \u00faltimo <a href=\"https:\/\/www.novaconcursos.com.br\/portal\/concursos\/concurso-pc-ce\/\">concurso PC CE<\/a>. Veja detalhes!<\/p>\n\n\n\n<ul class=\"wp-block-list\"><li><strong>Confira:\u00a0<\/strong><a href=\"https:\/\/www.novaconcursos.com.br\/curso-online\/inspetor-pc-ce\">Curso Online Escriv\u00e3o e Inspetor PC CE<\/a><\/li>\n\n\n\n<li><strong>Confira:\u00a0<\/strong><a href=\"https:\/\/www.novaconcursos.com.br\/apostila\/pc-ce-escrivao-inspetor\">Apostila PC CE \u2013 Escriv\u00e3o e Inspetor<\/a><\/li>\n<\/ul><p><\/p>\n\n\n\n<p>Estude para o concurso dos seus sonhos com o\u00a0<strong>M\u00e9todo<\/strong>\u00a0que j\u00e1 ajudou na\u00a0<strong>aprova\u00e7\u00e3o de mais de 70 mil alunos.<\/strong>\u00a0<a href=\"https:\/\/aprovacao.novaconcursos.com.br\/assinatura\" target=\"_blank\" rel=\"noreferrer noopener\">Clique aqui<\/a>\u00a0e saiba mais!<\/p>\n\n\n\n<h2 class=\"wp-block-heading\" id=\"quando-sai-o-novo-edital-do-concurso-pc-ce\">Quando sai o novo edital do concurso PC CE?<\/h2>\n\n\n\n<p>Sendo assim, o governador do\u00a0<a href=\"https:\/\/www.novaconcursos.com.br\/portal\/concursos-previstos\/ce\/\">Cear\u00e1<\/a>, Elmano de Freitas,<strong>\u00a0confirmou por mais de uma vez <\/strong>que anunciaria o novo concurso p\u00fablico para a Pol\u00edcia Civil, ainda em setembro.<\/p>\n\n\n\n<blockquote class=\"wp-block-quote is-layout-flow wp-block-quote-is-layout-flow\">\n<p><em>\u201cCom o novo Centro de Intelig\u00eancia, que ser\u00e1 inaugurado em setembro, esperamos ter um trabalho ainda mais integrado e eficiente. Na mesma ocasi\u00e3o, iremos anunciar o chamamento de mais policiais militares e um concurso para a Pol\u00edcia Civil. Estamos empenhados em diminuir os \u00edndices de viol\u00eancia e trabalhar cada vez mais em solu\u00e7\u00f5es para a \u00e1rea\u201d,<\/em> disse, em sua live semanal, no dia 23 de agosto.<\/p>\n\n\n\n<p>Entretanto, j\u00e1 estamos no fim do m\u00eas e nenhum an\u00fancio ainda foi feito. Mas, h\u00e1 possibilidade dele sair come\u00e7o de <strong>outubro<\/strong>, caso n\u00e3o saia nos \u00faltimos dias de <strong>setembro<\/strong>.<\/p>\n\n\n\n<p>Ainda n\u00e3o h\u00e1 informa\u00e7\u00f5es sobre o n\u00famero de vagas e quais cargos ser\u00e3o contemplados nos pr\u00f3ximos concursos. Isso tudo dever\u00e1 ser divulgado em breve!<\/p>\n\n\n\n<h2 class=\"wp-block-heading\" id=\"novos-excedentes-sero-convocados-no-concurso-pc-ce\">Novos excedentes ser\u00e3o convocados no concurso PC CE<\/h2>\n<\/blockquote>\n\n\n\n<p>Enquanto o novo edital n\u00e3o sai, ent\u00e3o, a corpora\u00e7\u00e3o tamb\u00e9m prepara a\u00a0<strong>convoca\u00e7\u00e3o de 918 excedentes da \u00faltima sele\u00e7\u00e3o da Pol\u00edcia Civil<\/strong>.<\/p>\n\n\n\n<p>Assim, de acordo com uma portaria publicada, poder\u00e3o ser chamados 196 pessoas para o cargo de <strong>Escriv\u00e3o <\/strong>e 722 para <strong>Inspetor<\/strong>.\u00a0<\/p>\n\n\n\n<p>Foi formada uma comiss\u00e3o t\u00e9cnica de avalia\u00e7\u00e3o e acompanhamento para contrata\u00e7\u00e3o de institui\u00e7\u00e3o, que ir\u00e1 prestar servi\u00e7os t\u00e9cnico-especializados para a elabora\u00e7\u00e3o do edital de convoca\u00e7\u00e3o para matr\u00edcula no Curso de Forma\u00e7\u00e3o Profissional (CFP).<\/p>\n\n\n\n<p>Al\u00e9m da realiza\u00e7\u00e3o da an\u00e1lise dos exames toxicol\u00f3gicos e organiza\u00e7\u00e3o, elabora\u00e7\u00e3o, execu\u00e7\u00e3o e resultado da avalia\u00e7\u00e3o de verifica\u00e7\u00e3o de aprendizagem (AVA). Veja as atribui\u00e7\u00f5es da comiss\u00e3o:\u00a0<\/p>\n\n\n\n<ul class=\"wp-block-list\"><li>avaliar a habilita\u00e7\u00e3o t\u00e9cnica das empresas licitantes;\u00a0<\/li>\n\n\n\n<li>avaliar pre\u00e7os de proposta em rela\u00e7\u00e3o aos dados t\u00e9cnicos;\u00a0<\/li>\n\n\n\n<li>avaliar pedidos de esclarecimento e\/ou recursos administrativos; e<\/li>\n\n\n\n<li>decidir sobre ordem de classifica\u00e7\u00e3o e aceitabilidade de propostas.<\/li>\n<\/ul><p><\/p>\n\n\n\n<p>Lembrando que o \u00faltimo edital da PC CE saiu em <strong>maio de 2021<\/strong> e contou com a oferta de 1,5 mil vagas, sendo 500 imediatas e o restante para cadastro reserva.<\/p>\n\n\n\n<p>Ainda, ambos os cargos exigiram o\u00a0<strong>curso de n\u00edvel superior completo em qualquer \u00e1rea<\/strong> e Carteira Nacional de Habilita\u00e7\u00e3o (CNH) ativa e vigente, na categoria \u201cB\u201d.<\/p>\n\n\n\n<h2 class=\"wp-block-heading\" id=\"ministrio-pblico-j-cobrou-concurso-pc-ce\">Minist\u00e9rio P\u00fablico j\u00e1 cobrou concurso PC CE<\/h2>\n\n\n\n<p>Em outubro de 2022, o Minist\u00e9rio P\u00fablico\u00a0<strong>ajuizou uma A\u00e7\u00e3o Civil<\/strong>\u00a0P\u00fablica contra o Estado, pedindo um edital. Mas, at\u00e9 hoje, quase um ano depois, nada saiu!<\/p>\n\n\n\n<p>Assim, a\u00a0<strong>finalidade\u00a0<\/strong>era de sanar problemas cr\u00f4nicos na estrutura f\u00edsica, de recursos humanos e na presta\u00e7\u00e3o de servi\u00e7os em delegacias de Pol\u00edcia Civil do\u00a0<a href=\"https:\/\/www.novaconcursos.com.br\/portal\/concursos-abertos\/ce\/\">Cear\u00e1<\/a>.<\/p>\n\n\n\n<p>Al\u00e9m disso, a a\u00e7\u00e3o esteve ajuizada pelos\u00a0<strong>promotores\u00a0<\/strong>de Justi\u00e7a atuantes no Controle Externo da Atividade Policial, tendo como amicus curiae (terceira parte na ACP) a Associa\u00e7\u00e3o dos Delegados da Pol\u00edcia Civil do Estado do Cear\u00e1 (Adepol).<\/p>\n\n\n\n<p><a href=\"http:\/\/www.mpce.mp.br\/mpce-ajuiza-acao-para-estado-realizar-em-curto-prazo-concurso-publico-para-policia-civil-e-reestruturar-delegacias-em-todo-o-ceara\/\" target=\"_blank\" rel=\"noreferrer noopener\">Veja todos os detalhes, clicando aqui!<\/a><\/p>","protected":false},"excerpt":{"rendered":"<p>Com novo edital previsto para este ano, Pol\u00edcia Civil do Cear\u00e1 come\u00e7a a preparar convoca\u00e7\u00e3o de 918 excedentes do \u00faltimo concurso PC CE. Veja detalhes! Estude para o concurso dos seus sonhos com o\u00a0M\u00e9todo\u00a0que j\u00e1 ajudou na\u00a0aprova\u00e7\u00e3o de mais de 70 mil alunos.\u00a0Clique aqui\u00a0e saiba mais! Quando sai o novo edital do concurso PC CE? [&hellip;]<\/p>\n","protected":false},"author":54671,"featured_media":174864,"comment_status":"closed","ping_status":"closed","sticky":false,"template":"","format":"standard","meta":{"_acf_changed":false,"footnotes":"","_wp_rev_ctl_limit":""},"categories":[228],"tags":[],"class_list":["post-206060","post","type-post","status-publish","format-standard","has-post-thumbnail","hentry","category-noticias"],"acf":[],"_links":{"self":[{"href":"https:\/\/www.novaconcursos.com.br\/portal\/wp-json\/wp\/v2\/posts\/206060","targetHints":{"allow":["GET"]}}],"collection":[{"href":"https:\/\/www.novaconcursos.com.br\/portal\/wp-json\/wp\/v2\/posts"}],"about":[{"href":"https:\/\/www.novaconcursos.com.br\/portal\/wp-json\/wp\/v2\/types\/post"}],"author":[{"embeddable":true,"href":"https:\/\/www.novaconcursos.com.br\/portal\/wp-json\/wp\/v2\/users\/54671"}],"replies":[{"embeddable":true,"href":"https:\/\/www.novaconcursos.com.br\/portal\/wp-json\/wp\/v2\/comments?post=206060"}],"version-history":[{"count":4,"href":"https:\/\/www.novaconcursos.com.br\/portal\/wp-json\/wp\/v2\/posts\/206060\/revisions"}],"predecessor-version":[{"id":206067,"href":"https:\/\/www.novaconcursos.com.br\/portal\/wp-json\/wp\/v2\/posts\/206060\/revisions\/206067"}],"wp:featuredmedia":[{"embeddable":true,"href":"https:\/\/www.novaconcursos.com.br\/portal\/wp-json\/wp\/v2\/media\/174864"}],"wp:attachment":[{"href":"https:\/\/www.novaconcursos.com.br\/portal\/wp-json\/wp\/v2\/media?parent=206060"}],"wp:term":[{"taxonomy":"category","embeddable":true,"href":"https:\/\/www.novaconcursos.com.br\/portal\/wp-json\/wp\/v2\/categories?post=206060"},{"taxonomy":"post_tag","embeddable":true,"href":"https:\/\/www.novaconcursos.com.br\/portal\/wp-json\/wp\/v2\/tags?post=206060"}],"curies":[{"name":"wp","href":"https:\/\/api.w.org\/{rel}","templated":true}]}}