{"id":206267,"date":"2023-09-27T11:22:27","date_gmt":"2023-09-27T14:22:27","guid":{"rendered":"https:\/\/www.novaconcursos.com.br\/portal\/?p=206267"},"modified":"2023-09-27T11:22:30","modified_gmt":"2023-09-27T14:22:30","slug":"concurso-funai-novo-edital-para-auxiliar-em-indigenismo-e-pedido-pelo-mpf","status":"publish","type":"post","link":"https:\/\/www.novaconcursos.com.br\/portal\/noticias\/concurso-funai-novo-edital-para-auxiliar-em-indigenismo-e-pedido-pelo-mpf\/","title":{"rendered":"Concurso Funai: Novo edital para Auxiliar em Indigenismo \u00e9 pedido pelo MPF!"},"content":{"rendered":"<p>O Minist\u00e9rio P\u00fablico Federal (MPF) protocolou um <strong>pedido a Uni\u00e3o <\/strong>para que seja publicado um novo <a href=\"https:\/\/www.novaconcursos.com.br\/portal\/concursos\/concurso-funai\/\">concurso Funai<\/a>, para o cargo de auxiliar indigenista. Veja detalhes!<\/p>\n\n\n\n<ul class=\"wp-block-list\"><li><strong>Confira:\u00a0<\/strong><a href=\"https:\/\/www.novaconcursos.com.br\/curso-online\/curso-funai-comum-todos-cargos\">Curso FUNAI \u2013 Comum a Todos os Cargos<\/a><\/li>\n<\/ul><p><\/p>\n\n\n\n<p>Estude para o concurso dos seus sonhos com o\u00a0<strong>M\u00e9todo<\/strong>\u00a0que j\u00e1 ajudou na\u00a0<strong>aprova\u00e7\u00e3o de mais de 70 mil alunos.<\/strong>\u00a0<a href=\"https:\/\/aprovacao.novaconcursos.com.br\/assinatura\" target=\"_blank\" rel=\"noreferrer noopener\">Clique aqui<\/a>\u00a0e saiba mais!<\/p>\n\n\n\n<h2 class=\"wp-block-heading\" id=\"quando-sai-o-novo-concurso-funai\">Quando sai o novo concurso Funai?<\/h2>\n\n\n\n<p>\u00c9 o que os concurseiros querem saber! E o que j\u00e1 est\u00e1 confirmado, \u00e9 que o novo <a href=\"https:\/\/www.novaconcursos.com.br\/portal\/concursos-previstos\/nacional\">edital <\/a>para a Funai ser\u00e1 dentro do <strong>Concurso Nacional Unificado. <\/strong><\/p>\n\n\n\n<p>Assim, a informa\u00e7\u00e3o foi confirmada, recentemente, pela pr\u00f3pria autarquia e pelo Minist\u00e9rio de Gest\u00e3o e Inova\u00e7\u00e3o em Servi\u00e7os P\u00fablicos.<\/p>\n\n\n\n<p>Sendo assim, o \u00f3rg\u00e3o vai\u00a0<strong>integrar os blocos tem\u00e1ticos\u00a0<\/strong>\u201c5. Pol\u00edticas Sociais, Justi\u00e7a e Sa\u00fade\u201d e \u201c8. N\u00edvel Intermedi\u00e1rio\u201d.<\/p>\n\n\n\n<p>Lembrando que o concurso j\u00e1 contava com comiss\u00e3o formada para elabora\u00e7\u00e3o do\u00a0<strong>projeto b\u00e1sico,<\/strong>\u00a0que trouxe detalhes das provas, locais de aplica\u00e7\u00e3o e estimativa de inscritos.<\/p>\n\n\n\n<p>A presidenta do \u00f3rg\u00e3o, Joenia Wapichana, disse que a amplia\u00e7\u00e3o dos <strong>locais das provas,<\/strong> passando de 35 para 179 munic\u00edpios, facilitaria o acesso aos candidatos oriundos de comunidades.<\/p>\n\n\n\n<h3 class=\"wp-block-heading\">O que \u00e9 o Concurso Nacional Unificado?<\/h3>\n\n\n\n<p>O concurso Unificado \u00e9 uma proposta do Minist\u00e9rio da Gest\u00e3o e Inova\u00e7\u00e3o (MGI),\u00a0para preencher quase\u00a0<strong>8 mil vagas autorizadas<\/strong>\u00a0em cerca de 50 \u00f3rg\u00e3os do executivo federal, por meio de um \u00fanico concurso.<\/p>\n\n\n\n<p>De acordo com o governo, o objetivo \u00e9<strong>\u00a0democratizar o acesso \u00e0s vagas<\/strong>\u00a0e dar oportunidades para locais que n\u00e3o costumam receber a aplica\u00e7\u00e3o de provas.<\/p>\n\n\n\n<p><em>\u201cEste projeto \u00e9 inovador e ousado.\u00a0Com isso,\u00a0criamos\u00a0um crit\u00e9rio de justi\u00e7a de acesso \u00e0s vagas p\u00fablicas como nunca ocorreu antes na hist\u00f3ria do Brasil\u201d<\/em>, afirmou o secret\u00e1rio.<\/p>\n\n\n\n<h2 class=\"wp-block-heading\" id=\"mpf-solicitou-novo-edital-unio-e-funai\">MPF solicitou novo edital \u00e0 Uni\u00e3o e \u00e0 Funai<\/h2>\n\n\n\n<p>E nesta semana, o Minist\u00e9rio P\u00fablico Federal (MPF) <strong>protocolou<\/strong> <strong>uma a\u00e7\u00e3o civil p\u00fablica <\/strong>requerendo a Uni\u00e3o e a Funda\u00e7\u00e3o Nacional dos Povos Ind\u00edgenas (Funai)\u00a0diversos direitos ind\u00edgenas. <\/p>\n\n\n\n<p>Assim, dentre eles, um edital de\u00a0<strong>concurso<\/strong>\u00a0p\u00fablico para o cargo de Auxiliar Indigenista, visando a contrata\u00e7\u00e3o de ind\u00edgenas que atuam nas bases e a utiliza\u00e7\u00e3o de terceirizados.<\/p>\n\n\n\n<p>Portanto, o documento afirma que em caso de descumprimento das medidas protocoladas e eventualmente deferidas pelo MPF, o \u00f3rg\u00e3o jur\u00eddico ir\u00e1 aplicar multa tanto \u00e0 Funai quanto \u00e0 Uni\u00e3o.<\/p>\n\n\n\n<p><em>\u201cEm caso de aplica\u00e7\u00e3o da multa \u00e0 Uni\u00e3o, que seja destinada ao or\u00e7amento da FUNAI com aplica\u00e7\u00e3o espec\u00edfica nas pol\u00edticas aos povos isolados e de recente contato\u201d,<\/em> disse o documento.<\/p>\n\n\n\n<h2 class=\"wp-block-heading\" id=\"autorizao-para-o-concurso-funai-de-mais-de-500-vagas\">Autoriza\u00e7\u00e3o para o concurso Funai \u00e9 de mais de 500 vagas<\/h2>\n\n\n\n<p>Certo \u00e9 que o\u00a0<a href=\"https:\/\/www.novaconcursos.com.br\/portal\/concursos-abertos\/nacional\">concurso<\/a>\u00a0ter\u00e1 <strong>502 vagas<\/strong>, sendo 152 oportunidades ser\u00e3o para n\u00edvel m\u00e9dio e 350 para n\u00edvel superior. Portanto, confira abaixo a distribui\u00e7\u00e3o dos cargos:<\/p>\n\n\n\n<ul class=\"wp-block-list\"><li><strong>N\u00edvel M\u00e9dio<\/strong>\n<ul class=\"wp-block-list\"><li>Agente em Indigenismo: 152 vagas<\/li>\n<\/ul><\/li>\n\n\n\n<li><strong>N\u00edvel Superior<\/strong>\n<ul class=\"wp-block-list\"><li>Administrador: 26 vagas<\/li>\n\n\n\n<li>Antrop\u00f3logo: 19 vagas<\/li>\n\n\n\n<li>Arquiteto: 1 vaga<\/li>\n\n\n\n<li>Arquivista: 1 vaga<\/li>\n\n\n\n<li>Assistente Social: 21 vagas<\/li>\n\n\n\n<li>Bibliotec\u00e1rio: 6 vagas<\/li>\n\n\n\n<li>Contador: 12 vagas<\/li>\n\n\n\n<li>Economista: 24 vagas<\/li>\n\n\n\n<li>Engenheiro: 20 vagas<\/li>\n\n\n\n<li>Engenheiro Agr\u00f4nomo: 31 vagas<\/li>\n\n\n\n<li>Engenheiro Florestal: 2 vagas<\/li>\n\n\n\n<li>Estat\u00edstico: 1 vaga<\/li>\n\n\n\n<li>Ge\u00f3grafo: 4 vagas<\/li>\n\n\n\n<li>Indigenista Especializado: 152 vagas<\/li>\n\n\n\n<li>Psic\u00f3logo: 6 vagas<\/li>\n\n\n\n<li>Soci\u00f3logo: 12 vagas<\/li>\n\n\n\n<li>T\u00e9cnico em Assuntos Educacionais: 2 vagas<\/li>\n\n\n\n<li>T\u00e9cnico em Comunica\u00e7\u00e3o Social: 10 vagas<\/li>\n<\/ul><\/li>\n<\/ul><p><\/p>\n\n\n\n<p>As carreiras oferecem\u00a0<strong>remunera\u00e7\u00e3o inicial<\/strong>\u00a0que varia entre R$ 5.349,07 e R$ 6.420,87, de acordo com o cargo pretendido.<\/p>\n\n\n\n<h2 class=\"wp-block-heading\" id=\"provas-e-etapas-do-concurso-funai\">Provas e etapas do concurso Funai<\/h2>\n\n\n\n<p>Conforme consta no projeto b\u00e1sico, os candidatos ser\u00e3o avaliados por meio de\u00a0<strong>provas objetivas e discursivas,<\/strong>\u00a0que ser\u00e3o aplicadas nas capitais dos\u00a026 estados brasileiros e no Distrito Federal.<\/p>\n\n\n\n<p>Al\u00e9m das capitais, ter\u00e1 prova em Tabatinga e S\u00e3o Gabriel da Cachoeira, no Amazonas; Imperatriz, no Maranh\u00e3o; Dourados, em Mato Grosso do Sul; Sinop, em Mato Grosso; Altamira e Santar\u00e9m, no Par\u00e1; e Vilhena, em Rond\u00f4nia.<\/p>\n\n\n\n<p>A prova objetiva estar\u00e1 composta de quest\u00f5es de m\u00faltipla escolha ou quest\u00f5es no modelo \u201ccerto\u201d ou \u201cerrado\u201d, enquanto a prova discursiva consistir\u00e1 em quest\u00f5es de conhecimentos espec\u00edficos.<\/p>\n\n\n\n<p>De acordo com a uma informa\u00e7\u00e3o recente, a Diretoria Colegiada ter\u00e1 at\u00e9 o\u00a0<strong>dia 30 de junho de 2024<\/strong>\u00a0para realizar a aplica\u00e7\u00e3o das provas do\u00a0concurso\u00a0Funai.<\/p>\n\n\n\n<p>Entretanto, com a ades\u00e3o ao Concurso Nacional Unificado, tudo poder\u00e1 sofrer altera\u00e7\u00f5es. Por isso, fiquem atentos \u00e0s novas informa\u00e7\u00f5es!<\/p>","protected":false},"excerpt":{"rendered":"<p>O Minist\u00e9rio P\u00fablico Federal (MPF) protocolou um pedido a Uni\u00e3o para que seja publicado um novo concurso Funai, para o cargo de auxiliar indigenista. Veja detalhes! Estude para o concurso dos seus sonhos com o\u00a0M\u00e9todo\u00a0que j\u00e1 ajudou na\u00a0aprova\u00e7\u00e3o de mais de 70 mil alunos.\u00a0Clique aqui\u00a0e saiba mais! Quando sai o novo concurso Funai? \u00c9 o [&hellip;]<\/p>\n","protected":false},"author":54671,"featured_media":159422,"comment_status":"closed","ping_status":"closed","sticky":false,"template":"","format":"standard","meta":{"_acf_changed":false,"footnotes":"","_wp_rev_ctl_limit":""},"categories":[228],"tags":[],"class_list":["post-206267","post","type-post","status-publish","format-standard","has-post-thumbnail","hentry","category-noticias"],"acf":[],"_links":{"self":[{"href":"https:\/\/www.novaconcursos.com.br\/portal\/wp-json\/wp\/v2\/posts\/206267","targetHints":{"allow":["GET"]}}],"collection":[{"href":"https:\/\/www.novaconcursos.com.br\/portal\/wp-json\/wp\/v2\/posts"}],"about":[{"href":"https:\/\/www.novaconcursos.com.br\/portal\/wp-json\/wp\/v2\/types\/post"}],"author":[{"embeddable":true,"href":"https:\/\/www.novaconcursos.com.br\/portal\/wp-json\/wp\/v2\/users\/54671"}],"replies":[{"embeddable":true,"href":"https:\/\/www.novaconcursos.com.br\/portal\/wp-json\/wp\/v2\/comments?post=206267"}],"version-history":[{"count":4,"href":"https:\/\/www.novaconcursos.com.br\/portal\/wp-json\/wp\/v2\/posts\/206267\/revisions"}],"predecessor-version":[{"id":206275,"href":"https:\/\/www.novaconcursos.com.br\/portal\/wp-json\/wp\/v2\/posts\/206267\/revisions\/206275"}],"wp:featuredmedia":[{"embeddable":true,"href":"https:\/\/www.novaconcursos.com.br\/portal\/wp-json\/wp\/v2\/media\/159422"}],"wp:attachment":[{"href":"https:\/\/www.novaconcursos.com.br\/portal\/wp-json\/wp\/v2\/media?parent=206267"}],"wp:term":[{"taxonomy":"category","embeddable":true,"href":"https:\/\/www.novaconcursos.com.br\/portal\/wp-json\/wp\/v2\/categories?post=206267"},{"taxonomy":"post_tag","embeddable":true,"href":"https:\/\/www.novaconcursos.com.br\/portal\/wp-json\/wp\/v2\/tags?post=206267"}],"curies":[{"name":"wp","href":"https:\/\/api.w.org\/{rel}","templated":true}]}}