{"id":206475,"date":"2023-09-28T18:37:30","date_gmt":"2023-09-28T21:37:30","guid":{"rendered":"https:\/\/www.novaconcursos.com.br\/portal\/?p=206475"},"modified":"2023-09-28T18:37:32","modified_gmt":"2023-09-28T21:37:32","slug":"concurso-adema-se-novo-edital-confirmado-diz-governador","status":"publish","type":"post","link":"https:\/\/www.novaconcursos.com.br\/portal\/noticias\/concurso-adema-se-novo-edital-confirmado-diz-governador\/","title":{"rendered":"Concurso Adema SE: Novo edital confirmado, diz governador!"},"content":{"rendered":"<p>O <a href=\"https:\/\/www.novaconcursos.com.br\/portal\/concursos\/concurso-adema-se\/\">Concurso Adema SE <\/a>(Administra\u00e7\u00e3o Estadual do Meio Ambiente do Sergipe) est\u00e1 confirmado e ser\u00e1 para os cargos de <strong>T\u00e9cnico e Analista Ambiental<\/strong>. Veja detalhes!<\/p>\n\n\n\n<ul class=\"wp-block-list\"><li><strong>Confira:<\/strong>\u00a0<a href=\"https:\/\/www.novaconcursos.com.br\/eventos\/guia-definitivo-como-montar-um-mapa-mental\/\" target=\"_blank\" rel=\"noreferrer noopener\">Guia Definitivo Como montar um mapa mental (Gr\u00e1tis)<\/a><\/li>\n<\/ul><p><\/p>\n\n\n\n<p>Estude para o concurso dos seus sonhos com o\u00a0<strong>M\u00e9todo<\/strong>\u00a0que j\u00e1 ajudou na\u00a0<strong>aprova\u00e7\u00e3o de mais de 70 mil alunos.<\/strong>\u00a0<a href=\"https:\/\/aprovacao.novaconcursos.com.br\/assinatura\" target=\"_blank\" rel=\"noreferrer noopener\">Clique aqui<\/a>\u00a0e saiba mais!<\/p>\n\n\n\n<h2 class=\"wp-block-heading\" id=\"quando-sai-o-edital-do-concurso-adema-se\">Quando sai o edital do concurso Adema SE?<\/h2>\n\n\n\n<p>\u00c9 o que os concurseiros querem saber! E o edital do <a href=\"https:\/\/www.novaconcursos.com.br\/portal\/concursos-abertos\/nacional\">concurso <\/a>da Administra\u00e7\u00e3o Estadual do Meio Ambiente do Sergipe deve <strong>sair ainda em 2023.<\/strong><\/p>\n\n\n\n<p>A autoriza\u00e7\u00e3o foi dada e confirmada pelo governador do estado, F\u00e1bio Mitidieri, durante a posse do novo presidente da Adema, George Trindade.<\/p>\n\n\n\n<p><em>\u201cLan\u00e7aremos edital para o concurso, visando fortalecer ainda mais esta institui\u00e7\u00e3o t\u00e3o importante para o desenvolvimento do nosso Estado\u201d,<\/em> disse o governador.<\/p>\n\n\n\n<p><em>\u201cSaibam que voc\u00eas t\u00eam um governador preocupado com a restaura\u00e7\u00e3o para que a Adema seja um \u00f3rg\u00e3o parceiro da sustentabilidade\u201d<\/em>, completou.<\/p>\n\n\n\n<p>O pr\u00f3ximo passo ent\u00e3o \u00e9 a escolha da banca organizadora. Depois, o edital se tornar\u00e1 iminente, ou seja, poder\u00e1 sair a <strong>qualquer momento. <\/strong><\/p>\n\n\n\n<h3 class=\"wp-block-heading\">Comiss\u00e3o formada desde 2022<\/h3>\n\n\n\n<p>Posteriormente, o certame j\u00e1 conta com <strong>comiss\u00e3o <\/strong>organizadora formada desde outubro de 2022, com altera\u00e7\u00f5es ocorridas em fevereiro deste ano.\u00a0Veja os nomes:<\/p>\n\n\n\n<ul class=\"wp-block-list\"><li><strong>Representantes da Secretaria de Estado da Administra\u00e7\u00e3o<\/strong>\n<ul class=\"wp-block-list\"><li>Sidney Rocha da Silva (presidente)<\/li>\n\n\n\n<li>Sandra dos Santos Barros<\/li>\n<\/ul><\/li>\n\n\n\n<li><strong>Representantes da Adema<\/strong>\n<ul class=\"wp-block-list\"><li>Augusto C\u00e9sar Rabello Piva<\/li>\n\n\n\n<li>Ana Dulce de Almeida Tavares<\/li>\n<\/ul><\/li>\n\n\n\n<li><strong>Representante da Procuradoria Geral do Estado (PGE)<\/strong>\n<ul class=\"wp-block-list\"><li>La\u00eds Nunes de Oliveira<\/li>\n<\/ul><\/li>\n<\/ul><p><\/p>\n\n\n\n<h3 class=\"wp-block-heading\">Vagas e requisitos<\/h3>\n\n\n\n<p>Ent\u00e3o, o certame est\u00e1 devidamente autorizado para<strong>\u00a0ofertar 55 vagas,\u00a0<\/strong>sendo 35 para Analista Ambiental e 20 para T\u00e9cnico Ambiental.<\/p>\n\n\n\n<p>Lembrando ainda que as carreiras exigem\u00a0<strong>n\u00edveis m\u00e9dio e superior<\/strong>\u00a0de escolaridade, respectivamente. Os sal\u00e1rios n\u00e3o est\u00e3o confirmados.<\/p>\n\n\n\n<p>Portanto, \u00e9 importante\u00a0<strong>conhecer\u00a0<\/strong>a Administra\u00e7\u00e3o Estadual do Meio Ambiente de\u00a0<a href=\"https:\/\/www.novaconcursos.com.br\/portal\/concursos-previstos\/se\/\">Sergipe<\/a>. Ela possibilita a\u00a0<strong>execu\u00e7\u00e3o\u00a0<\/strong>das pol\u00edticas estaduais relativas ao meio ambiente e tem como principal\u00a0<strong>miss\u00e3o<\/strong>\u00a0executar de forma transparente, \u00e1gil e eficaz a pol\u00edtica de gest\u00e3o\u00a0ambiental do Estado de Sergipe.<a href=\"https:\/\/aprovacao.novaconcursos.com.br\/assinatura?promo_creative=&amp;promo_name=noticia&amp;promo_id=%2Fportal%2Fnoticias%2Fconcurso-adema-se-edital-para-tecnicos-e-analistas&amp;promo_position=corpo-texto\" target=\"_blank\" rel=\"noreferrer noopener\"><\/a><\/p>\n\n\n\n<h2 class=\"wp-block-heading\" id=\"quais-as-atribuies-dos-servidores-da-adema-se\">Quais as atribui\u00e7\u00f5es dos servidores da Adema SE?<\/h2>\n\n\n\n<p><strong>T\u00e9cnico Ambiental<\/strong><\/p>\n\n\n\n<ul class=\"wp-block-list\"><li>Prestar suporte e apoio t\u00e9cnico \u00e0s atividades dos Gestores e Analistas Ambientais;<\/li>\n\n\n\n<li>Executar atividades de coleta, sele\u00e7\u00e3o e tratamento de dados e informa\u00e7\u00f5es especializadas voltadas para as atividades final\u00edsticas;<\/li>\n\n\n\n<li>Orientar e controlar processos voltados \u00e0s \u00e1reas de conserva\u00e7\u00e3o, pesquisa, prote\u00e7\u00e3o e defesa ambiental.<\/li>\n<\/ul><p><\/p>\n\n\n\n<p><strong>Analista Ambiental<\/strong><\/p>\n\n\n\n<ul class=\"wp-block-list\"><li>Realizar planejamento ambiental, organizacional e estrat\u00e9gico afetos \u00e0 execu\u00e7\u00e3o das pol\u00edticas nacionais de meio ambiente formuladas no \u00e2mbito da Uni\u00e3o, em especial as que se relacionem com as seguintes atividades:\n<ul class=\"wp-block-list\"><li>regula\u00e7\u00e3o, controle, fiscaliza\u00e7\u00e3o, licenciamento e auditoria ambiental;<\/li>\n\n\n\n<li>monitoramento ambiental;<\/li>\n\n\n\n<li>gest\u00e3o, prote\u00e7\u00e3o e controle da qualidade ambiental;<\/li>\n\n\n\n<li>ordenamento dos recursos florestais e pesqueiros;<\/li>\n\n\n\n<li>conserva\u00e7\u00e3o dos ecossistemas e das esp\u00e9cies neles inseridas, incluindo seu manejo e prote\u00e7\u00e3o;<\/li>\n\n\n\n<li>est\u00edmulo e difus\u00e3o de tecnologias, informa\u00e7\u00e3o e educa\u00e7\u00e3o ambientais.<\/li>\n<\/ul><\/li>\n<\/ul>","protected":false},"excerpt":{"rendered":"<p>O Concurso Adema SE (Administra\u00e7\u00e3o Estadual do Meio Ambiente do Sergipe) est\u00e1 confirmado e ser\u00e1 para os cargos de T\u00e9cnico e Analista Ambiental. Veja detalhes! Estude para o concurso dos seus sonhos com o\u00a0M\u00e9todo\u00a0que j\u00e1 ajudou na\u00a0aprova\u00e7\u00e3o de mais de 70 mil alunos.\u00a0Clique aqui\u00a0e saiba mais! Quando sai o edital do concurso Adema SE? \u00c9 [&hellip;]<\/p>\n","protected":false},"author":54671,"featured_media":173499,"comment_status":"closed","ping_status":"closed","sticky":false,"template":"","format":"standard","meta":{"_acf_changed":false,"footnotes":"","_wp_rev_ctl_limit":""},"categories":[228],"tags":[],"class_list":["post-206475","post","type-post","status-publish","format-standard","has-post-thumbnail","hentry","category-noticias"],"acf":[],"_links":{"self":[{"href":"https:\/\/www.novaconcursos.com.br\/portal\/wp-json\/wp\/v2\/posts\/206475","targetHints":{"allow":["GET"]}}],"collection":[{"href":"https:\/\/www.novaconcursos.com.br\/portal\/wp-json\/wp\/v2\/posts"}],"about":[{"href":"https:\/\/www.novaconcursos.com.br\/portal\/wp-json\/wp\/v2\/types\/post"}],"author":[{"embeddable":true,"href":"https:\/\/www.novaconcursos.com.br\/portal\/wp-json\/wp\/v2\/users\/54671"}],"replies":[{"embeddable":true,"href":"https:\/\/www.novaconcursos.com.br\/portal\/wp-json\/wp\/v2\/comments?post=206475"}],"version-history":[{"count":6,"href":"https:\/\/www.novaconcursos.com.br\/portal\/wp-json\/wp\/v2\/posts\/206475\/revisions"}],"predecessor-version":[{"id":206481,"href":"https:\/\/www.novaconcursos.com.br\/portal\/wp-json\/wp\/v2\/posts\/206475\/revisions\/206481"}],"wp:featuredmedia":[{"embeddable":true,"href":"https:\/\/www.novaconcursos.com.br\/portal\/wp-json\/wp\/v2\/media\/173499"}],"wp:attachment":[{"href":"https:\/\/www.novaconcursos.com.br\/portal\/wp-json\/wp\/v2\/media?parent=206475"}],"wp:term":[{"taxonomy":"category","embeddable":true,"href":"https:\/\/www.novaconcursos.com.br\/portal\/wp-json\/wp\/v2\/categories?post=206475"},{"taxonomy":"post_tag","embeddable":true,"href":"https:\/\/www.novaconcursos.com.br\/portal\/wp-json\/wp\/v2\/tags?post=206475"}],"curies":[{"name":"wp","href":"https:\/\/api.w.org\/{rel}","templated":true}]}}