{"id":20655,"date":"2015-05-25T12:21:24","date_gmt":"2015-05-25T15:21:24","guid":{"rendered":"http:\/\/www.novaconcursos.com.br\/blog\/?p=17141"},"modified":"2021-01-28T17:06:35","modified_gmt":"2021-01-28T20:06:35","slug":"enem-2015-inscricoes-abertas","status":"publish","type":"post","link":"https:\/\/www.novaconcursos.com.br\/portal\/noticias\/enem-2015-inscricoes-abertas\/","title":{"rendered":"ENEM 2015: Inscri\u00e7\u00f5es abertas"},"content":{"rendered":"<p><a href=\"https:\/\/www.novaconcursos.com.br\/apostila-concurso\/enem\" target=\"_blank\" rel=\"noopener noreferrer\"><img decoding=\"async\" class=\" size-full wp-image-36700 alignright\" src=\"https:\/\/www.novaconcursos.com.br\/portal\/wp-content\/uploads\/2014\/05\/enem-250X250.jpg\" alt=\"enem-250X250\" width=\"250\" height=\"250\" loading=\"lazy\" title=\"\" srcset=\"https:\/\/www.novaconcursos.com.br\/portal\/wp-content\/uploads\/2014\/05\/enem-250X250-55x55.jpg 55w, https:\/\/www.novaconcursos.com.br\/portal\/wp-content\/uploads\/2014\/05\/enem-250X250-105x105.jpg 105w, https:\/\/www.novaconcursos.com.br\/portal\/wp-content\/uploads\/2014\/05\/enem-250X250-150x150.jpg 150w, https:\/\/www.novaconcursos.com.br\/portal\/wp-content\/uploads\/2014\/05\/enem-250X250.jpg 250w\" sizes=\"auto, (max-width: 480px) 100vw, (max-width: 768px) 100vw, (max-width: 1200px) 70vw, 768px\"><\/a>Foram abertas hoje, 25, as inscri\u00e7\u00f5es para o Exame Nacional do Ensino m\u00e9dio de 2015. O per\u00edodo de inscri\u00e7\u00f5es \u00e9 curto, de apenas 2 semanas \u2013 encerra-se no dia 05 de junho \u2013 e a taxa de inscri\u00e7\u00f5es passou de R$ 35 para R$ 63.<\/p>\n<p><strong>Inscri\u00e7\u00f5es e isen\u00e7\u00f5es<\/strong><\/p>\n<p>Para se inscrever, o candidato deve acessar o site do INEP, preencher a ficha de inscri\u00e7\u00f5es at\u00e9 o dia 05 de junho e realizar o pagamento do boleto no valor de R$ 63 at\u00e9 a data m\u00e1xima de \u00a010 de junho, \u00e0s 21h59\u2032.<\/p>\n<p>Estudantes do \u00faltimo ano do ensino m\u00e9dio da rede p\u00fablica est\u00e3o automaticamente isentos do pagamento da taxa de inscri\u00e7\u00e3o. Candidatos que declarem situa\u00e7\u00e3o de car\u00eancia socioecon\u00f4mica devidamente munidos de documenta\u00e7\u00e3o comprobat\u00f3ria de renda e situa\u00e7\u00e3o familiar e habitacional tamb\u00e9m podem solicitar a isen\u00e7\u00e3o de pagamento da taxa de inscri\u00e7\u00e3o.<\/p>\n<p>O candidato que solicitar a isen\u00e7\u00e3o por car\u00eancia socioecon\u00f4mica devem acompanhar a resposta da solicita\u00e7\u00e3o atrav\u00e9s do site do INEP, porque, uma vez indeferidas, o boleto de inscri\u00e7\u00e3o deve ser gerado e pago no mesmo per\u00edodo \u2013 at\u00e9 \u00e0s 21h59\u2032 do dia 10 de junho.<\/p>\n<p>O candidato que tiver a isen\u00e7\u00e3o na taxa de inscri\u00e7\u00e3o concedida e faltar nas provas obrigatoriamente dever\u00e1 pagar a taxa de inscri\u00e7\u00e3o caso queira realizar o exame no ano de 2016.<\/p>\n<p><strong>Provas<\/strong><\/p>\n<p>As provas ser\u00e3o realizadas nos dias 24 e 25 de outubro. No primeiro dia, os estudantes far\u00e3o as provas de ci\u00eancias humanas e ci\u00eancias da natureza, com dura\u00e7\u00e3o m\u00e1xima de 4 horas de prova, enquanto que no dia seguinte, as provas ser\u00e3o de linguagens, matem\u00e1tica e reda\u00e7\u00e3o, com dura\u00e7\u00e3o m\u00e1xima de 5 horas e meia.<\/p>\n<p>Por conta da diferen\u00e7a de fuso hor\u00e1rio para algumas regi\u00f5es do pa\u00eds devido ao hor\u00e1rio de ver\u00e3o, \u00e9 importante que o candidato se atente \u00e0 correspond\u00eancia local do hor\u00e1rio de Bras\u00edlia. Os port\u00f5es abrem, em ambos os dias \u00e0s 12 horas (meio dia) e fecham pontualmente \u00e0s 13 horas do hor\u00e1rio oficial de Bras\u00edlia. As provas come\u00e7am \u00e0s 13h30\u2032.<\/p>\n<p>Candidatos sabatistas dever\u00e3o estar presentes no local de provas at\u00e9 \u00e0s 13 horas (antes do fechamento dos port\u00f5es), por\u00e9m s\u00f3 iniciar\u00e3o os exames a partir das 19 horas do hor\u00e1rio local.<\/p>\n<p><strong>Fun\u00e7\u00f5es do ENEM<\/strong><\/p>\n<p>O ENEM come\u00e7ou como uma forma do governo avaliar o n\u00edvel de ensino nas institui\u00e7\u00f5es p\u00fablicas e privadas. Com o tempo, o exame foi ganhando novas atribui\u00e7\u00f5es e fun\u00e7\u00f5es, como por exemplo:<\/p>\n<p><em>\u2013 Ingresso em universidades p\u00fablicas federais<\/em>: as universidades federais aboliram seus sistemas de vestibular e passaram a adotar a nota do ENEM atrav\u00e9s do SiSU para ingresso em seus cursos de gradua\u00e7\u00e3o de n\u00edvel superior.<\/p>\n<p><em>\u2013 Bolsa total, parcial e financiamento estudantil atrav\u00e9s do ProUni e do FIES:<\/em> os estudantes tamb\u00e9m necessitam da participa\u00e7\u00e3o e notas m\u00ednimas exigidas para concorrer a bolsas integrais ou parciais pelo Programa Universidade Para todos na rede privada de ensino superior e para a solicita\u00e7\u00e3o de financiamento parcial ou total dos cursos de gradua\u00e7\u00e3o atrav\u00e9s do FIES.<\/p>\n<p><em>\u2013 Certificado de conclus\u00e3o do Ensino M\u00e9dio:<\/em> o ENEM tamb\u00e9m pode fornecer o certificado de conclus\u00e3o do Ensino M\u00e9dio a candidatos maiores de 18 que n\u00e3o conclu\u00edram o ensino m\u00e9dio regular ou via programa de Educa\u00e7\u00e3o de Jovens e Adultos (antigo supletivo).<\/p>\n<p>\u00a0<\/p>\n<p><a href=\"https:\/\/www.novaconcursos.com.br\/apostila-concurso\/enem\" target=\"_blank\" rel=\"noopener noreferrer\"><img decoding=\"async\" class=\" size-full wp-image-36701 aligncenter\" src=\"https:\/\/www.novaconcursos.com.br\/portal\/wp-content\/uploads\/2014\/05\/enem-590x73.jpg\" alt=\"enem-590x73\" width=\"590\" height=\"72\" loading=\"lazy\" title=\"\" srcset=\"https:\/\/www.novaconcursos.com.br\/portal\/wp-content\/uploads\/2014\/05\/enem-590x73-300x37.jpg 300w, https:\/\/www.novaconcursos.com.br\/portal\/wp-content\/uploads\/2014\/05\/enem-590x73.jpg 590w\" sizes=\"auto, (max-width: 480px) 100vw, (max-width: 768px) 100vw, (max-width: 1200px) 70vw, 768px\"><\/a><\/p>","protected":false},"excerpt":{"rendered":"<p>Foram abertas hoje, 25, as inscri\u00e7\u00f5es para o Exame Nacional do Ensino m\u00e9dio de 2015. O per\u00edodo de inscri\u00e7\u00f5es \u00e9 curto, de apenas 2 semanas \u2013 encerra-se no dia 05 de junho \u2013 e a taxa de inscri\u00e7\u00f5es passou de R$ 35 para R$ 63. Inscri\u00e7\u00f5es e isen\u00e7\u00f5es Para se inscrever, o candidato deve acessar [&hellip;]<\/p>\n","protected":false},"author":16,"featured_media":20595,"comment_status":"closed","ping_status":"closed","sticky":false,"template":"","format":"standard","meta":{"_acf_changed":false,"footnotes":"","_wp_rev_ctl_limit":""},"categories":[228],"tags":[4282,4283,4377,4378,13442,13443,4284,4286,4287],"class_list":["post-20655","post","type-post","status-publish","format-standard","has-post-thumbnail","hentry","category-noticias","tag-como-se-inscrever","tag-como-se-inscrever-para-o-enem-2015","tag-dicas-enem","tag-dicas-para-o-enem","tag-edital-enem","tag-edital-enem-2015","tag-enem-exame-nacional-do-ensino-medio","tag-enem-2014","tag-enem-2015"],"acf":[],"_links":{"self":[{"href":"https:\/\/www.novaconcursos.com.br\/portal\/wp-json\/wp\/v2\/posts\/20655","targetHints":{"allow":["GET"]}}],"collection":[{"href":"https:\/\/www.novaconcursos.com.br\/portal\/wp-json\/wp\/v2\/posts"}],"about":[{"href":"https:\/\/www.novaconcursos.com.br\/portal\/wp-json\/wp\/v2\/types\/post"}],"author":[{"embeddable":true,"href":"https:\/\/www.novaconcursos.com.br\/portal\/wp-json\/wp\/v2\/users\/16"}],"replies":[{"embeddable":true,"href":"https:\/\/www.novaconcursos.com.br\/portal\/wp-json\/wp\/v2\/comments?post=20655"}],"version-history":[{"count":6,"href":"https:\/\/www.novaconcursos.com.br\/portal\/wp-json\/wp\/v2\/posts\/20655\/revisions"}],"predecessor-version":[{"id":117277,"href":"https:\/\/www.novaconcursos.com.br\/portal\/wp-json\/wp\/v2\/posts\/20655\/revisions\/117277"}],"wp:featuredmedia":[{"embeddable":true,"href":"https:\/\/www.novaconcursos.com.br\/portal\/wp-json\/wp\/v2\/media\/20595"}],"wp:attachment":[{"href":"https:\/\/www.novaconcursos.com.br\/portal\/wp-json\/wp\/v2\/media?parent=20655"}],"wp:term":[{"taxonomy":"category","embeddable":true,"href":"https:\/\/www.novaconcursos.com.br\/portal\/wp-json\/wp\/v2\/categories?post=20655"},{"taxonomy":"post_tag","embeddable":true,"href":"https:\/\/www.novaconcursos.com.br\/portal\/wp-json\/wp\/v2\/tags?post=20655"}],"curies":[{"name":"wp","href":"https:\/\/api.w.org\/{rel}","templated":true}]}}