{"id":20680,"date":"2015-06-01T12:56:32","date_gmt":"2015-06-01T15:56:32","guid":{"rendered":"http:\/\/www.novaconcursos.com.br\/blog\/?p=17355"},"modified":"2021-01-28T17:14:07","modified_gmt":"2021-01-28T20:14:07","slug":"o-que-cai-na-prova-tre-ac-2015","status":"publish","type":"post","link":"https:\/\/www.novaconcursos.com.br\/portal\/artigos\/o-que-cai-na-prova-tre-ac-2015\/","title":{"rendered":"O que cai na prova: TRE \u2013 AC 2015"},"content":{"rendered":"<p><a href=\"https:\/\/www.novaconcursos.com.br\/portal\/wp-content\/uploads\/2015\/06\/tre-ac-556840d61dbd4.jpg\"><img decoding=\"async\" class=\"alignleft size-full wp-image-17339\" src=\"https:\/\/www.novaconcursos.com.br\/portal\/wp-content\/uploads\/2015\/06\/tre-ac-556840d61dbd4.jpg\" alt=\"tre-ac-556840d61dbd4\" width=\"204\" height=\"154\" loading=\"lazy\" title=\"\"><\/a>Os interessados no concurso do TRE do Acre j\u00e1 devem come\u00e7ar a estudar, pois as provas ser\u00e3o aplicadas no dia 26 de julho e para ajudar, a Nova Concursos detalha os principais pontos do conte\u00fado program\u00e1tico. Confira!<\/p>\n<p>\u00a0<\/p>\n<p><strong>Conte\u00fado program\u00e1tico<\/strong><\/p>\n<p><em><strong>L\u00edngua Portuguesa:<\/strong> <\/em>An\u00e1lise e interpreta\u00e7\u00e3o de texto (compreens\u00e3o geral do texto; ponto de vista ou ideia central defendida pelo autor; argumenta\u00e7\u00e3o; elementos de coes\u00e3o; infer\u00eancias; estrutura e organiza\u00e7\u00e3o do texto e dos par\u00e1grafos). Tipologia e g\u00eaneros textuais. Figuras de linguagem. Emprego dos pronomes demonstrativos. Rela\u00e7\u00f5es sem\u00e2nticas estabelecidas entre ora\u00e7\u00f5es, per\u00edodos ou par\u00e1grafos (oposi\u00e7\u00e3o\/contraste, conclus\u00e3o, concess\u00e3o, causalidade, adi\u00e7\u00e3o, altern\u00e2ncia etc.). Rela\u00e7\u00f5es de sinon\u00edmia e de anton\u00edmia. Sintaxe da ora\u00e7\u00e3o (per\u00edodo simples; termos fundamentais e acess\u00f3rios da ora\u00e7\u00e3o; tipos de predicado) e do per\u00edodo (per\u00edodo composto por coordena\u00e7\u00e3o e por subordina\u00e7\u00e3o). Fun\u00e7\u00f5es do que e do se. Emprego do acento grave. Emprego dos sinais de pontua\u00e7\u00e3o e suas fun\u00e7\u00f5es no texto. Ortografia. Concord\u00e2ncias verbal e nominal. Reg\u00eancias verbal e nominal. Emprego de tempos e modos verbais. Forma\u00e7\u00e3o de tempos compostos dos verbos. Locu\u00e7\u00f5es verbais (per\u00edfrases verbais); Sintaxe de coloca\u00e7\u00e3o pronominal.<\/p>\n<p><em><strong>Legisla\u00e7\u00e3o:<\/strong><\/em> Regime Jur\u00eddico dos Servidores P\u00fablicos Civis da Uni\u00e3o (Lei n\u00ba 8.112\/90 e altera\u00e7\u00f5es): Das disposi\u00e7\u00f5es preliminares; Do provimento; vac\u00e2ncia; remo\u00e7\u00e3o; redistribui\u00e7\u00e3o e substitui\u00e7\u00e3o; Dos direitos e vantagens: do vencimento e da remunera\u00e7\u00e3o; das vantagens; das f\u00e9rias; das licen\u00e7as; dos afastamentos; do direito de peti\u00e7\u00e3o; Do regime disciplinar: Dos deveres e proibi\u00e7\u00f5es; Da acumula\u00e7\u00e3o; Das responsabilidades; Das penalidades; Processo Administrativo (Lei n\u00ba 9.784\/99 e altera\u00e7\u00f5es): Das disposi\u00e7\u00f5es gerais; Dos direitos e deveres dos administrados; princ\u00edpios; Da compet\u00eancia; dos impedimentos e Da suspei\u00e7\u00e3o; da motiva\u00e7\u00e3o; Dos prazos; Lei de Improbidade Administrativa (Lei n\u00ba 8.429\/92 e altera\u00e7\u00f5es). Regimento Interno do Tribunal Regional Eleitoral do Estado do Acre. C\u00f3digo de \u00e9tica do Tribunal Regional Eleitoral do Acre.<\/p>\n<p><em><strong>Inform\u00e1tica:<\/strong><\/em> Conceitos e fundamentos b\u00e1sicos. Conceitos fundamentais sobre processamento de dados. Representa\u00e7\u00e3o e armazenamento de informa\u00e7\u00e3o. Organiza\u00e7\u00e3o l\u00f3gica e f\u00edsica de arquivos. M\u00e9todos de acesso. Conceito e fun\u00e7\u00f5es dos principais softwares b\u00e1sicos e aplicativos. Sistemas Operacionais: introdu\u00e7\u00e3o, hist\u00f3ria e conceitos b\u00e1sicos, gerenciamento de mem\u00f3ria. Linux. Windows. Internet, intranet e extranet. Browsers: Internet Explorer, Mozilla. Bancos de dados. Hardware (mem\u00f3rias, processadores (CPU) e disco de armazenamento HDs, CDs e DVDs) e software (compactador de arquivos, chat, clientes de e-mails, gerenciador de processos). Ambientes operacionais: Windows XP Profissional. Processador de texto (Word e BrOffice.org Writer). Planilhas eletr\u00f4nicas (Excel e BrOffice.org Calc). Conceitos de tecnologias relacionadas \u00e0 Internet e Intranet, Protocolos Web, World Wide Web, Navegador Internet, busca e pesquisa na Web.<\/p>\n<p><em><strong>Conhecimentos espec\u00edficos:<\/strong> <\/em>de acordo com o cargo pretendido.<\/p>\n<p>\u00a0<\/p>\n<p><strong>Crit\u00e9rios de desempate<\/strong><\/p>\n<p>De acordo com o cargo pretendido.<\/p>\n<hr><div>\n<div style=\"width: 310px; margin-left: 5px;\">\n<p><b>Apostila para esse cargo<\/b><\/p>\n<div style=\"float: left;\"><a href=\"https:\/\/www.novaconcursos.com.br\/apostila-concurso\/tre-ac\" target=\"_blank\" rel=\"noopener noreferrer\"><img decoding=\"async\" style=\"background-color: blue;\" src=\"https:\/\/www.novaconcursos.com.br\/portal\/wp-content\/uploads\/2015\/06\/tre-ac-tecnico-judiciario.jpg\" alt=\"Apostila TRE-AC\" loading=\"lazy\" title=\"\"><\/a><\/div>\n<div>\n<div style=\"width: 170px; height: 170px; float: right; margin-right: 10px; margin-left: 10px;\">\n<p><a href=\"https:\/\/www.novaconcursos.com.br\/apostila-concurso\/tre-ac\" target=\"_blank\" rel=\"noopener noreferrer\"><b>Apostila TRE-AC<\/b><\/a><\/p>\n<div>\n<div>\n<p>Por <span style=\"font-size: 18px; color: #006b3e; font-weight: bold;\">R$ 50,90<\/span>ou <span style=\"font-size: 14px; color: #00aa08; font-weight: bold;\">2x<\/span> de <span style=\"font-size: 14px; color: #00aa08; font-weight: bold;\">R$ 25,45<\/span><\/p>\n<p>sem juros no cart\u00e3o<\/p>\n<\/div>\n<p><a href=\"https:\/\/www.novaconcursos.com.br\/apostila-concurso\/tre-ac\" target=\"_blank\" rel=\"noopener noreferrer\"><img decoding=\"async\" src=\"https:\/\/www.novaconcursos.com.br\/portal\/wp-content\/uploads\/2014\/12\/botao.jpg\" alt=\"\" loading=\"lazy\" title=\"\"><\/a><\/p>\n<\/div>\n<\/div>\n<\/div>\n<\/div>\n<\/div>","protected":false},"excerpt":{"rendered":"<p>Os interessados no concurso do TRE do Acre j\u00e1 devem come\u00e7ar a estudar, pois as provas ser\u00e3o aplicadas no dia 26 de julho e para ajudar, a Nova Concursos detalha os principais pontos do conte\u00fado program\u00e1tico. Confira! \u00a0 Conte\u00fado program\u00e1tico L\u00edngua Portuguesa: An\u00e1lise e interpreta\u00e7\u00e3o de texto (compreens\u00e3o geral do texto; ponto de vista ou [&hellip;]<\/p>\n","protected":false},"author":16,"featured_media":21982,"comment_status":"closed","ping_status":"closed","sticky":false,"template":"","format":"standard","meta":{"_acf_changed":false,"footnotes":"","_wp_rev_ctl_limit":""},"categories":[33508],"tags":[5944,13738,13739],"class_list":["post-20680","post","type-post","status-publish","format-standard","has-post-thumbnail","hentry","category-artigos","tag-concurso-tre-ac","tag-o-que-cai-na-prova-tre-ac","tag-o-que-cai-na-prova-tribunal-regional-eleitoral-ac"],"acf":[],"_links":{"self":[{"href":"https:\/\/www.novaconcursos.com.br\/portal\/wp-json\/wp\/v2\/posts\/20680","targetHints":{"allow":["GET"]}}],"collection":[{"href":"https:\/\/www.novaconcursos.com.br\/portal\/wp-json\/wp\/v2\/posts"}],"about":[{"href":"https:\/\/www.novaconcursos.com.br\/portal\/wp-json\/wp\/v2\/types\/post"}],"author":[{"embeddable":true,"href":"https:\/\/www.novaconcursos.com.br\/portal\/wp-json\/wp\/v2\/users\/16"}],"replies":[{"embeddable":true,"href":"https:\/\/www.novaconcursos.com.br\/portal\/wp-json\/wp\/v2\/comments?post=20680"}],"version-history":[{"count":3,"href":"https:\/\/www.novaconcursos.com.br\/portal\/wp-json\/wp\/v2\/posts\/20680\/revisions"}],"predecessor-version":[{"id":117438,"href":"https:\/\/www.novaconcursos.com.br\/portal\/wp-json\/wp\/v2\/posts\/20680\/revisions\/117438"}],"wp:featuredmedia":[{"embeddable":true,"href":"https:\/\/www.novaconcursos.com.br\/portal\/wp-json\/wp\/v2\/media\/21982"}],"wp:attachment":[{"href":"https:\/\/www.novaconcursos.com.br\/portal\/wp-json\/wp\/v2\/media?parent=20680"}],"wp:term":[{"taxonomy":"category","embeddable":true,"href":"https:\/\/www.novaconcursos.com.br\/portal\/wp-json\/wp\/v2\/categories?post=20680"},{"taxonomy":"post_tag","embeddable":true,"href":"https:\/\/www.novaconcursos.com.br\/portal\/wp-json\/wp\/v2\/tags?post=20680"}],"curies":[{"name":"wp","href":"https:\/\/api.w.org\/{rel}","templated":true}]}}