{"id":207289,"date":"2023-10-05T14:37:42","date_gmt":"2023-10-05T17:37:42","guid":{"rendered":"https:\/\/www.novaconcursos.com.br\/portal\/?p=207289"},"modified":"2023-10-05T14:37:46","modified_gmt":"2023-10-05T17:37:46","slug":"concursos-federais-mgi-esclarece-a-polemica-sobre-contratacao-por-clt-confira","status":"publish","type":"post","link":"https:\/\/www.novaconcursos.com.br\/portal\/noticias\/concursos-federais-mgi-esclarece-a-polemica-sobre-contratacao-por-clt-confira\/","title":{"rendered":"Concursos Federais: MGI esclarece a pol\u00eamica sobre contrata\u00e7\u00e3o por CLT. Confira!"},"content":{"rendered":"<p>Ap\u00f3s diferentes entendimentos sobre a proposta de <strong>contrata\u00e7\u00e3o de servidores por CLT<\/strong>, o <a href=\"https:\/\/www.novaconcursos.com.br\/portal\/concursos-abertos\/nacional\">Governo Federal<\/a>, por meio do MGI, emitiu uma nota de esclarecimento. Veja detalhes!<\/p>\n\n\n\n<ul class=\"wp-block-list\"><li><strong>Confira:<\/strong>\u00a0<a href=\"https:\/\/www.novaconcursos.com.br\/curso-online\/curso-lingua-portuguesa-prof-ariane-budke\">Curso de L\u00edngua Portuguesa \u2013 Prof\u00aa. Ariane Budke<\/a><\/li>\n<\/ul><p><\/p>\n\n\n\n<p>Estude para o concurso dos seus sonhos com o\u00a0<strong>M\u00e9todo<\/strong>\u00a0que j\u00e1 ajudou na\u00a0<strong>aprova\u00e7\u00e3o de mais de 70 mil alunos.<\/strong>\u00a0<a href=\"https:\/\/aprovacao.novaconcursos.com.br\/assinatura\" target=\"_blank\" rel=\"noreferrer noopener\">Clique aqui<\/a>\u00a0e saiba mais!<\/p>\n\n\n\n<h2 class=\"wp-block-heading\" id=\"o-que-o-mgi-disse-sobre-a-polmica-das-contrataes-por-clt\">O que o MGI disse sobre a pol\u00eamica das contrata\u00e7\u00f5es por CLT?<\/h2>\n\n\n\n<p>Recentemente, a informa\u00e7\u00e3o sobre <em>\u201cConcursos: governo quer reduzir n\u00famero de carreiras de servidores federais e permitir contrata\u00e7\u00e3o com CLT\u201d<\/em>, gerou <strong>pol\u00eamica <\/strong>nas redes sociais.<\/p>\n\n\n\n<ul class=\"wp-block-list\"><li><strong>LEIA E ENTENDA: <\/strong><a href=\"https:\/\/www.novaconcursos.com.br\/portal\/noticias\/reforma-administrativa-governo-quer-contratar-servidores-por-clt\/\">Reforma Administrativa: Governo quer contratar servidores por CLT!<\/a><\/li>\n<\/ul><p><\/p>\n\n\n\n<p>A informa\u00e7\u00e3o consta em nova atualiza\u00e7\u00e3o da Reforma Administrativa, que est\u00e1 sendo trabalhada na gest\u00e3o do presidente Luiz In\u00e1cio Lula da Silva.<\/p>\n\n\n\n<p>Em <strong>nota<\/strong>, a Secretaria Extraordin\u00e1ria de Transforma\u00e7\u00e3o do Estado do Minist\u00e9rio da Gest\u00e3o e da Inova\u00e7\u00e3o em Servi\u00e7os P\u00fablicos explicou a situa\u00e7\u00e3o. <\/p>\n\n\n\n<p>Segundo o governo, n\u00e3o h\u00e1 projeto de contrata\u00e7\u00e3o de funcion\u00e1rios celetistas para a\u00a0<strong>Administra\u00e7\u00e3o Direta.<\/strong>\u00a0Para esse setor, a\u00a0<strong>estabilidade \u00e9 garantida<\/strong>.<\/p>\n\n\n\n<p>Al\u00e9m disso, informou ainda que muitas carreiras <strong>cessar\u00e3o de existir<\/strong> pelo simples fato de que seus \u00faltimos servidores est\u00e3o se aposentando. \u201c<em>Portanto, n\u00e3o existem planos de fus\u00e3o de carreiras<\/em>\u201c, citou. <\/p>\n\n\n\n<p>Por fim, disse que n\u00e3o h\u00e1 possibilidade de <strong>celetistas <\/strong>trabalharem em minist\u00e9rios fora de cargos de confian\u00e7a ou algum tipo de cess\u00e3o normatizada.<\/p>\n\n\n\n<p>Lembrando que a Secretaria em quest\u00e3o est\u00e1 <strong>vinculada <\/strong>ao Minist\u00e9rio da Gest\u00e3o e Inova\u00e7\u00e3o em Servi\u00e7os P\u00fablicos (MGI).\u00a0<\/p>\n\n\n\n<h3 class=\"wp-block-heading\">Veja a nota na \u00edntegra<\/h3>\n\n\n\n<p><em>Diante de diferentes entendimentos em rela\u00e7\u00e3o \u00e0 reportagem \u201cConcursos: governo quer reduzir n\u00famero de carreiras de servidores federais e permitir contrata\u00e7\u00e3o com CLT\u201d, que traz declara\u00e7\u00f5es do secret\u00e1rio, a Secretaria Extraordin\u00e1ria de Transforma\u00e7\u00e3o do Estado do Minist\u00e9rio da Gest\u00e3o e da Inova\u00e7\u00e3o em Servi\u00e7os P\u00fablicos esclarece que n\u00e3o h\u00e1 proposta de \u201cregra de transi\u00e7\u00e3o\u201d de carreiras atuais. Tamb\u00e9m n\u00e3o h\u00e1 projeto de contrata\u00e7\u00e3o de funcion\u00e1rios celetistas para a administra\u00e7\u00e3o direta.<\/em><\/p>\n\n\n\n<p><em>A discuss\u00e3o sobre uma melhor organiza\u00e7\u00e3o e racionaliza\u00e7\u00e3o do sistema de carreiras n\u00e3o afeta direitos dos servidores de carreiras existentes. Muitas carreiras cessar\u00e3o de existir pelo simples fato de que seus \u00faltimos servidores est\u00e3o se aposentando. Portanto, n\u00e3o existem planos de fus\u00e3o de carreiras existentes com poss\u00edvel transi\u00e7\u00e3o para novas, mas de refor\u00e7o das carreiras transversais que atendem a diversos minist\u00e9rios simultaneamente.<\/em><\/p>\n\n\n\n<p><em>Ademais, a administra\u00e7\u00e3o direta \u00e9 organizada com base fundamentalmente em servidores p\u00fablicos estatut\u00e1rios. Portanto, n\u00e3o h\u00e1 possibilidade de celetistas trabalharem em minist\u00e9rios fora de cargos de confian\u00e7a ou algum tipo de cess\u00e3o normatizada. Empregados celetistas seguem atuando em empresas estatais, servi\u00e7o social aut\u00f4nomo e funda\u00e7\u00f5es de apoio a pesquisas.<\/em><\/p>\n\n\n\n<h2 class=\"wp-block-heading\" id=\"reviso-de-salrios-e-dos-contratos-temporrios-esto-em-anlise-\">Revis\u00e3o de sal\u00e1rios e dos contratos tempor\u00e1rios est\u00e3o em an\u00e1lise\u00a0<\/h2>\n\n\n\n<p>Ainda na proposta, o governo trabalha para reduzir o\u00a0<strong>sal\u00e1rio inicial de novos concursados<\/strong>, definindo ainda novos n\u00edveis de progress\u00e3o nas carreiras.<\/p>\n\n\n\n<p>Assim, isso permitir\u00e1 ao governo dar aumentos salariais diferenciados, entre categorias, para reduzir a alta desigualdade no servi\u00e7o p\u00fablico. <strong>Carreiras que ganham menos teriam reajustes maiores.<\/strong><\/p>\n\n\n\n<blockquote class=\"wp-block-quote is-layout-flow wp-block-quote-is-layout-flow\">\n<p><em>\u201cEstamos estudando aumento diferenciado. Em vez de dar o mesmo aumento para todo mundo, talvez fosse o caso de dar um aumento maior para o pessoal de baixo e menor para o pessoal de cima\u201d, <\/em>explicou o secret\u00e1rio Francisco Gaetani.<\/p>\n\n\n\n<p>O governo tamb\u00e9m quer revisar as regras dos contratos tempor\u00e1rios no setor p\u00fablico, para ampliar ou reduzir prazos, dependendo da atividade.<\/p>\n\n\n\n<p>Exemplos s\u00e3o os casos de Brigadistas do Ibama e de refor\u00e7os no corpo de Analistas do INSS para reduzir a fila de pedidos atrasados. A ideia \u00e9 rever os benef\u00edcios a fim de evitar precariza\u00e7\u00e3o.<\/p>\n<\/blockquote>\n\n\n\n<p>Ademais, o secret\u00e1rio Gaetani admitiu que o tema \u00e9 pol\u00eamico e enfrenta resist\u00eancias dentro do pr\u00f3prio governo. Mais informa\u00e7\u00f5es devem surgir em breve.<\/p>","protected":false},"excerpt":{"rendered":"<p>Ap\u00f3s diferentes entendimentos sobre a proposta de contrata\u00e7\u00e3o de servidores por CLT, o Governo Federal, por meio do MGI, emitiu uma nota de esclarecimento. Veja detalhes! Estude para o concurso dos seus sonhos com o\u00a0M\u00e9todo\u00a0que j\u00e1 ajudou na\u00a0aprova\u00e7\u00e3o de mais de 70 mil alunos.\u00a0Clique aqui\u00a0e saiba mais! O que o MGI disse sobre a pol\u00eamica [&hellip;]<\/p>\n","protected":false},"author":54671,"featured_media":206018,"comment_status":"closed","ping_status":"closed","sticky":false,"template":"","format":"standard","meta":{"_acf_changed":false,"footnotes":"","_wp_rev_ctl_limit":""},"categories":[228],"tags":[],"class_list":["post-207289","post","type-post","status-publish","format-standard","has-post-thumbnail","hentry","category-noticias"],"acf":[],"_links":{"self":[{"href":"https:\/\/www.novaconcursos.com.br\/portal\/wp-json\/wp\/v2\/posts\/207289","targetHints":{"allow":["GET"]}}],"collection":[{"href":"https:\/\/www.novaconcursos.com.br\/portal\/wp-json\/wp\/v2\/posts"}],"about":[{"href":"https:\/\/www.novaconcursos.com.br\/portal\/wp-json\/wp\/v2\/types\/post"}],"author":[{"embeddable":true,"href":"https:\/\/www.novaconcursos.com.br\/portal\/wp-json\/wp\/v2\/users\/54671"}],"replies":[{"embeddable":true,"href":"https:\/\/www.novaconcursos.com.br\/portal\/wp-json\/wp\/v2\/comments?post=207289"}],"version-history":[{"count":6,"href":"https:\/\/www.novaconcursos.com.br\/portal\/wp-json\/wp\/v2\/posts\/207289\/revisions"}],"predecessor-version":[{"id":207295,"href":"https:\/\/www.novaconcursos.com.br\/portal\/wp-json\/wp\/v2\/posts\/207289\/revisions\/207295"}],"wp:featuredmedia":[{"embeddable":true,"href":"https:\/\/www.novaconcursos.com.br\/portal\/wp-json\/wp\/v2\/media\/206018"}],"wp:attachment":[{"href":"https:\/\/www.novaconcursos.com.br\/portal\/wp-json\/wp\/v2\/media?parent=207289"}],"wp:term":[{"taxonomy":"category","embeddable":true,"href":"https:\/\/www.novaconcursos.com.br\/portal\/wp-json\/wp\/v2\/categories?post=207289"},{"taxonomy":"post_tag","embeddable":true,"href":"https:\/\/www.novaconcursos.com.br\/portal\/wp-json\/wp\/v2\/tags?post=207289"}],"curies":[{"name":"wp","href":"https:\/\/api.w.org\/{rel}","templated":true}]}}