{"id":207571,"date":"2023-10-10T12:57:30","date_gmt":"2023-10-10T15:57:30","guid":{"rendered":"https:\/\/www.novaconcursos.com.br\/portal\/?p=207571"},"modified":"2023-10-10T12:57:34","modified_gmt":"2023-10-10T15:57:34","slug":"concurso-mcti-prorrogado-prazo-para-publicacao-novos-editais","status":"publish","type":"post","link":"https:\/\/www.novaconcursos.com.br\/portal\/noticias\/concurso-mcti-prorrogado-prazo-para-publicacao-novos-editais\/","title":{"rendered":"Concurso MCTI: Prorrogado o prazo para publica\u00e7\u00e3o de novos editais descentralizados!"},"content":{"rendered":"<p>O prazo para publica\u00e7\u00e3o dos editais do <a href=\"https:\/\/www.novaconcursos.com.br\/portal\/concursos\/concurso-mcti\/\">concurso MCTI<\/a> para as carreiras de Pesquisador e Tecnologista foi prorrogado at\u00e9 dezembro de 2023. At\u00e9 o momento, nove editais j\u00e1 sa\u00edram. Entenda!<\/p>\n\n\n\n<ul class=\"wp-block-list\"><li><strong>Confira:<\/strong>\u00a0<a href=\"https:\/\/www.novaconcursos.com.br\/apostila\/basico-concurso?promo_creative=Apostila+B%C3%A1sico+para+Concursos+2023&amp;promo_name=noticia&amp;promo_id=%2Fportal%2Fnoticias%2Fconcurso-mcti-editais-publicados-para-tres-unidades-ate-16-mil&amp;promo_position=corpo-texto\">Apostila B\u00e1sico para Concursos 2023<\/a><\/li>\n<\/ul><p><\/p>\n\n\n\n<p>Estude para o concurso dos seus sonhos com o\u00a0<strong>M\u00e9todo<\/strong>\u00a0que j\u00e1 ajudou na\u00a0<strong>aprova\u00e7\u00e3o de mais de 70 mil alunos.<\/strong>\u00a0<a href=\"https:\/\/aprovacao.novaconcursos.com.br\/assinatura?promo_creative=Clique+aqui&amp;promo_name=noticia&amp;promo_id=%2Fportal%2Fnoticias%2Fconcurso-mcti-editais-publicados-para-tres-unidades-ate-16-mil&amp;promo_position=corpo-texto\" target=\"_blank\" rel=\"noreferrer noopener\">Clique aqui<\/a>\u00a0\u00a0e saiba mais!<\/p>\n\n\n\n<h2 class=\"wp-block-heading\" id=\"prorrogado-o-prazo-para-publicao-de-novos-editais\">Prorrogado o prazo para publica\u00e7\u00e3o de novos editais!<\/h2>\n\n\n\n<p>O MCTI  (Minist\u00e9rio da Ci\u00eancia, Tecnologia, Inova\u00e7\u00f5es e Comunica\u00e7\u00e3o) recebeu autoriza\u00e7\u00e3o para o preenchimento de <strong>814 vagas <\/strong>de Pesquisador, Tecnologista e Analista em C&amp;A.<\/p>\n\n\n\n<p>As oportunidades exigem <strong>n\u00edvel superior<\/strong> de forma\u00e7\u00e3o e est\u00e3o distribu\u00eddas entre as diversas unidades de pesquisa do \u00f3rg\u00e3o. Dessa forma:<\/p>\n\n\n<div class=\"wp-block-image\">\n<figure class=\"aligncenter size-full\"><a href=\"https:\/\/www.novaconcursos.com.br\/portal\/wp-content\/uploads\/2023\/10\/image-18.png\"><img decoding=\"async\" width=\"511\" height=\"492\" src=\"https:\/\/www.novaconcursos.com.br\/portal\/wp-content\/uploads\/2023\/10\/image-18.png\" alt=\"\" class=\"wp-image-207572\" loading=\"lazy\" title=\"\" srcset=\"https:\/\/www.novaconcursos.com.br\/portal\/wp-content\/uploads\/2023\/10\/image-18-300x289.png 300w, https:\/\/www.novaconcursos.com.br\/portal\/wp-content\/uploads\/2023\/10\/image-18.png 511w\" sizes=\"auto, (max-width: 480px) 100vw, (max-width: 768px) 100vw, (max-width: 1200px) 70vw, 768px\"><\/a><\/figure><\/div>\n\n\n<p><\/p>\n\n\n\n<p>Do total de oportunidades, 20% ser\u00e3o destinadas \u00e0 candidatos negros e 5% ser\u00e3o destinadas \u00e0 portadores de defici\u00eancia.<\/p>\n\n\n\n<p>Recentemente, a ministra de Gest\u00e3o e Inova\u00e7\u00e3o em Servi\u00e7os P\u00fablicos, divulgou o <a href=\"https:\/\/www.novaconcursos.com.br\/portal\/concursos\/concurso-unificado-nacional\/\">Concurso Nacional Unificado,<\/a> que tem como objetivo preencher as vagas autorizadas do Poder Executivo, por meio de um \u00fanico concurso.<\/p>\n\n\n\n<ul class=\"wp-block-list\"><li><strong>Entenda: <\/strong><a href=\"https:\/\/www.novaconcursos.com.br\/portal\/artigos\/como-vai-funcionar-o-concurso-nacional-unificado\/\">Como vai funcionar o Concurso Nacional Unificado?<\/a><\/li>\n<\/ul><p><\/p>\n\n\n\n<p>A ministra permitiu que os \u00f3rg\u00e3os manifestassem interesse em participar do CNU at\u00e9 a \u00faltima sexta-feira, (06\/10). A ades\u00e3o foi volunt\u00e1ria.<\/p>\n\n\n\n<p>Sendo assim, o MCTI decidiu aderir ao Concurso Nacional Unificado de <strong>forma parcial<\/strong>, ou seja, das 814 vagas autorizadas, apenas <strong>296 vagas de Analista de Ci\u00eancia e Tecnologia <\/strong>ser\u00e3o preenchidas por meio do Concurso Nacional Unificado.<\/p>\n\n\n\n<p>As outras 518 vagas ser\u00e3o ofertadas pelo pr\u00f3prio \u00f3rg\u00e3o. A justificativa para a decis\u00e3o \u00e9 que os cargos de Pesquisador e Tecnologista\u00a0possuem diversas<strong> particularidades<\/strong> e precisam de uma sele\u00e7\u00e3o mais espec\u00edfica.<\/p>\n\n\n\n<p>At\u00e9 o momento, j\u00e1 foram <strong>publicados nove editais <\/strong>destinados as unidades de pesquisa da Cemaden, Inpe, CTI, Cetene, Inpa, IBICT LNCC e ON, mas ainda restam oito editais.<\/p>\n\n\n\n<p>O prazo para publica\u00e7\u00e3o dos demais editais encerraria nesta segunda-feira, (09\/10), no entanto, o ministro substituto da Pasta, Luis Fernandes, prorrogou o prazo at\u00e9 o dia <strong>11 de dezembro de 2023.<\/strong> O an\u00fancio foi publicado no Di\u00e1rio Oficial da Uni\u00e3o.<\/p>\n\n\n\n<h2 class=\"wp-block-heading\" id=\"mcti-tem-nove-editais-abertos-com-mais-de-300-vagas\">MCTI tem nove editais abertos com mais de 300 vagas!<\/h2>\n\n\n\n<p>At\u00e9 o momento, foram publicados nove editais que somam a oferta de 336 vagas. Confira o resumo de cada oportunidade!<\/p>\n\n\n\n<p><strong>Inpe<\/strong><\/p>\n\n\n\n<ul class=\"wp-block-list\"><li>Vagas: 93<\/li>\n\n\n\n<li>Cargo: Pesquisador e Tecnologista<\/li>\n\n\n\n<li>Escolaridade: N\u00edvel Superior<\/li>\n\n\n\n<li>Banca: FGV<\/li>\n\n\n\n<li>Sal\u00e1rio: entre R$ 7.025,48 e R$ 12.634,13<\/li>\n\n\n\n<li>Per\u00edodo de inscri\u00e7\u00f5es: 31\/10\/2023 at\u00e9 04\/12\/2023<\/li>\n\n\n\n<li>Taxa: R$ 110,00 at\u00e9 R$ 160,00<\/li>\n\n\n\n<li>Prova: \n<ul class=\"wp-block-list\"><li>26\/05\/2024<\/li>\n\n\n\n<li>02\/06\/2024<\/li>\n<\/ul><\/li>\n\n\n\n<li>Edital:\n<ul class=\"wp-block-list\"><li><a href=\"https:\/\/www.novaconcursos.com.br\/portal\/wp-content\/uploads\/2023\/10\/Edital-Inpe-pesquisador.pdf\" target=\"_blank\" rel=\"noreferrer noopener\">Inpe \u2013 Pesquisador<\/a><\/li>\n\n\n\n<li><a href=\"https:\/\/www.novaconcursos.com.br\/portal\/wp-content\/uploads\/2023\/10\/Edital-Inpe-tecnologista.pdf\" target=\"_blank\" rel=\"noreferrer noopener\">Inpe \u2013 Tecnologista<\/a><\/li>\n<\/ul><\/li>\n<\/ul><p><\/p>\n\n\n\n<p><strong>Cemaden<\/strong><\/p>\n\n\n\n<ul class=\"wp-block-list\"><li>Vagas: 24<\/li>\n\n\n\n<li>Cargo: Pesquisador e Tecnologista<\/li>\n\n\n\n<li>Escolaridade: N\u00edvel Superior<\/li>\n\n\n\n<li>Banca: Instituto AOCP<\/li>\n\n\n\n<li>Sal\u00e1rio: R$ 7.724,56<\/li>\n\n\n\n<li>Per\u00edodo de inscri\u00e7\u00f5es: 23\/10\/2023 at\u00e9 11\/11\/2023<\/li>\n\n\n\n<li>Taxa: R$ 160,00<\/li>\n\n\n\n<li>Prova: 25\/02\/2024<\/li>\n\n\n\n<li><a href=\"https:\/\/www.novaconcursos.com.br\/portal\/wp-content\/uploads\/2023\/10\/Edital-Cemaden.pdf\" target=\"_blank\" rel=\"noreferrer noopener\">Edital<\/a><\/li>\n<\/ul><p><\/p>\n\n\n\n<p><strong>CTI<\/strong><\/p>\n\n\n\n<ul class=\"wp-block-list\"><li>Vagas: 49<\/li>\n\n\n\n<li>Cargo: Pesquisador e Tecnologista<\/li>\n\n\n\n<li>Escolaridade: N\u00edvel Superior<\/li>\n\n\n\n<li>Banca: Cebraspe<\/li>\n\n\n\n<li>Sal\u00e1rio: R$ 7.724,56<\/li>\n\n\n\n<li>Per\u00edodo de inscri\u00e7\u00f5es: 09\/11\/2023 at\u00e9 28\/11\/2023<\/li>\n\n\n\n<li>Taxa: R$ 130,00 at\u00e9 R$ 190,00<\/li>\n\n\n\n<li>Prova: 28\/01\/2024<\/li>\n\n\n\n<li><a href=\"https:\/\/www.novaconcursos.com.br\/portal\/wp-content\/uploads\/2023\/10\/Edital-CTI.pdf\" target=\"_blank\" rel=\"noreferrer noopener\">Edital<\/a><\/li>\n<\/ul><p><\/p>\n\n\n\n<p><strong>Cetene<\/strong><\/p>\n\n\n\n<ul class=\"wp-block-list\"><li>Vagas: 13<\/li>\n\n\n\n<li>Cargo: Pesquisador e Tecnologista<\/li>\n\n\n\n<li>Escolaridade: N\u00edvel Superior<\/li>\n\n\n\n<li>Banca: Fundatec<\/li>\n\n\n\n<li>Sal\u00e1rio: R$ 7.724,56<\/li>\n\n\n\n<li>Per\u00edodo de inscri\u00e7\u00f5es: 10\/11\/2023 at\u00e9 29\/11\/2023<\/li>\n\n\n\n<li>Taxa: R$ 125,00 at\u00e9 R$ 150,00<\/li>\n\n\n\n<li>Prova: 25\/11\/2023<\/li>\n\n\n\n<li><a href=\"https:\/\/www.novaconcursos.com.br\/portal\/wp-content\/uploads\/2023\/10\/Edital-Cetene.pdf\" target=\"_blank\" rel=\"noreferrer noopener\">Edital<\/a><\/li>\n<\/ul><p><\/p>\n\n\n\n<h2 class=\"wp-block-heading\" id=\"\"><\/h2>\n\n\n\n<p><strong>Inpa<\/strong><\/p>\n\n\n\n<ul class=\"wp-block-list\"><li>Vagas: 63<\/li>\n\n\n\n<li>Cargo: Pesquisador e Tecnologista<\/li>\n\n\n\n<li>Escolaridade: N\u00edvel Superior<\/li>\n\n\n\n<li>Banca: Cebraspe<\/li>\n\n\n\n<li>Sal\u00e1rio: at\u00e9 R$ 14.274,86<\/li>\n\n\n\n<li>Per\u00edodo de inscri\u00e7\u00f5es: 12\/12\/2023 at\u00e9 15\/01\/2024<\/li>\n\n\n\n<li>Taxa: R$ 168,00<\/li>\n\n\n\n<li>Prova: 23\/03\/2024<\/li>\n\n\n\n<li><a href=\"https:\/\/www.novaconcursos.com.br\/portal\/wp-content\/uploads\/2023\/10\/Edital-Inpa.pdf\" target=\"_blank\" rel=\"noreferrer noopener\">Edital<\/a><\/li>\n<\/ul><p><\/p>\n\n\n\n<p><strong>INT<\/strong><\/p>\n\n\n\n<ul class=\"wp-block-list\"><li>Vagas: 24<\/li>\n\n\n\n<li>Cargo: Pesquisador e Tecnologista<\/li>\n\n\n\n<li>Escolaridade: N\u00edvel Superior<\/li>\n\n\n\n<li>Sal\u00e1rio: at\u00e9 R$ 14.274,86<\/li>\n\n\n\n<li>Per\u00edodo de inscri\u00e7\u00f5es: 11\/12\/2023 at\u00e9 09\/01\/2024<\/li>\n\n\n\n<li>Taxa: R$ 100,00 at\u00e9 R$ 150,00<\/li>\n\n\n\n<li>Prova: 15\/05\/2024<\/li>\n\n\n\n<li><a href=\"https:\/\/www.novaconcursos.com.br\/portal\/wp-content\/uploads\/2023\/10\/Edital-INT.pdf\" target=\"_blank\" rel=\"noreferrer noopener\">Edital<\/a>\u00a0\u00a0<\/li>\n<\/ul><p><\/p>\n\n\n\n<p><strong>LNCC<\/strong><\/p>\n\n\n\n<ul class=\"wp-block-list\"><li>Vagas: 17<\/li>\n\n\n\n<li>Cargo: Tecnologista<\/li>\n\n\n\n<li>Escolaridade: N\u00edvel Superior<\/li>\n\n\n\n<li>Sal\u00e1rio: at\u00e9 R$ 14.274,86<\/li>\n\n\n\n<li>Per\u00edodo de inscri\u00e7\u00f5es: 18\/12\/2023 at\u00e9 08\/03\/2024<\/li>\n\n\n\n<li>Taxa: R$ 100,00 at\u00e9 R$ 150,00<\/li>\n\n\n\n<li>Prova: em defini\u00e7\u00e3o<\/li>\n\n\n\n<li><a href=\"https:\/\/www.novaconcursos.com.br\/portal\/wp-content\/uploads\/2023\/10\/Edital-LNCC.pdf\" target=\"_blank\" rel=\"noreferrer noopener\">1\u00b0 Edital Tecnologista<\/a><\/li>\n\n\n\n<li><a href=\"https:\/\/www.novaconcursos.com.br\/portal\/wp-content\/uploads\/2023\/10\/Edital-LNCC-tecnologista.pdf\" target=\"_blank\" rel=\"noreferrer noopener\">2\u00b0\u00a0Edital Tecnologista<\/a><\/li>\n<\/ul><p><\/p>\n\n\n\n<p><strong>ON<\/strong><\/p>\n\n\n\n<ul class=\"wp-block-list\"><li>Vagas: 22<\/li>\n\n\n\n<li>Cargo: Pesquisador e Tecnologista<\/li>\n\n\n\n<li>Escolaridade: N\u00edvel Superior<\/li>\n\n\n\n<li>Sal\u00e1rio: at\u00e9 R$ 14.274,86<\/li>\n\n\n\n<li>Per\u00edodo de inscri\u00e7\u00f5es: 18\/12\/2023 at\u00e9 08\/03\/2024<\/li>\n\n\n\n<li>Taxa: R$ 125,00 at\u00e9 R$ 150,00<\/li>\n\n\n\n<li>Prova: em defini\u00e7\u00e3o<\/li>\n\n\n\n<li><a href=\"https:\/\/www.novaconcursos.com.br\/portal\/wp-content\/uploads\/2023\/10\/Edital-ON.pdf\" target=\"_blank\" rel=\"noreferrer noopener\">Edital<\/a><\/li>\n<\/ul><p><\/p>\n\n\n\n<p><strong>IBICT<\/strong><\/p>\n\n\n\n<ul class=\"wp-block-list\"><li>Vagas: 31<\/li>\n\n\n\n<li>Cargo: Pesquisador e Tecnologista<\/li>\n\n\n\n<li>Escolaridade: N\u00edvel Superior<\/li>\n\n\n\n<li>Sal\u00e1rio: at\u00e9 R$ 14.274,86<\/li>\n\n\n\n<li>Per\u00edodo de inscri\u00e7\u00f5es: 19\/02\/2024 at\u00e9 22\/03\/2024<\/li>\n\n\n\n<li>Taxa: R$ 150,00<\/li>\n\n\n\n<li>Prova: em defini\u00e7\u00e3o<\/li>\n\n\n\n<li><a href=\"https:\/\/www.novaconcursos.com.br\/portal\/wp-content\/uploads\/2023\/10\/Edital-IBICT-pesquisador.pdf\" target=\"_blank\" rel=\"noreferrer noopener\">Edital Pesquisador<\/a><\/li>\n\n\n\n<li><a href=\"https:\/\/www.novaconcursos.com.br\/portal\/wp-content\/uploads\/2023\/10\/Edital-IBICT-tecnologista.pdf\" target=\"_blank\" rel=\"noreferrer noopener\">Edital Tecnologista<\/a><\/li>\n<\/ul>","protected":false},"excerpt":{"rendered":"<p>O prazo para publica\u00e7\u00e3o dos editais do concurso MCTI para as carreiras de Pesquisador e Tecnologista foi prorrogado at\u00e9 dezembro de 2023. At\u00e9 o momento, nove editais j\u00e1 sa\u00edram. Entenda! Estude para o concurso dos seus sonhos com o\u00a0M\u00e9todo\u00a0que j\u00e1 ajudou na\u00a0aprova\u00e7\u00e3o de mais de 70 mil alunos.\u00a0Clique aqui\u00a0\u00a0e saiba mais! Prorrogado o prazo para [&hellip;]<\/p>\n","protected":false},"author":54679,"featured_media":157206,"comment_status":"closed","ping_status":"closed","sticky":false,"template":"","format":"standard","meta":{"_acf_changed":false,"footnotes":"","_wp_rev_ctl_limit":""},"categories":[228],"tags":[],"class_list":["post-207571","post","type-post","status-publish","format-standard","has-post-thumbnail","hentry","category-noticias"],"acf":[],"_links":{"self":[{"href":"https:\/\/www.novaconcursos.com.br\/portal\/wp-json\/wp\/v2\/posts\/207571","targetHints":{"allow":["GET"]}}],"collection":[{"href":"https:\/\/www.novaconcursos.com.br\/portal\/wp-json\/wp\/v2\/posts"}],"about":[{"href":"https:\/\/www.novaconcursos.com.br\/portal\/wp-json\/wp\/v2\/types\/post"}],"author":[{"embeddable":true,"href":"https:\/\/www.novaconcursos.com.br\/portal\/wp-json\/wp\/v2\/users\/54679"}],"replies":[{"embeddable":true,"href":"https:\/\/www.novaconcursos.com.br\/portal\/wp-json\/wp\/v2\/comments?post=207571"}],"version-history":[{"count":20,"href":"https:\/\/www.novaconcursos.com.br\/portal\/wp-json\/wp\/v2\/posts\/207571\/revisions"}],"predecessor-version":[{"id":207745,"href":"https:\/\/www.novaconcursos.com.br\/portal\/wp-json\/wp\/v2\/posts\/207571\/revisions\/207745"}],"wp:featuredmedia":[{"embeddable":true,"href":"https:\/\/www.novaconcursos.com.br\/portal\/wp-json\/wp\/v2\/media\/157206"}],"wp:attachment":[{"href":"https:\/\/www.novaconcursos.com.br\/portal\/wp-json\/wp\/v2\/media?parent=207571"}],"wp:term":[{"taxonomy":"category","embeddable":true,"href":"https:\/\/www.novaconcursos.com.br\/portal\/wp-json\/wp\/v2\/categories?post=207571"},{"taxonomy":"post_tag","embeddable":true,"href":"https:\/\/www.novaconcursos.com.br\/portal\/wp-json\/wp\/v2\/tags?post=207571"}],"curies":[{"name":"wp","href":"https:\/\/api.w.org\/{rel}","templated":true}]}}