{"id":207657,"date":"2023-10-10T10:23:50","date_gmt":"2023-10-10T13:23:50","guid":{"rendered":"https:\/\/www.novaconcursos.com.br\/portal\/?p=207657"},"modified":"2025-12-01T15:58:51","modified_gmt":"2025-12-01T18:58:51","slug":"concurso-medico-perito-inss-conheca-sobre-a-carreira","status":"publish","type":"post","link":"https:\/\/www.novaconcursos.com.br\/portal\/artigos\/concurso-medico-perito-inss-conheca-sobre-a-carreira\/","title":{"rendered":"Concurso M\u00e9dico Perito INSS: conhe\u00e7a sobre a carreira!"},"content":{"rendered":"<p>Quem tem o sonho de ser\u00a0<strong>Perito M\u00e9dico<\/strong>\u00a0pode ir se preparando pois um novo\u00a0<a href=\"https:\/\/www.novaconcursos.com.br\/portal\/concursos\/edital-inss-perito-medico\/\">concurso INSS<\/a>\u00a0para o cargo j\u00e1 est\u00e1 confirmado! Ser\u00e3o <strong>1.700 vagas; conhe\u00e7a mais sobre a carreira<\/strong>!<\/p>\n\n\n\n<h2 class=\"wp-block-heading\" id=\"qual-o-salrio-de-um-perito-mdico-do-inss\">Qual o sal\u00e1rio de um Perito M\u00e9dico do INSS?<\/h2>\n\n\n\n<p>J\u00e1 a remunera\u00e7\u00e3o inicial do\u00a0<strong>Perito M\u00e9dico Federal,\u00a0<\/strong>varia de acordo com a jornada de trabalho estabelecida, podendo ser 20h, 30h ou 40h semanais.<\/p>\n\n\n\n<p>Segundo a tabela, os valores variam entre\u00a0<strong>R$ 7.083,90 e R$ 22.625,14.<\/strong> Ademais, as contrata\u00e7\u00f5es ocorrem pelo regime estatut\u00e1rio, ou seja, que tem garantia de estabilidade.<\/p>\n\n\n\n<figure class=\"wp-block-image\"><a href=\"https:\/\/www.novaconcursos.com.br\/portal\/wp-content\/uploads\/2023\/09\/salario-perito-medico-federal.png\"><img decoding=\"async\" width=\"1024\" height=\"455\" src=\"https:\/\/www.novaconcursos.com.br\/portal\/wp-content\/uploads\/2023\/09\/salario-perito-medico-federal-1024x455.png\" alt=\"\" class=\"wp-image-205312\" loading=\"lazy\" title=\"\" srcset=\"https:\/\/www.novaconcursos.com.br\/portal\/wp-content\/uploads\/2023\/09\/salario-perito-medico-federal-300x133.png 300w, https:\/\/www.novaconcursos.com.br\/portal\/wp-content\/uploads\/2023\/09\/salario-perito-medico-federal-1024x455.png 1024w, https:\/\/www.novaconcursos.com.br\/portal\/wp-content\/uploads\/2023\/09\/salario-perito-medico-federal.png 1080w\" sizes=\"auto, (max-width: 480px) 100vw, (max-width: 768px) 100vw, (max-width: 1200px) 70vw, 768px\"><\/a><\/figure><figure class=\"wp-block-image\"><a href=\"https:\/\/www.novaconcursos.com.br\/portal\/wp-content\/uploads\/2023\/09\/salario-perito-medico-federal-30h.png\"><img decoding=\"async\" width=\"1024\" height=\"326\" src=\"https:\/\/www.novaconcursos.com.br\/portal\/wp-content\/uploads\/2023\/09\/salario-perito-medico-federal-30h-1024x326.png\" alt=\"\" class=\"wp-image-205311\" loading=\"lazy\" title=\"\" srcset=\"https:\/\/www.novaconcursos.com.br\/portal\/wp-content\/uploads\/2023\/09\/salario-perito-medico-federal-30h-300x96.png 300w, https:\/\/www.novaconcursos.com.br\/portal\/wp-content\/uploads\/2023\/09\/salario-perito-medico-federal-30h-1024x326.png 1024w, https:\/\/www.novaconcursos.com.br\/portal\/wp-content\/uploads\/2023\/09\/salario-perito-medico-federal-30h.png 1146w\" sizes=\"auto, (max-width: 480px) 100vw, (max-width: 768px) 100vw, (max-width: 1200px) 70vw, 768px\"><\/a><\/figure><figure class=\"wp-block-image\"><a href=\"https:\/\/www.novaconcursos.com.br\/portal\/wp-content\/uploads\/2023\/09\/perito-medico.png\"><img decoding=\"async\" width=\"1024\" height=\"353\" src=\"https:\/\/www.novaconcursos.com.br\/portal\/wp-content\/uploads\/2023\/09\/perito-medico-1024x353.png\" alt=\"\" class=\"wp-image-205313\" loading=\"lazy\" title=\"\" srcset=\"https:\/\/www.novaconcursos.com.br\/portal\/wp-content\/uploads\/2023\/09\/perito-medico-300x103.png 300w, https:\/\/www.novaconcursos.com.br\/portal\/wp-content\/uploads\/2023\/09\/perito-medico-1024x353.png 1024w, https:\/\/www.novaconcursos.com.br\/portal\/wp-content\/uploads\/2023\/09\/perito-medico.png 1080w\" sizes=\"auto, (max-width: 480px) 100vw, (max-width: 768px) 100vw, (max-width: 1200px) 70vw, 768px\"><\/a><\/figure><h2 class=\"wp-block-heading\" id=\"o-que-preciso-para-ser-um-perito-mdico-do-inss\">O que \u00e9 preciso para ser um Perito M\u00e9dico do INSS?<\/h2>\n\n\n\n<p>Sendo assim, a carreira de Perito M\u00e9dico do INSS exige <strong>n\u00edvel superior em Medicina<\/strong>, al\u00e9m de registro regular no Conselho Regional de Medicina. Mais os requisitos b\u00e1sicos:<\/p>\n\n\n\n<ul class=\"wp-block-list\"><li>Ser aprovado no concurso INSS.<\/li>\n\n\n\n<li>Ter a nacionalidade brasileira ou portuguesa e, no caso de nacionalidade portuguesa, estar amparado pelo estatuto de igualdade entre brasileiros e portugueses.<\/li>\n\n\n\n<li>Estar em gozo dos direitos pol\u00edticos e quite com as obriga\u00e7\u00f5es militares, em caso de candidato do sexo masculino.<\/li>\n\n\n\n<li>Estar quite com as obriga\u00e7\u00f5es eleitorais.<\/li>\n\n\n\n<li>Ter idade m\u00ednima de 18 anos completos na data da posse.<\/li>\n\n\n\n<li>Ter aptid\u00e3o f\u00edsica e mental para o exerc\u00edcio das atribui\u00e7\u00f5es do cargo.<\/li>\n\n\n\n<li>Declarar, na solicita\u00e7\u00e3o de inscri\u00e7\u00e3o, que tem ci\u00eancia e aceita que, caso aprovado, dever\u00e1 entregar os documentos comprobat\u00f3rios dos requisitos exigidos para o cargo por ocasi\u00e3o da posse.<\/li>\n<\/ul><p><a href=\"https:\/\/www.novaconcursos.com.br\/portal\/artigos\/concurso-inss-tecnico-do-seguro-social-saiba-tudo-sobre-a-carreira\/\">Concurso INSS T\u00e9cnico do Seguro Social: Saiba tudo sobre a carreira!<\/a><\/p>\n\n\n\n<h2 class=\"wp-block-heading\" id=\"quais-as-atribuies-de-um-perito-mdico-do-inss\">Quais as atribui\u00e7\u00f5es de um Perito M\u00e9dico do INSS?<\/h2>\n\n\n\n<p>O M\u00e9dico Perito INSS \u00e9 respons\u00e1vel pela emiss\u00e3o de parecer conclusivo quanto \u00e0 incapacidade laboral, verifica\u00e7\u00e3o, quando necess\u00e1ria \u00e0 an\u00e1lise da proced\u00eancia de benef\u00edcios previdenci\u00e1rios, caracteriza\u00e7\u00e3o da invalidez, auditoria m\u00e9dica, bem como, assessoramento t\u00e9cnico \u00e0 representa\u00e7\u00e3o judicial e extrajudicial da Uni\u00e3o, das autarquias e das funda\u00e7\u00f5es p\u00fablicas federais.<\/p>\n\n\n\n<p>O aprovado tamb\u00e9m \u00e9 respons\u00e1vel pela movimenta\u00e7\u00e3o da conta vinculada do trabalhador ao Fundo de Garantia do Tempo de Servi\u00e7o (FGTS), nas hip\u00f3teses previstas em lei, relacionadas \u00e0 condi\u00e7\u00e3o de sa\u00fade.<\/p>\n\n\n\n<ul class=\"wp-block-list\"><li>Emiss\u00e3o de parecer conclusivo quanto \u00e0 incapacidade laboral;<\/li>\n\n\n\n<li>Verifica\u00e7\u00e3o, quando necess\u00e1ria \u00e0 an\u00e1lise da proced\u00eancia de benef\u00edcios previdenci\u00e1rios;<\/li>\n\n\n\n<li>Caracteriza\u00e7\u00e3o da invalidez;<\/li>\n\n\n\n<li>Auditoria m\u00e9dica.<\/li>\n\n\n\n<li>Assessoramento t\u00e9cnico \u00e0 representa\u00e7\u00e3o judicial e extrajudicial da Uni\u00e3o, das autarquias e das funda\u00e7\u00f5es p\u00fablicas federais;<\/li>\n\n\n\n<li>Movimenta\u00e7\u00e3o da conta vinculada do trabalhador ao Fundo de Garantia do Tempo de Servi\u00e7o (FGTS), nas hip\u00f3teses previstas em lei, relacionadas \u00e0 condi\u00e7\u00e3o de sa\u00fade;<\/li>\n\n\n\n<li>Exame m\u00e9dico-pericial componente da avalia\u00e7\u00e3o biopsicossocial da defici\u00eancia, para fins previdenci\u00e1rios, assistenciais e tribut\u00e1rios.<\/li>\n<\/ul><h2 class=\"wp-block-heading\" id=\"quando-sai-o-edital-do-concurso-inss-para-perito-mdico\">Quando sai o edital do concurso INSS para Perito M\u00e9dico?<\/h2>\n\n\n\n<p>Ao que tudo indica, em breve ser\u00e1 publicada uma nova sele\u00e7\u00e3o ao Instituto Nacional do Seguro Social, que est\u00e1 <strong>autorizado<\/strong>.<\/p>\n\n\n\n<p><em>\u201cN\u00f3s estamos trabalhando, j\u00e1 chamamos mais de mil concursados do INSS, estamos preparando concurso, tamb\u00e9m, para m\u00e9dicos peritos\u201d,<\/em> destacou o ministro da Previd\u00eancia Social, Carlos Lupi, em julho.<\/p>\n\n\n\n<p>Portanto, o quantitativo de vagas e cronograma previsto para realiza\u00e7\u00e3o do concurso ainda n\u00e3o foram informados. <\/p>\n\n\n\n<p>No entanto, vale lembrar que em declara\u00e7\u00e3o ao Jornal Nacional, o secret\u00e1rio do Regime Geral da Previd\u00eancia Social, Adroaldo Portal, disse que ser\u00e3o ofertadas\u00a0<strong>1.700 vagas para a carreira.<\/strong><\/p>\n\n\n\n<p><a href=\"https:\/\/www.novaconcursos.com.br\/portal\/artigos\/concurso-inss-confira-o-que-caiu-na-ultima-prova\/\">Concurso INSS o que estudar?<\/a><\/p>\n\n\n\n<h2 class=\"wp-block-heading\" id=\"como-foi-o-ltimo-concurso-para-mdico-perito\">Como foi o \u00faltimo concurso para M\u00e9dico Perito?<\/h2>\n\n\n\n<p>O \u00faltimo concurso para o cargo de M\u00e9dico Perito foi realizado em 2011, com oferta de\u00a0<strong>375 vagas<\/strong>\u00a0e sal\u00e1rios iniciais de R$ 9.070,93.<\/p>\n\n\n\n<p>Esse valor \u00e9 composto pelo vencimento b\u00e1sico de R$ 4.536,53, Gratifica\u00e7\u00e3o de Desempenho de Atividade de Per\u00edcia M\u00e9dica Previdenci\u00e1ria\u00a0de R$ 4.230,40 e aux\u00edlio-alimenta\u00e7\u00e3o de R$ 304,00.<\/p>\n\n\n\n<p>Na ocasi\u00e3o, a banca organizadora foi a\u00a0<strong>Funda\u00e7\u00e3o Carlos Chagas (FCC),\u00a0<\/strong>que avaliou os candidatos por meio de provas objetivas e prova de t\u00edtulos.<\/p>\n\n\n\n<p>A prova objetiva consistiu em<strong>\u00a080 quest\u00f5es\u00a0<\/strong>de m\u00faltipla escolha, acerca das seguintes disciplinas:<\/p>\n\n\n\n<ul class=\"wp-block-list\"><li>Conhecimentos Gerais: 30 quest\u00f5es<\/li>\n\n\n\n<li>Conhecimentos Espec\u00edficos: 50 quest\u00f5es<\/li>\n<\/ul><p>Ao todo, foram registradas\u00a0<strong>11.760 candidaturas na sele\u00e7\u00e3o,\u00a0<\/strong>ou seja, foram 31 candidatos por vaga ofertada. Confira todos os detalhes do \u00faltimo edital,\u00a0<a href=\"https:\/\/www.concursosfcc.com.br\/concursos\/inssd111\/edital_16_12_dou.pdf\" target=\"_blank\" rel=\"noreferrer noopener\">clicando aqui!<\/a><\/p>\n\n\n\n<p><a href=\"https:\/\/www.novaconcursos.com.br\/portal\/artigos\/concurso-inss-confira-ultimo-edital\/\">Concurso INSS \u00faltimo edital: Tudo que voc\u00ea precisa saber!<\/a><\/p>","protected":false},"excerpt":{"rendered":"<p>Quem tem o sonho de ser\u00a0Perito M\u00e9dico\u00a0pode ir se preparando pois um novo\u00a0concurso INSS\u00a0para o cargo j\u00e1 est\u00e1 confirmado! Ser\u00e3o 1.700 vagas; conhe\u00e7a mais sobre a carreira! Qual o sal\u00e1rio de um Perito M\u00e9dico do INSS? J\u00e1 a remunera\u00e7\u00e3o inicial do\u00a0Perito M\u00e9dico Federal,\u00a0varia de acordo com a jornada de trabalho estabelecida, podendo ser 20h, 30h [&hellip;]<\/p>\n","protected":false},"author":54671,"featured_media":155656,"comment_status":"closed","ping_status":"closed","sticky":false,"template":"","format":"standard","meta":{"_acf_changed":false,"footnotes":"","_wp_rev_ctl_limit":""},"categories":[33508],"tags":[],"class_list":["post-207657","post","type-post","status-publish","format-standard","has-post-thumbnail","hentry","category-artigos"],"acf":[],"_links":{"self":[{"href":"https:\/\/www.novaconcursos.com.br\/portal\/wp-json\/wp\/v2\/posts\/207657","targetHints":{"allow":["GET"]}}],"collection":[{"href":"https:\/\/www.novaconcursos.com.br\/portal\/wp-json\/wp\/v2\/posts"}],"about":[{"href":"https:\/\/www.novaconcursos.com.br\/portal\/wp-json\/wp\/v2\/types\/post"}],"author":[{"embeddable":true,"href":"https:\/\/www.novaconcursos.com.br\/portal\/wp-json\/wp\/v2\/users\/54671"}],"replies":[{"embeddable":true,"href":"https:\/\/www.novaconcursos.com.br\/portal\/wp-json\/wp\/v2\/comments?post=207657"}],"version-history":[{"count":12,"href":"https:\/\/www.novaconcursos.com.br\/portal\/wp-json\/wp\/v2\/posts\/207657\/revisions"}],"predecessor-version":[{"id":297988,"href":"https:\/\/www.novaconcursos.com.br\/portal\/wp-json\/wp\/v2\/posts\/207657\/revisions\/297988"}],"wp:featuredmedia":[{"embeddable":true,"href":"https:\/\/www.novaconcursos.com.br\/portal\/wp-json\/wp\/v2\/media\/155656"}],"wp:attachment":[{"href":"https:\/\/www.novaconcursos.com.br\/portal\/wp-json\/wp\/v2\/media?parent=207657"}],"wp:term":[{"taxonomy":"category","embeddable":true,"href":"https:\/\/www.novaconcursos.com.br\/portal\/wp-json\/wp\/v2\/categories?post=207657"},{"taxonomy":"post_tag","embeddable":true,"href":"https:\/\/www.novaconcursos.com.br\/portal\/wp-json\/wp\/v2\/tags?post=207657"}],"curies":[{"name":"wp","href":"https:\/\/api.w.org\/{rel}","templated":true}]}}