{"id":207895,"date":"2023-10-17T16:30:00","date_gmt":"2023-10-17T19:30:00","guid":{"rendered":"https:\/\/www.novaconcursos.com.br\/portal\/?p=207895"},"modified":"2025-03-05T15:55:12","modified_gmt":"2025-03-05T18:55:12","slug":"concurso-tse-unificado-aprovada-resolucao-com-normas-gerais-certame","status":"publish","type":"post","link":"https:\/\/www.novaconcursos.com.br\/portal\/noticias\/concurso-tse-unificado-aprovada-resolucao-com-normas-gerais-certame\/","title":{"rendered":"Concurso TSE Unificado: Aprovada resolu\u00e7\u00e3o com normas gerais do certame!"},"content":{"rendered":"<p>A Resolu\u00e7\u00e3o n\u00ba 23.724 que estabelece <strong>normas gerais <\/strong>para a realiza\u00e7\u00e3o do <a href=\"https:\/\/www.novaconcursos.com.br\/portal\/concursos\/concurso-tse\/\">concurso TSE Unificado<\/a> foi aprovada, por unanimidade, na Sess\u00e3o Plen\u00e1ria do Tribunal Superior Eleitoral (TSE) e publicada no Di\u00e1rio Oficial. <\/p>\n\n\n\n<p>A medida partiu dos Tribunais Regionais Eleitorais (TREs), que forneceram informa\u00e7\u00f5es sobre as respectivas necessidades ao TSE. Confira!<\/p>\n\n\n\n<ul class=\"wp-block-list\"><li><a href=\"https:\/\/files-producao.s3.us-east-2.amazonaws.com\/degrau-cultural\/arquivos\/1f26e97eb-17d0-483c-ae45-cb146a6ce760.pdf\" target=\"_blank\" rel=\"noreferrer noopener\">Resolu\u00e7\u00e3o n\u00ba 23.724<\/a> ??<\/li>\n<\/ul><p><\/p>\n\n\n\n<p>O texto <strong>substitui a Resolu\u00e7\u00e3o n\u00ba 23.391,<\/strong> de 16 de maio de 2013 e traz, entre os pontos de destaque,\u00a020% das vagas para pessoas negras, 10% para pessoas com defici\u00eancia e 3% para ind\u00edgenas.<\/p>\n\n\n\n<ul class=\"wp-block-list\"><li><strong>Confira: <\/strong><a href=\"https:\/\/www.novaconcursos.com.br\/curso-online\/curso-tre-unificado-tecnico-judiciario?q=TSE\">Curso Online TSE Unificado \u2013 T\u00e9cnico Judici\u00e1rio<\/a><\/li>\n<\/ul><p><\/p>\n\n\n\n<p>Estude para o concurso de seus sonhos com o\u00a0<strong>M\u00e9todo<\/strong>\u00a0que j\u00e1 ajudou na\u00a0<strong>aprova\u00e7\u00e3o de mais de 70 mil alunos!<\/strong>\u00a0<a href=\"https:\/\/aprovacao.novaconcursos.com.br\/assinatura?promo_creative=Clique+aqui&amp;promo_name=noticia&amp;promo_id=%2Fportal&amp;promo_position=corpo-texto\" target=\"_blank\" rel=\"noreferrer noopener\">Clique aqui<\/a>\u00a0e saiba mais!<\/p>\n\n\n\n<h2 class=\"wp-block-heading\" id=\"reserva-de-vagas-para-pessoas-indgenas-negras-e-com-deficinc\">Reserva de vagas para pessoas ind\u00edgenas, negras e com defici\u00eancia!<\/h2>\n\n\n\n<p>O texto prev\u00ea 20% das vagas reservadas para pessoas negras, 10% para Pessoas com Defici\u00eancia e 3% para ind\u00edgenas.<\/p>\n\n\n\n<p>Caso n\u00e3o haja o preenchimento das vagas, haver\u00e1 a libera\u00e7\u00e3o para os candidatos que concorrem em ampla concorr\u00eancia.\u00a0<\/p>\n\n\n\n<p>Ao apresentar seu voto, o presidente do TSE ressaltou que a norma segue a <strong>Conven\u00e7\u00e3o de Nova York <\/strong>em rela\u00e7\u00e3o \u00e0s pessoas com defici\u00eancia, e tamb\u00e9m toda a regulamenta\u00e7\u00e3o normativa sobre a necessidade de reserva de vagas. <\/p>\n\n\n\n<p><em>\u201cAssim, contemplamos todas as possibilidades\u201d,<\/em> afirmou.<\/p>\n\n\n\n<p><\/p>\n\n\n\n<ul class=\"wp-block-list\"><li><strong>Adquira: <\/strong><a href=\"https:\/\/www.novaconcursos.com.br\/mapa-mental\/mapas-mentais-para-tse-unificado-tecnico-judiciario-pdf?q=TSE\">297 Mapas Mentais para TSE Unificado \u2013 T\u00e9cnico Judici\u00e1rio (PDF)<\/a><\/li>\n<\/ul><p><\/p>\n\n\n\n<h2 class=\"wp-block-heading\" id=\"quais-os-principais-pontos-da-resoluo-n-23724\">Quais os principais pontos da Resolu\u00e7\u00e3o n\u00ba 23.724?<\/h2>\n\n\n\n<p>Al\u00e9m da reserva de vagas para pessoas negras, ind\u00edgenas e portadoras de defici\u00eancia, a<strong> Resolu\u00e7\u00e3o n\u00ba 23.724 <\/strong>define que:<\/p>\n\n\n\n<p><\/p>\n\n\n\n<ul class=\"wp-block-list\"><li>O Tribunal Superior Eleitoral (TSE) poder\u00e1 realizar concurso p\u00fablico unificado para provimento de cargos efetivos dos Quadros de Pessoal dos Tribunais Eleitorais;<\/li>\n<\/ul><p><\/p>\n\n\n\n<ul class=\"wp-block-list\"><li>Poder\u00e3o ser realizados concursos p\u00fablicos para <strong>forma\u00e7\u00e3o de cadastro de reserva <\/strong>para provimento futuro, observado o prazo de validade dos concursos p\u00fablicos;<\/li>\n<\/ul><p><\/p>\n\n\n\n<ul class=\"wp-block-list\"><li>Os editais dos concursos p\u00fablicos para cadastro de reserva prever\u00e3o a quantidade limite de aprova\u00e7\u00f5es e a coloca\u00e7\u00e3o a partir da qual as pessoas candidatas ser\u00e3o considerados automaticamente reprovados;<\/li>\n<\/ul><p><\/p>\n\n\n\n<ul class=\"wp-block-list\"><li>Os concursos poder\u00e3o ser realizados em <strong>etapa \u00fanica ou em etapas distintas<\/strong>, mediante a aplica\u00e7\u00e3o de provas, de car\u00e1ter eliminat\u00f3rio e\/ou classificat\u00f3rio, em que ser\u00e3o avaliados conhecimentos gerais e espec\u00edficos sobre as disciplinas e conte\u00fados constantes do edital de abertura das inscri\u00e7\u00f5es.<\/li>\n<\/ul><p><\/p>\n\n\n\n<ul class=\"wp-block-list\"><li>Os Tribunais Eleitorais poder\u00e3o incluir no edital, como etapa do concurso p\u00fablico,<strong> curso de forma\u00e7\u00e3o<\/strong>, de car\u00e1ter eliminat\u00f3rio, classificat\u00f3rio ou eliminat\u00f3rio e classificat\u00f3rio.<\/li>\n<\/ul><h2 class=\"wp-block-heading\" id=\"resoluo-23724-regulamenta-concurso-tse-unificado\">Resolu\u00e7\u00e3o 23.724 regulamenta concurso TSE Unificado!<\/h2>\n\n\n\n<p>A Resolu\u00e7\u00e3o 23.724 tamb\u00e9m <strong>regulamenta o concurso TSE Unificado! <\/strong>?<\/p>\n\n\n\n<p><em>\u201cEntende-se por concurso unificado o certame coordenado pelo TSE com a participa\u00e7\u00e3o dos TREs, regido por edital \u00fanico no qual constar\u00e1 o quantitativo de vagas e\/ou cadastro de reserva do TSE e dos TREs que aderirem, cujo resultado se dar\u00e1 por meio da divulga\u00e7\u00e3o de listas espec\u00edficas de pessoas aprovadas, por Tribunal Eleitoral, para nomea\u00e7\u00e3o\u201d, <\/em>diz o texto.\u00a0<\/p>\n\n\n\n<p><\/p>\n\n\n\n<p>De acordo com ela, a participa\u00e7\u00e3o dos TRE\u2019s ocorrer\u00e1 mediante preenchimento do <strong>termo de ades\u00e3o<\/strong> que dever\u00e1 ser assinado pela pessoa titular da Presid\u00eancia e contar\u00e1 com os seguintes dados:<\/p>\n\n\n\n<ul class=\"wp-block-list\"><li>Quantidade de cargos a serem providos e poss\u00edvel cadastro reserva;<\/li>\n\n\n\n<li>Compromisso de realizar as redistribui\u00e7\u00f5es obrigat\u00f3rias de cargos vagos existentes antes da publica\u00e7\u00e3o do edital de abertura do concurso; <\/li>\n\n\n\n<li>Compromisso de realizar, antes de proceder \u00e0 nomea\u00e7\u00e3o das candidatas e dos candidatos habilitados, o concurso de remo\u00e7\u00e3o interno.<\/li>\n<\/ul><p><\/p>\n\n\n\n<p>Ser\u00e1 vedada a participa\u00e7\u00e3o de TREs que estejam com candidato aprovado em concurso anterior com prazo de validade n\u00e3o expirado.<\/p>\n\n\n\n<p>Ap\u00f3s receber a assinatura dos termos de ades\u00e3o, ser\u00e1 de responsabilidade do TSE a<strong> contrata\u00e7\u00e3o da banca organizadora <\/strong>e publica\u00e7\u00e3o edital do concurso.<\/p>\n\n\n\n<h2 class=\"wp-block-heading\" id=\"como-vai-funcionar-o-concurso-tse-unificado\">Como vai funcionar o Concurso TSE Unificado?<\/h2>\n\n\n\n<p>O Concurso TSE Unificado visa o preenchimento de vagas para o Tribunal Superior Eleitoral (TSE) e para os Tribunais Regionais Eleitorais (TREs), que demonstrarem interesse em preencher os cargos vagos, por meio de um\u00a0<strong>\u00fanico concurso.<\/strong><\/p>\n\n\n\n<p>At\u00e9 o momento,\u00a0<strong>25 tribunais regionais<\/strong>\u00a0manifestaram interesse na sele\u00e7\u00e3o, no entanto, os estados ainda n\u00e3o foram informados.<\/p>\n\n\n\n<p>O concurso j\u00e1 conta com comiss\u00e3o de planejamento formada. Ela \u00e9 respons\u00e1vel pelos preparativos do edital, como estudos preliminares, elabora\u00e7\u00e3o do\u00a0<strong>projeto b\u00e1sico,\u00a0<\/strong>que funciona como um espelho do edital e contrata\u00e7\u00e3o da banca organizadora.<\/p>\n\n\n\n<p>A banca \u00e9 respons\u00e1vel por receber as inscri\u00e7\u00f5es em seu site, aplicar as etapas da sele\u00e7\u00e3o e realizar o\u00a0<strong>lan\u00e7amento do edital.<\/strong> <\/p>\n\n\n\n<h2 class=\"wp-block-heading\" id=\"concurso-tse-prev-vagas-para-tcnico-e-analista\">Concurso TSE prev\u00ea vagas para T\u00e9cnico e Analista!<\/h2>\n\n\n\n<p>Ser\u00e3o publicados<strong> dois editais, <\/strong>sendo um para T\u00e9cnico Judici\u00e1rio e um para Analista Judici\u00e1rio, com vagas para o TSE e para os Tribunais Regionais Eleitorais (TREs), que demonstrarem interesse em preencher os cargos vagos. As duas carreiras exigem <strong>n\u00edvel superior completo. <\/strong><\/p>\n\n\n\n<p>Em rela\u00e7\u00e3o a remunera\u00e7\u00e3o inicial, o presidente Luiz In\u00e1cio Lula da Silva sancionou a Lei 14.523\/2023, que concede\u00a0<strong>reajuste aos sal\u00e1rios\u00a0<\/strong>das carreiras que ser\u00e3o ofertadas, sendo:<\/p>\n\n\n\n<p><strong>T\u00e9cnico Judici\u00e1rio<\/strong><\/p>\n\n\n\n<ul class=\"wp-block-list\"><li>Fevereiro\n<ul class=\"wp-block-list\"><li>2023: R$ 9.220,34<\/li>\n\n\n\n<li>2024: R$ 9.773,58<\/li>\n\n\n\n<li>2025: R$ 10.372,70<\/li>\n<\/ul><\/li>\n<\/ul><p><\/p>\n\n\n\n<p><strong>Analista Judici\u00e1rio<\/strong><\/p>\n\n\n\n<ul class=\"wp-block-list\"><li>Fevereiro\n<ul class=\"wp-block-list\"><li>2023: R$ 15.128,00<\/li>\n\n\n\n<li>2024: R$ 16.035,69<\/li>\n\n\n\n<li>2025: R$ 17.018,67<\/li>\n<\/ul><\/li>\n<\/ul><p><\/p>\n\n\n\n<h2 class=\"wp-block-heading\" id=\"como-foi-o-ltimo-concurso-tse-unificado\">Como foi o \u00faltimo concurso TSE Unificado?<\/h2>\n\n\n\n<p>Realizado em 2006, o \u00faltimo concurso ofertou 804 vagas de Analista e T\u00e9cnico, com sal\u00e1rios iniciais que variavam entre R$ 2.415,66 e R$ 4.034,63, dependendo do cargo. S\u00e3o elas:<\/p>\n\n\n\n<p><strong>Analista e T\u00e9cnico<\/strong><\/p>\n\n\n\n<ul class=\"wp-block-list\"><li>TSE \u2013 280 vagas<\/li>\n\n\n\n<li>TRE\n<ul class=\"wp-block-list\"><li>RO \u2013 56 vagas<\/li>\n\n\n\n<li>AC \u2013 6 vagas<\/li>\n\n\n\n<li>RJ \u2013 435 vagas<\/li>\n\n\n\n<li>RR \u2013 24 vagas<\/li>\n<\/ul><\/li>\n<\/ul><p><\/p>\n\n\n\n<p>Os candidatos foram avaliados por meio de tr\u00eas etapas:<\/p>\n\n\n\n<ul class=\"wp-block-list\"><li>Prova objetiva;<\/li>\n\n\n\n<li>Prova discursiva;<\/li>\n\n\n\n<li>Avalia\u00e7\u00e3o de t\u00edtulos (somente para n\u00edvel superior).<\/li>\n<\/ul><p><\/p>\n\n\n\n<p>A prova objetiva consistiu em\u00a0<strong>120 quest\u00f5es\u00a0<\/strong>de m\u00faltipla escolha entre conte\u00fados de\u00a0Conhecimentos Gerais e Espec\u00edficos.<\/p>\n\n\n\n<p>Em contrapartida, a prova discursiva consistiu na elabora\u00e7\u00e3o de um texto narrativo, dissertativo ou descritivo, abordando temas atuais que deveria possuir,\u00a0<strong>no m\u00ednimo, 30 linhas<\/strong>.<\/p>\n\n\n\n<p>Posteriormente, os aprovados foram submetidos a avalia\u00e7\u00e3o de t\u00edtulos. Confira os crit\u00e9rios de avalia\u00e7\u00e3o!<\/p>\n\n\n\n<figure class=\"wp-block-image\"><img decoding=\"async\" src=\"https:\/\/www.novaconcursos.com.br\/portal\/wp-content\/uploads\/2023\/01\/t%C3%ADtulos-tse.png\" alt=\"\" class=\"wp-image-182615\" loading=\"lazy\" title=\"\"><\/figure><p><\/p>\n\n\n\n<p>Para acessar todos os detalhes do \u00faltimo edital,\u00a0<a href=\"http:\/\/www.cespe.unb.br\/concursos\/_antigos\/2006\/TSE2006\/arquivos\/ED_1_2006_TSE_ABT.PDF\" target=\"_blank\" rel=\"noreferrer noopener\">clique aqui!<\/a><\/p>","protected":false},"excerpt":{"rendered":"<p>A Resolu\u00e7\u00e3o n\u00ba 23.724 que estabelece normas gerais para a realiza\u00e7\u00e3o do concurso TSE Unificado foi aprovada, por unanimidade, na Sess\u00e3o Plen\u00e1ria do Tribunal Superior Eleitoral (TSE) e publicada no Di\u00e1rio Oficial. A medida partiu dos Tribunais Regionais Eleitorais (TREs), que forneceram informa\u00e7\u00f5es sobre as respectivas necessidades ao TSE. Confira! O texto substitui a Resolu\u00e7\u00e3o [&hellip;]<\/p>\n","protected":false},"author":54679,"featured_media":158763,"comment_status":"closed","ping_status":"closed","sticky":false,"template":"","format":"standard","meta":{"_acf_changed":false,"footnotes":"","_wp_rev_ctl_limit":""},"categories":[228],"tags":[],"class_list":["post-207895","post","type-post","status-publish","format-standard","has-post-thumbnail","hentry","category-noticias"],"acf":[],"_links":{"self":[{"href":"https:\/\/www.novaconcursos.com.br\/portal\/wp-json\/wp\/v2\/posts\/207895","targetHints":{"allow":["GET"]}}],"collection":[{"href":"https:\/\/www.novaconcursos.com.br\/portal\/wp-json\/wp\/v2\/posts"}],"about":[{"href":"https:\/\/www.novaconcursos.com.br\/portal\/wp-json\/wp\/v2\/types\/post"}],"author":[{"embeddable":true,"href":"https:\/\/www.novaconcursos.com.br\/portal\/wp-json\/wp\/v2\/users\/54679"}],"replies":[{"embeddable":true,"href":"https:\/\/www.novaconcursos.com.br\/portal\/wp-json\/wp\/v2\/comments?post=207895"}],"version-history":[{"count":9,"href":"https:\/\/www.novaconcursos.com.br\/portal\/wp-json\/wp\/v2\/posts\/207895\/revisions"}],"predecessor-version":[{"id":274101,"href":"https:\/\/www.novaconcursos.com.br\/portal\/wp-json\/wp\/v2\/posts\/207895\/revisions\/274101"}],"wp:featuredmedia":[{"embeddable":true,"href":"https:\/\/www.novaconcursos.com.br\/portal\/wp-json\/wp\/v2\/media\/158763"}],"wp:attachment":[{"href":"https:\/\/www.novaconcursos.com.br\/portal\/wp-json\/wp\/v2\/media?parent=207895"}],"wp:term":[{"taxonomy":"category","embeddable":true,"href":"https:\/\/www.novaconcursos.com.br\/portal\/wp-json\/wp\/v2\/categories?post=207895"},{"taxonomy":"post_tag","embeddable":true,"href":"https:\/\/www.novaconcursos.com.br\/portal\/wp-json\/wp\/v2\/tags?post=207895"}],"curies":[{"name":"wp","href":"https:\/\/api.w.org\/{rel}","templated":true}]}}