{"id":208005,"date":"2023-10-13T11:15:07","date_gmt":"2023-10-13T14:15:07","guid":{"rendered":"https:\/\/www.novaconcursos.com.br\/portal\/?p=208005"},"modified":"2024-11-13T14:00:44","modified_gmt":"2024-11-13T17:00:44","slug":"concurso-policia-penal-ce-iminente-800-vagas","status":"publish","type":"post","link":"https:\/\/www.novaconcursos.com.br\/portal\/noticias\/concurso-policia-penal-ce-iminente-800-vagas\/","title":{"rendered":"Concurso Pol\u00edcia Penal CE: Edital com 800 vagas \u00e9 iminente, informa secret\u00e1rio!"},"content":{"rendered":"<p>Sextou com boa not\u00edcia para os concurseiros da \u00e1rea Policial. O edital do pr\u00f3ximo <a href=\"https:\/\/www.novaconcursos.com.br\/portal\/concursos\/concurso-agepen-ce\/\">concurso Pol\u00edcia Penal CE<\/a> \u00e9 iminente!<\/p>\n\n\n\n<p>A informa\u00e7\u00e3o foi anunciada pelo secret\u00e1rio de Administra\u00e7\u00e3o Penitenci\u00e1ria do Cear\u00e1, Mauro Albuquerque, na \u00faltima quarta-feira, 11 de outubro, durante <a href=\"https:\/\/www.youtube.com\/watch?v=jg9tUlUmse0&amp;t=2250s\" target=\"_blank\" rel=\"noreferrer noopener\">entrevista<\/a> realizada ao jornal\u00a0<em>\u201cBoa Tarde, Nordeste\u201d<\/em>.\u00a0<\/p>\n\n\n\n<p>O entrave para a publica\u00e7\u00e3o do edital se deve em virtude da A\u00e7\u00e3o Direta de Inconstitucionalidade (ADI) 7333, que se manifesta de forma contr\u00e1ria ao limite de idade imposto pela Lei n\u00ba 17.388, que prev\u00ea limite de\u00a0<strong>34 anos, 11 meses e 29 dias<\/strong>\u00a0para ingressar na corpora\u00e7\u00e3o.<\/p>\n\n\n\n<blockquote class=\"wp-block-quote is-layout-flow wp-block-quote-is-layout-flow\">\n<p><em>\u201cO artigo 1\u00ba, par\u00e1grafo 2\u00ba, inciso IV, da Lei cearense 17.388\/2021 viola os princ\u00edpios da isonomia e da proporcionalidade, pois n\u00e3o haveria comprova\u00e7\u00e3o t\u00e9cnica minimamente consensual sobre a efic\u00e1cia, muito menos interesse p\u00fablico sobre o limite de idade para o concurso p\u00fablico da categoria. A seu ver, a regra afronta ainda dispositivo da Constitui\u00e7\u00e3o Federal (artigo 7\u00ba, inciso XXX) que prev\u00ea como direito dos trabalhadores a proibi\u00e7\u00e3o de crit\u00e9rio de admiss\u00e3o por motivo de idade\u201d,<\/em> diz trecho do documento.<\/p>\n<\/blockquote>\n\n\n\n<p><\/p>\n\n\n\n<p><\/p>\n\n\n\n<p>Estude para o concurso dos seus sonhos com o\u00a0<strong>M\u00e9todo<\/strong>\u00a0que j\u00e1 ajudou na\u00a0<strong>aprova\u00e7\u00e3o de mais de 70 mil alunos!<\/strong>\u00a0<a rel=\"noreferrer noopener\" href=\"https:\/\/aprovacao.novaconcursos.com.br\/assinatura?promo_creative=Clique+aqui&amp;promo_name=artigo&amp;promo_id=%2Fportal%2Fartigos%2Fcomo-foi-ultimo-concurso-policia-penal-ce&amp;promo_position=corpo-texto\" target=\"_blank\">Clique aqui<\/a>\u00a0\u00a0e saiba mais!<\/p>\n\n\n\n<h2 class=\"wp-block-heading\" id=\"concurso-polcia-penal-ce-prev-800-vagas\">Concurso Pol\u00edcia Penal CE prev\u00ea 800 vagas!<\/h2>\n\n\n\n<p>O\u00a0concurso Pol\u00edcia Penal CE\u00a0est\u00e1 sendo preparado para o provimento de\u00a0<strong>800 vagas<\/strong>, sendo 250 vagas imediatas e as demais oportunidades para forma\u00e7\u00e3o de cadastro reserva.<\/p>\n\n\n\n<p>A carreira exige apenas o n\u00edvel m\u00e9dio de forma\u00e7\u00e3o e oferece sal\u00e1rios iniciais de R$ 6.500,00.<\/p>\n\n\n\n<p>De acordo com o\u00a0secret\u00e1rio Mauro Albuquerque o concurso j\u00e1 est\u00e1 autorizado e tem\u00a0<strong>comiss\u00e3o formada.<\/strong> Dessa forma, resta apenas a defini\u00e7\u00e3o da banca para o lan\u00e7amento do edital.<\/p>\n\n\n\n<h2 class=\"wp-block-heading\" id=\"como-foi-o-ltimo-concurso-polcia-penal-ce\">Como foi o \u00faltimo concurso Pol\u00edcia Penal CE?<\/h2>\n\n\n\n<p>A \u00faltima sele\u00e7\u00e3o aconteceu em 2017 e ofereceu\u00a0<strong>1.000 vagas<\/strong>\u00a0para o cargo de\u00a0<strong>Agente Penitenci\u00e1rio<\/strong>, sendo 850 para candidatos do sexo masculino e 150 para o sexo feminino.<\/p>\n\n\n\n<p>Na ocasi\u00e3o, a banca organizadora foi o\u00a0<a href=\"https:\/\/institutoaocp.org.br\/\" target=\"_blank\" rel=\"noopener\">Instituto AOCP<\/a>\u00a0e avaliou os candidatos atrav\u00e9s das seguintes etapas:<\/p>\n\n\n\n<ul class=\"wp-block-list\"><li>Prova objetiva;<\/li>\n\n\n\n<li>Inspe\u00e7\u00e3o de Sa\u00fade:\u00a0exames m\u00e9dico, odontol\u00f3gico e toxicol\u00f3gico;<\/li>\n\n\n\n<li>Avalia\u00e7\u00e3o de Capacidade F\u00edsica;<\/li>\n\n\n\n<li>Avalia\u00e7\u00e3o Psicol\u00f3gica;<\/li>\n\n\n\n<li>Investiga\u00e7\u00e3o Social e Funcional;<\/li>\n\n\n\n<li>Curso de Forma\u00e7\u00e3o Profissional.<\/li>\n<\/ul><p><\/p>\n\n\n\n<p>A prova objetiva consistiu em<strong>\u00a060 quest\u00f5es<\/strong>\u00a0de m\u00faltipla escolha, sobre as disciplinas de:<\/p>\n\n\n\n<ul class=\"wp-block-list\"><li>L\u00edngua Portuguesa: 12 quest\u00f5es<\/li>\n\n\n\n<li>No\u00e7\u00f5es de Inform\u00e1tica: 6 quest\u00f5es<\/li>\n\n\n\n<li>No\u00e7\u00f5es de Direito: 10 quest\u00f5es<\/li>\n\n\n\n<li>Direitos Humanos e Cidadania: 10 quest\u00f5es<\/li>\n\n\n\n<li>Legisla\u00e7\u00e3o Especial: 10 quest\u00f5es<\/li>\n\n\n\n<li>Conhecimentos Espec\u00edficos: 12 quest\u00f5es<\/li>\n<\/ul><p><\/p>\n\n\n\n<p>Para ser\u00a0<strong>aprovado\u00a0<\/strong>foi necess\u00e1rio obter o m\u00ednimo de 50% de aproveitamento.<\/p>\n\n\n\n<p>Em seguida, os aprovados foram submetidos ao<strong>\u00a0Teste de Aptid\u00e3o F\u00edsica\u00a0<\/strong>(TAF), onde foi necess\u00e1rio realizar os seguintes exerc\u00edcios:<\/p>\n\n\n\n<ul class=\"wp-block-list\"><li>Salto em dist\u00e2ncia;<\/li>\n\n\n\n<li>Salto em altura;<\/li>\n\n\n\n<li>Corrida de 12 minutos.<\/li>\n<\/ul><p><\/p>\n\n\n\n<p>Por fim, os aprovados em todas as etapas realizaram o\u00a0<strong>Curso de Forma\u00e7\u00e3o Profissional<\/strong>, com dura\u00e7\u00e3o de 200 horas, onde a<strong>\u00a0grade curricular<\/strong>\u00a0abordou conte\u00fados adequados \u00e0 Matriz Curricular Nacional para a Educa\u00e7\u00e3o em Servi\u00e7os Penitenci\u00e1rios, do Departamento Penitenci\u00e1rio Nacional \u2013 DEPEN.<\/p>\n\n\n\n<p>Durante a etapa, os candidatos matriculados foram remunerados com uma\u00a0<strong>ajuda de custo<\/strong>\u00a0correspondente a 50% do valor do vencimento b\u00e1sico do cargo.<\/p>\n\n\n\n<p>As oportunidades foram distribu\u00eddas entre as seguintes\u00a0<strong>microrregi\u00f5es:<\/strong><\/p>\n\n\n\n<ul class=\"wp-block-list\"><li>Regi\u00e3o metropolitana de Fortaleza;<\/li>\n\n\n\n<li>Litoral Oeste;<\/li>\n\n\n\n<li>Sobral\/Ibiapaba;<\/li>\n\n\n\n<li>Sert\u00e3o dos Inhamuns;<\/li>\n\n\n\n<li>Sert\u00e3o Central;<\/li>\n\n\n\n<li>Baturit\u00e9;<\/li>\n\n\n\n<li>Litoral Leste\/Jaguaribe;<\/li>\n\n\n\n<li>Cariri\/Centro Sul.<\/li>\n<\/ul>","protected":false},"excerpt":{"rendered":"<p>Sextou com boa not\u00edcia para os concurseiros da \u00e1rea Policial. O edital do pr\u00f3ximo concurso Pol\u00edcia Penal CE \u00e9 iminente! A informa\u00e7\u00e3o foi anunciada pelo secret\u00e1rio de Administra\u00e7\u00e3o Penitenci\u00e1ria do Cear\u00e1, Mauro Albuquerque, na \u00faltima quarta-feira, 11 de outubro, durante entrevista realizada ao jornal\u00a0\u201cBoa Tarde, Nordeste\u201d.\u00a0 O entrave para a publica\u00e7\u00e3o do edital se deve [&hellip;]<\/p>\n","protected":false},"author":54679,"featured_media":160845,"comment_status":"closed","ping_status":"closed","sticky":false,"template":"","format":"standard","meta":{"_acf_changed":false,"footnotes":"","_wp_rev_ctl_limit":""},"categories":[228],"tags":[],"class_list":["post-208005","post","type-post","status-publish","format-standard","has-post-thumbnail","hentry","category-noticias"],"acf":[],"_links":{"self":[{"href":"https:\/\/www.novaconcursos.com.br\/portal\/wp-json\/wp\/v2\/posts\/208005","targetHints":{"allow":["GET"]}}],"collection":[{"href":"https:\/\/www.novaconcursos.com.br\/portal\/wp-json\/wp\/v2\/posts"}],"about":[{"href":"https:\/\/www.novaconcursos.com.br\/portal\/wp-json\/wp\/v2\/types\/post"}],"author":[{"embeddable":true,"href":"https:\/\/www.novaconcursos.com.br\/portal\/wp-json\/wp\/v2\/users\/54679"}],"replies":[{"embeddable":true,"href":"https:\/\/www.novaconcursos.com.br\/portal\/wp-json\/wp\/v2\/comments?post=208005"}],"version-history":[{"count":5,"href":"https:\/\/www.novaconcursos.com.br\/portal\/wp-json\/wp\/v2\/posts\/208005\/revisions"}],"predecessor-version":[{"id":260857,"href":"https:\/\/www.novaconcursos.com.br\/portal\/wp-json\/wp\/v2\/posts\/208005\/revisions\/260857"}],"wp:featuredmedia":[{"embeddable":true,"href":"https:\/\/www.novaconcursos.com.br\/portal\/wp-json\/wp\/v2\/media\/160845"}],"wp:attachment":[{"href":"https:\/\/www.novaconcursos.com.br\/portal\/wp-json\/wp\/v2\/media?parent=208005"}],"wp:term":[{"taxonomy":"category","embeddable":true,"href":"https:\/\/www.novaconcursos.com.br\/portal\/wp-json\/wp\/v2\/categories?post=208005"},{"taxonomy":"post_tag","embeddable":true,"href":"https:\/\/www.novaconcursos.com.br\/portal\/wp-json\/wp\/v2\/tags?post=208005"}],"curies":[{"name":"wp","href":"https:\/\/api.w.org\/{rel}","templated":true}]}}