{"id":208384,"date":"2023-10-18T11:35:21","date_gmt":"2023-10-18T14:35:21","guid":{"rendered":"https:\/\/www.novaconcursos.com.br\/portal\/?p=208384"},"modified":"2025-04-09T16:59:04","modified_gmt":"2025-04-09T19:59:04","slug":"concurso-nacional-unificado-banca-sera-definida-ainda-em-outubro","status":"publish","type":"post","link":"https:\/\/www.novaconcursos.com.br\/portal\/noticias\/concurso-nacional-unificado-banca-sera-definida-ainda-em-outubro\/","title":{"rendered":"Concurso Nacional Unificado: Banca ser\u00e1 definida ainda em outubro!"},"content":{"rendered":"<p>Urgente! Em entrevista ao\u00a0<em>Bom dia, Ministra!<\/em>, no CanalGov, a ministra de Gest\u00e3o e Inova\u00e7\u00e3o em Servi\u00e7os P\u00fablicos, Esther Dweck, afirmou que a banca do <a href=\"https:\/\/www.novaconcursos.com.br\/portal\/concursos\/concurso-unificado-nacional\/\">Concurso Nacional Unificado<\/a> ser\u00e1 definida <strong>ainda em outubro!<\/strong><\/p>\n\n\n\n<p>De acordo com ela, o termo de refer\u00eancia, que funciona como um espelho do edital j\u00e1 foi enviado para as bancas organizadoras interessadas.<\/p>\n\n\n\n<p>Pra quem n\u00e3o sabe, a banca organizadora \u00e9 respons\u00e1vel pelas inscri\u00e7\u00f5es do concurso, pelas etapas avaliativas, aplica\u00e7\u00e3o das provas e pela <strong>publica\u00e7\u00e3o do edital.<\/strong><\/p>\n\n\n\n<p><\/p>\n\n\n\n<h2 class=\"wp-block-heading\" id=\"o-que-o-concurso-nacional-unificado\">O que \u00e9 o Concurso Nacional Unificado?<\/h2>\n\n\n\n<p>O concurso Unificado \u00e9 uma proposta do Minist\u00e9rio da Gest\u00e3o e Inova\u00e7\u00e3o (MGI),\u00a0para preencher quase\u00a0<strong>8 mil vagas autorizadas<\/strong>\u00a0em cerca de 50 \u00f3rg\u00e3os do executivo federal, por meio de um \u00fanico concurso.<\/p>\n\n\n\n<p>De acordo com o governo, o objetivo \u00e9<strong>\u00a0democratizar o acesso \u00e0s vagas<\/strong>\u00a0e dar oportunidades para locais que n\u00e3o costumam receber a aplica\u00e7\u00e3o de provas.<\/p>\n\n\n\n<p><em>\u201cEste projeto \u00e9 inovador e ousado.\u00a0Com isso,\u00a0criamos\u00a0um crit\u00e9rio de justi\u00e7a de acesso \u00e0s vagas p\u00fablicas como nunca ocorreu antes na hist\u00f3ria do Brasil\u201d<\/em>, afirmou o secret\u00e1rio.<\/p>\n\n\n\n<p>At\u00e9 o momento, foram confirmados 22 \u00f3rg\u00e3os e minist\u00e9rios, sendo:<\/p>\n\n\n\n<ul class=\"wp-block-list\"><li>IBGE (Instituto Brasileiro de Geografia e Estat\u00edstica): 895 vagas<\/li>\n\n\n\n<li>Funai (Funda\u00e7\u00e3o Nacional dos Povos Ind\u00edgenas): 502 vagas<\/li>\n\n\n\n<li>Incra (Instituto Nacional de Coloniza\u00e7\u00e3o e Reforma Agr\u00e1ria): 742 vagas<\/li>\n\n\n\n<li>Mapa (Minist\u00e9rio da Agricultura e Pecu\u00e1ria): 440 vagas<\/li>\n\n\n\n<li>Inmet (Instituto Nacional de Meteorologia): 80 vagas<\/li>\n\n\n\n<li>MTE (Minist\u00e9rio do Trabalho e Emprego): 900 vagas<\/li>\n\n\n\n<li>Minist\u00e9rio da Sa\u00fade: 220 vagas<\/li>\n\n\n\n<li>AGU (Advocacia Geral da Uni\u00e3o): 400 vagas<\/li>\n\n\n\n<li>Previc (Superintend\u00eancia Nacional de Previd\u00eancia Complementar): 40 vagas<\/li>\n\n\n\n<li>Aneel (Ag\u00eancia Nacional de Energia El\u00e9trica): 40 vagas<\/li>\n\n\n\n<li>Antaq (Ag\u00eancia Nacional de Transportes Aquavi\u00e1rios): 30 vagas<\/li>\n\n\n\n<li>ANS (Ag\u00eancia Nacional de Sa\u00fade Suplementar): 35 vagas<\/li>\n\n\n\n<li>MDIC (Minist\u00e9rio do Desenvolvimento, Ind\u00fastria, Com\u00e9rcio e Servi\u00e7os): 110 vagas<\/li>\n\n\n\n<li>MCTI em partes (Minist\u00e9rio da Ci\u00eancia, Tecnologia e Inova\u00e7\u00e3o): 296 vagas<\/li>\n\n\n\n<li>MJSP (Minist\u00e9rio da Justi\u00e7a e Seguran\u00e7a P\u00fablica): 130 vagas<\/li>\n\n\n\n<li>MinC (Minist\u00e9rio da Cultura): 50 vagas<\/li>\n\n\n\n<li>MEC (Minist\u00e9rio da Educa\u00e7\u00e3o): 70 vagas para ATPS<\/li>\n\n\n\n<li>MDHC (Minist\u00e9rio dos Direitos Humanos e da Cidadania): 40 vagas<\/li>\n\n\n\n<li>MPI (Minist\u00e9rio dos Povos Ind\u00edgenas): 30 vagas<\/li>\n\n\n\n<li>MPO (Minist\u00e9rio do Planejamento e Or\u00e7amento): 60 vagas<\/li>\n\n\n\n<li>MGI (Minist\u00e9rio da Gest\u00e3o e Inova\u00e7\u00e3o em Servi\u00e7os P\u00fablicos) e as carreiras transversais: 1.480 vagas<\/li>\n\n\n\n<li>Inep (Instituto Nacional de Estudos e Pesquisas Educacionais An\u00edsio Teixeira): 50 vagas<\/li>\n<\/ul><p><\/p>\n\n\n\n<p>As oportunidades s\u00e3o de n\u00edvel m\u00e9dio e superior, com sal\u00e1rios iniciais de at\u00e9 R$ 23.579,71 ? e ser\u00e3o distribu\u00eddas em\u00a0<strong>oito blocos tem\u00e1ticos,<\/strong>\u00a0divididos por atua\u00e7\u00e3o governamental, s\u00e3o eles:<\/p>\n\n\n\n<ul class=\"wp-block-list\"><li>Administra\u00e7\u00e3o e Finan\u00e7as P\u00fablicas;<\/li>\n\n\n\n<li>Setores Econ\u00f4mico, Infraestrutura e Regula\u00e7\u00e3o;<\/li>\n\n\n\n<li>Agricultura, Meio Ambiente e Desenvolvimento Agr\u00e1rio;<\/li>\n\n\n\n<li>Educa\u00e7\u00e3o, Ci\u00eancia, Tecnologia e Inova\u00e7\u00e3o;<\/li>\n\n\n\n<li>Pol\u00edticas Sociais; Justi\u00e7a e Sa\u00fade;<\/li>\n\n\n\n<li>Trabalho e Previd\u00eancia;<\/li>\n\n\n\n<li>Dados, Tecnologia e Informa\u00e7\u00e3o P\u00fablica;<\/li>\n\n\n\n<li>N\u00edvel intermedi\u00e1rio.<\/li>\n<\/ul><p><\/p>\n\n\n\n<h2 class=\"wp-block-heading\" id=\"qual-banca-ser-a-responsvel-pelo-concurso-nacional-unificado\">Qual banca ser\u00e1 a respons\u00e1vel pelo Concurso Nacional Unificado?<\/h2>\n\n\n\n<p>Conhe\u00e7a o perfil de algumas bancas que costumam realizar concursos de n\u00edvel nacional:<\/p>\n\n\n\n<p><strong>Cebraspe<\/strong> ?<\/p>\n\n\n\n<p>A <a href=\"https:\/\/www.cebraspe.org.br\/concursos\/\" target=\"_blank\" rel=\"noreferrer noopener\">banca<\/a> costuma adotar um modelo de prova diferente das demais, onde as quest\u00f5es aparecem em formato de frases e precisam ser julgadas como certas ou erradas.<\/p>\n\n\n\n<p>Al\u00e9m disso, cada erro cometido anula um acerto. Dessa forma, se o candidato acertar 75 quest\u00f5es e errar 75 quest\u00f5es em uma prova com 150 quest\u00f5es, sua pontua\u00e7\u00e3o ser\u00e1 0. Ou seja, \u00e9 uma prova que demanda extrema concentra\u00e7\u00e3o. <\/p>\n\n\n\n<p>S\u00e3o algumas de suas caracter\u00edsticas:<\/p>\n\n\n\n<ul class=\"wp-block-list\"><li>Divis\u00e3o de disciplinas: o Cebraspe n\u00e3o costuma dividir o exame por quantidade de quest\u00f5es em cada disciplina. Portanto quando for fazer sua prova, voc\u00ea n\u00e3o saber\u00e1 exatamente a quantidade de quest\u00f5es de L\u00edngua Portuguesa ou Direito. \u00c9 sempre uma surpresa.<\/li>\n\n\n\n<li>Mistura de disciplinas: a quest\u00e3o 1 pode ser de Matem\u00e1tica, a 2 de L\u00edngua Portuguesa e a 3 de L\u00edngua Estrangeira, por exemplo. Nunca se sabe a ordem, nem as divis\u00f5es.<\/li>\n\n\n\n<li>Prioridade pela teoria: a banca prioriza quest\u00f5es mais te\u00f3ricas, inclusive em provas voltadas para os temas de Exatas, como Contabilidade e Economia.<\/li>\n\n\n\n<li>Pegadinhas: um dos principais motivos do temor dos concurseiros s\u00e3o as pegadinhas, ou seja, quest\u00f5es f\u00e1ceis de errar.<\/li>\n<\/ul><p>A <a href=\"https:\/\/conhecimento.fgv.br\/concursos\" target=\"_blank\" rel=\"noreferrer noopener\">banca<\/a> \u00e9 considerada uma banca <strong>dif\u00edcil de prever<\/strong>, pois suas provas costumam ser cheias de <strong>particularidades<\/strong> e <strong>exce\u00e7\u00f5es<\/strong> para cada uma das disciplinas e de acordo com cada \u00f3rg\u00e3o contratante, no entanto, existem pontos vitais da banca. <\/p>\n\n\n\n<p>S\u00e3o algumas de suas caracter\u00edsticas:<\/p>\n\n\n\n<ul class=\"wp-block-list\"><li>Modelo de quest\u00f5es: m\u00faltipla escolha, geralmente organizada em 5 itens;<\/li>\n\n\n\n<li>N\u00edvel de cobran\u00e7a: bem nivelado de acordo com o tipo de prova. Ainda assim, costuma ser reconhecida como uma banca examinadora complexa para os candidatos.<\/li>\n\n\n\n<li>Distribui\u00e7\u00e3o de conhecimentos do edital: costuma abranger todo o edital, ainda que o n\u00famero de quest\u00f5es para cada assunto varie.<\/li>\n\n\n\n<li>Quantidade m\u00e9dia de quest\u00f5es: 70 a 80 quest\u00f5es.<\/li>\n\n\n\n<li>Enunciados: longos e complexos, com a utiliza\u00e7\u00e3o de termos t\u00e9cnicos e metaf\u00f3ricos.<\/li>\n\n\n\n<li>Prova discursiva: pode ser estruturada em modelo de quest\u00f5es, com o m\u00e1ximo de 60 linhas para cada pergunta. Tamb\u00e9m pode incluir reda\u00e7\u00f5es sobre t\u00f3picos contempor\u00e2neos, fortemente associados \u00e0 pol\u00edtica e economia.<\/li>\n\n\n\n<li>\n<\/ul><p><\/p>\n\n\n\n<p>A <a href=\"https:\/\/www.vunesp.com.br\/\" target=\"_blank\" rel=\"noreferrer noopener\">Vunesp<\/a> \u00e9 reconhecida como uma banca bastante tradicional e at\u00e9 mesmo f\u00e1cil. Entretanto, \u00e9 preciso ficar de olho em suas<strong> pegadinhas.<\/strong><\/p>\n\n\n\n<p>Criada em 1979 pelo Conselho Universit\u00e1rio da Universidade Estadual Paulista (UNESP), a Vunesp \u00e9 respons\u00e1vel pela organiza\u00e7\u00e3o de seus vestibulares desde ent\u00e3o.<\/p>\n\n\n\n<p>\u00c9 conhecida por apresentar um<strong> grau de dificuldade m\u00e9dio<\/strong>, se comparado com outras bancas como a FGV, FCC e o Cebraspe.<\/p>\n\n\n\n<p>Al\u00e9m disso, costuma cobrar <strong>quest\u00f5es de m\u00faltipla escolha,<\/strong> com cinco alternativas cada e apenas uma resposta correta, sendo L\u00edngua Portuguesa uma das mat\u00e9rias com maior peso.<\/p>\n\n\n\n<p>Por ter um perfil ainda em evolu\u00e7\u00e3o, n\u00e3o possui muitas doutrinas e costuma cobrar lei seca e todo o conte\u00fado previsto no edital.<\/p>\n\n\n\n<ul class=\"wp-block-list\"><li><strong>Adquira: <\/strong><a href=\"https:\/\/www.novaconcursos.com.br\/livro\/1000-questoes-gabaritadas-vunesp?q=vunesp\">Livro 1.000 Quest\u00f5es Gabaritadas da Vunesp<\/a> <\/li>\n<\/ul><p>A <a href=\"https:\/\/www.concursosfcc.com.br\/concursos\/mpepb123\/index.html\" target=\"_blank\" rel=\"noopener\">FCC<\/a> (Funda\u00e7\u00e3o Carlos Chagas) \u00e9 conhecida por entregar uma <strong>dificuldade m\u00e9dia <\/strong>em suas provas, com literalidade nas perguntas, enunciados curtos, poucas pegadinhas e poucas quest\u00f5es interdisciplinares.<\/p>\n\n\n\n<p>As quest\u00f5es s\u00e3o de m\u00faltipla escolha, distribu\u00eddas em cinco alternativas, contendo apenas uma \u00fanica resposta correta ou errada.<\/p>\n\n\n\n<p>Por\u00e9m, vale se atendar as disciplinas de <strong>jurisprud\u00eancia<\/strong>, que exigem tanto literalidade da lei quanto sua aplica\u00e7\u00e3o em casos pr\u00e1ticos. Por isso, costumam desequilibrar at\u00e9 candidatos bem preparados.<\/p>\n\n\n\n<p>Outro ponto para ficar de olho \u00e9 o tempo de prova. A administra\u00e7\u00e3o do tempo \u00e9 um elemento de muita dificuldade na FCC, por isso, \u00e9 importante escolher quais quest\u00f5es resolver primeiro.<\/p>\n\n\n\n<ul class=\"wp-block-list\"><li><strong>Adquira: <\/strong><a href=\"https:\/\/www.novaconcursos.com.br\/livro\/1000-questoes-gabaritadas-fcc?q=fcc\">Livro 1.000 Quest\u00f5es Gabaritadas FCC <\/a> ??<\/li>\n<\/ul><p><\/p>\n\n\n\n<p>E a\u00ed, qual sugest\u00e3o ou qual banca voc\u00ea gostaria que ficasse a frente do Concurso Nacional Unificado<\/p>","protected":false},"excerpt":{"rendered":"<p>Urgente! Em entrevista ao\u00a0Bom dia, Ministra!, no CanalGov, a ministra de Gest\u00e3o e Inova\u00e7\u00e3o em Servi\u00e7os P\u00fablicos, Esther Dweck, afirmou que a banca do Concurso Nacional Unificado ser\u00e1 definida ainda em outubro! De acordo com ela, o termo de refer\u00eancia, que funciona como um espelho do edital j\u00e1 foi enviado para as bancas organizadoras interessadas. [&hellip;]<\/p>\n","protected":false},"author":54679,"featured_media":205351,"comment_status":"closed","ping_status":"closed","sticky":false,"template":"","format":"standard","meta":{"_acf_changed":false,"footnotes":"","_wp_rev_ctl_limit":""},"categories":[228],"tags":[],"class_list":["post-208384","post","type-post","status-publish","format-standard","has-post-thumbnail","hentry","category-noticias"],"acf":[],"_links":{"self":[{"href":"https:\/\/www.novaconcursos.com.br\/portal\/wp-json\/wp\/v2\/posts\/208384","targetHints":{"allow":["GET"]}}],"collection":[{"href":"https:\/\/www.novaconcursos.com.br\/portal\/wp-json\/wp\/v2\/posts"}],"about":[{"href":"https:\/\/www.novaconcursos.com.br\/portal\/wp-json\/wp\/v2\/types\/post"}],"author":[{"embeddable":true,"href":"https:\/\/www.novaconcursos.com.br\/portal\/wp-json\/wp\/v2\/users\/54679"}],"replies":[{"embeddable":true,"href":"https:\/\/www.novaconcursos.com.br\/portal\/wp-json\/wp\/v2\/comments?post=208384"}],"version-history":[{"count":11,"href":"https:\/\/www.novaconcursos.com.br\/portal\/wp-json\/wp\/v2\/posts\/208384\/revisions"}],"predecessor-version":[{"id":278638,"href":"https:\/\/www.novaconcursos.com.br\/portal\/wp-json\/wp\/v2\/posts\/208384\/revisions\/278638"}],"wp:featuredmedia":[{"embeddable":true,"href":"https:\/\/www.novaconcursos.com.br\/portal\/wp-json\/wp\/v2\/media\/205351"}],"wp:attachment":[{"href":"https:\/\/www.novaconcursos.com.br\/portal\/wp-json\/wp\/v2\/media?parent=208384"}],"wp:term":[{"taxonomy":"category","embeddable":true,"href":"https:\/\/www.novaconcursos.com.br\/portal\/wp-json\/wp\/v2\/categories?post=208384"},{"taxonomy":"post_tag","embeddable":true,"href":"https:\/\/www.novaconcursos.com.br\/portal\/wp-json\/wp\/v2\/tags?post=208384"}],"curies":[{"name":"wp","href":"https:\/\/api.w.org\/{rel}","templated":true}]}}