{"id":208762,"date":"2023-10-20T12:19:30","date_gmt":"2023-10-20T15:19:30","guid":{"rendered":"https:\/\/www.novaconcursos.com.br\/portal\/?p=208762"},"modified":"2023-10-20T12:19:33","modified_gmt":"2023-10-20T15:19:33","slug":"concurso-trt-sc-12a-regiao-provas-2210-estao-confirmadas","status":"publish","type":"post","link":"https:\/\/www.novaconcursos.com.br\/portal\/noticias\/concurso-trt-sc-12a-regiao-provas-2210-estao-confirmadas\/","title":{"rendered":"Concurso TRT SC-12\u00aa regi\u00e3o: Provas do pr\u00f3ximo domingo (22) est\u00e3o confirmadas?"},"content":{"rendered":"<p>As provas do <a href=\"https:\/\/www.novaconcursos.com.br\/portal\/concursos\/concurso-trt-sc-12a-regiao\/\">concurso TRT SC-12\u00aa regi\u00e3o<\/a> est\u00e3o oficialmente confirmadas para o pr\u00f3ximo domingo (22), inclusive, a Funda\u00e7\u00e3o Carlos Chagas j\u00e1 emitiu o<strong> edital de convoca\u00e7\u00e3o <\/strong>para as provas com v\u00e1rias informa\u00e7\u00f5es.<\/p>\n\n\n\n<p>De acordo com a <a href=\"https:\/\/www.concursosfcc.com.br\/concursos\/trt12123\/index.html\" target=\"_blank\" rel=\"noopener\">banca,<\/a> foram registradas 43.801 candidaturas na ampla concorr\u00eancia, 6.431 candidaturas na reserva de vagas para negros e 1.445 candidaturas na reserva de vagas para pessoas com defici\u00eancia.<\/p>\n\n\n\n<p>As carreiras com maior n\u00famero de inscritos s\u00e3o Analista Judici\u00e1rio \u2013 \u00c1rea Judici\u00e1ria, com 12.401 candidaturas, ao todo, e T\u00e9cnico Judici\u00e1rio \u2013 \u00c1rea Administrativa, com 17.222 candidaturas, ao todo.<\/p>\n\n\n\n<p>Acesse a <strong>demanda por vaga<\/strong> na \u00edntegra: <a href=\"https:\/\/www.concursosfcc.com.br\/concursos\/trt12123\/trt12123_estatistica_inscritos.pdf\" target=\"_blank\" rel=\"noreferrer noopener\">Ampla Concorr\u00eancia<\/a> | <a href=\"https:\/\/www.concursosfcc.com.br\/concursos\/trt12123\/trt12123_estatistica_inscritos_negros.pdf\" target=\"_blank\" rel=\"noreferrer noopener\">Negros<\/a> | <a href=\"https:\/\/www.concursosfcc.com.br\/concursos\/trt12123\/trt12123_estatistica_inscritos_pcd.pdf\" target=\"_blank\" rel=\"noreferrer noopener\">PCD<\/a><\/p>\n\n\n\n<ul class=\"wp-block-list\"><li><strong>Confira:\u00a0<\/strong><a href=\"https:\/\/www.novaconcursos.com.br\/livro\/1000-questoes-gabaritadas-fcc?promo_creative=Livro+1.000+Quest%C3%B5es+Gabaritadas+FCC&amp;promo_name=noticia&amp;promo_id=%2Fportal%2Fnoticias%2Fconcurso-trt-sc-inscricoes-abertas-confira&amp;promo_position=corpo-texto\">Livro 1.000 Quest\u00f5es Gabaritadas FCC<\/a><\/li>\n\n\n\n<li><strong>Confira:\u00a0<\/strong><a href=\"https:\/\/www.novaconcursos.com.br\/curso-online\/curso-trt-12-regiao-tecnico-judiciario-area-administrativa?promo_creative=Curso+Online+TRT+12%C2%AA+Regi%C3%A3o+%26%238211%3B+T%C3%A9cnico+Judici%C3%A1rio+%E2%80%93+%C3%81rea+Administrativa&amp;promo_name=noticia&amp;promo_id=%2Fportal%2Fnoticias%2Fconcurso-trt-sc-inscricoes-abertas-confira&amp;promo_position=corpo-texto\">Curso Online TRT 12\u00aa Regi\u00e3o \u2013 T\u00e9cnico Judici\u00e1rio \u2013 \u00c1rea Administrativa<\/a><\/li>\n<\/ul><p><\/p>\n\n\n\n<p>Estude para o concurso dos seus sonhos com o\u00a0<strong>M\u00e9todo<\/strong>\u00a0que j\u00e1 ajudou na\u00a0<strong>aprova\u00e7\u00e3o de mais de 70 mil alunos.<\/strong>\u00a0<a href=\"https:\/\/aprovacao.novaconcursos.com.br\/assinatura?promo_creative=Clique+aqui&amp;promo_name=noticia&amp;promo_id=%2Fportal%2Fnoticias%2Flocais-de-prova-do-concurso-see-mg-passam-por-atualizacoes&amp;promo_position=corpo-texto\" target=\"_blank\" rel=\"noreferrer noopener\">Clique aqui<\/a>\u00a0\u00a0e saiba mais!<\/p>\n\n\n\n<h2 class=\"wp-block-heading\" id=\"o-que-diz-o-edital-de-convocao-para-as-provas-do-concurso-tr\">O que diz o edital de convoca\u00e7\u00e3o para as provas do concurso TRT SC-12\u00aa regi\u00e3o?<\/h2>\n\n\n\n<p>O agravamento das chuvas na regi\u00e3o das provas poderia acarretar o adiamento do exame, entretanto, em comunicado emitido em suas <a href=\"https:\/\/www.instagram.com\/p\/CymG_rjArkh\/?utm_source=ig_embed&amp;ig_rid=c0670a71-b0bb-41b2-8c38-01f6a26cf941\" target=\"_blank\" rel=\"noreferrer noopener\">redes sociais,<\/a> o TRT SC afirmou que n\u00e3o h\u00e1 impossibilidade de acesso as cidades e as escolas est\u00e3o preparadas para receber os candidatos.<\/p>\n\n\n\n<p><em>\u201cA Comiss\u00e3o de Concurso do Tribunal Regional do Trabalho da 12\u00aa Regi\u00e3o refor\u00e7a que a Funda\u00e7\u00e3o Carlos Chagas continua monitorando a situa\u00e7\u00e3o dos col\u00e9gios onde ser\u00e3o aplicadas as provas do concurso p\u00fablico regido pelo Edital n\u00ba 1\/2023 e que os coordenadores locais j\u00e1 est\u00e3o alocados nas respectivas cidades, atestando que n\u00e3o h\u00e1 impossibilidade de acesso tanto \u00e0s cidades, quanto \u00e0s escolas, que est\u00e3o em condi\u00e7\u00f5es de receber os candidatos. Dessa forma, est\u00e1 mantida a data prevista em cronograma para a realiza\u00e7\u00e3o das provas. Quaisquer eventuais altera\u00e7\u00f5es ser\u00e3o realizadas por meio de Edital, a ser disponibilizado no Di\u00e1rio Eletr\u00f4nico da Justi\u00e7a do Trabalho e no site da Funda\u00e7\u00e3o Carlos Chagas.\u201d<\/em>, garantiu o TRT SC.<\/p>\n\n\n\n<p><\/p>\n\n\n\n<p>Conforme consta no edital de convoca\u00e7\u00e3o, as provas ser\u00e3o aplicadas nas cidades de Blumenau, Chapec\u00f3, Crici\u00fama, Florian\u00f3polis, Itaja\u00ed, Joa\u00e7aba, Joinville, Lages, Mafra e Tubar\u00e3o, nos seguintes turnos:<\/p>\n\n\n\n<p><strong>Manh\u00e3<\/strong><\/p>\n\n\n\n<ul class=\"wp-block-list\"><li>Hor\u00e1rio de Apresenta\u00e7\u00e3o: 8h00<\/li>\n\n\n\n<li>Hor\u00e1rio de Fechamento dos Port\u00f5es: 8h30min<\/li>\n<\/ul><p><\/p>\n\n\n\n<figure class=\"wp-block-image size-full\"><a href=\"https:\/\/www.novaconcursos.com.br\/portal\/wp-content\/uploads\/2023\/10\/manha.png\"><img decoding=\"async\" width=\"761\" height=\"352\" src=\"https:\/\/www.novaconcursos.com.br\/portal\/wp-content\/uploads\/2023\/10\/manha.png\" alt=\"\" class=\"wp-image-208767\" loading=\"lazy\" title=\"\" srcset=\"https:\/\/www.novaconcursos.com.br\/portal\/wp-content\/uploads\/2023\/10\/manha-300x139.png 300w, https:\/\/www.novaconcursos.com.br\/portal\/wp-content\/uploads\/2023\/10\/manha.png 761w\" sizes=\"auto, (max-width: 480px) 100vw, (max-width: 768px) 100vw, (max-width: 1200px) 70vw, 768px\"><\/a><figcaption><\/figcaption><\/figure><p><\/p>\n\n\n\n<p><strong>Tarde<\/strong><\/p>\n\n\n\n<ul class=\"wp-block-list\"><li>Hor\u00e1rio de Apresenta\u00e7\u00e3o: 14h30min<\/li>\n\n\n\n<li>Hor\u00e1rio de Fechamento dos Port\u00f5es: 15h00<\/li>\n<\/ul><p><\/p>\n\n\n\n<figure class=\"wp-block-image size-full\"><a href=\"https:\/\/www.novaconcursos.com.br\/portal\/wp-content\/uploads\/2023\/10\/tarde.png\"><img decoding=\"async\" width=\"765\" height=\"273\" src=\"https:\/\/www.novaconcursos.com.br\/portal\/wp-content\/uploads\/2023\/10\/tarde.png\" alt=\"\" class=\"wp-image-208770\" loading=\"lazy\" title=\"\" srcset=\"https:\/\/www.novaconcursos.com.br\/portal\/wp-content\/uploads\/2023\/10\/tarde-300x107.png 300w, https:\/\/www.novaconcursos.com.br\/portal\/wp-content\/uploads\/2023\/10\/tarde.png 765w\" sizes=\"auto, (max-width: 480px) 100vw, (max-width: 768px) 100vw, (max-width: 1200px) 70vw, 768px\"><\/a><figcaption><\/figcaption><\/figure><p><\/p>\n\n\n\n<p>O cart\u00e3o informativo com o local de prova ser\u00e1 enviado por e-mail e disponibilizado no site da banca para <strong>consulta individual.<\/strong><\/p>\n\n\n\n<p>Os candidatos dever\u00e3o comparecer ao local de prova munidos do documento de identidade e ser\u00e3o proibidos de utilizar aparelhos eletr\u00f4nicos de qualquer natureza.<\/p>\n\n\n\n<p>Para acessar o edital de convoca\u00e7\u00e3o na \u00edntegra, <a href=\"https:\/\/www.concursosfcc.com.br\/concursos\/trt12123\/edital_6_convocacao_objetiva_e_discursiva_trt12.docx.pdf\" target=\"_blank\" rel=\"noreferrer noopener\">clique aqui!<\/a><\/p>\n\n\n\n<h2 class=\"wp-block-heading\" id=\"como-sero-as-provas-do-concurso-trt-sc12-regio\">Como ser\u00e3o as provas do concurso TRT SC-12\u00aa regi\u00e3o?<\/h2>\n\n\n\n<p>As provas objetivas ser\u00e3o compostas de<strong>\u00a060 quest\u00f5es de m\u00faltipla escolha,<\/strong>\u00a0sendo 20 quest\u00f5es de conhecimentos gerais, com peso 1 e 40 quest\u00f5es de conhecimentos espec\u00edficos, com peso 3.<\/p>\n\n\n\n<p>Os interessados nas carreiras de Analista Judici\u00e1rio da \u00c1rea Judici\u00e1ria, Administrativa, Oficial de Justi\u00e7a e nas carreiras de T\u00e9cnico Judici\u00e1rio da \u00c1rea Administrativa ainda realizar\u00e3o a prova discursiva, composta por uma reda\u00e7\u00e3o.<\/p>\n\n\n\n<h2 class=\"wp-block-heading\" id=\"vagas-cargos-e-salrios\">Vagas, cargos e sal\u00e1rios<\/h2>\n\n\n\n<p>O edital do concurso Tribunal Regional do Trabalho da 12\u00aa Regi\u00e3o est\u00e1 ofertando vagas para<strong>\u00a0forma\u00e7\u00e3o de um cadastro reserva\u00a0<\/strong>para os cargos de T\u00e9cnico Judici\u00e1rio e Analista Judici\u00e1rio, distribu\u00eddas entre as seguintes especialidades:<\/p>\n\n\n\n<ul class=\"wp-block-list\"><li>Analista Judici\u00e1rio\n<ul class=\"wp-block-list\"><li>\u00c1rea Administrativa;<\/li>\n\n\n\n<li>Oficial de Justi\u00e7a Avaliador Federal;<\/li>\n\n\n\n<li>\u00c1rea Judici\u00e1ria;<\/li>\n\n\n\n<li>Contabilidade;<\/li>\n\n\n\n<li>Medicina do Trabalho;<\/li>\n\n\n\n<li>Engenharia Civil;<\/li>\n\n\n\n<li>Engenharia El\u00e9trica;<\/li>\n\n\n\n<li>Tecnologia da Informa\u00e7\u00e3o;<\/li>\n<\/ul><\/li>\n\n\n\n<li>T\u00e9cnico Judici\u00e1rio\n<ul class=\"wp-block-list\"><li>\u00c1rea Administrativa;<\/li>\n\n\n\n<li>Agente de Pol\u00edcia Civil;<\/li>\n\n\n\n<li>Tecnologia da Informa\u00e7\u00e3o.<\/li>\n<\/ul><\/li>\n<\/ul><p><\/p>\n\n\n\n<p>Os aprovados ser\u00e3o remunerados com os seguintes\u00a0<strong>sal\u00e1rios iniciais:<\/strong><\/p>\n\n\n\n<ul class=\"wp-block-list\"><li>T\u00e9cnico Judici\u00e1rio: R$ 8.046,85<\/li>\n\n\n\n<li>T\u00e9cnico Judici\u00e1rio \u2013 Agente da Pol\u00edcia Judicial: R$ 9.220,35<\/li>\n\n\n\n<li>Analista Judici\u00e1rio (exceto Oficial de Justi\u00e7a): R$ 13.202,62;<\/li>\n\n\n\n<li>Analista Judici\u00e1rio \u2013 Oficial de Justi\u00e7a: R$ 15.128,00.<\/li>\n<\/ul><p><\/p>\n\n\n\n<p>Confira os demais detalhes do concurso no edital: <a href=\"https:\/\/www.novaconcursos.com.br\/portal\/wp-content\/uploads\/2023\/07\/edital-trt-sc.pdf\">Edital TRT SC 2023<\/a> ?<\/p>","protected":false},"excerpt":{"rendered":"<p>As provas do concurso TRT SC-12\u00aa regi\u00e3o est\u00e3o oficialmente confirmadas para o pr\u00f3ximo domingo (22), inclusive, a Funda\u00e7\u00e3o Carlos Chagas j\u00e1 emitiu o edital de convoca\u00e7\u00e3o para as provas com v\u00e1rias informa\u00e7\u00f5es. De acordo com a banca, foram registradas 43.801 candidaturas na ampla concorr\u00eancia, 6.431 candidaturas na reserva de vagas para negros e 1.445 candidaturas [&hellip;]<\/p>\n","protected":false},"author":54679,"featured_media":164876,"comment_status":"closed","ping_status":"closed","sticky":false,"template":"","format":"standard","meta":{"_acf_changed":false,"footnotes":"","_wp_rev_ctl_limit":""},"categories":[228],"tags":[],"class_list":["post-208762","post","type-post","status-publish","format-standard","has-post-thumbnail","hentry","category-noticias"],"acf":[],"_links":{"self":[{"href":"https:\/\/www.novaconcursos.com.br\/portal\/wp-json\/wp\/v2\/posts\/208762","targetHints":{"allow":["GET"]}}],"collection":[{"href":"https:\/\/www.novaconcursos.com.br\/portal\/wp-json\/wp\/v2\/posts"}],"about":[{"href":"https:\/\/www.novaconcursos.com.br\/portal\/wp-json\/wp\/v2\/types\/post"}],"author":[{"embeddable":true,"href":"https:\/\/www.novaconcursos.com.br\/portal\/wp-json\/wp\/v2\/users\/54679"}],"replies":[{"embeddable":true,"href":"https:\/\/www.novaconcursos.com.br\/portal\/wp-json\/wp\/v2\/comments?post=208762"}],"version-history":[{"count":13,"href":"https:\/\/www.novaconcursos.com.br\/portal\/wp-json\/wp\/v2\/posts\/208762\/revisions"}],"predecessor-version":[{"id":208785,"href":"https:\/\/www.novaconcursos.com.br\/portal\/wp-json\/wp\/v2\/posts\/208762\/revisions\/208785"}],"wp:featuredmedia":[{"embeddable":true,"href":"https:\/\/www.novaconcursos.com.br\/portal\/wp-json\/wp\/v2\/media\/164876"}],"wp:attachment":[{"href":"https:\/\/www.novaconcursos.com.br\/portal\/wp-json\/wp\/v2\/media?parent=208762"}],"wp:term":[{"taxonomy":"category","embeddable":true,"href":"https:\/\/www.novaconcursos.com.br\/portal\/wp-json\/wp\/v2\/categories?post=208762"},{"taxonomy":"post_tag","embeddable":true,"href":"https:\/\/www.novaconcursos.com.br\/portal\/wp-json\/wp\/v2\/tags?post=208762"}],"curies":[{"name":"wp","href":"https:\/\/api.w.org\/{rel}","templated":true}]}}