{"id":209217,"date":"2023-10-25T10:15:33","date_gmt":"2023-10-25T13:15:33","guid":{"rendered":"https:\/\/www.novaconcursos.com.br\/portal\/?p=209217"},"modified":"2025-12-08T12:58:26","modified_gmt":"2025-12-08T15:58:26","slug":"concurso-inss-vagas-para-perito-medico-informa-lupi","status":"publish","type":"post","link":"https:\/\/www.novaconcursos.com.br\/portal\/noticias\/concurso-inss-vagas-para-perito-medico-informa-lupi\/","title":{"rendered":"Concurso INSS: 1.500 vagas para Perito M\u00e9dico em 2024, informa Lupi!"},"content":{"rendered":"<p>De acordo com o ministro Carlos Lupi, o <strong>pedido <\/strong>de um novo <a href=\"https:\/\/www.novaconcursos.com.br\/portal\/concursos\/concurso-inss\/\">concurso INSS<\/a> j\u00e1 est\u00e1 nas m\u00e3os da ministra Esther Dweck. Ele deve sair em 2024; veja!<\/p>\n\n\n\n<h2 class=\"wp-block-heading\" id=\"h-edital-confirmado-para-perito-no-concurso-inss-em-2024\">H\u00e1 edital confirmado para Perito no concurso INSS em 2024?<\/h2>\n\n\n\n<p>De acordo com o ministro Carlos Lupi, o pedido de um novo concurso INSS j\u00e1 <strong>est\u00e1 nas m\u00e3os da ministra<\/strong> Esther Dweck.<\/p>\n\n\n\n<p>Assim, a informa\u00e7\u00e3o foi dada nesta ter\u00e7a-feira, 24 de outubro, durante audi\u00eancia p\u00fablica da Comiss\u00e3o de Assuntos Sociais, realizada no Senado.<\/p>\n\n\n\n<p>No mesmo encontro, <strong>houve cobran\u00e7a<\/strong>, por parte dos parlamentares, quanto as solu\u00e7\u00f5es para zerar filas no INSS e sobre um novo edital de concurso. <\/p>\n\n\n\n<p>Foi a\u00ed que Carlos Lupi confirmou o alto d\u00e9ficit de servidores, principalmente na \u00e1rea da Per\u00edcia M\u00e9dica, que deve ser contemplada com um <strong>futuro edital em 2024.<\/strong><\/p>\n\n\n\n<p>Ele ainda informou que a regi\u00e3o Nordeste do pa\u00eds \u00e9 a que mais precisa e que apenas <strong>2.900 <\/strong>servidores atuam hoje em dia no INSS. Lembrando que esse n\u00famero j\u00e1 chegou a <strong>4.500<\/strong>.<\/p>\n\n\n\n<blockquote class=\"wp-block-quote is-layout-flow wp-block-quote-is-layout-flow\">\n<p><em>\u201cNa verdade voc\u00ea tem um contingente muito aqu\u00e9m do necess\u00e1rio na \u00e1rea da Secretaria da Previd\u00eancia Social. Inclusive, pedimos j\u00e1, est\u00e1 na m\u00e3o da ministra Esther, que deve preparar para o ano que vem um concurso, com mais de 1.500 m\u00e9dicos peritos, principalmente, que \u00e9 nossa grande defici\u00eancia, para o Nordeste do Brasil\u201d<\/em>, disse o ministro.<\/p>\n\n\n\n<p><em>\u201cVamos propor que o aprovado trabalhe por, pelo menos, 10 anos no local onde foi lotado\u201d,<\/em> completou Lupi.<\/p>\n\n\n\n<p>Al\u00e9m disso, Lupi tamb\u00e9m informou que buscar\u00e1 ampliar o acesso da popula\u00e7\u00e3o \u00e0 plataforma \u201cMeu INSS\u201d, o que ajudar\u00e1 nos servi\u00e7os.<\/p>\n\n\n\n<blockquote class=\"wp-block-quote is-layout-flow wp-block-quote-is-layout-flow\">\n<p><em>\u201cImaginar que o \u2018Meu INSS\u2019 concorre com o trabalho, \u00e9 n\u00e3o ter o conhecimento do que \u00e9 o trabalho da Previd\u00eancia Social. Somente no m\u00eas passado, n\u00f3s tivemos um milh\u00e3o e cinquenta mil pedidos iniciais de todo tipo, como aposentadoria, pens\u00e3o, benef\u00edcio da maternidade, benef\u00edcio de sa\u00fade, todo tipo de benef\u00edcio. No final do ano passado, a m\u00e9dia era de 600 ou 700 mil<\/em>\u201c, informou o ministro.<\/p>\n\n\n\n<p>Lembrando que entre junho e outubro foram realizadas dezenas de mutir\u00f5es de per\u00edcia m\u00e9dica por todo o Brasil. Participaram mais de 600 peritos m\u00e9dicos federais e foram feitas mais de <strong>17 mil per\u00edcias.<\/strong><\/p>\n\n\n\n<h3 class=\"wp-block-heading\" id=\"h-concurso-inss-fim-do-trabalho-remoto-entenda\">Fim do trabalho remoto? Entenda!<\/h3>\n\n\n\n<p>Ainda na reuni\u00e3o,\u00a0Carlos Lupi afirmou que uma das novas metas para 2024 \u00e9 o retorno total do<strong> trabalho presencial <\/strong>do servidores do INSS.<\/p>\n\n\n\n<p>Isso porque cerca de <strong>40% dos profissionais <\/strong>trabalham atualmente no formato remoto, isso desde o in\u00edcio da pandemia da Covid-19. <\/p>\n\n\n\n<p><em>\u201cEm 2024, a Previd\u00eancia Social viver\u00e1 uma nova fase. A humaniza\u00e7\u00e3o dos servi\u00e7os e o atendimento presencial \u00e0 popula\u00e7\u00e3o s\u00e3o fundamentais [\u2026]. Percebo a necessidade dessa popula\u00e7\u00e3o de ter o contato humano, de falar, de ouvir. [\u2026] A Previd\u00eancia \u00e9 mais social do que previdenci\u00e1ria\u201d<\/em>, comentou.<\/p>\n\n\n\n<h2 class=\"wp-block-heading\" id=\"ministro-comenta-sobre-a-convocao-de-excedentes-do-concurso-\">Ministro comenta sobre a convoca\u00e7\u00e3o de excedentes do concurso INSS<\/h2>\n\n\n\n<p>Por fim, o ministro Carlos Lupi tamb\u00e9m comentou sobre a convoca\u00e7\u00e3o dos excedentes no concurso de 2022. Ele disse que de 40 mil servidores, apenas 19 mil est\u00e3o atuando no quadro.<\/p>\n\n\n\n<p>Por isso, a convoca\u00e7\u00e3o \u00e9 importante para que haja uma <strong>diminui\u00e7\u00e3o <\/strong>da escassez de funcion\u00e1rio no atendimento \u00e0 popula\u00e7\u00e3o.<\/p>\n\n\n\n<blockquote class=\"wp-block-quote is-layout-flow wp-block-quote-is-layout-flow\">\n<p><em>\u201cConseguimos, logo no come\u00e7o do governo, chamar cerca de mil concursados. Agora, recentemente, conseguimos chamar tamb\u00e9m mais 250 e ainda submeterei \u00e0 aprecia\u00e7\u00e3o do presidente \u00e0queles que est\u00e3o aprovados mas que n\u00e3o est\u00e3o classificados entre as vagas\u201d,<\/em> refor\u00e7ou .<\/p>\n<\/blockquote>\n\n\n\n<p>A lista de aprovados n\u00e3o classificados \u00e9 composta por <strong>1.894 aprovados<\/strong>. Entretanto, \u00e9 bom lembrar que a convoca\u00e7\u00e3o desse grupo ainda depende de decreto presidencial.<\/p>\n\n\n\n<p>Organizado pelo Cebraspe, o \u00faltimo concurso INSS ofereceu\u00a0<strong>1.000 oportunidades\u00a0<\/strong>para o cargo de <strong>t\u00e9cnico do seguro social<\/strong>, de\u00a0<strong>n\u00edvel m\u00e9dio<\/strong>. Veja como foi a avalia\u00e7\u00e3o dos candidatos:<\/p>\n\n\n\n<ul class=\"wp-block-list\"><li>L\u00edngua Portuguesa;<\/li>\n\n\n\n<li>\u00c9tica no Servi\u00e7o P\u00fablico;<\/li>\n\n\n\n<li>No\u00e7\u00f5es de Direito Constitucional;<\/li>\n\n\n\n<li>No\u00e7\u00f5es de Direito Administrativo;<\/li>\n\n\n\n<li>No\u00e7\u00f5es de Inform\u00e1tica;<\/li>\n\n\n\n<li>Racioc\u00ednio L\u00f3gico-Matem\u00e1tico; e<\/li>\n\n\n\n<li>T\u00f3picos de conhecimentos espec\u00edficos.<\/li>\n<\/ul><p><\/p>\n<\/blockquote>\n<\/blockquote>\n\n\n\n<h2 class=\"wp-block-heading\" id=\"concurso-mdico-perito-inss-conhea-sobre-a-carreira\">Concurso M\u00e9dico Perito INSS: conhe\u00e7a sobre a carreira!<\/h2>\n\n\n\n<p>A remunera\u00e7\u00e3o inicial do\u00a0<strong>Perito M\u00e9dico Federal,\u00a0<\/strong>varia de acordo com a jornada de trabalho estabelecida, podendo ser 20h, 30h ou 40h semanais.<\/p>\n\n\n\n<p>Segundo a tabela, os valores variam entre\u00a0<strong>R$ 7.083,90 e R$ 22.625,14.<\/strong>\u00a0Ademais, as contrata\u00e7\u00f5es ocorrem pelo regime estatut\u00e1rio, ou seja, que tem garantia de estabilidade.<\/p>\n\n\n\n<h3 class=\"wp-block-heading\">Requisitos<\/h3>\n\n\n\n<ul class=\"wp-block-list\"><li>Ser aprovado no concurso INSS.<\/li>\n\n\n\n<li>Ter a nacionalidade brasileira ou portuguesa e, no caso de nacionalidade portuguesa, estar amparado pelo estatuto de igualdade entre brasileiros e portugueses.<\/li>\n\n\n\n<li>Estar em gozo dos direitos pol\u00edticos e quite com as obriga\u00e7\u00f5es militares, em caso de candidato do sexo masculino.<\/li>\n\n\n\n<li>Estar quite com as obriga\u00e7\u00f5es eleitorais.<\/li>\n\n\n\n<li>Ter idade m\u00ednima de 18 anos completos na data da posse.<\/li>\n\n\n\n<li>Ter aptid\u00e3o f\u00edsica e mental para o exerc\u00edcio das atribui\u00e7\u00f5es do cargo.<\/li>\n\n\n\n<li>Declarar, na solicita\u00e7\u00e3o de inscri\u00e7\u00e3o, que tem ci\u00eancia e aceita que, caso aprovado, dever\u00e1 entregar os documentos comprobat\u00f3rios dos requisitos exigidos para o cargo por ocasi\u00e3o da posse.<\/li>\n<\/ul><p><\/p>\n\n\n\n<h3 class=\"wp-block-heading\">Atribui\u00e7\u00f5es<\/h3>\n\n\n\n<p>O M\u00e9dico Perito INSS \u00e9 respons\u00e1vel pela emiss\u00e3o de parecer conclusivo quanto \u00e0 incapacidade laboral, verifica\u00e7\u00e3o, quando necess\u00e1ria \u00e0 an\u00e1lise da proced\u00eancia de benef\u00edcios previdenci\u00e1rios, caracteriza\u00e7\u00e3o da invalidez, auditoria m\u00e9dica, bem como, assessoramento t\u00e9cnico \u00e0 representa\u00e7\u00e3o judicial e extrajudicial da Uni\u00e3o, das autarquias e das funda\u00e7\u00f5es p\u00fablicas federais.<\/p>\n\n\n\n<p>O aprovado tamb\u00e9m \u00e9 respons\u00e1vel pela movimenta\u00e7\u00e3o da conta vinculada do trabalhador ao Fundo de Garantia do Tempo de Servi\u00e7o (FGTS), nas hip\u00f3teses previstas em lei, relacionadas \u00e0 condi\u00e7\u00e3o de sa\u00fade.<\/p>\n\n\n\n<ul class=\"wp-block-list\"><li>Emiss\u00e3o de parecer conclusivo quanto \u00e0 incapacidade laboral;<\/li>\n\n\n\n<li>Verifica\u00e7\u00e3o, quando necess\u00e1ria \u00e0 an\u00e1lise da proced\u00eancia de benef\u00edcios previdenci\u00e1rios;<\/li>\n\n\n\n<li>Caracteriza\u00e7\u00e3o da invalidez;<\/li>\n\n\n\n<li>Auditoria m\u00e9dica.<\/li>\n\n\n\n<li>Assessoramento t\u00e9cnico \u00e0 representa\u00e7\u00e3o judicial e extrajudicial da Uni\u00e3o, das autarquias e das funda\u00e7\u00f5es p\u00fablicas federais;<\/li>\n\n\n\n<li>Movimenta\u00e7\u00e3o da conta vinculada do trabalhador ao Fundo de Garantia do Tempo de Servi\u00e7o (FGTS), nas hip\u00f3teses previstas em lei, relacionadas \u00e0 condi\u00e7\u00e3o de sa\u00fade;<\/li>\n\n\n\n<li>Exame m\u00e9dico-pericial componente da avalia\u00e7\u00e3o biopsicossocial da defici\u00eancia, para fins previdenci\u00e1rios, assistenciais e tribut\u00e1rios.<\/li>\n<\/ul><p><\/p>\n\n\n\n<p><a href=\"https:\/\/www.novaconcursos.com.br\/portal\/wp-content\/uploads\/2023\/09\/salario-perito-medico-federal.png\"><\/a><\/p>","protected":false},"excerpt":{"rendered":"<p>De acordo com o ministro Carlos Lupi, o pedido de um novo concurso INSS j\u00e1 est\u00e1 nas m\u00e3os da ministra Esther Dweck. Ele deve sair em 2024; veja! H\u00e1 edital confirmado para Perito no concurso INSS em 2024? De acordo com o ministro Carlos Lupi, o pedido de um novo concurso INSS j\u00e1 est\u00e1 nas [&hellip;]<\/p>\n","protected":false},"author":54671,"featured_media":155656,"comment_status":"closed","ping_status":"closed","sticky":false,"template":"","format":"standard","meta":{"_acf_changed":false,"footnotes":"","_wp_rev_ctl_limit":""},"categories":[228],"tags":[],"class_list":["post-209217","post","type-post","status-publish","format-standard","has-post-thumbnail","hentry","category-noticias"],"acf":[],"_links":{"self":[{"href":"https:\/\/www.novaconcursos.com.br\/portal\/wp-json\/wp\/v2\/posts\/209217","targetHints":{"allow":["GET"]}}],"collection":[{"href":"https:\/\/www.novaconcursos.com.br\/portal\/wp-json\/wp\/v2\/posts"}],"about":[{"href":"https:\/\/www.novaconcursos.com.br\/portal\/wp-json\/wp\/v2\/types\/post"}],"author":[{"embeddable":true,"href":"https:\/\/www.novaconcursos.com.br\/portal\/wp-json\/wp\/v2\/users\/54671"}],"replies":[{"embeddable":true,"href":"https:\/\/www.novaconcursos.com.br\/portal\/wp-json\/wp\/v2\/comments?post=209217"}],"version-history":[{"count":10,"href":"https:\/\/www.novaconcursos.com.br\/portal\/wp-json\/wp\/v2\/posts\/209217\/revisions"}],"predecessor-version":[{"id":299300,"href":"https:\/\/www.novaconcursos.com.br\/portal\/wp-json\/wp\/v2\/posts\/209217\/revisions\/299300"}],"wp:featuredmedia":[{"embeddable":true,"href":"https:\/\/www.novaconcursos.com.br\/portal\/wp-json\/wp\/v2\/media\/155656"}],"wp:attachment":[{"href":"https:\/\/www.novaconcursos.com.br\/portal\/wp-json\/wp\/v2\/media?parent=209217"}],"wp:term":[{"taxonomy":"category","embeddable":true,"href":"https:\/\/www.novaconcursos.com.br\/portal\/wp-json\/wp\/v2\/categories?post=209217"},{"taxonomy":"post_tag","embeddable":true,"href":"https:\/\/www.novaconcursos.com.br\/portal\/wp-json\/wp\/v2\/tags?post=209217"}],"curies":[{"name":"wp","href":"https:\/\/api.w.org\/{rel}","templated":true}]}}