{"id":209453,"date":"2023-11-30T15:29:00","date_gmt":"2023-11-30T18:29:00","guid":{"rendered":"https:\/\/www.novaconcursos.com.br\/portal\/?p=209453"},"modified":"2024-11-13T15:49:52","modified_gmt":"2024-11-13T18:49:52","slug":"concurso-sme-sp-o-que-faz-um-auxiliar-tecnico-de-educacao","status":"publish","type":"post","link":"https:\/\/www.novaconcursos.com.br\/portal\/artigos\/concurso-sme-sp-o-que-faz-um-auxiliar-tecnico-de-educacao\/","title":{"rendered":"Concurso SME SP: O que faz um Auxiliar T\u00e9cnico de Educa\u00e7\u00e3o!"},"content":{"rendered":"<p>Aten\u00e7\u00e3o, concurseiros! Est\u00e3o se encerrando as inscri\u00e7\u00f5es para o <a href=\"https:\/\/www.novaconcursos.com.br\/portal\/concursos\/concurso-sme-sp\/\">concurso SME SP<\/a>\u00a0(Secretaria Municipal de Educa\u00e7\u00e3o de S\u00e3o Paulo), que oferta\u00a0<strong>924 vagas<\/strong>\u00a0em dois cargos. Um deles \u00e9 o Auxiliar T\u00e9cnico de Educa\u00e7\u00e3o; <strong>confira tudo <\/strong>sobre a carreira!<\/p>\n\n\n\n<h2 class=\"wp-block-heading\" id=\"quando-terminam-as-inscries-do-concurso-sme-sp\">Quando terminam as inscri\u00e7\u00f5es do concurso SME SP?<\/h2>\n\n\n\n<p>Portanto, o edital do concurso da Secretaria Municipal de Educa\u00e7\u00e3o de\u00a0<a href=\"https:\/\/www.novaconcursos.com.br\/portal\/concursos-previstos\/sp\/\">S\u00e3o Paulo<\/a> est\u00e1 lan\u00e7ado e o prazo de inscri\u00e7\u00e3o <strong>quase terminando. <\/strong><\/p>\n\n\n\n<p>O interessado dever\u00e1 realizar a inscri\u00e7\u00e3o\u00a0<strong>at\u00e9 \u00e0s 23h59 do dia 04 de dezembro de 2023<\/strong>, exclusivamente no site da banca organizadora, a\u00a0<a href=\"http:\/\/www.vunesp.com.br\/\" target=\"_blank\" rel=\"noreferrer noopener\">Funda\u00e7\u00e3o Vunesp<\/a>.<\/p>\n\n\n\n<p>Para efetivar a inscri\u00e7\u00e3o, \u00e9 necess\u00e1rio o pagamento de uma\u00a0<strong>taxa\u00a0de inscri\u00e7\u00e3o<\/strong> at\u00e9 dia 4\/12, no valor de R$ 65 para Auxiliar T\u00e9cnico de Educa\u00e7\u00e3o e R$ 67 para Professor de Educa\u00e7\u00e3o Infantil.<\/p>\n\n\n\n<p>O concurso ofereceu a<strong>\u00a0isen\u00e7\u00e3o da taxa<\/strong>\u00a0para os candidatos de renda familiar \u201c<em>per capita<\/em>\u201d igual ou inferior ao menor piso salarial vigente no Estado de S\u00e3o Paulo. Mas, o prazo j\u00e1 acabou!<\/p>\n\n\n\n<h2 class=\"wp-block-heading\" id=\"o-que-preciso-para-ser-um-auxiliar-tcnico-de-educao\">O que \u00e9 preciso para ser um Auxiliar T\u00e9cnico de Educa\u00e7\u00e3o?<\/h2>\n\n\n\n<p>Sendo assim, o concurso da Secretaria Municipal de Educa\u00e7\u00e3o de\u00a0<a href=\"https:\/\/www.novaconcursos.com.br\/portal\/concursos-abertos\/sp\/\">S\u00e3o Paulo<\/a> est\u00e1 ofertando <strong>924 vagas <\/strong>de Auxiliar T\u00e9cnico de Educa\u00e7\u00e3o e Professor de Educa\u00e7\u00e3o Infantil. <\/p>\n\n\n\n<p>Do total de vagas, <strong>566 <\/strong>s\u00e3o para carreira de Auxiliar T\u00e9cnico de Educa\u00e7\u00e3o, que exige <strong>n\u00edvel m\u00e9dio<\/strong> como escolaridade e deve ser o cargo mais procurado.<\/p>\n\n\n\n<p>S\u00f3 destacando, as outras <strong>358 <\/strong>vagas s\u00e3o para Professor de Educa\u00e7\u00e3o Infantil, que exige n\u00edvel superior e tem remunera\u00e7\u00e3o de <strong>R$ 4.285,48.<\/strong> Veja a divis\u00e3o completa:<\/p>\n\n\n\n<ul class=\"wp-block-list\"><li>Auxiliar T\u00e9cnico de Educa\u00e7\u00e3o (n\u00edvel m\u00e9dio) \u2013 556 vagas\n<ul class=\"wp-block-list\"><li>Ampla Concorr\u00eancia: 424 vagas<\/li>\n\n\n\n<li>PcD: 28 vagas<\/li>\n\n\n\n<li>Negros: 114 vagas<\/li>\n<\/ul><\/li>\n\n\n\n<li>Professor de Educa\u00e7\u00e3o Infantil (n\u00edvel superior) \u2013 358\n<ul class=\"wp-block-list\"><li>Ampla Concorr\u00eancia: 268 vagas<\/li>\n\n\n\n<li>PcD: 18 vagas<\/li>\n\n\n\n<li>Negros: 72 vagas<\/li>\n<\/ul><\/li>\n<\/ul><p>Lembrando que o cargo de Professor cumpre uma jornada de trabalho de 30h semanais, enquanto a carga hor\u00e1ria do Auxiliar \u00e9 de 40h semanais.<\/p>\n\n\n\n<h3 class=\"wp-block-heading\">Atribui\u00e7\u00f5es do Auxiliar T\u00e9cnico de Educa\u00e7\u00e3o<\/h3>\n\n\n\n<ul class=\"wp-block-list\"><li>Executar atividades de natureza t\u00e9cnico-administrativa da secretaria da escola, com uso das tecnologias de comunica\u00e7\u00e3o e informa\u00e7\u00e3o (TICs) e apoio de softwares da Prefeitura, em especial:<\/li>\n\n\n\n<li>Receber, classificar, arquivar, instruir e encaminhar documentos ou expedientes de funcion\u00e1rios e de alunos da escola garantindo sua atualiza\u00e7\u00e3o;<\/li>\n\n\n\n<li>Controlar e registrar dados relativos \u00e0 vida funcional dos servidores da escola e \u00e0 vida escolar dos alunos;<\/li>\n\n\n\n<li>Digitar documentos, expedientes e processos, inclusive os de natureza did\u00e1tico-pedag\u00f3gica;<\/li>\n\n\n\n<li>Executar atividades auxiliares de administra\u00e7\u00e3o relativas ao recenseamento e da frequ\u00eancia dos<br>alunos;<\/li>\n\n\n\n<li>Fornecer dados e informa\u00e7\u00f5es da organiza\u00e7\u00e3o escolar de acordo com o cronograma estabelecido<br>no projeto pol\u00edtico-pedag\u00f3gico da escola ou determinado pelos \u00f3rg\u00e3os superiores;<\/li>\n\n\n\n<li>Dar atendimento e acompanhamento aos alunos nos hor\u00e1rios de entrada, sa\u00edda, recreio e em outros per\u00edodos em que n\u00e3o houver a assist\u00eancia do professor;<\/li>\n\n\n\n<li>Comunicar \u00e0 dire\u00e7\u00e3o da escola eventuais enfermidades ou acidentes ocorridos com os alunos, bem<br>como outras ocorr\u00eancias graves;<\/li>\n\n\n\n<li>Participar de programas e projetos definidos no projeto pol\u00edtico-pedag\u00f3gico da unidade educacional que visem \u00e0 preven\u00e7\u00e3o de acidentes e de uso indevido de subst\u00e2ncias nocivas \u00e0 sa\u00fade dos alunos;<\/li>\n\n\n\n<li>Auxiliar os professores quanto \u00e0 provid\u00eancias de assist\u00eancia di\u00e1ria aos alunos;<\/li>\n\n\n\n<li>Colaborar no controle dos alunos quando da participa\u00e7\u00e3o em atividades extra ou intraescolar de<br>qualquer natureza; entre outras.<\/li>\n<\/ul><h3 class=\"wp-block-heading\">Requisitos b\u00e1sicos<\/h3>\n\n\n\n<ul class=\"wp-block-list\"><li>ser brasileiro nato ou naturalizado, cidad\u00e3o portugu\u00eas conforme disposto no \u00a7 1\u00ba, do artigo 12, da Constitui\u00e7\u00e3o Federal, no Decreto Federal n\u00ba 70.391\/1972, na Lei Municipal n\u00ba 13.404\/2002 e no Decreto Municipal n\u00ba 42.813\/2003;<\/li>\n\n\n\n<li><strong>ter idade m\u00ednima de 18 (dezoito) anos completos;<\/strong><\/li>\n\n\n\n<li>encontrar-se em pleno exerc\u00edcio de seus direitos civis e pol\u00edticos;<\/li>\n\n\n\n<li>atender aos requisitos do Decreto Municipal n\u00ba 53.177\/2012;<\/li>\n\n\n\n<li>ter aptid\u00e3o f\u00edsica e mental, e n\u00e3o apresentar defici\u00eancia que o incapacite para o exerc\u00edcio das respectivas fun\u00e7\u00f5es do cargo para o qual se inscreveu;<\/li>\n\n\n\n<li>conhecer e estar de acordo com as disposi\u00e7\u00f5es contidas no Edital; e<\/li>\n\n\n\n<li>ter boa conduta.<\/li>\n<\/ul><h3 class=\"wp-block-heading\">Requisitos espec\u00edficos<\/h3>\n\n\n\n<ul class=\"wp-block-list\"><li><strong>Auxiliar T\u00e9cnico de Educa\u00e7\u00e3o:<\/strong>\n<ul class=\"wp-block-list\"><li>apresentar Certificado de Conclus\u00e3o do Ensino M\u00e9dio ou Diploma e\/ou Certificado de Curso T\u00e9cnico\/Profissionalizante ou equivalente, acompanhado de Hist\u00f3rico Escolar, expedido por Institui\u00e7\u00e3o de Ensino reconhecida pelo Minist\u00e9rio da Educa\u00e7\u00e3o.<\/li>\n<\/ul><\/li>\n\n\n\n<li><strong>Professor de Educa\u00e7\u00e3o Infantil<\/strong>\n<ul class=\"wp-block-list\"><li>possuir Certificado de Conclus\u00e3o de Curso acompanhado do respectivo Hist\u00f3rico Escolar (com data de Cola\u00e7\u00e3o de Grau) ou Diploma do Curso Superior expedido por Entidade Oficial ou oficializada, comprovando habilita\u00e7\u00e3o espec\u00edfica para o magist\u00e9rio, correspondente ao Ensino M\u00e9dio ou Licenciatura Plena em Pedagogia ou Curso Normal Superior.<\/li>\n<\/ul><\/li>\n<\/ul><h2 class=\"wp-block-heading\" id=\"o-que-estudar-para-auxiliar-tcnico-de-educao-do-sme-sp\">O que estudar para Auxiliar T\u00e9cnico de Educa\u00e7\u00e3o do SME SP?<\/h2>\n\n\n\n<p>Portanto, as provas objetivas e discursivas ser\u00e3o realizadas no dia\u00a0<strong>14 de janeiro de 2024<\/strong>, na cidade de <a href=\"https:\/\/www.novaconcursos.com.br\/portal\/concursos-previstos\/sp\/\">S\u00e3o Paulo\/SP<\/a>. Ainda haver\u00e1 avalia\u00e7\u00e3o de t\u00edtulos, posteriormente.<\/p>\n\n\n\n<p>A primeira etapa ser\u00e1 aplicada no per\u00edodo da\u00a0<strong>manh\u00e3<\/strong>\u00a0e ter\u00e1 dura\u00e7\u00e3o de at\u00e9 4 horas. As provas ser\u00e3o compostas por\u00a0<strong>60 quest\u00f5es<\/strong>\u00a0de m\u00faltipla escolha, nas seguintes disciplinas:<\/p>\n\n\n\n<ul class=\"wp-block-list\"><li><strong>Auxiliar T\u00e9cnico de Educa\u00e7\u00e3o<\/strong>\n<ul class=\"wp-block-list\"><li>Conhecimentos Gerais (30)\n<ul class=\"wp-block-list\"><li>L\u00edngua Portuguesa<\/li>\n\n\n\n<li>Matem\u00e1tica<\/li>\n\n\n\n<li>No\u00e7\u00f5es de Tecnologia<\/li>\n<\/ul><\/li>\n\n\n\n<li>Conhecimentos Espec\u00edficos (30)\n<ul class=\"wp-block-list\"><li>Legisla\u00e7\u00e3o e Publica\u00e7\u00f5es Federais<\/li>\n\n\n\n<li>Legisla\u00e7\u00e3o e Publica\u00e7\u00f5es Municipais<\/li>\n<\/ul><\/li>\n<\/ul><\/li>\n\n\n\n<li><strong>Professor de Educa\u00e7\u00e3o B\u00e1sica<\/strong>\n<ul class=\"wp-block-list\"><li>Conhecimentos Gerais (30)\n<ul class=\"wp-block-list\"><li>Legisla\u00e7\u00e3o e Publica\u00e7\u00f5es Federais<\/li>\n\n\n\n<li>Legisla\u00e7\u00e3o e Publica\u00e7\u00f5es Municipais<\/li>\n<\/ul><\/li>\n\n\n\n<li>Conhecimentos Espec\u00edficos (30)\n<ul class=\"wp-block-list\"><li>Documentos Institucionais<\/li>\n<\/ul><\/li>\n<\/ul><\/li>\n<\/ul><p>Ser\u00e1 considerado\u00a0<strong>habilitado<\/strong>, na prova objetiva, o candidato que obtiver nota igual ou superior a 50 e n\u00e3o zerar nenhum dos componentes dessa prova.<\/p>\n\n\n\n<p>A prova discursiva ter\u00e1 dura\u00e7\u00e3o de at\u00e9 3h30 e ser\u00e1 aplicada no per\u00edodo da\u00a0<strong>tarde<\/strong>. Ela ser\u00e1 composta por\u00a0<strong>duas quest\u00f5es<\/strong>\u00a0discursivas e um\u00a0<strong>estudo de caso<\/strong>.<\/p>\n\n\n\n<p>Avaliada em uma escala de 0 \u00e0 100 pontos, ser\u00e1 considerado<strong>\u00a0habilitado<\/strong>\u00a0o candidato que obtiver nota igual ou superior a 50 pontos.<\/p>\n\n\n\n<p><a href=\"https:\/\/www.novaconcursos.com.br\/portal\/noticias\/concurso-sme-sp-solicitado-novo-edital-com-1-185-vagas-para-professor\/\">Concurso SME SP: Solicitado novo edital com 1.185 vagas para professor!<\/a><\/p>\n\n\n\n<h2 class=\"wp-block-heading\" id=\"quais-as-caractersticas-da-fundao-vunesp\">Quais as caracter\u00edsticas da Funda\u00e7\u00e3o Vunesp?<\/h2>\n\n\n\n<p>A\u00a0<a href=\"https:\/\/www.vunesp.com.br\/\" target=\"_blank\" rel=\"noreferrer noopener\">Vunesp<\/a>\u00a0\u00e9 reconhecida como uma banca bastante tradicional e at\u00e9 mesmo f\u00e1cil. Entretanto, \u00e9 preciso ficar de olho em suas\u00a0<strong>pegadinhas.<\/strong><\/p>\n\n\n\n<p>Criada em 1979 pelo Conselho Universit\u00e1rio da Universidade Estadual Paulista (UNESP), a Vunesp \u00e9 respons\u00e1vel pela organiza\u00e7\u00e3o de seus vestibulares desde ent\u00e3o.<\/p>\n\n\n\n<p>\u00c9 conhecida por apresentar um\u00a0<strong>grau de dificuldade m\u00e9dio,<\/strong>\u00a0se comparado com outras bancas como a FGV, FCC e o Cebraspe.<\/p>\n\n\n\n<p>Al\u00e9m disso, costuma cobrar quest\u00f5es de m\u00faltipla escolha, com cinco alternativas cada e apenas uma resposta correta, sendo\u00a0<strong>L\u00edngua Portuguesa<\/strong>\u00a0uma das mat\u00e9rias com maior peso.<\/p>\n\n\n\n<p>Por ter um perfil ainda em evolu\u00e7\u00e3o, n\u00e3o possui muitas doutrinas e costuma cobrar\u00a0<strong>lei seca\u00a0<\/strong>e todo o conte\u00fado previsto no edital.<\/p>\n\n\n\n<p>Portanto, consultar o conte\u00fado program\u00e1tico do edital \u00e9 essencial para come\u00e7ar a estudar para as provas dessa banca.<\/p>\n\n\n\n<p>Caso o edital ainda n\u00e3o tenha sido publicado, voc\u00ea pode acessar o \u00faltimo edital da sele\u00e7\u00e3o, pois a estrutura costuma ser mantida.<\/p>\n\n\n\n<h2 class=\"wp-block-heading\" id=\"contedo-programtico-do-ltimo-concurso-sme-sp\">Conte\u00fado program\u00e1tico do \u00faltimo concurso SME SP<\/h2>\n\n\n\n<h3 class=\"wp-block-heading\">L\u00edngua Portuguesa<\/h3>\n\n\n\n<p>Concep\u00e7\u00e3o de linguagem verbal em seu processo de interlocu\u00e7\u00e3o e sua rela\u00e7\u00e3o com todas as \u00e1reas de conhecimento, quanto ao dom\u00ednio das capacidades de leitura e de escrita para os diferentes g\u00eaneros e pr\u00e1ticas sociais; uso da variedade culta da l\u00edngua escrita para a produ\u00e7\u00e3o de texto; leitura e compreens\u00e3o de diferentes g\u00eaneros textuais. Distin\u00e7\u00e3o entre variedades lingu\u00edsticas: categorias sociais e contextos de comunica\u00e7\u00e3o; registros de formalidade e informalidade. Estrat\u00e9gias de articula\u00e7\u00e3o do texto: mecanismos de coes\u00e3o e coer\u00eancia. <\/p>\n\n\n\n<h3 class=\"wp-block-heading\">Matem\u00e1tica<\/h3>\n\n\n\n<p>Articula\u00e7\u00e3o de t\u00e9cnicas operat\u00f3rias ao sistema de numera\u00e7\u00e3o decimal; Problemas envolvendo o c\u00e1lculo de porcentagem e juros; Resolu\u00e7\u00e3o de Problemas no campo aditivo e multiplicativo, envolvendo n\u00fameros racionais. Grandezas e Medidas: Diferentes unidades de medidas e instrumentos de medi\u00e7\u00e3o; Per\u00edmetro, \u00c1rea e Volume; Probabilidade e Estat\u00edstica; Probabilidade de ocorr\u00eancia de eventos; Sistema Monet\u00e1rio Brasileiro; Convers\u00f5es de unidades mais usuais (comprimento, massa, capacidade, tempo e \u00e1rea); Leitura de gr\u00e1ficos de barras ou colunas e tabelas simples; Fun\u00e7\u00f5es polinomiais do 1\u00ba e 2\u00ba graus.<\/p>\n\n\n\n<h3 class=\"wp-block-heading\">No\u00e7\u00f5es de Inform\u00e1tica<\/h3>\n\n\n\n<ul class=\"wp-block-list\"><li>No\u00e7\u00f5es de hardware<\/li>\n\n\n\n<li>No\u00e7\u00f5es de sistema operacional (ambiente Windows)<\/li>\n\n\n\n<li>Edi\u00e7\u00e3o de textos, planilhas e apresenta\u00e7\u00f5es (Office 365)<\/li>\n\n\n\n<li>Uso de Internet: navegador; recursos do navegador; busca na Internet; uso de ferramenta de mensagem eletr\u00f4nica (e-mail, Anti-spam e listas)<\/li>\n\n\n\n<li>No\u00e7\u00f5es de seguran\u00e7a (senhas, preven\u00e7\u00e3o de v\u00edrus e outros c\u00f3digos maliciosos, antiv\u00edrus, SPAM e Anti-spam, c\u00f3pias de seguran\u00e7a).<\/li>\n<\/ul><h3 class=\"wp-block-heading\">Legisla\u00e7\u00f5es e Publica\u00e7\u00f5es Institucionais<\/h3>\n\n\n\n<ul class=\"wp-block-list\"><li><strong>LEGISLA\u00c7\u00c3O FEDERAL<\/strong>\n<ul class=\"wp-block-list\"><li>BRASIL. [Constitui\u00e7\u00e3o (1988)]. Constitui\u00e7\u00e3o da Rep\u00fablica Federativa do Brasil. Bras\u00edlia, DF, 1988. Artigos 5\u00b0, 37 ao 41, 205 ao 214, 227 ao 229.<\/li>\n\n\n\n<li>BRASIL. Lei no 8.069, de 13 de julho de 1990. Disp\u00f5e sobre o Estatuto da Crian\u00e7a e do Adolescente e d\u00e1 outras provid\u00eancias. Bras\u00edlia, DF, 1990. Artigos 53 a 59; 136 a 137.<\/li>\n\n\n\n<li>BRASIL. Lei no 9.394, de 20 de dezembro de 1996. Estabelece as Diretrizes e Bases da Educa\u00e7\u00e3o Nacional. Bras\u00edlia, DF, 1996. (reda\u00e7\u00e3o atualizada)<\/li>\n\n\n\n<li>BRASIL. Decreto no 6.949, de 25 de agosto de 2009. Promulga Conven\u00e7\u00e3o Internacional sobre os direitos das pessoas com defici\u00eancia e seu protocolo facultativo. Bras\u00edlia, DF, 2009.<\/li>\n\n\n\n<li>BRASIL. Lei no 13.146, de 6 de julho de 2015. Institui a lei brasileira de inclus\u00e3o da pessoa com defici\u00eancia (Estatuto da Pessoa com Defici\u00eancia). Bras\u00edlia, DF, 2015. Cap. I e Cap. IV.<\/li>\n\n\n\n<li>BRASIL. Lei no 12.288, de 20 de julho de 2010. Institui o Estatuto da Igualdade Racial; altera as Leis nos 7.716, de 5 de janeiro de 1989, 9.029, de 13 de abril de 1995, 7.347, de 24 de julho de 1985, e 10.778, de 24 de novembro de 2003. Bras\u00edlia, DF, 2010.<\/li>\n\n\n\n<li>BRASIL. Resolu\u00e7\u00e3o CEB\/ CNE no 5 de 17 de dezembro de 2009.Dispon\u00edvel em: https:\/\/www.legisweb.com.br\/legislacao\/?id=112015<\/li>\n<\/ul><\/li>\n\n\n\n<li><strong>LEGISLA\u00c7\u00c3O MUNICIPAL<\/strong>\n<ul class=\"wp-block-list\"><li>S\u00c3O PAULO (Munic\u00edpio). Lei Org\u00e2nica do Munic\u00edpio de S\u00e3o Paulo. T\u00edtulo VI, Cap\u00edtulo 1, artigos 200 a 211. S\u00e3o Paulo, 1990.<\/li>\n\n\n\n<li>S\u00c3O PAULO (Munic\u00edpio). Lei no 8.989, de 29 de outubro de 1979. Estatuto dos Funcion\u00e1rios P\u00fablicos do Munic\u00edpio de S\u00e3o Paulo. S\u00e3o Paulo, 1979.<\/li>\n\n\n\n<li>S\u00c3O PAULO (Munic\u00edpio). Instru\u00e7\u00e3o Normativa SME no 22, de 11 de dezembro de 2018. Disp\u00f5e sobre a organiza\u00e7\u00e3o das unidades de educa\u00e7\u00e3o infantil, de ensino fundamental, de ensino fundamental e m\u00e9dio e dos centros educacionais unificados da rede municipal de ensino para o ano de 2019. S\u00e3o Paulo, 2018.<\/li>\n\n\n\n<li>S\u00c3O PAULO (Munic\u00edpio). Republica\u00e7\u00e3o \u2013 Instru\u00e7\u00e3o Normativa SME no 13, de 11 de setembro de 2018. Reorienta o Programa \u201cS\u00e3o Paulo Integral\u201d nas EMEIs, EMEFs, EMEFMs, EMEBS e nos CEUs da RME. S\u00e3o Paulo, 2018.<\/li>\n\n\n\n<li>S\u00c3O PAULO (Munic\u00edpio). Retifica\u00e7\u00e3o \u2013 Instru\u00e7\u00e3o Normativa SME no 13, de 11 de setembro de 2018. Reorienta o Programa \u201cS\u00e3o Paulo Integral\u201d nas EMEIs, EMEFs, EMEFMs, EMEBS e nos CEUs da RME. S\u00e3o Paulo, 2018.<\/li>\n\n\n\n<li>S\u00c3O PAULO (Munic\u00edpio). Decreto no 57.379, de 13 de outubro de 2016. Institui no \u00e2mbito da Secretaria Municipal de Educa\u00e7\u00e3o, a Pol\u00edtica Paulistana de Educa\u00e7\u00e3o Especial, na Perspectiva da Educa\u00e7\u00e3o Inclusiva. S\u00e3o Paulo, 2016.<\/li>\n\n\n\n<li>S\u00c3O PAULO (Munic\u00edpio). Portaria no 8.764, de 23 de dezembro de 2016. Regulamenta o Decreto no 57.379\/2016 que Institui no Sistema Municipal de Ensino a Pol\u00edtica Paulistana de Educa\u00e7\u00e3o Especial, na Perspectiva da Educa\u00e7\u00e3o Inclusiva. S\u00e3o Paulo, 2016.<\/li>\n\n\n\n<li>S\u00c3O PAULO (Munic\u00edpio). Portaria no 8.824, de 30 de dezembro de 2016. Institui, no \u00e2mbito da Secretaria Municipal de Educa\u00e7\u00e3o, o \u201cProjeto Rede\u201d, integrando os servi\u00e7os de Apoio para educandos e educandas, p\u00fablico-alvo da Educa\u00e7\u00e3o Especial, nos termos do Decreto no 57.379, de 13\/10\/16, e d\u00e1 outras provid\u00eancias.<\/li>\n\n\n\n<li>S\u00c3O PAULO (Munic\u00edpio). Decreto no 58.526, de 23 de novembro de 2018. Institui o Plano Municipal de Promo\u00e7\u00e3o da Igualdade Racial \u2013 PLAMPIR. S\u00e3o Paulo, 2018.<\/li>\n<\/ul><\/li>\n\n\n\n<li><strong>PUBLICA\u00c7\u00d5ES INSTITUCIONAIS<\/strong>\n<ul class=\"wp-block-list\"><li>S\u00c3O PAULO (Munic\u00edpio). Secretaria Municipal de Educa\u00e7\u00e3o. Coordenadoria Pedag\u00f3gica. Curr\u00edculo da Cidade: Educa\u00e7\u00e3o Infantil. S\u00e3o Paulo: SME\/COPED, 2019. p. 11 \u2013 62.\u00a0Dispon\u00edvel em: http:\/\/portal.sme.prefeitura.sp.gov.br\/Portals\/1\/Files\/51031.pdf<\/li>\n\n\n\n<li>S\u00c3O PAULO (Munic\u00edpio). Secretaria Municipal de Educa\u00e7\u00e3o. Coordenadoria Pedag\u00f3gica. Curr\u00edculo da Cidade: Ensino Fundamental: L\u00edngua Portuguesa. 2. ed. S\u00e3o Paulo: SME\/COPED, 2019. p. 12-60. Dispon\u00edvel em: http:\/\/portal.sme.prefeitura.sp.gov.br\/Portals\/1\/Files\/50628.pdf<\/li>\n\n\n\n<li>S\u00c3O PAULO (Munic\u00edpio). Secretaria Municipal de Educa\u00e7\u00e3o. Coordenadoria Pedag\u00f3gica. Curr\u00edculo da Cidade: Educa\u00e7\u00e3o de Jovens e Adultos: L\u00edngua Portuguesa. S\u00e3o Paulo: SME\/COPED, 2019. p. 38-48. Dispon\u00edvel em\u00a0http:\/\/portal.sme.prefeitura.sp.gov.br\/Portals\/1\/Files\/51183.pdf<\/li>\n\n\n\n<li>S\u00c3O PAULO (SP). Secretaria Municipal de Educa\u00e7\u00e3o. Coordenadoria Pedag\u00f3gica. Curr\u00edculo da Cidade: Educa\u00e7\u00e3o Especial: L\u00edngua Brasileira de Sinais. \u2013 S\u00e3o Paulo: SME\/ COPED, 2019. 168 p.: il, p. 65-72. Dispon\u00edvel em:\u00a0http:\/\/portal.sme.prefeitura.sp.gov.br\/Portals\/1\/Files\/51127.pdf<\/li>\n\n\n\n<li>S\u00c3O PAULO (SP). Secretaria Municipal de Educa\u00e7\u00e3o. Coordenadoria Pedag\u00f3gica. Curr\u00edculo da Cidade: Educa\u00e7\u00e3o Especial: L\u00edngua Portuguesa para Surdos. \u2013 S\u00e3o Paulo: SME \/ COPED, 2019. 184p.: il, p. 65-72. Dispon\u00edvel em:\u00a0http:\/\/portal.sme.prefeitura.sp.gov.br\/Portals\/1\/Files\/51128.pdf<\/li>\n\n\n\n<li>UNESCO. Educa\u00e7\u00e3o para os Objetivos de Desenvolvimento Sustent\u00e1vel: objetivos de aprendizagem. Bras\u00edlia: UNESCO, 2017.Dispon\u00edvel em:\u00a0https:\/\/unesdoc.unesco.org\/ark:\/48223\/pf0000252197.<\/li>\n<\/ul><\/li>\n<\/ul><p><\/p>","protected":false},"excerpt":{"rendered":"<p>Aten\u00e7\u00e3o, concurseiros! Est\u00e3o se encerrando as inscri\u00e7\u00f5es para o concurso SME SP\u00a0(Secretaria Municipal de Educa\u00e7\u00e3o de S\u00e3o Paulo), que oferta\u00a0924 vagas\u00a0em dois cargos. Um deles \u00e9 o Auxiliar T\u00e9cnico de Educa\u00e7\u00e3o; confira tudo sobre a carreira! Quando terminam as inscri\u00e7\u00f5es do concurso SME SP? Portanto, o edital do concurso da Secretaria Municipal de Educa\u00e7\u00e3o de\u00a0S\u00e3o [&hellip;]<\/p>\n","protected":false},"author":54671,"featured_media":164423,"comment_status":"closed","ping_status":"closed","sticky":false,"template":"","format":"standard","meta":{"_acf_changed":false,"footnotes":"","_wp_rev_ctl_limit":""},"categories":[33508],"tags":[],"class_list":["post-209453","post","type-post","status-publish","format-standard","has-post-thumbnail","hentry","category-artigos"],"acf":[],"_links":{"self":[{"href":"https:\/\/www.novaconcursos.com.br\/portal\/wp-json\/wp\/v2\/posts\/209453","targetHints":{"allow":["GET"]}}],"collection":[{"href":"https:\/\/www.novaconcursos.com.br\/portal\/wp-json\/wp\/v2\/posts"}],"about":[{"href":"https:\/\/www.novaconcursos.com.br\/portal\/wp-json\/wp\/v2\/types\/post"}],"author":[{"embeddable":true,"href":"https:\/\/www.novaconcursos.com.br\/portal\/wp-json\/wp\/v2\/users\/54671"}],"replies":[{"embeddable":true,"href":"https:\/\/www.novaconcursos.com.br\/portal\/wp-json\/wp\/v2\/comments?post=209453"}],"version-history":[{"count":11,"href":"https:\/\/www.novaconcursos.com.br\/portal\/wp-json\/wp\/v2\/posts\/209453\/revisions"}],"predecessor-version":[{"id":260991,"href":"https:\/\/www.novaconcursos.com.br\/portal\/wp-json\/wp\/v2\/posts\/209453\/revisions\/260991"}],"wp:featuredmedia":[{"embeddable":true,"href":"https:\/\/www.novaconcursos.com.br\/portal\/wp-json\/wp\/v2\/media\/164423"}],"wp:attachment":[{"href":"https:\/\/www.novaconcursos.com.br\/portal\/wp-json\/wp\/v2\/media?parent=209453"}],"wp:term":[{"taxonomy":"category","embeddable":true,"href":"https:\/\/www.novaconcursos.com.br\/portal\/wp-json\/wp\/v2\/categories?post=209453"},{"taxonomy":"post_tag","embeddable":true,"href":"https:\/\/www.novaconcursos.com.br\/portal\/wp-json\/wp\/v2\/tags?post=209453"}],"curies":[{"name":"wp","href":"https:\/\/api.w.org\/{rel}","templated":true}]}}