{"id":210686,"date":"2023-11-01T19:06:44","date_gmt":"2023-11-01T22:06:44","guid":{"rendered":"https:\/\/www.novaconcursos.com.br\/portal\/?p=210686"},"modified":"2024-07-16T15:48:30","modified_gmt":"2024-07-16T18:48:30","slug":"ibge-efetivos-tera-edital-em-dezembro-confira-o-que-fazem-os-cargos","status":"publish","type":"post","link":"https:\/\/www.novaconcursos.com.br\/portal\/noticias\/ibge-efetivos-tera-edital-em-dezembro-confira-o-que-fazem-os-cargos\/","title":{"rendered":"IBGE efetivos ter\u00e1 edital em dezembro. Confira o que fazem os cargos!"},"content":{"rendered":"<p>O\u00a0<a href=\"https:\/\/www.novaconcursos.com.br\/portal\/concursos\/concurso-ibge\/\">IBGE<\/a>\u00a0ofertar\u00e1\u00a0<strong>895 vagas\u00a0<\/strong>de n\u00edvel m\u00e9dio e superior por meio do Concurso Nacional Unificado! Por isso, conhe\u00e7a as <strong>atribui\u00e7\u00f5es <\/strong>do cargos contemplados e prazos para o certame!<\/p>\n\n\n\n<ul class=\"wp-block-list\"><li><strong>Confira: <\/strong><a href=\"https:\/\/www.novaconcursos.com.br\/apostila\/cnu-prep-comum-todos-blocos\">Apostila CNU 2023 \u2013 Comum a Todos os Blocos<\/a><\/li>\n<\/ul><p><\/p>\n\n\n\n<p>Estude para o concurso dos seus sonhos com o\u00a0<strong>M\u00e9todo<\/strong>\u00a0que j\u00e1 ajudou na\u00a0<strong>aprova\u00e7\u00e3o de mais de 70 mil alunos.<\/strong>\u00a0<a href=\"https:\/\/aprovacao.novaconcursos.com.br\/assinatura\" target=\"_blank\" rel=\"noreferrer noopener\">Clique aqui<\/a>\u00a0e saiba mais!<\/p>\n\n\n\n<h2 class=\"wp-block-heading\" id=\"quando-sai-o-edital-para-efetivos-do-concurso-ibge\">Quando sai o edital para efetivos do concurso IBGE?<\/h2>\n\n\n\n<p>Assim, est\u00e3o\u00a0<strong>oficialmente autorizadas 895 vagas<\/strong>\u00a0para o edital de efetivos do IBGE, em diversos cargos que cobrar\u00e3o n\u00edvel m\u00e9dio e superior dos concurseiros!<\/p>\n\n\n\n<p>A autoriza\u00e7\u00e3o foi dada, ent\u00e3o, pela ministra da<a href=\"https:\/\/www.gov.br\/gestao\/pt-br\" target=\"_blank\" rel=\"noreferrer noopener\">\u00a0Gest\u00e3o e da Inova\u00e7\u00e3o em Servi\u00e7os P\u00fablicos<\/a>,\u00a0<strong>Esther Dweck<\/strong>, em julho. O edital deve sair em dezembro deste ano!<\/p>\n\n\n\n<p>Isso porque o IBGE anunciou ades\u00e3o ao Concurso Nacional Unificado, anunciado como um \u201cEnem dos Concursos\u201d pelo Governo Federal, com participa\u00e7\u00e3o de v\u00e1rios \u00f3rg\u00e3os federais.<\/p>\n\n\n\n<p>O CNU ser\u00e1 realizado simultaneamente, no primeiro trimestre de 2024, em\u00a0<strong>179 cidades<\/strong>\u00a0espalhadas por todo o pa\u00eds. Ser\u00e3o <strong>6.640 vagas<\/strong>\u00a0de n\u00edveis m\u00e9dio t\u00e9cnico e superior.<\/p>\n\n\n\n<p><a href=\"https:\/\/www.novaconcursos.com.br\/portal\/artigos\/concurso-nacional-unificado-saiu-a-relacao-final-dos-orgaos-que-aderiram\/\">Clique aqui e confira a lista dos \u00f3rg\u00e3os que v\u00e3o participar do certame!<\/a>\u00a0??<\/p>\n\n\n\n<p>De acordo com o presidente do IBGE, Marcio Parchman, a ades\u00e3o do \u00f3rg\u00e3o \u00e0 um dos maiores concursos realizados no pa\u00eds \u00e9 de extrema import\u00e2ncia, especialmente pelo seu car\u00e1ter de\u00a0<strong>democratizar a oferta de cargos p\u00fablicos<\/strong>\u00a0por todo o pa\u00eds.<\/p>\n\n\n\n<blockquote class=\"wp-block-quote is-layout-flow wp-block-quote-is-layout-flow\">\n<p><em>\u201cN\u00f3s acreditamos que o IBGE colaborar\u00e1 no \u00eaxito deste concurso unificado, pois ele cumpre a miss\u00e3o de democratizar o acesso \u00e0s vagas federais. Al\u00e9m de criar um processo inovador de sele\u00e7\u00e3o padronizada, com melhor distribui\u00e7\u00e3o e seguran\u00e7a das provas\u201d<\/em>, afirmou o presidente.<\/p>\n<\/blockquote>\n\n\n\n<p><strong>Leia mais:<\/strong>\u00a0<a href=\"https:\/\/www.novaconcursos.com.br\/portal\/noticias\/concurso-nacional-unificado-o-que-estudar\/\">O que estudar para o Concurso Nacional Unificado?<\/a><\/p>\n\n\n\n<h2 class=\"wp-block-heading\" id=\"cargos-vagas-e-salrios-do-prximo-concurso-ibge\">Cargos, vagas e sal\u00e1rios do pr\u00f3ximo concurso IBGE<\/h2>\n\n\n\n<p>Portanto, o pr\u00f3ximo concurso IBGE foi autorizado com a oferta de<strong>\u00a0895 vagas<\/strong>\u00a0de n\u00edvel m\u00e9dio e superior, para os seguintes cargos:<\/p>\n\n\n\n<ul class=\"wp-block-list\"><li><strong>N\u00edvel M\u00e9dio<\/strong>\n<ul class=\"wp-block-list\"><li>T\u00e9cnico em Informa\u00e7\u00f5es Geogr\u00e1ficas e Estat\u00edsticas (300 vagas).<\/li>\n<\/ul><\/li>\n\n\n\n<li><strong>N\u00edvel Superior<\/strong>\n<ul class=\"wp-block-list\"><li>Analista de Planejamento, Gest\u00e3o e Infraestrutura (275 vagas);<\/li>\n\n\n\n<li>Pesquisador em Informa\u00e7\u00f5es Geogr\u00e1ficas e Estat\u00edsticas (8 vagas);<\/li>\n\n\n\n<li>Tecnologista em Informa\u00e7\u00f5es Geogr\u00e1ficas e Estat\u00edsticas (312 vagas).<\/li>\n<\/ul><\/li>\n<\/ul><p><\/p>\n\n\n\n<p>Com base no plano de carreira e no reajuste de 9% no sal\u00e1rio de servidores federais, as\u00a0<strong>remunera\u00e7\u00f5es <\/strong>previstas para os cargos s\u00e3o:<\/p>\n\n\n\n<ul class=\"wp-block-list\"><li>T\u00e9cnico\n<ul class=\"wp-block-list\"><li>Inicial: R$ 3.997,32<\/li>\n<\/ul><\/li>\n\n\n\n<li>Analista\n<ul class=\"wp-block-list\"><li>Inicial: R$ 9.252,43<\/li>\n\n\n\n<li>Final: R$ 11.346,61<\/li>\n<\/ul><\/li>\n\n\n\n<li>Pesquisador\n<ul class=\"wp-block-list\"><li>Inicial: R$ 10.234,07<\/li>\n\n\n\n<li>Final: 12.707,87<\/li>\n<\/ul><\/li>\n\n\n\n<li>Tecnologista\n<ul class=\"wp-block-list\"><li>Inicial: R$ 9.252,43<\/li>\n\n\n\n<li>Final: R$ 11.346,61<\/li>\n<\/ul><\/li>\n<\/ul><p><\/p>\n\n\n\n<p>Al\u00e9m disso, os cargos contam com um\u00a0<strong>aux\u00edlio-alimenta\u00e7\u00e3o<\/strong>\u00a0no valor de R$ 658,00.<\/p>\n\n\n\n<h2 class=\"wp-block-heading\" id=\"quais-as-atribuies-dos-cargos-do-concurso-ibge\">Quais as atribui\u00e7\u00f5es dos cargos do concurso IBGE?<\/h2>\n\n\n\n<p>Se voc\u00ea pretende prestar o concurso para efetivos do IBGE, <strong>fique atento<\/strong> \u00e0s atribui\u00e7\u00f5es de cada cargo, para que possa escolher a carreira certa a disputar. Confira!<\/p>\n\n\n\n<h3 class=\"wp-block-heading\">Tecnologista em Informa\u00e7\u00f5es Geogr\u00e1ficas e Estat\u00edsticas<\/h3>\n\n\n\n<p>Atividades especializadas de ensino e pesquisa cient\u00edfica, tecnol\u00f3gica e metodol\u00f3gica em mat\u00e9ria estat\u00edstica, geogr\u00e1fica, cartogr\u00e1fica, geod\u00e9sica e ambiental.<\/p>\n\n\n\n<h3 class=\"wp-block-heading\">Analista de Planejamento, Gest\u00e3o e Infraestrutura em Informa\u00e7\u00f5es Geogr\u00e1ficas e Estat\u00edsticas<\/h3>\n\n\n\n<p>As atribui\u00e7\u00f5es s\u00e3o voltadas para o exerc\u00edcio de atividades administrativas e log\u00edsticas relativas ao exerc\u00edcio das compet\u00eancias institucionais e legais a cargo do IBGE, conforme estabelecido no artigo 71, incisos II e IV, da Lei n\u00ba 11.355, de 19 de outubro de 2006.<\/p>\n\n\n\n<p>Cada especialidade tem sua atribui\u00e7\u00e3o. Por isso, veja no \u00faltimo edital a atribui\u00e7\u00e3o de cada uma delas (<a href=\"https:\/\/www.novaconcursos.com.br\/portal\/wp-content\/uploads\/2023\/11\/ibge-analista-tecnologista.pdf\" target=\"_blank\" rel=\"noreferrer noopener\">CLIQUE AQUI<\/a>)! Veja as exig\u00eancias para o desempenho das atribui\u00e7\u00f5es:<\/p>\n\n\n\n<ul class=\"wp-block-list\"><li> capacidade auditiva e de comunica\u00e7\u00e3o verbal para realizar o trabalho; <\/li>\n\n\n\n<li>capacidade motora para manusear microcomputador e seus perif\u00e9ricos durante a realiza\u00e7\u00e3o do trabalho; <\/li>\n\n\n\n<li>acuidade visual para realizar o trabalho; <\/li>\n\n\n\n<li>agilidade para cumprir as tarefas determinadas, nos prazos exigidos nos cronogramas das atividades e de acordo com o padr\u00e3o de qualidade requerido.<\/li>\n<\/ul><p><\/p>\n\n\n\n<h3 class=\"wp-block-heading\">T\u00e9cnico em Informa\u00e7\u00f5es Geogr\u00e1ficas e Estat\u00edsticas<\/h3>\n\n\n\n<ul class=\"wp-block-list\"><li>Coletar dados em diversas fontes, planejar, organizar, criticar, corrigir, lan\u00e7ar, tratar e manter os dados garantindo a sua integridade, confidencialidade, disponibilidade, atualiza\u00e7\u00e3o e fidedignidade;<\/li>\n\n\n\n<li>Realizar entrevistas em domic\u00edlios e estabelecimentos informantes para obten\u00e7\u00e3o de dados conforme metodologia e plano de supervis\u00e3o da pesquisa;<\/li>\n\n\n\n<li>Realizar levantamentos topogr\u00e1ficos\/geogr\u00e1ficos\/cartogr\u00e1ficos com vistas a manter atualizada a base territorial dos munic\u00edpios;<\/li>\n\n\n\n<li>Proceder \u00e0 compila\u00e7\u00e3o, montagem e organiza\u00e7\u00e3o dos elementos cartogr\u00e1ficos, segundo as especifica\u00e7\u00f5es e normas adotadas;<\/li>\n\n\n\n<li>Executar e apoiar as tarefas ligadas \u00e0 manuten\u00e7\u00e3o e atualiza\u00e7\u00e3o da rede f\u00edsica dos marcos geod\u00e9sicos do IBGE;<\/li>\n\n\n\n<li>Atuar nas diversas modalidades de dissemina\u00e7\u00e3o de dados e informa\u00e7\u00f5es, prestando suporte e orienta\u00e7\u00f5es aos usu\u00e1rios;<\/li>\n\n\n\n<li>Executar de acordo com instru\u00e7\u00f5es e\/ou orienta\u00e7\u00f5es, as rotinas administrativas necess\u00e1rias \u00e0 manuten\u00e7\u00e3o da Unidade de Trabalho, desde o recebimento, a organiza\u00e7\u00e3o, a guarda e o encaminhamento de documentos institucionais e de interessados, utilizando os recursos de inform\u00e1tica disponibilizados pela Institui\u00e7\u00e3o e os sistemas corporativos e federais;<\/li>\n\n\n\n<li>Operar e utilizar equipamentos de inform\u00e1tica necess\u00e1rios \u00e0 sustenta\u00e7\u00e3o e apoio \u00e0 coleta de dados, \u00e0s \u00e1reas t\u00e9cnica e de suporte administrativo, \u00e0 cartografia e geod\u00e9sia e \u00e0 dissemina\u00e7\u00e3o de informa\u00e7\u00f5es;<\/li>\n\n\n\n<li>Realizar atividades de administra\u00e7\u00e3o de recursos humanos, materiais, patrimoniais, or\u00e7ament\u00e1rios e financeiros dando suporte \u00e0 \u00e1rea de jurisdi\u00e7\u00e3o;<\/li>\n\n\n\n<li>Participar dos treinamentos presenciais e a dist\u00e2ncia e organiz\u00e1-los, se for o caso, bem como atuar como instrutor\/tutor\/facilitador e oferecendo suporte e apoio t\u00e9cnico na organiza\u00e7\u00e3o e realiza\u00e7\u00e3o destes;<\/li>\n\n\n\n<li>Executar outras atividades compat\u00edveis com o cargo.<\/li>\n<\/ul><p><\/p>\n\n\n\n<h3 class=\"wp-block-heading\">Pesquisador em Informa\u00e7\u00f5es Geogr\u00e1ficas e Estat\u00edsticas<\/h3>\n\n\n\n<p>Atividades especializadas de produ\u00e7\u00e3o, an\u00e1lise e dissemina\u00e7\u00e3o de dados e informa\u00e7\u00f5es de natureza estat\u00edstica, geogr\u00e1fica, cartogr\u00e1fica, geod\u00e9sica e ambiental.<\/p>\n\n\n\n<p><\/p>","protected":false},"excerpt":{"rendered":"<p>O\u00a0IBGE\u00a0ofertar\u00e1\u00a0895 vagas\u00a0de n\u00edvel m\u00e9dio e superior por meio do Concurso Nacional Unificado! Por isso, conhe\u00e7a as atribui\u00e7\u00f5es do cargos contemplados e prazos para o certame! Estude para o concurso dos seus sonhos com o\u00a0M\u00e9todo\u00a0que j\u00e1 ajudou na\u00a0aprova\u00e7\u00e3o de mais de 70 mil alunos.\u00a0Clique aqui\u00a0e saiba mais! Quando sai o edital para efetivos do concurso IBGE? [&hellip;]<\/p>\n","protected":false},"author":54671,"featured_media":155869,"comment_status":"closed","ping_status":"closed","sticky":false,"template":"","format":"standard","meta":{"_acf_changed":false,"footnotes":"","_wp_rev_ctl_limit":""},"categories":[228],"tags":[],"class_list":["post-210686","post","type-post","status-publish","format-standard","has-post-thumbnail","hentry","category-noticias"],"acf":[],"_links":{"self":[{"href":"https:\/\/www.novaconcursos.com.br\/portal\/wp-json\/wp\/v2\/posts\/210686","targetHints":{"allow":["GET"]}}],"collection":[{"href":"https:\/\/www.novaconcursos.com.br\/portal\/wp-json\/wp\/v2\/posts"}],"about":[{"href":"https:\/\/www.novaconcursos.com.br\/portal\/wp-json\/wp\/v2\/types\/post"}],"author":[{"embeddable":true,"href":"https:\/\/www.novaconcursos.com.br\/portal\/wp-json\/wp\/v2\/users\/54671"}],"replies":[{"embeddable":true,"href":"https:\/\/www.novaconcursos.com.br\/portal\/wp-json\/wp\/v2\/comments?post=210686"}],"version-history":[{"count":8,"href":"https:\/\/www.novaconcursos.com.br\/portal\/wp-json\/wp\/v2\/posts\/210686\/revisions"}],"predecessor-version":[{"id":244151,"href":"https:\/\/www.novaconcursos.com.br\/portal\/wp-json\/wp\/v2\/posts\/210686\/revisions\/244151"}],"wp:featuredmedia":[{"embeddable":true,"href":"https:\/\/www.novaconcursos.com.br\/portal\/wp-json\/wp\/v2\/media\/155869"}],"wp:attachment":[{"href":"https:\/\/www.novaconcursos.com.br\/portal\/wp-json\/wp\/v2\/media?parent=210686"}],"wp:term":[{"taxonomy":"category","embeddable":true,"href":"https:\/\/www.novaconcursos.com.br\/portal\/wp-json\/wp\/v2\/categories?post=210686"},{"taxonomy":"post_tag","embeddable":true,"href":"https:\/\/www.novaconcursos.com.br\/portal\/wp-json\/wp\/v2\/tags?post=210686"}],"curies":[{"name":"wp","href":"https:\/\/api.w.org\/{rel}","templated":true}]}}