{"id":210728,"date":"2023-11-03T11:29:13","date_gmt":"2023-11-03T14:29:13","guid":{"rendered":"https:\/\/www.novaconcursos.com.br\/portal\/?p=210728"},"modified":"2025-05-06T14:55:55","modified_gmt":"2025-05-06T17:55:55","slug":"mapa-saiu-o-edital-com-316-vagas-temporarias","status":"publish","type":"post","link":"https:\/\/www.novaconcursos.com.br\/portal\/noticias\/mapa-saiu-o-edital-com-316-vagas-temporarias\/","title":{"rendered":"Mapa saiu o edital com 316 vagas tempor\u00e1rias. At\u00e9 R$ 6 mil!"},"content":{"rendered":"<p>Ol\u00e1, concurseiros! Saiu o edital do <a href=\"https:\/\/www.novaconcursos.com.br\/portal\/concursos\/concurso-mapa\/\">Processo Seletivo Mapa.<\/a> Dessa vez, com <strong>316 vagas tempor\u00e1rias<\/strong> para as carreiras de Farmac\u00eautico, Qu\u00edmico, Auxiliar de Laborat\u00f3rio e T\u00e9cnico de Laborat\u00f3rio.<\/p>\n\n\n\n<p>As oportunidades exigem o n\u00edvel fundamental, m\u00e9dio e superior e oferecem <strong>sal\u00e1rios de at\u00e9 R$ 6,1 mil.<\/strong> <\/p>\n\n\n\n<p>Se voc\u00ea tem interesse nesse certame, continua comigo nessa p\u00e1gina para n\u00e3o perder nenhum detalhe!<\/p>\n\n\n\n<p>Estude para o concurso dos seus sonhos com o\u00a0<strong>M\u00e9todo<\/strong>\u00a0que j\u00e1 ajudou na\u00a0<strong>aprova\u00e7\u00e3o de mais de 70 mil alunos<\/strong>.\u00a0<a href=\"https:\/\/www.novaconcursos.com.br\/eventos\/assinatura?promo_creative=Clique+aqui&amp;promo_name=noticia&amp;promo_id=%2Fportal%2Fnoticias%2Fconcurso-anac-2023-tem-banca-definida&amp;promo_position=corpo-texto\" target=\"_blank\" rel=\"noreferrer noopener\">Clique aqui<\/a>\u00a0e saiba mais!<\/p>\n\n\n\n<h2 class=\"wp-block-heading\" id=\"resumo-do-edital\">Resumo do edital<\/h2>\n\n\n\n<p><\/p>\n\n\n\n<ul class=\"wp-block-list\"><li>Vagas: 316<\/li>\n\n\n\n<li>Cargo: Farmac\u00eautico, Qu\u00edmico, Auxiliar de Laborat\u00f3rio e T\u00e9cnico de Laborat\u00f3rio<\/li>\n\n\n\n<li>Escolaridade: N\u00edvel Fundamental, M\u00e9dio e Superior<\/li>\n\n\n\n<li>Banca: Instituto Verbena<\/li>\n\n\n\n<li>Sal\u00e1rio: entre R$ 4.000,00 e R$ 6.130,00<\/li>\n\n\n\n<li>Per\u00edodo de inscri\u00e7\u00f5es: 08\/11\/2023 at\u00e9 17\/11\/2023<\/li>\n\n\n\n<li>Taxa: R$ 80,00 at\u00e9 R$ 110,00<\/li>\n\n\n\n<li>Prova: 10\/12\/2023<\/li>\n<\/ul><h2 class=\"wp-block-heading\" id=\"como-realizar-a-inscrio-no-processo-seletivo-mapa\">Como realizar a inscri\u00e7\u00e3o no Processo Seletivo Mapa?<\/h2>\n\n\n\n<p>Os candidatos interessados em uma das vagas devem realizar as inscri\u00e7\u00f5es no site da banca, o Instituto Verbena, entre os dias<strong> 8 e 17 de novembro de 2023.<\/strong><\/p>\n\n\n\n<p>Ap\u00f3s preencher o formul\u00e1rio com os dados solicitados, ser\u00e1 necess\u00e1rio efetuar o pagamento da <strong>taxa de inscri\u00e7\u00e3o<\/strong> nos seguintes valores:<\/p>\n\n\n\n<ul class=\"wp-block-list\"><li>N\u00edvel Fundamental: R$ 80,00<\/li>\n\n\n\n<li>N\u00edvel M\u00e9dio: R$ 90,00<\/li>\n\n\n\n<li>N\u00edvel Superior: R$ 110,00<\/li>\n<\/ul><p><\/p>\n\n\n\n<p>Haver\u00e1 <strong>isen\u00e7\u00e3o do pagamento da taxa <\/strong>de inscri\u00e7\u00e3o para candidatos inscritos no Cadastro \u00danico para Programas Sociais do Governo Federal (Cad\u00danico), membros de fam\u00edlia de baixa e doadores de medula \u00f3ssea. A solicita\u00e7\u00e3o dever\u00e1 ser realizada at\u00e9 o dia 10 de novembro, tamb\u00e9m no site da banca.<\/p>\n\n\n\n<h2 class=\"wp-block-heading\" id=\"vagas-cargos-e-salrios-do-processo-seletivo-mapa\">Vagas, cargos e sal\u00e1rios do Processo Seletivo Mapa<\/h2>\n\n\n\n<p>O Processo Seletivo visa o preenchimento de 316 vagas tempor\u00e1rias nas unidades do Mapa das cidades de Campinas (SP), Porto Alegre (RS), Pedro Leopoldo (MG), Goi\u00e2nia (GO), Recife (PE) ou Bras\u00edlia (DF), sendo:<\/p>\n\n\n\n<p><strong>Fundamental<\/strong><\/p>\n\n\n\n<ul class=\"wp-block-list\"><li>Auxiliar de Laborat\u00f3rio: 19 vagas + 60 CR\n<ul class=\"wp-block-list\"><li><strong>R$ 4.000,00<\/strong><\/li>\n<\/ul><\/li>\n<\/ul><p><strong>M\u00e9dio<\/strong><\/p>\n\n\n\n<ul class=\"wp-block-list\"><li>T\u00e9cnico de Laborat\u00f3rio: 20 vagas + 60 CR\n<ul class=\"wp-block-list\"><li>Sal\u00e1rio Inicial: <strong>R$ 5.500,00<\/strong><\/li>\n<\/ul><\/li>\n<\/ul><p><strong>Superior<\/strong><\/p>\n\n\n\n<ul class=\"wp-block-list\"><li>Farmac\u00eautico: 20 vagas + 57 CR<\/li>\n\n\n\n<li>Qu\u00edmico: 20 vagas + 60 CR\n<ul class=\"wp-block-list\"><li>Sal\u00e1rio Inicial: <strong>R$ 6.130,00<\/strong><\/li>\n<\/ul><\/li>\n<\/ul><p>Os aprovados nos cargos de Farmac\u00eautico e Qu\u00edmico ser\u00e3o contratados pelo per\u00edodo de <strong>quatro anos<\/strong>, com possibilidade de prorroga\u00e7\u00e3o por mais um ano.<\/p>\n\n\n\n<p>J\u00e1 os aprovados nos cargos de Auxiliar de Laborat\u00f3rio e T\u00e9cnico de Laborat\u00f3rio ser\u00e3o ser\u00e3o contratados pelo per\u00edodo de<strong> um ano, <\/strong>com possibilidade de prorroga\u00e7\u00e3o por mais um ano.<\/p>\n\n\n\n<h2 class=\"wp-block-heading\" id=\"quais-os-requisitos-para-participar-do-certame\">Quais os requisitos para participar do certame?<\/h2>\n\n\n\n<p>Para participar do Processo Seletivo Simplificado, \u00e9 necess\u00e1rio:<\/p>\n\n\n\n<ul class=\"wp-block-list\"><li>N\u00e3o ter sido contratado, com fundamento na Lei n\u00ba 8.745\/93, antes de decorridos 24 meses do encerramento de contrato anterior fundamentado na mesma Lei.<\/li>\n\n\n\n<li>Apresentar os documentos solicitados para a contrata\u00e7\u00e3o e comprovar os pr\u00e9-requisitos para o posto de trabalho pretendido.<\/li>\n\n\n\n<li>Ter nacionalidade brasileira ou nacionalidade portuguesa, conforme art. 12, \u00a7 1\u00ba, da Constitui\u00e7\u00e3o Federal.<\/li>\n\n\n\n<li>Ter, na data da contrata\u00e7\u00e3o, idade m\u00ednima de 18 (dezoito) anos completos.<\/li>\n\n\n\n<li>Ter aptid\u00e3o f\u00edsica e mental para o exerc\u00edcio das atribui\u00e7\u00f5es do posto de trabalho.<\/li>\n\n\n\n<li>Estar quite com as obriga\u00e7\u00f5es eleitorais.<\/li>\n\n\n\n<li>Estar quite com as obriga\u00e7\u00f5es militares, para candidatos do sexo masculino.<\/li>\n\n\n\n<li>Possuir a escolaridade e os requisitos de qualifica\u00e7\u00e3o exigidos para o posto de trabalho.<\/li>\n\n\n\n<li>vigente no ato da contrata\u00e7\u00e3o.<\/li>\n\n\n\n<li>1Possuir idoneidade moral, comprovada por investiga\u00e7\u00e3o social realizada mediante apresenta\u00e7\u00e3o de certid\u00f5es negativas civis e criminais expedidas pelo Poder Judici\u00e1rio Federal e Estadual.<\/li>\n\n\n\n<li>Declarar, na solicita\u00e7\u00e3o de inscri\u00e7\u00e3o, que tem ci\u00eancia e aceita que, caso aprovado, dever\u00e1 entregar os documentos comprobat\u00f3rios dos requisitos exigidos para o posto de trabalho\/\u00e1rea por ocasi\u00e3o da contrata\u00e7\u00e3o.<\/li>\n<\/ul><h2 class=\"wp-block-heading\" id=\"como-sero-as-provas-do-processo-seletivo-mapa\">Como ser\u00e3o as provas do Processo Seletivo Mapa?<\/h2>\n\n\n\n<p>Os candidatos ser\u00e3o avaliados por meio de <strong>duas etapas:<\/strong><\/p>\n\n\n\n<ul class=\"wp-block-list\"><li>Prova Objetiva, para os cargos de N\u00edvel Superior;<\/li>\n\n\n\n<li>An\u00e1lise Curricular e Documental, para os cargos de N\u00edvel Fundamental e M\u00e9dio.<\/li>\n<\/ul><p>A prova objetiva ser\u00e1 aplicada no dia <strong>10 de dezembro de 2023 <\/strong>e ser\u00e1 composta de 65 quest\u00f5es de m\u00faltipla escolha com quatro alternativas cada, sendo apenas uma considerada correta. Veja a estrutura:<\/p>\n\n\n\n<figure class=\"wp-block-image size-full\"><a href=\"https:\/\/www.novaconcursos.com.br\/portal\/wp-content\/uploads\/2023\/11\/image-6.png\"><img decoding=\"async\" width=\"918\" height=\"250\" src=\"https:\/\/www.novaconcursos.com.br\/portal\/wp-content\/uploads\/2023\/11\/image-6.png\" alt=\"\" class=\"wp-image-210739\" loading=\"lazy\" title=\"\" srcset=\"https:\/\/www.novaconcursos.com.br\/portal\/wp-content\/uploads\/2023\/11\/image-6-300x82.png 300w, https:\/\/www.novaconcursos.com.br\/portal\/wp-content\/uploads\/2023\/11\/image-6-480x131.png 480w, https:\/\/www.novaconcursos.com.br\/portal\/wp-content\/uploads\/2023\/11\/image-6-768x209.png 768w, https:\/\/www.novaconcursos.com.br\/portal\/wp-content\/uploads\/2023\/11\/image-6.png 918w\" sizes=\"auto, (max-width: 480px) 100vw, (max-width: 768px) 100vw, (max-width: 1200px) 70vw, 768px\"><\/a><figcaption><\/figcaption><\/figure><p>A etapa ser\u00e1 avaliada em escala de 0 a 100 pontos e para ser aprovado, ser\u00e1 necess\u00e1rio obter nota igual ou superior a 60 pontos.<\/p>\n\n\n\n<p>Por outro lado, a <strong>an\u00e1lise curricular e documental<\/strong> consiste na triagem documentos obrigat\u00f3rios (comprova\u00e7\u00e3o de experi\u00eancia, declara\u00e7\u00f5es, comprova\u00e7\u00e3o de escolaridade) encaminhados no momento da inscri\u00e7\u00e3o.<\/p>\n\n\n\n<p>Essa etapa valer\u00e1 at\u00e9 100 pontos\u00a0e ser\u00e1 eliminado o candidato que n\u00e3o obtiver, no m\u00ednimo, 60 pontos.\u00a0Os crit\u00e9rios de pontua\u00e7\u00e3o obedecer\u00e3o a seguinte tabela:<\/p>\n\n\n<div class=\"wp-block-image\">\n<figure class=\"aligncenter size-full\"><a href=\"https:\/\/www.novaconcursos.com.br\/portal\/wp-content\/uploads\/2023\/11\/image-5.png\"><img decoding=\"async\" width=\"924\" height=\"456\" src=\"https:\/\/www.novaconcursos.com.br\/portal\/wp-content\/uploads\/2023\/11\/image-5.png\" alt=\"\" class=\"wp-image-210740\" loading=\"lazy\" title=\"\" srcset=\"https:\/\/www.novaconcursos.com.br\/portal\/wp-content\/uploads\/2023\/11\/image-5-300x148.png 300w, https:\/\/www.novaconcursos.com.br\/portal\/wp-content\/uploads\/2023\/11\/image-5-480x237.png 480w, https:\/\/www.novaconcursos.com.br\/portal\/wp-content\/uploads\/2023\/11\/image-5-768x379.png 768w, https:\/\/www.novaconcursos.com.br\/portal\/wp-content\/uploads\/2023\/11\/image-5.png 924w\" sizes=\"auto, (max-width: 480px) 100vw, (max-width: 768px) 100vw, (max-width: 1200px) 70vw, 768px\"><\/a><\/figure><\/div>\n\n\n<p>O certame ter\u00e1 prazo de validade de dois anos, a contar da data de homologa\u00e7\u00e3o do resultado final, prorrog\u00e1vel por igual per\u00edodo.<\/p>\n\n\n\n<h2 class=\"wp-block-heading\" id=\"concurso-nacional-unificado-ter-440-vagas-efetivas-do-mapa\">Concurso Nacional Unificado ter\u00e1 440 vagas efetivas do MAPA<\/h2>\n\n\n\n<p>Al\u00e9m das vagas tempor\u00e1rias, foram autorizadas outras\u00a0<strong>440 vagas imediatas<\/strong>\u00a0para as seguintes carreiras:<\/p>\n\n\n\n<ul class=\"wp-block-list\"><li>Agente de Atividades Agropecu\u00e1rias: 100 vagas\n<ul class=\"wp-block-list\"><li>R$ 7.436,04<\/li>\n<\/ul><\/li>\n\n\n\n<li>Agente de Inspe\u00e7\u00e3o Sanit\u00e1ria e Industrial de Produtos de Origem Animal: 100 vagas\n<ul class=\"wp-block-list\"><li>R$ 7.436,04<\/li>\n<\/ul><\/li>\n\n\n\n<li>Auditor Fiscal Federal Agropecu\u00e1rio: 200 vagas\n<ul class=\"wp-block-list\"><li>R$ 15.897,33<\/li>\n<\/ul><\/li>\n\n\n\n<li>T\u00e9cnico de Laborat\u00f3rio: 40 vagas\n<ul class=\"wp-block-list\"><li>R$ 7.436,04<\/li>\n<\/ul><\/li>\n<\/ul><p>Essas oportunidades ser\u00e3o ofertadas no Concurso Nacional Unificado, que visa o preenchimento de vagas autorizadas, por meio de um \u00fanico concurso, previsto para ser publicado no dia 20 dezembro de 2023.<\/p>\n\n\n\n<p>Diferente do modo de sele\u00e7\u00e3o atual, onde cada \u00f3rg\u00e3o faz seu pr\u00f3prio edital, o CNU prev\u00ea uma \u00fanica sele\u00e7\u00e3o, que ser\u00e1 realizada simultaneamente, no primeiro trimestre de 2024, em 179 cidades espalhadas por todo o pa\u00eds.<\/p>\n\n\n\n<p>Inspirado no modelo do Enem (Exame Nacional do Ensino M\u00e9dio), o objetivo \u00e9<strong>\u00a0democratizar o acesso \u00e0s vagas<\/strong>\u00a0e dar oportunidades para locais que n\u00e3o costumam receber a aplica\u00e7\u00e3o de provas.<\/p>\n\n\n\n<p><\/p>","protected":false},"excerpt":{"rendered":"<p>Ol\u00e1, concurseiros! Saiu o edital do Processo Seletivo Mapa. Dessa vez, com 316 vagas tempor\u00e1rias para as carreiras de Farmac\u00eautico, Qu\u00edmico, Auxiliar de Laborat\u00f3rio e T\u00e9cnico de Laborat\u00f3rio. As oportunidades exigem o n\u00edvel fundamental, m\u00e9dio e superior e oferecem sal\u00e1rios de at\u00e9 R$ 6,1 mil. Se voc\u00ea tem interesse nesse certame, continua comigo nessa p\u00e1gina [&hellip;]<\/p>\n","protected":false},"author":54679,"featured_media":155652,"comment_status":"closed","ping_status":"closed","sticky":false,"template":"","format":"standard","meta":{"_acf_changed":false,"footnotes":"","_wp_rev_ctl_limit":""},"categories":[228],"tags":[],"class_list":["post-210728","post","type-post","status-publish","format-standard","has-post-thumbnail","hentry","category-noticias"],"acf":[],"_links":{"self":[{"href":"https:\/\/www.novaconcursos.com.br\/portal\/wp-json\/wp\/v2\/posts\/210728","targetHints":{"allow":["GET"]}}],"collection":[{"href":"https:\/\/www.novaconcursos.com.br\/portal\/wp-json\/wp\/v2\/posts"}],"about":[{"href":"https:\/\/www.novaconcursos.com.br\/portal\/wp-json\/wp\/v2\/types\/post"}],"author":[{"embeddable":true,"href":"https:\/\/www.novaconcursos.com.br\/portal\/wp-json\/wp\/v2\/users\/54679"}],"replies":[{"embeddable":true,"href":"https:\/\/www.novaconcursos.com.br\/portal\/wp-json\/wp\/v2\/comments?post=210728"}],"version-history":[{"count":11,"href":"https:\/\/www.novaconcursos.com.br\/portal\/wp-json\/wp\/v2\/posts\/210728\/revisions"}],"predecessor-version":[{"id":281674,"href":"https:\/\/www.novaconcursos.com.br\/portal\/wp-json\/wp\/v2\/posts\/210728\/revisions\/281674"}],"wp:featuredmedia":[{"embeddable":true,"href":"https:\/\/www.novaconcursos.com.br\/portal\/wp-json\/wp\/v2\/media\/155652"}],"wp:attachment":[{"href":"https:\/\/www.novaconcursos.com.br\/portal\/wp-json\/wp\/v2\/media?parent=210728"}],"wp:term":[{"taxonomy":"category","embeddable":true,"href":"https:\/\/www.novaconcursos.com.br\/portal\/wp-json\/wp\/v2\/categories?post=210728"},{"taxonomy":"post_tag","embeddable":true,"href":"https:\/\/www.novaconcursos.com.br\/portal\/wp-json\/wp\/v2\/tags?post=210728"}],"curies":[{"name":"wp","href":"https:\/\/api.w.org\/{rel}","templated":true}]}}