{"id":210753,"date":"2023-11-03T12:29:36","date_gmt":"2023-11-03T15:29:36","guid":{"rendered":"https:\/\/www.novaconcursos.com.br\/portal\/?p=210753"},"modified":"2023-11-03T12:29:40","modified_gmt":"2023-11-03T15:29:40","slug":"o-que-estudar-para-o-concurso-mma-inscricoes-abertas","status":"publish","type":"post","link":"https:\/\/www.novaconcursos.com.br\/portal\/noticias\/o-que-estudar-para-o-concurso-mma-inscricoes-abertas\/","title":{"rendered":"O que estudar para o concurso MMA? Inscri\u00e7\u00f5es abertas!"},"content":{"rendered":"<p>Est\u00e3o abertas as inscri\u00e7\u00f5es do <a href=\"https:\/\/www.novaconcursos.com.br\/portal\/concursos\/concurso-mma\/\">concurso MMA<\/a>\u00a0(Minist\u00e9rio do Meio Ambiente), que est\u00e1 ofertando <strong>98 vagas<\/strong> de Analista Ambiental.<\/p>\n\n\n\n<p>O prazo termina no dia<strong> 22 de novembro de 2023.<\/strong> Portanto, se voc\u00ea tem interesse nesse certame, n\u00e3o perca tempo.<\/p>\n\n\n\n<p>Os interessados em uma das vagas dever\u00e3o realizar as inscri\u00e7\u00f5es no site da banca, o\u00a0<a href=\"https:\/\/www.cebraspe.org.br\/concursos\/\" target=\"_blank\" rel=\"noreferrer noopener\">Cebraspe,<\/a>\u00a0onde ser\u00e1 preciso preencher o formul\u00e1rio com os dados solicitados e efetuar o pagamento da\u00a0<strong>taxa de inscri\u00e7\u00e3o<\/strong>\u00a0no valor de R$ 110,00.<\/p>\n\n\n\n<p>O pagamento da taxa dever\u00e1 ser realizado at\u00e9 o dia 12 de dezembro de 2023. Caso contr\u00e1rio, a candidatura ser\u00e1 cancelada.<\/p>\n\n\n\n<p>Haver\u00e1 isen\u00e7\u00e3o do valor para inscritos no Cad\u00danico ou doadores de medula \u00f3ssea. O pedido de isen\u00e7\u00e3o dever\u00e1 ser realizado durante todo o per\u00edodo de inscri\u00e7\u00e3o, tamb\u00e9m no site da banca.<\/p>\n\n\n\n<p>Com inscri\u00e7\u00f5es abertas, as provas se aproximam. Confira <strong>o que estudar <\/strong>para garantir a aprova\u00e7\u00e3o! ?<\/p>\n\n\n\n<ul class=\"wp-block-list\"><li><strong>Confira:<\/strong>\u00a0<a href=\"https:\/\/www.novaconcursos.com.br\/apostila\/basico-concurso?promo_creative=Apostila+B%C3%A1sico+para+Concursos+2023&amp;promo_name=noticia&amp;promo_id=%2Fportal&amp;promo_position=corpo-texto\">Apostila B\u00e1sico para Concursos 2023<\/a><\/li>\n\n\n\n<li><strong>Confira:<\/strong>\u00a0<a href=\"https:\/\/www.novaconcursos.com.br\/livro\/1000-questoes-gabaritadas-cebraspe?promo_creative=Livro+1.000+Quest%C3%B5es+Gabaritadas+da+Cebraspe&amp;promo_name=noticia&amp;promo_id=%2Fportal%2Fnoticias%2Fconcurso-mma-saiu-edital-para-analista-98-vagas&amp;promo_position=corpo-texto\">Livro 1.000 Quest\u00f5es Gabaritadas da Cebraspe<\/a><\/li>\n<\/ul><p><\/p>\n\n\n\n<p>Estude para o concurso dos seus sonhos com o\u00a0<strong>M\u00e9todo<\/strong>\u00a0que j\u00e1 ajudou na\u00a0<strong>aprova\u00e7\u00e3o de mais de 70 mil alunos<\/strong>.\u00a0<a href=\"https:\/\/www.novaconcursos.com.br\/eventos\/assinatura?promo_creative=Clique+aqui&amp;promo_name=noticia&amp;promo_id=%2Fportal&amp;promo_position=corpo-texto\" target=\"_blank\" rel=\"noreferrer noopener\">Clique aqui<\/a>\u00a0e saiba mais!<\/p>\n\n\n\n<h2 class=\"wp-block-heading\" id=\"o-que-cai-na-prova-do-concurso-mma\">O que cai na prova do concurso MMA?<\/h2>\n\n\n\n<p>Os candidatos ser\u00e3o avaliados por meio de provas objetivas e discursivas, que ser\u00e3o aplicadas no dia\u00a0<strong>21 de janeiro de 2024,\u00a0<\/strong>em todas as capitais do pa\u00eds, al\u00e9m do Distrito Federal.<\/p>\n\n\n\n<p>A prova objetiva consistir\u00e1 em<strong>\u00a0100 quest\u00f5es do tipo \u201ccerto\u201d ou \u201cerrado\u201d,<\/strong>\u00a0em que cada erro anula um acerto, ou seja, se o candidato acertar 50 quest\u00f5es e errar 50 quest\u00f5es, sua pontua\u00e7\u00e3o ser\u00e1 0.<\/p>\n\n\n\n<p>Ser\u00e3o cobradas 40 quest\u00f5es de conhecimentos b\u00e1sicos e 60 quest\u00f5es de conhecimentos espec\u00edficos, sobre as disciplinas de:<\/p>\n\n\n\n<ul class=\"wp-block-list\"><li>L\u00edngua Portuguesa;<\/li>\n\n\n\n<li>L\u00edngua Inglesa;<\/li>\n\n\n\n<li>No\u00e7\u00f5es de Gest\u00e3o P\u00fablica;<\/li>\n\n\n\n<li>No\u00e7\u00f5es de Direito Administrativo;<\/li>\n\n\n\n<li>No\u00e7\u00f5es de Direito Constitucional;<\/li>\n\n\n\n<li>Legisla\u00e7\u00e3o e Normas Ambientais;<\/li>\n\n\n\n<li>Integridade P\u00fablica;<\/li>\n\n\n\n<li>Biodiversidade, Florestas e Direitos Animais;<\/li>\n\n\n\n<li>Mudan\u00e7a do Clima;<\/li>\n\n\n\n<li>Qualidade Ambiental;<\/li>\n\n\n\n<li>Bioeconomia; e<\/li>\n\n\n\n<li>Gest\u00e3o ambiental.<\/li>\n<\/ul><p><\/p>\n\n\n\n<p>J\u00e1 a prova discursiva consistir\u00e1 na elabora\u00e7\u00e3o de uma\u00a0<strong>reda\u00e7\u00e3o,\u00a0<\/strong>de at\u00e9 30 linhas, sobre um tema relacionados a \u201catualidades\u201d.<\/p>\n\n\n\n<p><strong>Aten\u00e7\u00e3o!\u00a0<\/strong>Somente ser\u00e3o corrigidas as provas discursivas dos 186 candidatos da ampla concorr\u00eancia melhores classificados na prova objetiva, bem como, dos 20 candidatos com defici\u00eancia mais bem classificados e dos 186 candidatos negros mais bem classificados.<\/p>\n\n\n\n<p>Confira alguns temas relacionados a atualidades que poder\u00e3o ser cobrados no concurso MMA:<\/p>\n\n\n\n<ul class=\"wp-block-list\"><li>T\u00f3picos atuais no Brasil e no mundo relativos \u00e0 economia, pol\u00edtica, sa\u00fade \u00fanica, sociedade, meio ambiente, emerg\u00eancia clim\u00e1tica, educa\u00e7\u00e3o, transi\u00e7\u00e3o energ\u00e9tica, ci\u00eancia e tecnologia;<\/li>\n\n\n\n<li>Racismo ambiental, justi\u00e7a clim\u00e1tica;<\/li>\n\n\n\n<li>Objetivos do desenvolvimento sustent\u00e1vel \u2013 ODS;\u00a0<\/li>\n\n\n\n<li>Transforma\u00e7\u00e3o ecol\u00f3gica;<\/li>\n\n\n\n<li>Economia Circular.<\/li>\n<\/ul><p><\/p>\n\n\n\n<h2 class=\"wp-block-heading\" id=\"qual-o-contedo-programtico-da-prova-objetiva-do-concurso-mma\">Qual o conte\u00fado program\u00e1tico da prova objetiva do concurso MMA?<\/h2>\n\n\n\n<p><strong>L\u00edngua Portuguesa<\/strong><\/p>\n\n\n\n<ul class=\"wp-block-list\"><li>Compreens\u00e3o e interpreta\u00e7\u00e3o de textos de g\u00eaneros variados. <\/li>\n\n\n\n<li>Reconhecimento de tipos e g\u00eaneros textuais. <\/li>\n\n\n\n<li>Dom\u00ednio da ortografia oficial. <\/li>\n\n\n\n<li>Dom\u00ednio dos mecanismos de coes\u00e3o textual; Emprego de elementos de referencia\u00e7\u00e3o, substitui\u00e7\u00e3o e repeti\u00e7\u00e3o, de conectores e de outros elementos de sequencia\u00e7\u00e3o textual; Emprego de tempos e modos verbais. <\/li>\n\n\n\n<li>Dom\u00ednio da estrutura morfossint\u00e1tica do per\u00edodo; Emprego das classes de palavras; Rela\u00e7\u00f5es de coordena\u00e7\u00e3o entre ora\u00e7\u00f5es e entre termos da ora\u00e7\u00e3o; Rela\u00e7\u00f5es de subordina\u00e7\u00e3o entre ora\u00e7\u00f5es e entre termos da ora\u00e7\u00e3o; Emprego dos sinais de pontua\u00e7\u00e3o; Concord\u00e2ncia verbal e nominal; Reg\u00eancia verbal e nominal; Emprego do sinal indicativo de crase; Coloca\u00e7\u00e3o dos pronomes \u00e1tonos. <\/li>\n\n\n\n<li>Reescrita de frases e par\u00e1grafos do texto; Significa\u00e7\u00e3o das palavras; Substitui\u00e7\u00e3o de palavras ou de trechos de texto; Reorganiza\u00e7\u00e3o da estrutura de ora\u00e7\u00f5es e de per\u00edodos do texto; Reescrita de textos de diferentes g\u00eaneros e n\u00edveis de formalidade. <\/li>\n\n\n\n<li>Manual de Reda\u00e7\u00e3o da Presid\u00eancia da Rep\u00fablica. <\/li>\n\n\n\n<li>Legisla\u00e7\u00e3o para elabora\u00e7\u00e3o de pareceres e notas t\u00e9cnicas.<\/li>\n<\/ul><p><\/p>\n\n\n\n<p><strong>L\u00edngua Inglesa<\/strong><\/p>\n\n\n\n<ul class=\"wp-block-list\"><li>Compreens\u00e3o de textos escritos em l\u00edngua inglesa;<\/li>\n\n\n\n<li>Itens gramaticais relevantes para a compreens\u00e3o dos conte\u00fados sem\u00e2nticos.<\/li>\n<\/ul><p><\/p>\n\n\n\n<h2 class=\"wp-block-heading\" id=\"\"><\/h2>\n\n\n\n<p><strong>No\u00e7\u00f5es de Gest\u00e3o P\u00fablica<\/strong><\/p>\n\n\n\n<ul class=\"wp-block-list\"><li>Processos participativos de gest\u00e3o p\u00fablica: conselhos de gest\u00e3o, or\u00e7amento participativo, parceria entre governo e sociedade. <\/li>\n\n\n\n<li>Governo eletr\u00f4nico; Transpar\u00eancia da administra\u00e7\u00e3o p\u00fablica; Controle social e cidadania; Accountability. <\/li>\n\n\n\n<li>Excel\u00eancia nos servi\u00e7os p\u00fablicos; Gest\u00e3o por resultados na produ\u00e7\u00e3o de servi\u00e7os p\u00fablicos;<\/li>\n\n\n\n<li>Comunica\u00e7\u00e3o na gest\u00e3o p\u00fablica.<\/li>\n\n\n\n<li>Governabilidade e governan\u00e7a; Intermedia\u00e7\u00e3o de interesses (clientelismo, corporativismo e neocorporativismo).<\/li>\n\n\n\n<li>Mudan\u00e7as institucionais: conselhos, organiza\u00e7\u00f5es sociais, organiza\u00e7\u00e3o da sociedade civil de interesse p\u00fablico (OSCIP), ag\u00eancia reguladora, ag\u00eancia executiva.<\/li>\n\n\n\n<li>Processo de formula\u00e7\u00e3o e desenvolvimento de pol\u00edticas: constru\u00e7\u00e3o de agendas, formula\u00e7\u00e3o de pol\u00edticas, implementa\u00e7\u00e3o de pol\u00edticas.<\/li>\n\n\n\n<li>As pol\u00edticas p\u00fablicas no Estado brasileiro contempor\u00e2neo; Descentraliza\u00e7\u00e3o e democracia; Participa\u00e7\u00e3o, atores sociais e controle social; Gest\u00e3o local, cidadania e equidade social. <\/li>\n\n\n\n<li>Planejamento e avalia\u00e7\u00e3o nas pol\u00edticas p\u00fablicas: conceitos b\u00e1sicos de planejamento; Aspectos administrativos, t\u00e9cnicos, econ\u00f4micos e financeiros; Formula\u00e7\u00e3o de programas e projetos; Avalia\u00e7\u00e3o de programas e projetos; Tipos de avalia\u00e7\u00e3o; An\u00e1lise custo\u2010benef\u00edcio e an\u00e1lise custo\u2010efetividade. <\/li>\n\n\n\n<li>Governan\u00e7a Ambiental, Social e Corporativa (ESG): conceitos e aplica\u00e7\u00e3o no setor p\u00fablico. <\/li>\n\n\n\n<li>Ciclo or\u00e7ament\u00e1rio. Transfer\u00eancias volunt\u00e1rias e legisla\u00e7\u00e3o sobre o tema.<\/li>\n\n\n\n<li>Ciclo de planejamento governamental; Plano Plurianual (PPA) 2024\u20102027: modelo de planejamento, megaobjetivos, dimens\u00f5es, programa e a\u00e7\u00e3o. <\/li>\n\n\n\n<li>Lei de Diretrizes Or\u00e7ament\u00e1rias. Lei Or\u00e7ament\u00e1ria Anual.<\/li>\n<\/ul><p><\/p>\n\n\n\n<h2 class=\"wp-block-heading\" id=\"\"><\/h2>\n\n\n\n<p><strong>Direito Administrativo <\/strong><\/p>\n\n\n\n<ul class=\"wp-block-list\"><li>Estado, governo e administra\u00e7\u00e3o p\u00fablica. <\/li>\n\n\n\n<li>Conceitos, elementos, poderes, natureza, fins e princ\u00edpios. <\/li>\n\n\n\n<li>Direito administrativo; Conceito, fontes e princ\u00edpios.<\/li>\n\n\n\n<li>Ato administrativo; Conceito, requisitos, atributos, classifica\u00e7\u00e3o e esp\u00e9cies; Invalida\u00e7\u00e3o, anula\u00e7\u00e3o e revoga\u00e7\u00e3o; Prescri\u00e7\u00e3o. <\/li>\n\n\n\n<li>Agentes administrativos; Investidura e exerc\u00edcio da fun\u00e7\u00e3o p\u00fablica; Direitos e deveres dos funcion\u00e1rios p\u00fablicos; regimes jur\u00eddicos; Processo administrativo; Conceito, princ\u00edpios, fases e modalidades; Lei n\u00ba 8.112\/1990 (Regime Jur\u00eddico dos Servidores P\u00fablicos da Uni\u00e3o, das Autarquias e das Funda\u00e7\u00f5es P\u00fablicas Federais). <\/li>\n\n\n\n<li>Poderes da administra\u00e7\u00e3o.; Vinculado, discricion\u00e1rio, hier\u00e1rquico, disciplinar e regulamentar. <\/li>\n\n\n\n<li>Princ\u00edpios b\u00e1sicos da administra\u00e7\u00e3o; Responsabilidade civil da administra\u00e7\u00e3o; Evolu\u00e7\u00e3o doutrin\u00e1ria e repara\u00e7\u00e3o do dano; Enriquecimento il\u00edcito e uso e abuso de poder. <\/li>\n\n\n\n<li>Servi\u00e7os p\u00fablicos; Conceito, classifica\u00e7\u00e3o, regulamenta\u00e7\u00e3o, formas e compet\u00eancia de presta\u00e7\u00e3o.<\/li>\n\n\n\n<li>Organiza\u00e7\u00e3o administrativa; Administra\u00e7\u00e3o direta e indireta, centralizada e descentralizada; Autarquias, funda\u00e7\u00f5es, empresas p\u00fablicas e sociedades de economia mista.<\/li>\n\n\n\n<li>Controle e responsabiliza\u00e7\u00e3o da administra\u00e7\u00e3o; Controle administrativo; Controle judicial; Controle legislativo; Responsabilidade civil do Estado. <\/li>\n\n\n\n<li>Lei n\u00ba 13.709\/2018 (Lei Geral de Prote\u00e7\u00e3o de Dados Pessoais \u2014 LGPD). <\/li>\n\n\n\n<li>Acesso \u00e0 informa\u00e7\u00e3o. 11.1 Lei n\u00ba 12.527\/2011 e Decreto n\u00ba 7.724\/2012<\/li>\n<\/ul><p><\/p>\n\n\n\n<p><strong>Direito Constitucional<\/strong><\/p>\n\n\n\n<ul class=\"wp-block-list\"><li>Constitui\u00e7\u00e3o da Rep\u00fablica Federativa do Brasil de 1988;  Conceito, classifica\u00e7\u00f5es, princ\u00edpios fundamentais, emendas constitucionais. <\/li>\n\n\n\n<li>Direitos e garantias fundamentais; Direitos e deveres individuais e coletivos, direitos sociais, nacionalidade, cidadania, direitos pol\u00edticos, partidos pol\u00edticos.<\/li>\n\n\n\n<li>Organiza\u00e7\u00e3o pol\u00edtico\u2010administrativa; Uni\u00e3o, estados, Distrito Federal e munic\u00edpios. <\/li>\n\n\n\n<li>Administra\u00e7\u00e3o p\u00fablica; Disposi\u00e7\u00f5es gerais, servidores p\u00fablicos. <\/li>\n\n\n\n<li>Poder Legislativo; Congresso Nacional, C\u00e2mara dos Deputados, Senado Federal, deputados e senadores. <\/li>\n\n\n\n<li>Poder Executivo; Atribui\u00e7\u00f5es do presidente da Rep\u00fablica e dos ministros de Estado. <\/li>\n\n\n\n<li>Poder Judici\u00e1rio; Disposi\u00e7\u00f5es gerais; \u00d3rg\u00e3os do Poder Judici\u00e1rio; Compet\u00eancias; Conselho Nacional de Justi\u00e7a (CNJ); Composi\u00e7\u00e3o e compet\u00eancia.<\/li>\n\n\n\n<li>Fun\u00e7\u00f5es essenciais \u00e0 Justi\u00e7a; Minist\u00e9rio P\u00fablico, advocacia e defensoria p\u00fablicas. <\/li>\n\n\n\n<li>Artigos 23, 170, 225 e 231 da Constitui\u00e7\u00e3o Federal de 1988.<\/li>\n<\/ul><p><\/p>\n\n\n\n<h2 class=\"wp-block-heading\" id=\"\"><\/h2>\n\n\n\n<p><strong>Legisla\u00e7\u00e3o e Normas Ambientais<\/strong><\/p>\n\n\n\n<ul class=\"wp-block-list\"><li>Arcabou\u00e7o jur\u00eddico e constitucional;<\/li>\n\n\n\n<li>Panorama institucional; Atribui\u00e7\u00f5es, compet\u00eancias e atua\u00e7\u00e3o normativa dos \u00f3rg\u00e3os do Sistema Nacional do Meio Ambiente (SISNAMA) e dos demais \u00f3rg\u00e3os da administra\u00e7\u00e3o p\u00fablica federal que atuam na \u00e1rea ambiental para os seguintes temas: recursos h\u00eddricos, florestas, diversidade biol\u00f3gica, biotecnologia, mudan\u00e7as clim\u00e1ticas, unidades de conserva\u00e7\u00e3o da natureza e saneamento b\u00e1sico.<\/li>\n<\/ul><p><\/p>\n\n\n\n<p><strong>Integridade P\u00fablica<\/strong><\/p>\n\n\n\n<p><\/p>\n\n\n\n<ul class=\"wp-block-list\"><li>\u00c9tica e moral. <\/li>\n\n\n\n<li>\u00c9tica, princ\u00edpios e valores. <\/li>\n\n\n\n<li>\u00c9tica e democracia: exerc\u00edcio da cidadania. <\/li>\n\n\n\n<li>Valores do Servi\u00e7o P\u00fablico Brasileiro. <\/li>\n\n\n\n<li>\u00c9tica no Setor P\u00fablico. <\/li>\n\n\n\n<li>C\u00f3digo de \u00c9tica Profissional do Servi\u00e7o P\u00fablico \u2013 Decreto n\u00ba 1.171, de 22 de junho de 1994. 7 Lei n\u00ba 12.813\/2013 (disp\u00f5e sobre o conflito de interesses no exerc\u00edcio de cargo ou emprego do Poder Executivo federal e impedimentos posteriores ao exerc\u00edcio do cargo ou emprego). <\/li>\n\n\n\n<li>Lei n\u00ba 8.429\/1992 e suas altera\u00e7\u00f5es (disp\u00f5e sobre as san\u00e7\u00f5es aplic\u00e1veis em virtude da pr\u00e1tica de atos de improbidade administrativa). 9 Lei n\u00ba 8.112\/1990 e suas altera\u00e7\u00f5es: regime disciplinar (deveres e proibi\u00e7\u00f5es, acumula\u00e7\u00e3o, responsabilidades e penalidades).<\/li>\n<\/ul><p><\/p>\n\n\n\n<p><strong>Biodiversidade, Floresta e Direitos dos Animais<\/strong><\/p>\n\n\n\n<ul class=\"wp-block-list\"><li>Sistema Nacional de Unidades de Conserva\u00e7\u00e3o da Natureza.<\/li>\n\n\n\n<li>Recupera\u00e7\u00e3o da vegeta\u00e7\u00e3o nativa; Lei n\u00ba 12.651\/2012 e suas altera\u00e7\u00f5es; Decreto n\u00ba 8.972\/2017 e suas altera\u00e7\u00f5es; Portaria Interministerial n\u00ba 230\/2017; Decreto n\u00ba 11.367\/2023. <\/li>\n\n\n\n<li>Conserva\u00e7\u00e3o e uso sustent\u00e1vel da biodiversidade; Pol\u00edtica Nacional da Biodiversidade; Decreto n\u00ba 4.339\/2002. <\/li>\n\n\n\n<li>Ecologia da paisagem.<\/li>\n\n\n\n<li>Biomas e fitofisionomias brasileiros: caracter\u00edsticas e evolu\u00e7\u00e3o da fauna e da flora.<\/li>\n\n\n\n<li>Prote\u00e7\u00e3o \u00e0 fauna; Lei n\u00ba 5.197\/1967; Evolu\u00e7\u00e3o conceitual da prote\u00e7\u00e3o, defesa e direitos animais; Conting\u00eancia de desastres em massa envolvendo animais. <\/li>\n\n\n\n<li>Florestas; Gest\u00e3o de florestas p\u00fablicas; Lei n\u00ba 12.651\/2012 suas altera\u00e7\u00f5es; Lei n\u00ba 11.284\/2006 (t\u00edtulos I, II e III e V) e suas altera\u00e7\u00f5es; Resolu\u00e7\u00e3o CONAMA n\u00ba 378\/2006 e suas altera\u00e7\u00f5es; Resolu\u00e7\u00e3o CONAMA n\u00ba 379\/2006 e complementa\u00e7\u00f5es.<\/li>\n<\/ul><p><\/p>\n\n\n\n<h2 class=\"wp-block-heading\" id=\"\"><\/h2>\n\n\n\n<p><strong>Mudan\u00e7a do Clima<\/strong><\/p>\n\n\n\n<ul class=\"wp-block-list\"><li>Ci\u00eancia do clima e impacto da atua\u00e7\u00e3o humana no regime clim\u00e1tico; A\u00e7\u00f5es de mitiga\u00e7\u00e3o da mudan\u00e7a do clima; Adapta\u00e7\u00e3o aos efeitos da mudan\u00e7a do clima. <\/li>\n\n\n\n<li>Conven\u00e7\u00e3o Quadro das Na\u00e7\u00f5es Unidas sobre Mudan\u00e7a do Clima, seu Protocolo de Quioto e seu Acordo de Paris<\/li>\n\n\n\n<li>Pol\u00edtica Nacional sobre Mudan\u00e7a do Clima.<\/li>\n\n\n\n<li>Transi\u00e7\u00e3o energ\u00e9tica justa.<\/li>\n\n\n\n<li>Preven\u00e7\u00e3o de riscos e desastres.<\/li>\n\n\n\n<li>Protocolo de Montreal sobre Subst\u00e2ncias que Destroem a Camada de Oz\u00f4nio e Emenda de Kigali. <\/li>\n\n\n\n<li> Oceano e mudan\u00e7a do clima.<\/li>\n\n\n\n<li>Com\u00e9rcio internacional e o meio ambiente.<\/li>\n<\/ul><p><\/p>\n\n\n\n<p><strong>Qualidade Ambiental<\/strong><\/p>\n\n\n\n<ul class=\"wp-block-list\"><li>Preven\u00e7\u00e3o, controle e monitoramento da polui\u00e7\u00e3o ambiental no ar, no solo e na \u00e1gua e respectivas resolu\u00e7\u00f5es Conama. <\/li>\n\n\n\n<li>Gest\u00e3o da qualidade ambiental do ar, do solo e da \u00e1gua e respectivas resolu\u00e7\u00f5es Conama. Resolu\u00e7\u00f5es Conama n\u00ba 5\/1989 e n\u00ba 491\/2018. <\/li>\n\n\n\n<li>Passivos ambientais e \u00e1reas contaminadas. Resolu\u00e7\u00e3o Conama n\u00ba 420\/2009. <\/li>\n\n\n\n<li>Seguran\u00e7a qu\u00edmica.<\/li>\n\n\n\n<li>Gest\u00e3o das subst\u00e2ncias qu\u00edmicas.<\/li>\n\n\n\n<li>Emerg\u00eancias Ambientais com Produtos Qu\u00edmicos Perigosos.<\/li>\n\n\n\n<li>Pol\u00edtica Nacional de Saneamento B\u00e1sico.<\/li>\n\n\n\n<li>Pol\u00edtica Nacional de Res\u00edduos S\u00f3lidos e seus instrumentos. <\/li>\n\n\n\n<li>Pol\u00edticas de Desenvolvimento Urbano.<\/li>\n<\/ul><p><\/p>\n\n\n\n<p><strong>Bioeconimia<\/strong><\/p>\n\n\n\n<ul class=\"wp-block-list\"><li>Instrumentos econ\u00f4micos para a prote\u00e7\u00e3o ambiental. <\/li>\n\n\n\n<li>Contabilidade e valora\u00e7\u00e3o econ\u00f4mica dos recursos naturais e remunera\u00e7\u00e3o dos servi\u00e7os ambientais. <\/li>\n\n\n\n<li>Desenvolvimento de ecomercados e neg\u00f3cios sustent\u00e1veis. <\/li>\n\n\n\n<li>Contas ambientais. <\/li>\n\n\n\n<li>Ecoefici\u00eancia e produ\u00e7\u00e3o sustent\u00e1vel.<\/li>\n\n\n\n<li>Pagamento por servi\u00e7os ambientais. <\/li>\n\n\n\n<li>Sistemas agroflorestais. <\/li>\n\n\n\n<li>Acesso ao patrim\u00f4nio gen\u00e9tico, prote\u00e7\u00e3o e acesso ao conhecimento tradicional associado e reparti\u00e7\u00e3o de benef\u00edcios para conserva\u00e7\u00e3o e uso sustent\u00e1vel da biodiversidade.<\/li>\n<\/ul><p><\/p>\n\n\n\n<p><strong>Gest\u00e3o Ambiental<\/strong><\/p>\n\n\n\n<ul class=\"wp-block-list\"><li>Zoneamento ambiental. <\/li>\n\n\n\n<li>Programa de Zoneamento Ecol\u00f3gico e Econ\u00f4mico. <\/li>\n\n\n\n<li>Cartografia e navega\u00e7\u00e3o, sistemas de informa\u00e7\u00e3o geogr\u00e1fica, sensoriamento remoto, imageamento e interpreta\u00e7\u00e3o de mapas.<\/li>\n\n\n\n<li>Pol\u00edtica Nacional de Educa\u00e7\u00e3o Ambiental. Lei n\u00ba 9.795\/1999 e Decreto n\u00ba 4.281\/2002. <\/li>\n\n\n\n<li>Programa Nacional de Educa\u00e7\u00e3o Ambiental. <\/li>\n\n\n\n<li>Lei n\u00ba 9.394\/1996 (LDB). <\/li>\n\n\n\n<li>Cidadania ambiental. <\/li>\n\n\n\n<li>Agenda ambiental na administra\u00e7\u00e3o p\u00fablica (A3P). <\/li>\n\n\n\n<li>Consumo sustent\u00e1vel. <\/li>\n<\/ul><p><\/p>\n\n\n\n<p>Para acessar na \u00edntegra, <a href=\"https:\/\/cdn.cebraspe.org.br\/concursos\/MMA_23\/arquivos\/ED_1_2023_MMA_ABERTURA.PDF\" target=\"_blank\" rel=\"noreferrer noopener\">clique aqui!<\/a> ??<\/p>\n\n\n\n<h2 class=\"wp-block-heading\" id=\"vagas-cargos-e-salrios-do-concurso-mma\">Vagas, cargos e sal\u00e1rios do concurso MMA<\/h2>\n\n\n\n<p>O concurso MMA visa o preenchimento de\u00a0<strong>98 vagas imediatas<\/strong>\u00a0de Analista Ambiental, que exige o n\u00edvel superior, sendo:<\/p>\n\n\n\n<ul class=\"wp-block-list\"><li>Ampla Concorr\u00eancia: 73 vagas<\/li>\n\n\n\n<li>PCDs: 5 vagas<\/li>\n\n\n\n<li>Negros: 20 vagas<\/li>\n<\/ul><p><\/p>\n\n\n\n<p>Os aprovados cumprir\u00e3o jornadas de trabalho de\u00a0<strong>40 horas semanais,<\/strong>\u00a0com possibilidade de ingresso no Programa de Gest\u00e3o e Desempenho e ser\u00e3o remunerados com\u00a0<strong>sal\u00e1rios iniciais de R$ 9.475,72.<\/strong><\/p>\n\n\n\n<p>Esse valor \u00e9 composto do vencimento b\u00e1sico Classe A\/Padr\u00e3o I + gratifica\u00e7\u00e3o de desempenho \u2013 GDAEM + aux\u00edlio alimenta\u00e7\u00e3o.<\/p>\n\n\n\n<p>O servidor tamb\u00e9m tem possibilidade de Gratifica\u00e7\u00e3o de Qualifica\u00e7\u00e3o nos seguintes valores:<\/p>\n\n\n\n<ul class=\"wp-block-list\"><li>GQ I Especializa\u00e7\u00e3o: R$ 385,70<\/li>\n\n\n\n<li>GQ II Mestrado: R$ 769,10<\/li>\n\n\n\n<li>GQ III Doutorado: R$ 1.157,58<\/li>\n<\/ul><p><\/p>\n\n\n\n<h2 class=\"wp-block-heading\" id=\"como-o-trabalho-do-analista-ambiental\">Como \u00e9 o trabalho do Analista Ambiental?<\/h2>\n\n\n\n<p>Os aprovados no concurso MMA para o cargo de Analista Ambiental ser\u00e3o respons\u00e1veis pelo planejamento ambiental, organizacional e estrat\u00e9gico afetos \u00e0 execu\u00e7\u00e3o das pol\u00edticas nacionais de meio ambiente formuladas no \u00e2mbito da Uni\u00e3o, em especial as que se relacionem com as seguintes atividades: regula\u00e7\u00e3o, controle, fiscaliza\u00e7\u00e3o, licenciamento e auditoria ambiental; monitoramento ambiental; gest\u00e3o, prote\u00e7\u00e3o e controle da qualidade ambiental; ordenamento dos recursos florestais e pesqueiros; conserva\u00e7\u00e3o dos ecossistemas e das esp\u00e9cies neles inseridas, incluindo seu manejo e prote\u00e7\u00e3o; e est\u00edmulo e difus\u00e3o de tecnologias, informa\u00e7\u00e3o e educa\u00e7\u00e3o ambientais.<\/p>","protected":false},"excerpt":{"rendered":"<p>Est\u00e3o abertas as inscri\u00e7\u00f5es do concurso MMA\u00a0(Minist\u00e9rio do Meio Ambiente), que est\u00e1 ofertando 98 vagas de Analista Ambiental. O prazo termina no dia 22 de novembro de 2023. Portanto, se voc\u00ea tem interesse nesse certame, n\u00e3o perca tempo. Os interessados em uma das vagas dever\u00e3o realizar as inscri\u00e7\u00f5es no site da banca, o\u00a0Cebraspe,\u00a0onde ser\u00e1 preciso [&hellip;]<\/p>\n","protected":false},"author":54679,"featured_media":192783,"comment_status":"closed","ping_status":"closed","sticky":false,"template":"","format":"standard","meta":{"_acf_changed":false,"footnotes":"","_wp_rev_ctl_limit":""},"categories":[228],"tags":[],"class_list":["post-210753","post","type-post","status-publish","format-standard","has-post-thumbnail","hentry","category-noticias"],"acf":[],"_links":{"self":[{"href":"https:\/\/www.novaconcursos.com.br\/portal\/wp-json\/wp\/v2\/posts\/210753","targetHints":{"allow":["GET"]}}],"collection":[{"href":"https:\/\/www.novaconcursos.com.br\/portal\/wp-json\/wp\/v2\/posts"}],"about":[{"href":"https:\/\/www.novaconcursos.com.br\/portal\/wp-json\/wp\/v2\/types\/post"}],"author":[{"embeddable":true,"href":"https:\/\/www.novaconcursos.com.br\/portal\/wp-json\/wp\/v2\/users\/54679"}],"replies":[{"embeddable":true,"href":"https:\/\/www.novaconcursos.com.br\/portal\/wp-json\/wp\/v2\/comments?post=210753"}],"version-history":[{"count":11,"href":"https:\/\/www.novaconcursos.com.br\/portal\/wp-json\/wp\/v2\/posts\/210753\/revisions"}],"predecessor-version":[{"id":210774,"href":"https:\/\/www.novaconcursos.com.br\/portal\/wp-json\/wp\/v2\/posts\/210753\/revisions\/210774"}],"wp:featuredmedia":[{"embeddable":true,"href":"https:\/\/www.novaconcursos.com.br\/portal\/wp-json\/wp\/v2\/media\/192783"}],"wp:attachment":[{"href":"https:\/\/www.novaconcursos.com.br\/portal\/wp-json\/wp\/v2\/media?parent=210753"}],"wp:term":[{"taxonomy":"category","embeddable":true,"href":"https:\/\/www.novaconcursos.com.br\/portal\/wp-json\/wp\/v2\/categories?post=210753"},{"taxonomy":"post_tag","embeddable":true,"href":"https:\/\/www.novaconcursos.com.br\/portal\/wp-json\/wp\/v2\/tags?post=210753"}],"curies":[{"name":"wp","href":"https:\/\/api.w.org\/{rel}","templated":true}]}}