{"id":210787,"date":"2023-11-06T09:28:02","date_gmt":"2023-11-06T12:28:02","guid":{"rendered":"https:\/\/www.novaconcursos.com.br\/portal\/?p=210787"},"modified":"2023-11-07T12:22:01","modified_gmt":"2023-11-07T15:22:01","slug":"quanto-ganha-um-servidor-da-agencia-nacional-das-aguas-ana","status":"publish","type":"post","link":"https:\/\/www.novaconcursos.com.br\/portal\/artigos\/quanto-ganha-um-servidor-da-agencia-nacional-das-aguas-ana\/","title":{"rendered":"Quanto ganha um servidor da Ag\u00eancia Nacional das \u00c1guas (ANA)?"},"content":{"rendered":"<p>Urgente! Em entrevista, o secret\u00e1rio-geral da Ag\u00eancia Nacional de \u00c1guas, Nazareno Ara\u00fajo, informou que a <strong>comiss\u00e3o de planejamento<\/strong> de <a href=\"https:\/\/www.novaconcursos.com.br\/portal\/concursos\/concurso-ana\/\">concurso ANA<\/a> j\u00e1 est\u00e1 formada e o documento oficial com o nome dos membros ser\u00e1 divulgado no Di\u00e1rio Oficial.<\/p>\n\n\n\n<p>De acordo com ele, a comiss\u00e3o trabalha no <strong>projeto b\u00e1sico<\/strong> e na escolha da banca organizadora do certame.<\/p>\n\n\n\n<p>Pra quem n\u00e3o sabe, a banca \u00e9 respons\u00e1vel pelas inscri\u00e7\u00f5es, provas, etapas avaliativas e pelo lan\u00e7amento do edital.<\/p>\n\n\n\n<p>A expetativa \u00e9 que os tramites avancem nas pr\u00f3ximas semanas, visto que a Ag\u00eancia Nacional das \u00c1guas tem at\u00e9 o <strong>dia 15 de janeiro <\/strong>para publicar o edital, devido ao prazo de seis meses previsto na autoriza\u00e7\u00e3o do concurso.<\/p>\n\n\n\n<p>Ser\u00e3o ofertadas <strong>40 vagas imediatas <\/strong>para o cargo de Especialista em Recursos H\u00eddricos e Saneamento B\u00e1sico, que exige o n\u00edvel superior de forma\u00e7\u00e3o.<\/p>\n\n\n\n<p>Em rela\u00e7\u00e3o as provas, elas ser\u00e3o aplicadas em pelo menos uma capital de cada regi\u00e3o do pa\u00eds. O lugar correto ser\u00e1 divulgado com a publica\u00e7\u00e3o do projeto b\u00e1sico e\/ou edital.<\/p>\n\n\n\n<p>Se voc\u00ea ficou interessado nesse certame, continue comigo nessa p\u00e1gina para conferir os detalhes da carreira e j\u00e1 ir se preparando! ?<\/p>\n\n\n\n<ul class=\"wp-block-list\"><li><strong>Confira:<\/strong>\u00a0<a href=\"https:\/\/www.novaconcursos.com.br\/curso-online\/curso-de-redacao-para-concursos?promo_creative=Reda%C3%A7%C3%A3o+Nota+M%C3%A1xima+para+Concursos&amp;promo_name=noticia&amp;promo_id=%2Fportal%2Fnoticias%2Fconcurso-ana-comissao-formada-e-edital-em-breve&amp;promo_position=corpo-texto\">Reda\u00e7\u00e3o Nota M\u00e1xima para Concursos<\/a><\/li>\n<\/ul><p><\/p>\n\n\n\n<p>Estude para o concurso dos seus sonhos com o\u00a0<strong>M\u00e9todo<\/strong>\u00a0que j\u00e1 ajudou na\u00a0<strong>aprova\u00e7\u00e3o de mais de 70 mil alunos.<\/strong>\u00a0<a href=\"https:\/\/aprovacao.novaconcursos.com.br\/assinatura?promo_creative=Clique+aqui&amp;promo_name=noticia&amp;promo_id=%2Fportal%2Fnoticias%2Fconcurso-ana-comissao-formada-e-edital-em-breve&amp;promo_position=corpo-texto\" target=\"_blank\" rel=\"noreferrer noopener\">Clique aqui<\/a>\u00a0\u00a0e saiba mais!<\/p>\n\n\n\n<h2 class=\"wp-block-heading\" id=\"agncia-nacional-das-guas-no-estar-no-concurso-nacional-unifi\">Ag\u00eancia Nacional das \u00c1guas n\u00e3o estar\u00e1 no Concurso Nacional Unificado!<\/h2>\n\n\n\n<p>A Ag\u00eancia Nacional das \u00c1guas (ANA) est\u00e1 entre as ag\u00eancias reguladoras que decidiram n\u00e3o aderir ao <a href=\"https:\/\/www.novaconcursos.com.br\/portal\/artigos\/como-comecar-a-estudar-para-o-concurso-nacional-unificado-cnu\/\">Concurso Nacional Unificado,<\/a> denominado \u201cEnem dos Concursos\u201d.<\/p>\n\n\n\n<p>A nova proposta do Governo Federal recebeu a confirma\u00e7\u00e3o de mais de 20 \u00f3rg\u00e3os e ter\u00e1 oferta de <strong>6.640 vagas <\/strong>de n\u00edveis m\u00e9dio\/t\u00e9cnico e superior, com remunera\u00e7\u00f5es que podem chegar at\u00e9\u00a0R$ 24 mil.<\/p>\n\n\n\n<p>A previs\u00e3o \u00e9 que os editais sejam publicados no dia <strong>20 de dezembro de 2023,<\/strong> com provas em fevereiro de 2024. A banca organizadora dever\u00e1 ser anunciada em breve.<\/p>\n\n\n\n<p>Al\u00e9m da ANA, o Governo Federal autorizou mais de 300 vagas efetivas para concursos em ag\u00eancias reguladoras. <\/p>\n\n\n\n<ul class=\"wp-block-list\"><li><strong>Confira: <\/strong><a href=\"https:\/\/www.novaconcursos.com.br\/portal\/noticias\/concurso-agencias-reguladoras-mais-de-300-vagas-autorizadas\/\">Ag\u00eancias Reguladoras: Mais de 300 vagas autorizadas!<\/a><\/li>\n<\/ul><p><\/p>\n\n\n\n<h2 class=\"wp-block-heading\" id=\"quanto-ganha-um-especialista-em-recursos-hdricos-e-saneament\">Quanto ganha um Especialista em Recursos H\u00eddricos e Saneamento B\u00e1sico?<\/h2>\n\n\n\n<p>O Especialista em Recursos H\u00eddricos e Saneamento B\u00e1sico tem remunera\u00e7\u00e3o inicial de R$ 16.413,35, entretanto, possu\u00ed progress\u00e3o salarial, que permite um aumento no sal\u00e1rio, podendo chegar em\u00a0<strong>R$ 22.929,74 no \u00faltimo n\u00edvel.<\/strong><\/p>\n\n\n\n<p>S\u00e3o tr\u00eas classes com treze n\u00edveis de escalonamento, sendo classe A (I, II, III e IV), classe B \u00a0(I, II, III e IV) e classe especial \u00a0(I, II, III), conforme demonstrado na tabela:<\/p>\n\n\n\n<figure class=\"wp-block-image size-full\"><a href=\"https:\/\/www.novaconcursos.com.br\/portal\/wp-content\/uploads\/2023\/11\/ana-concurso.png\"><img decoding=\"async\" width=\"1010\" height=\"400\" src=\"https:\/\/www.novaconcursos.com.br\/portal\/wp-content\/uploads\/2023\/11\/ana-concurso.png\" alt=\"\" class=\"wp-image-210790\" loading=\"lazy\" title=\"\" srcset=\"https:\/\/www.novaconcursos.com.br\/portal\/wp-content\/uploads\/2023\/11\/ana-concurso-300x119.png 300w, https:\/\/www.novaconcursos.com.br\/portal\/wp-content\/uploads\/2023\/11\/ana-concurso-480x190.png 480w, https:\/\/www.novaconcursos.com.br\/portal\/wp-content\/uploads\/2023\/11\/ana-concurso-768x304.png 768w, https:\/\/www.novaconcursos.com.br\/portal\/wp-content\/uploads\/2023\/11\/ana-concurso.png 1010w\" sizes=\"auto, (max-width: 480px) 100vw, (max-width: 768px) 100vw, (max-width: 1200px) 70vw, 768px\"><\/a><figcaption><\/figcaption><\/figure><p><\/p>\n\n\n\n<h2 class=\"wp-block-heading\" id=\"o-que-faz-um-especialista-em-recursos-hdricos-e-saneamento-b\">O que faz um Especialista em Recursos H\u00eddricos e Saneamento B\u00e1sico?<\/h2>\n\n\n\n<p>O Especialista em Recursos H\u00eddricos e Saneamento B\u00e1sico tem como atribui\u00e7\u00e3o a regula\u00e7\u00e3o, outorga e fiscaliza\u00e7\u00e3o do uso de recursos h\u00eddricos, \u00e0 implementa\u00e7\u00e3o, operacionaliza\u00e7\u00e3o e avalia\u00e7\u00e3o dos instrumentos da pol\u00edtica nacional de recursos h\u00eddricos, a an\u00e1lise e desenvolvimento de programas e projetos de despolui\u00e7\u00e3o de bacias hidrogr\u00e1ficas, eventos cr\u00edticos em recursos h\u00eddricos e promo\u00e7\u00e3o do uso integrado de solo e \u00e1gua.<\/p>\n\n\n\n<h2 class=\"wp-block-heading\" id=\"quais-os-requisitos-para-ser-um-especialista-em-recursos-hdr\">Quais os requisitos para ser um Especialista em Recursos H\u00eddricos e Saneamento B\u00e1sico?<\/h2>\n\n\n\n<p>Segundo o edital do \u00faltimo concurso, os requisitos b\u00e1sicos necess\u00e1rio para tomar posse, s\u00e3o:<\/p>\n\n\n\n<ul class=\"wp-block-list\"><li>Ter nacionalidade brasileira; no caso de nacionalidade portuguesa, estar amparado pelo estatuto de igualdade entre brasileiros e portugueses;<\/li>\n\n\n\n<li>Gozar dos direitos pol\u00edticos.<\/li>\n\n\n\n<li>Estar quite com as obriga\u00e7\u00f5es eleitorais.<\/li>\n\n\n\n<li>Estar quite com as obriga\u00e7\u00f5es do Servi\u00e7o Militar, para os candidatos do sexo masculino.<\/li>\n\n\n\n<li>Ter idade m\u00ednima de 18 anos na data da posse.<\/li>\n\n\n\n<li>Ter aptid\u00e3o f\u00edsica e mental para o exerc\u00edcio das atribui\u00e7\u00f5es do cargo, comprovadas por junta m\u00e9dica oficial.<\/li>\n\n\n\n<li>Apresentar, na data da posse, os requisitos exigidos para o cargo;<\/li>\n\n\n\n<li>Apresentar declara\u00e7\u00e3o de bens e valores que constituam patrim\u00f4nio e, se casado, a do c\u00f4njuge, com dados at\u00e9 a data da posse.<\/li>\n\n\n\n<li>Providenciar, a suas expensas, os exames laboratoriais e complementares necess\u00e1rios \u00e0 realiza\u00e7\u00e3o do exame m\u00e9dico a que ser\u00e1 submetido;<\/li>\n\n\n\n<li>Apresentar, na forma da legisla\u00e7\u00e3o vigente, declara\u00e7\u00e3o firmada de n\u00e3o ter sido, nos \u00faltimos cinco anos:\n<ul class=\"wp-block-list\"><li>Respons\u00e1vel por atos julgados irregulares por decis\u00e3o definitiva do Tribunal de Contas da Uni\u00e3o, do Tribunal de Contas de Estado, do Distrito Federal ou de Munic\u00edpio, ou ainda, por Conselho de Contas de Munic\u00edpio;<\/li>\n\n\n\n<li>Punido, em decis\u00e3o da qual n\u00e3o caiba recurso administrativo, em processo disciplinar por ato lesivo ao patrim\u00f4nio p\u00fablico de qualquer esfera de governo;<\/li>\n\n\n\n<li>Condenado em processo criminal por pr\u00e1tica de crimes contra a Administra\u00e7\u00e3o P\u00fablica, capitulados nos T\u00edtulos II e XI da Parte Especial do C\u00f3digo Penal Brasileiro, na Lei n\u00ba 7.492, de 16\/6\/1986, e na Lei n \u00ba 8.429, de 2\/6\/1992 e os previstos na Lei n\u00ba 11.343 de 2006;<\/li>\n\n\n\n<li>Condenado em processo judicial que impossibilite o exerc\u00edcio imediato do cargo.<\/li>\n<\/ul><\/li>\n\n\n\n<li>Curso superior conclu\u00eddo, em n\u00edvel de gradua\u00e7\u00e3o.<\/li>\n\n\n\n<li>Apresentar os documentos que se fizerem necess\u00e1rios por ocasi\u00e3o da posse.<\/li>\n<\/ul><p><\/p>\n\n\n\n<h2 class=\"wp-block-heading\" id=\"como-foi-o-ltimo-concurso-agncia-nacional-das-guas-ana\">Como foi o \u00faltimo concurso Ag\u00eancia Nacional das \u00c1guas (ANA)?<\/h2>\n\n\n\n<p>O \u00faltimo concurso foi realizado em 2012 para o preenchimento de <strong>45 vagas<\/strong> de T\u00e9cnico Administrativo, que exige o n\u00edvel m\u00e9dio.<\/p>\n\n\n\n<p>Na ocasi\u00e3o, a banca organizadora foi a Cetro Concursos, que avaliou os candidatos por meio de provas objetivas e discursivas.<\/p>\n\n\n\n<p>A prova objetiva foi composta de <strong>50 quest\u00f5es<\/strong> de m\u00faltipla escolha, sobre as disciplinas de:<\/p>\n\n\n\n<ul class=\"wp-block-list\"><li>L\u00edngua Portuguesa: 10 quest\u00f5es<\/li>\n\n\n\n<li>Racioc\u00ednio L\u00f3gico: 12 quest\u00f5es<\/li>\n\n\n\n<li>\u00c9tica: 4 quest\u00f5es<\/li>\n\n\n\n<li>No\u00e7\u00f5es de Inform\u00e1tica: 4 quest\u00f5es<\/li>\n\n\n\n<li>Legisla\u00e7\u00e3o Aplicada \u00e0 ANA: 6 quest\u00f5es<\/li>\n\n\n\n<li>No\u00e7\u00f5es de Direito Constitucional: 6 quest\u00f5es<\/li>\n\n\n\n<li>No\u00e7\u00f5es de Direito Administrativo: 8 quest\u00f5es<\/li>\n<\/ul><p><\/p>\n\n\n\n<p>Em contrapartida, a prova discursiva exigiu conhecimentos sobre os conte\u00fados de Legisla\u00e7\u00e3o Aplicada \u00e0 ANA, No\u00e7\u00f5es de Direito Constitucional e No\u00e7\u00f5es de Direito Administrativo.<\/p>\n\n\n\n<p>J\u00e1 o \u00faltimo concurso para o cargo de Especialista em Recursos H\u00eddricos foi realizado em 2008, ou seja, s\u00e3o 15 anos sem concurso.<\/p>\n\n\n\n<p>Na \u00e9poca, foram ofertadas 152 vagas que foram distribu\u00eddas entre as carreiras de Especialista em Geoprocessamento,\u00a0<strong>Especialista em Recursos H\u00eddricos<\/strong>\u00a0e\u00a0Analista Administrativo, sendo:<\/p>\n\n\n\n<ul class=\"wp-block-list\"><li>Especialista em Recursos H\u00eddricos: 100 vagas<\/li>\n\n\n\n<li>Especialista em Geoprocessamento: 12 vagas<\/li>\n\n\n\n<li>Analista Administrativo \u2013 Especialidade:\n<ul class=\"wp-block-list\"><li>Administra\u00e7\u00e3o: 16 vagas<\/li>\n\n\n\n<li>Arquivologia: 3 vagas<\/li>\n\n\n\n<li>Biblioteconomia: 3 vagas<\/li>\n\n\n\n<li>Ci\u00eancias Cont\u00e1beis: 4 vagas<\/li>\n\n\n\n<li>Ci\u00eancias Econ\u00f4micas: 4 vagas<\/li>\n\n\n\n<li>Comunica\u00e7\u00e3o Social: 3 vagas<\/li>\n\n\n\n<li>T.I. e Comunica\u00e7\u00e3o: 2 vagas<\/li>\n\n\n\n<li>Qualquer \u00c1rea de Forma\u00e7\u00e3o: 5 vagas<\/li>\n<\/ul><\/li>\n<\/ul><p><\/p>\n\n\n\n<p>Os 23.437 candidatos foram avaliados por meio de<strong> tr\u00eas etapas:<\/strong><\/p>\n\n\n\n<ul class=\"wp-block-list\"><li>Prova Objetiva;<\/li>\n\n\n\n<li>Prova Discursiva;<\/li>\n\n\n\n<li>Avalia\u00e7\u00e3o de T\u00edtulos.<\/li>\n<\/ul><p><\/p>\n\n\n\n<p>A prova objetiva consistiu em <strong>100 quest\u00f5es <\/strong>sobre as disciplinas de:<\/p>\n\n\n\n<ul class=\"wp-block-list\"><li>L\u00edngua Portuguesa: 12 quest\u00f5es (peso 2)<\/li>\n\n\n\n<li>L\u00edngua Inglesa: 8 quest\u00f5es (peso 1)<\/li>\n\n\n\n<li>Racioc\u00ednio L\u00f3gico-Quantitativo: 8 quest\u00f5es (peso 2)<\/li>\n\n\n\n<li>\u00c9tica na Administra\u00e7\u00e3o P\u00fablica: 8 quest\u00f5es (peso 1)<\/li>\n\n\n\n<li>Recursos H\u00eddricos \u2013 Legisla\u00e7\u00e3o Aplicada: 12 quest\u00f5es (peso 2)<\/li>\n\n\n\n<li>Direito Constitucional e Administrativo: 12 quest\u00f5es (peso 1)<\/li>\n\n\n\n<li>Conhecimentos Espec\u00edficos: 40 quest\u00f5es (peso 2)<\/li>\n<\/ul><p><\/p>\n\n\n\n<p>J\u00e1 a prova discursiva versou sobre o desenvolvimento de um \u00fanico tema para cada cargo, enquanto na prova de t\u00edtulos, os candidatos tiveram seus t\u00edtulos e experi\u00eancias avaliados de acordo com a seguinte tabela:<\/p>\n\n\n\n<figure class=\"wp-block-image size-full\"><a href=\"https:\/\/www.novaconcursos.com.br\/portal\/wp-content\/uploads\/2023\/11\/Sem-titulo4.jpg\"><img decoding=\"async\" width=\"705\" height=\"323\" src=\"https:\/\/www.novaconcursos.com.br\/portal\/wp-content\/uploads\/2023\/11\/Sem-titulo4.jpg\" alt=\"\" class=\"wp-image-210821\" loading=\"lazy\" title=\"\" srcset=\"https:\/\/www.novaconcursos.com.br\/portal\/wp-content\/uploads\/2023\/11\/Sem-titulo4-300x137.jpg 300w, https:\/\/www.novaconcursos.com.br\/portal\/wp-content\/uploads\/2023\/11\/Sem-titulo4-480x220.jpg 480w, https:\/\/www.novaconcursos.com.br\/portal\/wp-content\/uploads\/2023\/11\/Sem-titulo4.jpg 705w\" sizes=\"auto, (max-width: 480px) 100vw, (max-width: 768px) 100vw, (max-width: 1200px) 70vw, 768px\"><\/a><figcaption><\/figcaption><\/figure><p><\/p>\n\n\n\n<p>Para mais detalhes, acesse os editais: <a href=\"https:\/\/www.novaconcursos.com.br\/portal\/wp-content\/uploads\/2023\/11\/Edital-ANA-2008.pdf\" target=\"_blank\" rel=\"noreferrer noopener\">Edital 2008<\/a> | <a href=\"https:\/\/www.novaconcursos.com.br\/portal\/wp-content\/uploads\/2023\/11\/edita-ANA.pdf\" target=\"_blank\" rel=\"noreferrer noopener\">Edital 2012<\/a> ?<\/p>","protected":false},"excerpt":{"rendered":"<p>Urgente! Em entrevista, o secret\u00e1rio-geral da Ag\u00eancia Nacional de \u00c1guas, Nazareno Ara\u00fajo, informou que a comiss\u00e3o de planejamento de concurso ANA j\u00e1 est\u00e1 formada e o documento oficial com o nome dos membros ser\u00e1 divulgado no Di\u00e1rio Oficial. De acordo com ele, a comiss\u00e3o trabalha no projeto b\u00e1sico e na escolha da banca organizadora do [&hellip;]<\/p>\n","protected":false},"author":54679,"featured_media":179223,"comment_status":"closed","ping_status":"closed","sticky":false,"template":"","format":"standard","meta":{"_acf_changed":false,"footnotes":"","_wp_rev_ctl_limit":""},"categories":[33508],"tags":[],"class_list":["post-210787","post","type-post","status-publish","format-standard","has-post-thumbnail","hentry","category-artigos"],"acf":[],"_links":{"self":[{"href":"https:\/\/www.novaconcursos.com.br\/portal\/wp-json\/wp\/v2\/posts\/210787","targetHints":{"allow":["GET"]}}],"collection":[{"href":"https:\/\/www.novaconcursos.com.br\/portal\/wp-json\/wp\/v2\/posts"}],"about":[{"href":"https:\/\/www.novaconcursos.com.br\/portal\/wp-json\/wp\/v2\/types\/post"}],"author":[{"embeddable":true,"href":"https:\/\/www.novaconcursos.com.br\/portal\/wp-json\/wp\/v2\/users\/54679"}],"replies":[{"embeddable":true,"href":"https:\/\/www.novaconcursos.com.br\/portal\/wp-json\/wp\/v2\/comments?post=210787"}],"version-history":[{"count":7,"href":"https:\/\/www.novaconcursos.com.br\/portal\/wp-json\/wp\/v2\/posts\/210787\/revisions"}],"predecessor-version":[{"id":211063,"href":"https:\/\/www.novaconcursos.com.br\/portal\/wp-json\/wp\/v2\/posts\/210787\/revisions\/211063"}],"wp:featuredmedia":[{"embeddable":true,"href":"https:\/\/www.novaconcursos.com.br\/portal\/wp-json\/wp\/v2\/media\/179223"}],"wp:attachment":[{"href":"https:\/\/www.novaconcursos.com.br\/portal\/wp-json\/wp\/v2\/media?parent=210787"}],"wp:term":[{"taxonomy":"category","embeddable":true,"href":"https:\/\/www.novaconcursos.com.br\/portal\/wp-json\/wp\/v2\/categories?post=210787"},{"taxonomy":"post_tag","embeddable":true,"href":"https:\/\/www.novaconcursos.com.br\/portal\/wp-json\/wp\/v2\/tags?post=210787"}],"curies":[{"name":"wp","href":"https:\/\/api.w.org\/{rel}","templated":true}]}}