{"id":210846,"date":"2023-11-06T10:28:43","date_gmt":"2023-11-06T13:28:43","guid":{"rendered":"https:\/\/www.novaconcursos.com.br\/portal\/?p=210846"},"modified":"2023-11-06T15:07:21","modified_gmt":"2023-11-06T18:07:21","slug":"concurso-pm-sp-inscricoes-abertas-vagas-para-soldado","status":"publish","type":"post","link":"https:\/\/www.novaconcursos.com.br\/portal\/noticias\/concurso-pm-sp-inscricoes-abertas-vagas-para-soldado\/","title":{"rendered":"Concurso PM SP 2024: Inscri\u00e7\u00f5es abertas. 2.700 vagas para Soldado!"},"content":{"rendered":"<p>Est\u00e3o abertas as inscri\u00e7\u00f5es para o <a href=\"https:\/\/www.novaconcursos.com.br\/portal\/concursos\/concurso-pm-sp\/\">concurso PM SP<\/a> que est\u00e1 ofertando 2,7 mil vagas de <strong>Soldado <\/strong>e sal\u00e1rio inicial de <strong>R$ 4,8 mil!<\/strong> Veja como participar e saiba o que estudar para prova!<\/p>\n\n\n\n<ul class=\"wp-block-list\"><li><strong>Confira: <\/strong><a href=\"https:\/\/www.novaconcursos.com.br\/curso-online\/pm-sp-soldado\">Curso Completo PM-SP Soldado<\/a><\/li>\n\n\n\n<li><strong>Confira:<\/strong> <a href=\"https:\/\/www.novaconcursos.com.br\/apostila\/pm-sp-soldado\">Apostila PM-SP 2023 \u2013 Soldado<\/a><\/li>\n<\/ul><p><\/p>\n\n\n\n<p>Estude para o concurso dos seus sonhos com o\u00a0<strong>M\u00e9todo<\/strong>\u00a0que j\u00e1 ajudou na\u00a0<strong>aprova\u00e7\u00e3o de mais de 70 mil alunos<\/strong>.\u00a0<a href=\"https:\/\/www.novaconcursos.com.br\/eventos\/assinatura?promo_creative=Clique+aqui&amp;promo_name=concurso&amp;promo_id=%2Fportal%2Fconcursos%2Fconcurso-pm-sp&amp;promo_position=corpo-texto\" target=\"_blank\" rel=\"noreferrer noopener\">Clique aqui<\/a>\u00a0e saiba mais!<\/p>\n\n\n\n<h2 class=\"wp-block-heading\" id=\"como-se-inscrever-no-concurso-pm-sp\">Como se inscrever no concurso PM SP?<\/h2>\n\n\n\n<p>Portanto, quem se interessa em uma das vagas do concurso da Pol\u00edcia Militar de <a href=\"https:\/\/www.novaconcursos.com.br\/portal\/concursos-abertos\/sp\/\">S\u00e3o Paulo<\/a> deve se atentar aos prazos e informa\u00e7\u00f5es!<\/p>\n\n\n\n<p>Isso porque as inscri\u00e7\u00f5es come\u00e7aram \u00e0s 10h desta segunda-feira, dia<strong> 06 de novembro<\/strong>, e o prazo se estender\u00e1 at\u00e9 <strong>\u00e0s 23h59 de 20 de dezembro de 2023<\/strong>.<\/p>\n\n\n\n<p>Al\u00e9m disso, a inscri\u00e7\u00e3o deve ser feita no site da banca organizadora, a <a href=\"https:\/\/www.vunesp.com.br\/PMES2304\" target=\"_blank\" rel=\"noreferrer noopener\">Funda\u00e7\u00e3o Vunesp. <\/a>L\u00e1 voc\u00ea coloca seu CPF ou e-mail e depois acrescenta todos os dados solicitados.<\/p>\n\n\n\n<p>Depois, basta imprimir o boleto e pagar uma taxa de\u00a0<strong>R$ 85,00<\/strong>, at\u00e9 o dia 21 de dezembro. Mas, ser\u00e1 poss\u00edvel pedir isen\u00e7\u00e3o de 50% do valor, o candidato que for:<\/p>\n\n\n\n<ul class=\"wp-block-list\"><li>estudante regularmente matriculado no ensino m\u00e9dio, curso pr\u00e9-vestibular ou curso superior, em n\u00edvel de gradua\u00e7\u00e3o ou p\u00f3s-gradua\u00e7\u00e3o; e<\/li>\n\n\n\n<li>perceba remunera\u00e7\u00e3o mensal inferior a 2 (dois) sal\u00e1rios m\u00ednimos ou estiver desempregado.<\/li>\n<\/ul><p><\/p>\n\n\n\n<p><strong>Fique atento!<\/strong>\u00a0O per\u00edodo de solicita\u00e7\u00e3o da redu\u00e7\u00e3o ser\u00e1 entre os dias 06 e 09 de novembro, no pr\u00f3prio site da banca.<\/p>\n\n\n\n<p>Em caso de d\u00favidas, a banca pode ser contatada pelo telefone (11) 3874-6300. A central de atendimento funciona de segunda-feira a s\u00e1bado, das 8h \u00e0s 18h.<\/p>\n\n\n\n<p><a href=\"https:\/\/www.novaconcursos.com.br\/portal\/wp-content\/uploads\/2023\/10\/edital-pm-sp-soldado.pdf\" target=\"_blank\" rel=\"noreferrer noopener\">Baixe o edital<\/a><\/p>\n\n\n\n<h2 class=\"wp-block-heading\" id=\"quais-as-vagas-cargos-e-salrios-do-concurso-pm-sp\">Quais as vagas, cargos e sal\u00e1rios do concurso PM SP?<\/h2>\n\n\n\n<p>Sendo assim, o concurso est\u00e1 ofertando <strong>2.700 vagas<\/strong>\u00a0para\u00a0<strong>Soldado PM de 2\u00aa Classe<\/strong>, para o sexo masculino e feminino.<\/p>\n\n\n\n<p>O cargo, atualmente, conta com uma remunera\u00e7\u00e3o b\u00e1sica inicial de\u00a0<strong>R$ 4.852,21<\/strong>. Este valor \u00e9 dividido da seguinte forma:<\/p>\n\n\n\n<ul class=\"wp-block-list\"><li>Padr\u00e3o no valor: R$ 2.033,27<\/li>\n\n\n\n<li>Regime Especial de Trabalho Policial (RETP): R$ 2.033,27<\/li>\n\n\n\n<li>Insalubridade: R$ 785,67<\/li>\n<\/ul><p><\/p>\n\n\n\n<p>Al\u00e9m disso, \u00e9 importante destacar que o candidato pode apresentar <strong>tatuagem<\/strong>,<strong>\u00a0<\/strong>exceto, quando:<\/p>\n\n\n\n<ul class=\"wp-block-list\"><li>divulgar s\u00edmbolo ou inscri\u00e7\u00e3o ofendendo valores e deveres \u00e9ticos inerentes aos integrantes da Pol\u00edcia Militar;<\/li>\n\n\n\n<li>fizer alus\u00e3o a:\n<ul class=\"wp-block-list\"><li>ideologia terrorista ou extremista contr\u00e1ria \u00e0s institui\u00e7\u00f5es democr\u00e1ticas ou que pregue a viol\u00eancia ou a criminalidade;<\/li>\n\n\n\n<li>discrimina\u00e7\u00e3o ou preconceito de ra\u00e7a, credo, sexo ou origem;<\/li>\n\n\n\n<li>ideia ou ato libidinoso;<\/li>\n\n\n\n<li>ideia ou ato ofensivo aos direitos humanos<\/li>\n<\/ul><\/li>\n<\/ul><p><\/p>\n\n\n\n<p><\/p>\n\n\n\n<h3 class=\"wp-block-heading\">Quais os requisitos?<\/h3>\n\n\n\n<ul class=\"wp-block-list\"><li>ser brasileiro;<\/li>\n\n\n\n<li><strong>ter idade m\u00ednima de 17 anos;<\/strong><\/li>\n\n\n\n<li><strong>ter idade m\u00e1xima de 30 anos;<\/strong><\/li>\n\n\n\n<li>ter estatura m\u00ednima, descal\u00e7o e descoberto, de 155 cm se mulher e 160 cm se homem;<\/li>\n\n\n\n<li>haver recolhido a taxa de inscri\u00e7\u00e3o prevista neste Edital.<\/li>\n\n\n\n<li>possuir aptid\u00e3o f\u00edsica compat\u00edvel com o exerc\u00edcio do cargo;<\/li>\n\n\n\n<li>possuir higidez f\u00edsica e mental;<\/li>\n\n\n\n<li>possuir perfil psicol\u00f3gico compat\u00edvel com o exerc\u00edcio do cargo;<\/li>\n\n\n\n<li>estar quite com as obriga\u00e7\u00f5es eleitorais;<\/li>\n\n\n\n<li>estar quite com as obriga\u00e7\u00f5es militares, se do sexo masculino;<\/li>\n\n\n\n<li>se militar, estar enquadrado pelo menos no comportamento disciplinar \u201cbom\u201d ou equivalente, e n\u00e3o ter cometido, nos 2 (dois) \u00faltimos anos, transgress\u00e3o disciplinar classificada como \u201cgrave\u201d ou equivalente;<\/li>\n\n\n\n<li><strong>ter conclu\u00eddo o ensino m\u00e9dio ou equivalente;<\/strong><\/li>\n\n\n\n<li><strong>ser habilitado para condu\u00e7\u00e3o de ve\u00edculo motorizado entre as categorias \u201cB\u201d e \u201cE\u201d;<\/strong><\/li>\n\n\n\n<li>ter boa conduta social, reputa\u00e7\u00e3o e idoneidade ilibadas;<\/li>\n\n\n\n<li>se ex-integrante das For\u00e7as Armadas ou de For\u00e7a Auxiliar, n\u00e3o ter sido demitido \u201cex officio\u201d por ter sido declarado indigno para o oficialato ou com ele incompat\u00edvel, exclu\u00eddo ou licenciado a bem da disciplina, salvo em caso de reabilita\u00e7\u00e3o;<\/li>\n\n\n\n<li>n\u00e3o ter sido, nos \u00faltimos 5 (cinco) anos na forma da legisla\u00e7\u00e3o vigente:<\/li>\n\n\n\n<li>responsabilizado por ato lesivo ao patrim\u00f4nio p\u00fablico de qualquer esfera de governo em processo disciplinar administrativo, do qual n\u00e3o caiba mais recurso, contado o prazo a partir da data do cumprimento da san\u00e7\u00e3o;<\/li>\n\n\n\n<li>condenado em processo criminal transitado em julgado, contado o prazo a partir da data do cumprimento da pena.<\/li>\n<\/ul><p><\/p>\n\n\n\n<h3 class=\"wp-block-heading\">E as atribui\u00e7\u00f5es?<\/h3>\n\n\n\n<ul class=\"wp-block-list\"><li>Policiamento ostensivo e a preserva\u00e7\u00e3o da ordem p\u00fablica, envolvendo a repress\u00e3o imediata \u00e0s infra\u00e7\u00f5es penais e administrativas;<\/li>\n\n\n\n<li>Aplica\u00e7\u00e3o da lei, nas diversas modalidades de policiamento, sempre primando pela defesa da vida, da integridade f\u00edsica e da dignidade da pessoa humana, em conformidade com os princ\u00edpios doutrin\u00e1rios de pol\u00edcia comunit\u00e1ria, de direitos humanos e de gest\u00e3o pela qualidade;<\/li>\n\n\n\n<li>Conclus\u00e3o com aproveitamento do Curso Superior de T\u00e9cnico de Pol\u00edcia Ostensiva e Preserva\u00e7\u00e3o da Ordem P\u00fablica, destinado a formar, com solidez te\u00f3rica e pr\u00e1tica, o profissional ocupante do cargo inicial do Quadro de Pra\u00e7as da Pol\u00edcia Militar.<\/li>\n<\/ul><p><\/p>\n\n\n\n<p><a href=\"https:\/\/www.novaconcursos.com.br\/portal\/noticias\/concurso-pm-sp-autorizado-para-oficial\/\">Concurso PM SP autorizado para Oficial, 200 vagas, at\u00e9 mar\u00e7o de 2024!<\/a><\/p>\n\n\n\n<p><\/p>\n\n\n\n<h2 class=\"wp-block-heading\" id=\"o-que-estudar-para-o-concurso-pm-sp\">O que estudar para o concurso PM SP?<\/h2>\n\n\n\n<p>Posteriormente, os candidatos ao cargo de Soldado da Pol\u00edcia Militar de <a href=\"https:\/\/www.novaconcursos.com.br\/portal\/concursos-previstos\/sp\/\">S\u00e3o Paulo<\/a>, est\u00e3o sendo\u00a0avaliados em\u00a0<strong>seis etapas<\/strong>, sendo:<\/p>\n\n\n\n<ul class=\"wp-block-list\"><li>Exames de Conhecimentos, de car\u00e1ter eliminat\u00f3rio e classificat\u00f3rio:\n<ul class=\"wp-block-list\"><li>Prova Objetiva<\/li>\n\n\n\n<li>Prova Dissertativa<\/li>\n<\/ul><\/li>\n\n\n\n<li>Exames de Aptid\u00e3o F\u00edsica, de car\u00e1ter eliminat\u00f3rio;<\/li>\n\n\n\n<li>Exames de Sa\u00fade, de car\u00e1ter eliminat\u00f3rio;<\/li>\n\n\n\n<li>Exames Psicol\u00f3gicos, de car\u00e1ter eliminat\u00f3rio;<\/li>\n\n\n\n<li>Avalia\u00e7\u00e3o da Conduta Social, da Reputa\u00e7\u00e3o e da Idoneidade, de car\u00e1ter eliminat\u00f3rio; e<\/li>\n\n\n\n<li>An\u00e1lise de Documentos, de car\u00e1ter eliminat\u00f3rio.<\/li>\n<\/ul><p><\/p>\n\n\n\n<p>As provas acontecer\u00e3o em <strong>51 munic\u00edpios<\/strong> (<a href=\"https:\/\/www.novaconcursos.com.br\/portal\/concursos\/concurso-pm-sp\/\">veja quais<\/a>). Lembrando que a escolha do munic\u00edpio dever\u00e1 ser feita no ato de inscri\u00e7\u00e3o!<\/p>\n\n\n\n<p>Ent\u00e3o, a avalia\u00e7\u00e3o objetiva acontecer\u00e1 no dia <strong>04 de fevereiro de 2024<\/strong>, no per\u00edodo da tarde, com dura\u00e7\u00e3o m\u00e1xima de 05 horas.<\/p>\n\n\n\n<p>Assim, ela ter\u00e1\u00a0<strong>60 quest\u00f5es<\/strong>\u00a0de m\u00faltipla escolha, com cinco alternativas cada e apenas uma correta. Confira abaixo as <strong>disciplinas<\/strong>:<\/p>\n\n\n\n<ul class=\"wp-block-list\"><li>L\u00edngua Portuguesa e Interpreta\u00e7\u00e3o de Texto (20 quest\u00f5es)<\/li>\n\n\n\n<li>Matem\u00e1tica (15 quest\u00f5es)<\/li>\n\n\n\n<li>Conhecimentos Gerais (15 quest\u00f5es)<\/li>\n\n\n\n<li>No\u00e7\u00f5es B\u00e1sicas de Inform\u00e1tica (05 quest\u00f5es)<\/li>\n\n\n\n<li>Administra\u00e7\u00e3o P\u00fablica (05 quest\u00f5es)<\/li>\n<\/ul><p><\/p>\n\n\n\n<p>Posteriormente, a prova dissertativa ser\u00e1 composta por\u00a0<strong>uma reda\u00e7\u00e3o<\/strong> com, no<strong>\u00a0m\u00e1ximo, 30 linhas<\/strong>, na norma-padr\u00e3o da l\u00edngua portuguesa, a partir de textos auxiliares que ser\u00e3o disponibilizados na hora.<\/p>\n\n\n\n<p>Depois ainda acontecer\u00e1 o Exame de Aptid\u00e3o F\u00edsica, que al\u00e9m da aferi\u00e7\u00e3o de altura, estar\u00e1 composto dos seguintes<strong>\u00a0testes<\/strong>:<\/p>\n\n\n\n<ul class=\"wp-block-list\"><li>Teste de flex\u00e3o e extens\u00e3o de cotovelos, por meio do teste din\u00e2mico de barra para homens e isometria na barra fixa para mulheres;<\/li>\n\n\n\n<li>Resist\u00eancia abdominal, em dec\u00fabito dorsal (tipo remador);<\/li>\n\n\n\n<li>Corrida de 50 (cinquenta) metros; e<\/li>\n\n\n\n<li>Corrida de 12 (doze) minutos.<\/li>\n<\/ul><p><\/p>\n\n\n\n<p><\/p>","protected":false},"excerpt":{"rendered":"<p>Est\u00e3o abertas as inscri\u00e7\u00f5es para o concurso PM SP que est\u00e1 ofertando 2,7 mil vagas de Soldado e sal\u00e1rio inicial de R$ 4,8 mil! Veja como participar e saiba o que estudar para prova! Estude para o concurso dos seus sonhos com o\u00a0M\u00e9todo\u00a0que j\u00e1 ajudou na\u00a0aprova\u00e7\u00e3o de mais de 70 mil alunos.\u00a0Clique aqui\u00a0e saiba mais! [&hellip;]<\/p>\n","protected":false},"author":54671,"featured_media":158005,"comment_status":"closed","ping_status":"closed","sticky":false,"template":"","format":"standard","meta":{"_acf_changed":false,"footnotes":"","_wp_rev_ctl_limit":""},"categories":[228],"tags":[],"class_list":["post-210846","post","type-post","status-publish","format-standard","has-post-thumbnail","hentry","category-noticias"],"acf":[],"_links":{"self":[{"href":"https:\/\/www.novaconcursos.com.br\/portal\/wp-json\/wp\/v2\/posts\/210846","targetHints":{"allow":["GET"]}}],"collection":[{"href":"https:\/\/www.novaconcursos.com.br\/portal\/wp-json\/wp\/v2\/posts"}],"about":[{"href":"https:\/\/www.novaconcursos.com.br\/portal\/wp-json\/wp\/v2\/types\/post"}],"author":[{"embeddable":true,"href":"https:\/\/www.novaconcursos.com.br\/portal\/wp-json\/wp\/v2\/users\/54671"}],"replies":[{"embeddable":true,"href":"https:\/\/www.novaconcursos.com.br\/portal\/wp-json\/wp\/v2\/comments?post=210846"}],"version-history":[{"count":12,"href":"https:\/\/www.novaconcursos.com.br\/portal\/wp-json\/wp\/v2\/posts\/210846\/revisions"}],"predecessor-version":[{"id":210940,"href":"https:\/\/www.novaconcursos.com.br\/portal\/wp-json\/wp\/v2\/posts\/210846\/revisions\/210940"}],"wp:featuredmedia":[{"embeddable":true,"href":"https:\/\/www.novaconcursos.com.br\/portal\/wp-json\/wp\/v2\/media\/158005"}],"wp:attachment":[{"href":"https:\/\/www.novaconcursos.com.br\/portal\/wp-json\/wp\/v2\/media?parent=210846"}],"wp:term":[{"taxonomy":"category","embeddable":true,"href":"https:\/\/www.novaconcursos.com.br\/portal\/wp-json\/wp\/v2\/categories?post=210846"},{"taxonomy":"post_tag","embeddable":true,"href":"https:\/\/www.novaconcursos.com.br\/portal\/wp-json\/wp\/v2\/tags?post=210846"}],"curies":[{"name":"wp","href":"https:\/\/api.w.org\/{rel}","templated":true}]}}