{"id":211449,"date":"2023-11-10T08:52:37","date_gmt":"2023-11-10T11:52:37","guid":{"rendered":"https:\/\/www.novaconcursos.com.br\/portal\/?p=211449"},"modified":"2024-07-16T17:00:07","modified_gmt":"2024-07-16T20:00:07","slug":"concurso-tribunal-de-justica-sp-vindo-ai","status":"publish","type":"post","link":"https:\/\/www.novaconcursos.com.br\/portal\/noticias\/concurso-tribunal-de-justica-sp-vindo-ai\/","title":{"rendered":"Novos concursos para o Tribunal de Justi\u00e7a SP vindo a\u00ed? Entenda!"},"content":{"rendered":"<p>Tem novos concursos para o <a href=\"https:\/\/www.novaconcursos.com.br\/portal\/concursos\/concurso-tj-sp-saude\/\">Tribunal de Justi\u00e7a SP<\/a> vindo a\u00ed? Tudo indica que sim!<\/p>\n\n\n\n<p>Acontece que o desembargador Fernando Ant\u00f4nio Torres Garcia foi <strong>eleito presidente<\/strong> do Tribunal de Justi\u00e7a SP <strong>bi\u00eanio 2024-2025,<\/strong> com 199 votos.<\/p>\n\n\n\n<p>A elei\u00e7\u00e3o ocorreu nesta quarta-feira, 8 de novembro e a posse no cargo ser\u00e1 no dia <strong>1\u00ba de janeiro de 2024. <\/strong>A defini\u00e7\u00e3o para o cargo de vice-presidente ainda acontecer\u00e1, no segundo turno.<\/p>\n\n\n\n<p>Em entrevista concedida \u00e0 Associa\u00e7\u00e3o Paulista dos T\u00e9cnicos Judici\u00e1rios, Fernando Torres reconheceu a <strong>necessidade de novos servidores,<\/strong> uma vez que o quadro de funcion\u00e1rios \u00e9 insuficiente apesar dos concursos p\u00fablicos realizados no bi\u00eanio 2022\/2023.<\/p>\n\n\n\n<p>Al\u00e9m disso, prometeu manter o di\u00e1logo com a categoria para priorizar, entre outros fatores, o reajuste remunerat\u00f3rio.<\/p>\n\n\n\n<p>Portanto, fica a expectativa pela realiza\u00e7\u00e3o de um novo concurso para as comarcas do interior, visto que o \u00faltimo certame contemplou apenas a capital.<\/p>\n\n\n\n<ul class=\"wp-block-list\"><li><strong>Confira:<\/strong> <a href=\"https:\/\/www.novaconcursos.com.br\/curso-online\/curso-tj-sp-oficial-de-justica?q=TJ%20SP\">Curso TJ SP \u2013 Oficial de Justi\u00e7a<\/a><\/li>\n<\/ul><p><\/p>\n\n\n\n<p>Estude para o concurso dos seus sonhos com o\u00a0<strong>M\u00e9todo<\/strong>\u00a0que j\u00e1 ajudou na\u00a0<strong>aprova\u00e7\u00e3o de mais de 70 mil alunos.<\/strong>\u00a0<a href=\"https:\/\/aprovacao.novaconcursos.com.br\/assinatura?promo_creative=Clique+aqui&amp;promo_name=noticia&amp;promo_id=%2Fportal%2Fnoticias%2Fconcurso-tj-sp-confira-lista-nomes-que-farao-prova-pratica&amp;promo_position=corpo-texto\" target=\"_blank\" rel=\"noreferrer noopener\">Clique aqui<\/a>\u00a0e saiba mais!<\/p>\n\n\n\n<h2 class=\"wp-block-heading\" id=\"inscries-para-assistente-social-e-psiclogo-esto-abertas\">Inscri\u00e7\u00f5es para Assistente Social e Psic\u00f3logo est\u00e3o abertas!<\/h2>\n\n\n\n<p>As inscri\u00e7\u00f5es do concurso Tribunal de Justi\u00e7a SP para Assistente Social e Psic\u00f3logo ainda est\u00e3o abertas.<\/p>\n\n\n\n<p>Os interessados devem se candidatar no site da banca,\u00a0a\u00a0<a href=\"https:\/\/www.vunesp.com.br\/\" target=\"_blank\" rel=\"noreferrer noopener\">Vunesp,<\/a> at\u00e9 o dia<strong> 07 de dezembro de 2023<\/strong>.<\/p>\n\n\n\n<p>Ap\u00f3s preencher o formul\u00e1rio com os dados solicitados, ser\u00e1 necess\u00e1rio efetuar o pagamento da<strong>\u00a0taxa de inscri\u00e7\u00e3o\u00a0<\/strong>no valor de R$ 96,00 para que a candidatura seja homologada.<\/p>\n\n\n\n<p>S\u00e3o ofertadas <strong>27 vagas\u00a0imediatas<\/strong> de Assistente Social e Psic\u00f3logo, sendo:<\/p>\n\n\n\n<ul class=\"wp-block-list\"><li>Assistente Social Judici\u00e1rio: 20 vagas\n<ul class=\"wp-block-list\"><li>Sal\u00e1rio Inicial: R$ 8.712,45<\/li>\n\n\n\n<li>Lota\u00e7\u00e3o: Comarca Capital<\/li>\n<\/ul><\/li>\n<\/ul><p><\/p>\n\n\n\n<ul class=\"wp-block-list\"><li>Psic\u00f3logo: 7 vagas\n<ul class=\"wp-block-list\"><li>Sal\u00e1rio Inicial: R$ 8.712,45<\/li>\n\n\n\n<li>Lota\u00e7\u00e3o: S\u00e3o Paulo, Campinas e Ribeir\u00e3o Preto<\/li>\n<\/ul><\/li>\n<\/ul><p><\/p>\n\n\n\n<p>Os candidatos ser\u00e3o avaliados por meio de tr\u00eas etapas:<\/p>\n\n\n\n<ul class=\"wp-block-list\"><li>Prova Objetiva;<\/li>\n\n\n\n<li>Prova Discursiva;<\/li>\n\n\n\n<li>Avalia\u00e7\u00e3o de T\u00edtulos.<\/li>\n<\/ul><p><\/p>\n\n\n\n<p>As provas objetivas e discursivas est\u00e3o marcadas para o dia 04 de fevereiro de 2024. <\/p>\n\n\n\n<p><strong>Saiba mais:<\/strong> <a href=\"https:\/\/www.novaconcursos.com.br\/portal\/noticias\/tj-sp-edital-publicado-para-psicologo-assistente-social\/\">TJ SP saiu edital para Psic\u00f3logo e Assistente!<\/a><\/p>\n\n\n\n<h2 class=\"wp-block-heading\" id=\"concurso-tribunal-de-justia-sp-para-oficial-de-justia-foi-em\">Concurso Tribunal de Justi\u00e7a SP para Oficial de Justi\u00e7a foi em junho!<\/h2>\n\n\n\n<p>Em junho desse ano, foi publicado um edital para o cargo de Oficial de Justi\u00e7a, que exige n\u00edvel superior e oferece sal\u00e1rios de R$ 8,8 mil.<\/p>\n\n\n\n<p>Foram ofertadas 88 vagas imediatas, distribu\u00eddas em 10 regi\u00f5es administrativas:<\/p>\n\n\n\n<ul class=\"wp-block-list\"><li><strong>1\u00aa Regi\u00e3o:<\/strong>\u00a008 vagas;\n<ul class=\"wp-block-list\"><li>Grande S\u00e3o Paulo<\/li>\n<\/ul><\/li>\n<\/ul><p><\/p>\n\n\n\n<ul class=\"wp-block-list\"><li><strong>2\u00aa Regi\u00e3o:<\/strong>\u00a006 vagas;\n<ul class=\"wp-block-list\"><li>Ara\u00e7atuba<\/li>\n<\/ul><\/li>\n<\/ul><p><\/p>\n\n\n\n<ul class=\"wp-block-list\"><li><strong>3\u00aa Regi\u00e3o:<\/strong>\u00a008 vagas;\n<ul class=\"wp-block-list\"><li>Bauru<\/li>\n<\/ul><\/li>\n<\/ul><p><\/p>\n\n\n\n<ul class=\"wp-block-list\"><li><strong>4\u00aa Regi\u00e3o:<\/strong>\u00a018 vagas;\n<ul class=\"wp-block-list\"><li>Campinas<\/li>\n<\/ul><\/li>\n<\/ul><p><\/p>\n\n\n\n<ul class=\"wp-block-list\"><li><strong>5\u00aa Regi\u00e3o:\u00a0<\/strong>08 vagas;\n<ul class=\"wp-block-list\"><li>Presidente Prudente<\/li>\n<\/ul><\/li>\n<\/ul><p><\/p>\n\n\n\n<ul class=\"wp-block-list\"><li><strong>6\u00aa Regi\u00e3o:\u00a0<\/strong>11 vagas;\n<ul class=\"wp-block-list\"><li>Ribeir\u00e3o Preto<\/li>\n<\/ul><\/li>\n<\/ul><p><\/p>\n\n\n\n<ul class=\"wp-block-list\"><li><strong>7\u00aa Regi\u00e3o<\/strong>: 03 vagas;\n<ul class=\"wp-block-list\"><li>Santos<\/li>\n<\/ul><\/li>\n<\/ul><p><\/p>\n\n\n\n<ul class=\"wp-block-list\"><li><strong>8\u00aa Regi\u00e3o:\u00a0<\/strong>12 vagas;\n<ul class=\"wp-block-list\"><li>S\u00e3o Jos\u00e9 do Rio Preto<\/li>\n<\/ul><\/li>\n<\/ul><p><\/p>\n\n\n\n<ul class=\"wp-block-list\"><li><strong>9\u00aa Regi\u00e3o:<\/strong>\u00a005 vagas;\n<ul class=\"wp-block-list\"><li>S\u00e3o Jos\u00e9 dos Campos<\/li>\n<\/ul><\/li>\n<\/ul><p><\/p>\n\n\n\n<ul class=\"wp-block-list\"><li><strong>10\u00aa Regi\u00e3o:<\/strong>\u00a009 vagas.\n<ul class=\"wp-block-list\"><li>Sorocaba<\/li>\n<\/ul><\/li>\n<\/ul><p><\/p>\n\n\n\n<p>As inscri\u00e7\u00f5es foram encerradas no dia 8 de agosto e as provas foram aplicadas no dia 15 de outubro.<\/p>\n\n\n\n<p><strong>Leia tamb\u00e9m:<\/strong> <a href=\"https:\/\/www.novaconcursos.com.br\/portal\/artigos\/concurso-tj-sp-salario-beneficios-oficial-justica\/\">Quais s\u00e3o os sal\u00e1rios e benef\u00edcios do Oficial de Justi\u00e7a?<\/a><\/p>\n\n\n\n<h2 class=\"wp-block-heading\" id=\"concurso-tribunal-de-justia-sp-para-escrevente-foi-em-abril\">Concurso Tribunal de Justi\u00e7a SP para Escrevente foi em abril!<\/h2>\n\n\n\n<p>J\u00e1 para carreira de Escrevente, foi publicado um edital em abril desse ano, com oferta de 60 vagas para a\u00a0<strong>1\u00aa Regi\u00e3o Administrativa Judici\u00e1ria (1\u00aa RAJ).<\/strong><\/p>\n\n\n\n<p>A carreira exige n\u00edvel superior e oferece sal\u00e1rios iniciais de <strong>R$ 5.480,54<\/strong>, al\u00e9m\u00a0de v\u00e1rios benef\u00edcios, como vale-alimenta\u00e7\u00e3o, vale-transporte, adicional de qualifica\u00e7\u00e3o.<\/p>\n\n\n\n<p>Os candidatos foram avaliados por meio de provas objetivas compostas de 100 quest\u00f5es de m\u00faltipla escolha que foram aplicadas no dia 2 de junho de 2023. Para mais detalhes, <a href=\"https:\/\/www.novaconcursos.com.br\/portal\/concursos\/tj-sp-grande-sp\/\">clique aqui!<\/a><\/p>","protected":false},"excerpt":{"rendered":"<p>Tem novos concursos para o Tribunal de Justi\u00e7a SP vindo a\u00ed? Tudo indica que sim! Acontece que o desembargador Fernando Ant\u00f4nio Torres Garcia foi eleito presidente do Tribunal de Justi\u00e7a SP bi\u00eanio 2024-2025, com 199 votos. A elei\u00e7\u00e3o ocorreu nesta quarta-feira, 8 de novembro e a posse no cargo ser\u00e1 no dia 1\u00ba de janeiro [&hellip;]<\/p>\n","protected":false},"author":54679,"featured_media":155858,"comment_status":"closed","ping_status":"closed","sticky":false,"template":"","format":"standard","meta":{"_acf_changed":false,"footnotes":"","_wp_rev_ctl_limit":""},"categories":[228],"tags":[],"class_list":["post-211449","post","type-post","status-publish","format-standard","has-post-thumbnail","hentry","category-noticias"],"acf":[],"_links":{"self":[{"href":"https:\/\/www.novaconcursos.com.br\/portal\/wp-json\/wp\/v2\/posts\/211449","targetHints":{"allow":["GET"]}}],"collection":[{"href":"https:\/\/www.novaconcursos.com.br\/portal\/wp-json\/wp\/v2\/posts"}],"about":[{"href":"https:\/\/www.novaconcursos.com.br\/portal\/wp-json\/wp\/v2\/types\/post"}],"author":[{"embeddable":true,"href":"https:\/\/www.novaconcursos.com.br\/portal\/wp-json\/wp\/v2\/users\/54679"}],"replies":[{"embeddable":true,"href":"https:\/\/www.novaconcursos.com.br\/portal\/wp-json\/wp\/v2\/comments?post=211449"}],"version-history":[{"count":7,"href":"https:\/\/www.novaconcursos.com.br\/portal\/wp-json\/wp\/v2\/posts\/211449\/revisions"}],"predecessor-version":[{"id":244180,"href":"https:\/\/www.novaconcursos.com.br\/portal\/wp-json\/wp\/v2\/posts\/211449\/revisions\/244180"}],"wp:featuredmedia":[{"embeddable":true,"href":"https:\/\/www.novaconcursos.com.br\/portal\/wp-json\/wp\/v2\/media\/155858"}],"wp:attachment":[{"href":"https:\/\/www.novaconcursos.com.br\/portal\/wp-json\/wp\/v2\/media?parent=211449"}],"wp:term":[{"taxonomy":"category","embeddable":true,"href":"https:\/\/www.novaconcursos.com.br\/portal\/wp-json\/wp\/v2\/categories?post=211449"},{"taxonomy":"post_tag","embeddable":true,"href":"https:\/\/www.novaconcursos.com.br\/portal\/wp-json\/wp\/v2\/tags?post=211449"}],"curies":[{"name":"wp","href":"https:\/\/api.w.org\/{rel}","templated":true}]}}