{"id":211938,"date":"2023-11-13T20:48:15","date_gmt":"2023-11-13T23:48:15","guid":{"rendered":"https:\/\/www.novaconcursos.com.br\/portal\/?p=211938"},"modified":"2023-11-13T20:48:18","modified_gmt":"2023-11-13T23:48:18","slug":"concurso-trt-15-campinas-fcc-divulga-orientacoes-para-a-prova","status":"publish","type":"post","link":"https:\/\/www.novaconcursos.com.br\/portal\/noticias\/concurso-trt-15-campinas-fcc-divulga-orientacoes-para-a-prova\/","title":{"rendered":"Concurso TRT 15 &#8211; Campinas: FCC divulga orienta\u00e7\u00f5es para a prova!"},"content":{"rendered":"<p>Muita aten\u00e7\u00e3o, concurseiros! Est\u00e3o\u00a0<strong>prorrogadas\u00a0<\/strong>as inscri\u00e7\u00f5es do\u00a0<a href=\"https:\/\/www.novaconcursos.com.br\/portal\/concursos\/concurso-trt-15-campinas\/\">concurso TRT 15<\/a>\u00a0, com sede em Campinas\/SP. S\u00e3o vagas de T\u00e9cnico e Analista Judici\u00e1rio, com sal\u00e1rios a partir de\u00a0<strong>R$ 8.046,84<\/strong>.<\/p>\n\n\n\n<ul class=\"wp-block-list\"><li><strong>Confira: <\/strong><a href=\"https:\/\/www.novaconcursos.com.br\/mapa-de-questoes\/mapa-questoes-trt-15-regiao-campinas-sp\">Mapa de Quest\u00f5es \u2013 TRT 15\u00aa Regi\u00e3o \u2013 Campinas-SP \u2013 4 Mil Quest\u00f5es<\/a><\/li>\n\n\n\n<li><strong>Confira:<\/strong> <a href=\"https:\/\/www.novaconcursos.com.br\/curso-online\/trt-15-regiao-campinas-comum-a-todos-os-cargos\">Curso TRT 15\u00aa Regi\u00e3o \u2013 Campinas-SP \u2013 Comum a Todos os Cargos<\/a><\/li>\n<\/ul><p><\/p>\n\n\n\n<p>Estude para o concurso dos seus sonhos com o\u00a0<strong>M\u00e9todo<\/strong>\u00a0que j\u00e1 ajudou na\u00a0<strong>aprova\u00e7\u00e3o de mais de 70 mil alunos.<\/strong>\u00a0<a href=\"https:\/\/aprovacao.novaconcursos.com.br\/assinatura\" target=\"_blank\" rel=\"noreferrer noopener\">Clique aqui<\/a>\u00a0e saiba mais!<\/p>\n\n\n\n<h2 class=\"wp-block-heading\" id=\"quando-acontecem-as-provas-do-concurso-trt-15\">Quando acontecem as provas do concurso TRT 15?<\/h2>\n\n\n\n<p>Portanto, os interessados no concurso do Tribunal Regional do Trabalho da 15\u00aa regi\u00e3o, com sede em Campinas,\u00a0<a href=\"https:\/\/www.novaconcursos.com.br\/portal\/concursos-previstos\/sp\/\">S\u00e3o Paulo<\/a>, devem se atentar \u00e0s <strong>informa\u00e7\u00f5es<\/strong>.<\/p>\n\n\n\n<ul class=\"wp-block-list\"><li><strong>Confira:<\/strong> <a href=\"https:\/\/www.novaconcursos.com.br\/apostila\/trt-15-tecnico-analista-conhecimentos-gerais\">Apostila TRT 15 2023 \u2013 T\u00e9cnico e Analista (Conhecimentos Gerais)<\/a><\/li>\n\n\n\n<li><strong>Confira: <\/strong><a href=\"https:\/\/www.novaconcursos.com.br\/livro\/1000-questoes-gabaritadas-fcc\">Livro 1.000 Quest\u00f5es Gabaritadas FCC<\/a><\/li>\n<\/ul><p><\/p>\n\n\n\n<p>Isso porque o dia de aplica\u00e7\u00e3o das provas objetivas est\u00e1 se aproximando; elas acontecer\u00e3o no dia <strong>03 de dezembro de 2023<\/strong>. <\/p>\n\n\n\n<p>Assim, a aplica\u00e7\u00e3o ser\u00e1 na parte da <strong>manh\u00e3 <\/strong>para Analista (4h30 de dura\u00e7\u00e3o) e na parte da <strong>tarde <\/strong>para T\u00e9cnico (4h de dura\u00e7\u00e3o).<\/p>\n\n\n\n<p>Agora, a banca organizadora Funda\u00e7\u00e3o Carlos Chagas (FCC) publicou as orienta\u00e7\u00f5es para as provas. Veja os detalhes:<\/p>\n\n\n\n<ul class=\"wp-block-list\"><li><strong>MANH\u00c3<\/strong>\n<ul class=\"wp-block-list\"><li><strong>Hor\u00e1rio de Apresenta\u00e7\u00e3o:<\/strong>\u00a08h00<\/li>\n\n\n\n<li><strong>Hor\u00e1rio de Fechamento dos Port\u00f5es:<\/strong>\u00a08h30min<\/li>\n\n\n\n<li><strong>Provas Objetiva e Discursiva<\/strong>\u00a0\u2013 Estudo de Caso<\/li>\n\n\n\n<li><strong>Dura\u00e7\u00e3o das Provas:<\/strong>\u00a04h30<\/li>\n\n\n\n<li><strong>Para os cargos de Analista Judici\u00e1rio \u2013 \u00c1rea Administrativa \u2013 Especialidade:\u00a0<\/strong>Contabilidade; Analista Judici\u00e1rio \u2013 \u00c1rea Apoio Especializado \u2013 Especialidades: Estat\u00edstica, Arquivologia, Comunica\u00e7\u00e3o Social, Engenharia, Engenharia (Civil), Engenharia (El\u00e9trica), Engenharia (Mec\u00e2nica), Engenharia (Seguran\u00e7a do Trabalho), Medicina, Medicina (do Trabalho), Fisioterapia, Servi\u00e7o Social e Tecnologia da Informa\u00e7\u00e3o.<\/li>\n<\/ul><\/li>\n\n\n\n<li><strong>TARDE<\/strong>\n<ul class=\"wp-block-list\"><li><strong>Hor\u00e1rio de Apresenta\u00e7\u00e3o:<\/strong>\u00a014h30min<\/li>\n\n\n\n<li><strong>Hor\u00e1rio de Fechamento dos Port\u00f5es:<\/strong>\u00a015h00<\/li>\n\n\n\n<li><strong>Provas Objetiva e Discursiva<\/strong>\u00a0\u2013 Estudo de Caso<\/li>\n\n\n\n<li><strong>Dura\u00e7\u00e3o das Provas:<\/strong>\u00a04h<\/li>\n\n\n\n<li><strong>Para o cargo de T\u00e9cnico Judici\u00e1rio \u2013 \u00c1rea Apoio Especializado \u2013 Especialidades:<\/strong>\u00a0Enfermagem do Trabalho e Tecnologia da Informa\u00e7\u00e3o.<\/li>\n<\/ul><\/li>\n<\/ul><p><\/p>\n\n\n\n<h3 class=\"wp-block-heading\">Locais de prova<\/h3>\n\n\n\n<p>Assim, as <strong>provas <\/strong>ser\u00e3o realizadas na cidade de Campinas, no Estado de S\u00e3o Paulo. Os candidatos ser\u00e3o informados quanto ao local de prova por meio do Cart\u00e3o Informativo, que ser\u00e1 enviado por e-mail, e disponibilizado no <a href=\"https:\/\/www.concursosfcc.com.br\/concursos\/trt15122\/index.html\" target=\"_blank\" rel=\"noreferrer noopener\">site da Funda\u00e7\u00e3o Carlos Chagas<\/a>.<\/p>\n\n\n\n<p><strong>ATEN\u00c7\u00c3O:<\/strong> O candidato que n\u00e3o receber o cart\u00e3o at\u00e9 o 3\u00ba dia que antecede a aplica\u00e7\u00e3o das provas ou em havendo d\u00favidas quanto ao local, data e hor\u00e1rio de realiza\u00e7\u00e3o das avalia\u00e7\u00f5es, dever\u00e1 entrar em contato com o Servi\u00e7o de Atendimento ao Candidato (SAC), pelo telefone (11) 3723-4388, de segunda a sexta-feira (somente dias \u00fateis), das 10 \u00e0s 16 horas.<\/p>\n\n\n\n<p><a href=\"https:\/\/www.concursosfcc.com.br\/concursos\/trt15122\/edital_03-2023_-_convocacao_prova_objetiva_e_discursiva.pdf\" target=\"_blank\" rel=\"noreferrer noopener\">Confira o edital completo com as orienta\u00e7\u00f5es para as avalia\u00e7\u00f5es, clicando aqui!<\/a><\/p>\n\n\n\n<h2 class=\"wp-block-heading\" id=\"o-que-estudar-para-as-provas-do-concurso-trt-15\">O que estudar para as provas do concurso TRT 15?<\/h2>\n\n\n\n<p>Sendo assim, a prova objetiva constar\u00e1 de\u00a0<strong>60 quest\u00f5es,<\/strong>\u00a0para todos os cargos, abrangendo as seguintes disciplinas:<\/p>\n\n\n\n<ul class=\"wp-block-list\"><li>Conhecimentos gerais (20)\n<ul class=\"wp-block-list\"><li>L\u00edngua Portuguesa<\/li>\n\n\n\n<li>Racioc\u00ednio L\u00f3gico Matem\u00e1tico<\/li>\n\n\n\n<li>No\u00e7\u00f5es de Administra\u00e7\u00e3o P\u00fablica e Legisla\u00e7\u00e3o<\/li>\n\n\n\n<li>C\u00f3digo de \u00c9tica e Regimento Interno do TRT 15<\/li>\n\n\n\n<li>No\u00e7\u00f5es de Inform\u00e1tica<\/li>\n<\/ul><\/li>\n\n\n\n<li>Conhecimentos espec\u00edficos (40)<\/li>\n<\/ul><p><\/p>\n\n\n\n<p>Depois, a prova discursiva visa avaliar o\u00a0<strong>dom\u00ednio<\/strong>\u00a0do conte\u00fado dos temas abordados, a experi\u00eancia pr\u00e9via do candidato e sua adequabilidade quanto \u00e0s atribui\u00e7\u00f5es do cargo e especialidade.<\/p>\n\n\n\n<p>Para qualquer \u00e1rea\/especialidade de\u00a0<strong>Analista,<\/strong>\u00a0ser\u00e1 composto de duas quest\u00f5es pr\u00e1ticas, para quais, dever\u00e1 ser apresentado por escrito, as solu\u00e7\u00f5es. Os conte\u00fados versar\u00e3o dos conhecimentos espec\u00edficos.<\/p>\n\n\n\n<p>Entretanto, para qualquer \u00e1rea\/especialidade de\u00a0<strong>T\u00e9cnico<\/strong>, ser\u00e1 cobrado uma quest\u00e3o pr\u00e1tica e o candidato dever\u00e1 apresentar por escrito, as solu\u00e7\u00f5es. Tamb\u00e9m versar\u00e3o os conte\u00fados, pertinentes aos conhecimentos espec\u00edficos.<\/p>\n\n\n\n<p>Por fim, para qualquer seja a \u00e1rea, s\u00f3 ter\u00e3o a prova discursiva\u00a0<strong>corrigida,<\/strong>\u00a0os candidatos habilitados e bem classificados na prova objetiva.<\/p>\n\n\n\n<p><a href=\"https:\/\/www.concursosfcc.com.br\/concursos\/trt15122\/edital_01-2023.pdf\" target=\"_blank\" rel=\"noreferrer noopener\">Edital n\u00ba 1 \u2013 Analista<\/a><\/p>\n\n\n\n<p><a href=\"https:\/\/www.concursosfcc.com.br\/concursos\/trt15122\/edital_n0_02_2023.pdf\" target=\"_blank\" rel=\"noreferrer noopener\">Edital n\u00ba 2- T\u00e9cnico<\/a><\/p>\n\n\n\n<h2 class=\"wp-block-heading\" id=\"cargos-vagas-e-salrio-ofertados-no-trt-15\">Cargos, vagas e sal\u00e1rio ofertados no TRT 15<\/h2>\n\n\n\n<p>Portanto, o\u00a0<a href=\"https:\/\/trt15.jus.br\/\" target=\"_blank\" rel=\"noreferrer noopener\">Tribunal Regional do Trabalho da 15\u00aa regi\u00e3o,<\/a>\u00a0\u00a0com sede em Campinas, em\u00a0<a href=\"https:\/\/www.novaconcursos.com.br\/portal\/concursos-abertos\/sp\/\">S\u00e3o Paulo<\/a>, oferta vagas em cadastro reserva, para os cargos de T\u00e9cnico e Analista, nas seguintes especialidades:<\/p>\n\n\n\n<ul class=\"wp-block-list\"><li><strong>Analista Judici\u00e1rio<\/strong>\n<ul class=\"wp-block-list\"><li>\u00c1rea administrativa\n<ul class=\"wp-block-list\"><li>Contabilidade<\/li>\n<\/ul><\/li>\n\n\n\n<li>\u00c1rea apoio especializado\n<ul class=\"wp-block-list\"><li>Estat\u00edstica<\/li>\n\n\n\n<li>Arquivologia<\/li>\n\n\n\n<li>Comunica\u00e7\u00e3o Social<\/li>\n\n\n\n<li>Engenharia\n<ul class=\"wp-block-list\"><li>Civil<\/li>\n\n\n\n<li>El\u00e9trica<\/li>\n\n\n\n<li>Mec\u00e2nica<\/li>\n\n\n\n<li>Seguran\u00e7a do Trabalho<\/li>\n<\/ul><\/li>\n\n\n\n<li>Medicina\n<ul class=\"wp-block-list\"><li>do Trabalho<\/li>\n<\/ul><\/li>\n\n\n\n<li>Fisioterapia<\/li>\n\n\n\n<li>Servi\u00e7o Social<\/li>\n\n\n\n<li>T\u00e9cnologia da Informa\u00e7\u00e3o<\/li>\n<\/ul><\/li>\n<\/ul><\/li>\n\n\n\n<li>Sal\u00e1rio inicial:\u00a0<strong>R$13.202,62<\/strong><\/li>\n\n\n\n<li><strong>T\u00e9cnico Judici\u00e1rio<\/strong>\n<ul class=\"wp-block-list\"><li>\u00c1rea apoio especializado\n<ul class=\"wp-block-list\"><li>Enfermagem do Trabalho<\/li>\n\n\n\n<li>Tecnologia da Informa\u00e7\u00e3o<\/li>\n<\/ul><\/li>\n<\/ul><\/li>\n\n\n\n<li>Sal\u00e1rio inicial:\u00a0<strong>R$ 8.046,84<\/strong><\/li>\n<\/ul>","protected":false},"excerpt":{"rendered":"<p>Muita aten\u00e7\u00e3o, concurseiros! Est\u00e3o\u00a0prorrogadas\u00a0as inscri\u00e7\u00f5es do\u00a0concurso TRT 15\u00a0, com sede em Campinas\/SP. S\u00e3o vagas de T\u00e9cnico e Analista Judici\u00e1rio, com sal\u00e1rios a partir de\u00a0R$ 8.046,84. Estude para o concurso dos seus sonhos com o\u00a0M\u00e9todo\u00a0que j\u00e1 ajudou na\u00a0aprova\u00e7\u00e3o de mais de 70 mil alunos.\u00a0Clique aqui\u00a0e saiba mais! Quando acontecem as provas do concurso TRT 15? Portanto, [&hellip;]<\/p>\n","protected":false},"author":54671,"featured_media":192037,"comment_status":"closed","ping_status":"closed","sticky":false,"template":"","format":"standard","meta":{"_acf_changed":false,"footnotes":"","_wp_rev_ctl_limit":""},"categories":[228],"tags":[],"class_list":["post-211938","post","type-post","status-publish","format-standard","has-post-thumbnail","hentry","category-noticias"],"acf":[],"_links":{"self":[{"href":"https:\/\/www.novaconcursos.com.br\/portal\/wp-json\/wp\/v2\/posts\/211938","targetHints":{"allow":["GET"]}}],"collection":[{"href":"https:\/\/www.novaconcursos.com.br\/portal\/wp-json\/wp\/v2\/posts"}],"about":[{"href":"https:\/\/www.novaconcursos.com.br\/portal\/wp-json\/wp\/v2\/types\/post"}],"author":[{"embeddable":true,"href":"https:\/\/www.novaconcursos.com.br\/portal\/wp-json\/wp\/v2\/users\/54671"}],"replies":[{"embeddable":true,"href":"https:\/\/www.novaconcursos.com.br\/portal\/wp-json\/wp\/v2\/comments?post=211938"}],"version-history":[{"count":4,"href":"https:\/\/www.novaconcursos.com.br\/portal\/wp-json\/wp\/v2\/posts\/211938\/revisions"}],"predecessor-version":[{"id":211942,"href":"https:\/\/www.novaconcursos.com.br\/portal\/wp-json\/wp\/v2\/posts\/211938\/revisions\/211942"}],"wp:featuredmedia":[{"embeddable":true,"href":"https:\/\/www.novaconcursos.com.br\/portal\/wp-json\/wp\/v2\/media\/192037"}],"wp:attachment":[{"href":"https:\/\/www.novaconcursos.com.br\/portal\/wp-json\/wp\/v2\/media?parent=211938"}],"wp:term":[{"taxonomy":"category","embeddable":true,"href":"https:\/\/www.novaconcursos.com.br\/portal\/wp-json\/wp\/v2\/categories?post=211938"},{"taxonomy":"post_tag","embeddable":true,"href":"https:\/\/www.novaconcursos.com.br\/portal\/wp-json\/wp\/v2\/tags?post=211938"}],"curies":[{"name":"wp","href":"https:\/\/api.w.org\/{rel}","templated":true}]}}