{"id":212320,"date":"2023-11-17T13:06:01","date_gmt":"2023-11-17T16:06:01","guid":{"rendered":"https:\/\/www.novaconcursos.com.br\/portal\/?p=212320"},"modified":"2023-11-17T13:06:06","modified_gmt":"2023-11-17T16:06:06","slug":"concurso-pc-sp-sairam-locais-de-prova-investigador-e-escrivao","status":"publish","type":"post","link":"https:\/\/www.novaconcursos.com.br\/portal\/noticias\/concurso-pc-sp-sairam-locais-de-prova-investigador-e-escrivao\/","title":{"rendered":"Concurso PC SP: Sa\u00edram os locais de prova para Investigador e Escriv\u00e3o!"},"content":{"rendered":"<p>Foi publicado no Di\u00e1rio Oficial desta sexta-feira, (17\/11), o edital de convoca\u00e7\u00e3o para as provas do <a href=\"https:\/\/www.novaconcursos.com.br\/portal\/concursos\/concurso-policia-civil-sp\/?\">concurso PC SP<\/a> (Pol\u00edcia Civil de S\u00e3o Paulo) para os cargos de <strong>Investigador e Escriv\u00e3o.<\/strong><\/p>\n\n\n\n<p>As avalia\u00e7\u00f5es ser\u00e3o aplicadas no dia <strong>26 de novembro, <\/strong>nas cidades de S\u00e3o Paulo, Ara\u00e7atuba, Bauru, Campinas, Presidente Prudente, Ribeir\u00e3o Preto, Santos, S\u00e3o Jos\u00e9 do Rio Preto, S\u00e3o Jos\u00e9 dos Campos, Piracicaba e Sorocaba, sendo:<\/p>\n\n\n\n<ul class=\"wp-block-list\"><li>Manh\u00e3: Prova Objetiva<\/li>\n\n\n\n<li>Tarde: Prova Discursiva<\/li>\n<\/ul><p><\/p>\n\n\n\n<p>Os <strong>locais de prova<\/strong> foram divulgados no site da banca, a <a href=\"https:\/\/www.vunesp.com.br\/?b=PCSP230\" target=\"_blank\" rel=\"noreferrer noopener\">Funda\u00e7\u00e3o Vunesp.<\/a> Confira!<\/p>\n\n\n\n<ul class=\"wp-block-list\"><li><a href=\"https:\/\/documento.vunesp.com.br\/documento\/stream\/NTM0OTE5MQ%3d%3d\" target=\"_blank\" rel=\"noreferrer noopener\">Escriv\u00e3o<\/a><\/li>\n\n\n\n<li><a href=\"https:\/\/documento.vunesp.com.br\/documento\/stream\/NTM0OTE2Nw%3d%3d\" target=\"_blank\" rel=\"noreferrer noopener\">Investigador<\/a><\/li>\n<\/ul><p><\/p>\n\n\n\n<ul class=\"wp-block-list\"><li><strong>Confira:<\/strong>\u00a0<a href=\"https:\/\/www.novaconcursos.com.br\/curso-online\/pc-sp-escrivao?promo_creative=Curso+Online+PC+SP+%26%238211%3B+Escriv%C3%A3o&amp;promo_name=noticia&amp;promo_id=%2Fportal%2Fnoticias%2Fresumo-edital-para-escrivao-pc-sp-2023&amp;promo_position=corpo-texto\">Curso Online PC SP \u2013 Escriv\u00e3o<\/a><\/li>\n\n\n\n<li><strong>Confira<\/strong>:\u00a0<a href=\"https:\/\/www.novaconcursos.com.br\/livro\/leis-pc-sp-escrivao-investigador?promo_creative=Caderno+de+Leis+da+PC-SP+%26%238211%3B+Escriv%C3%A3o+e+Investigador&amp;promo_name=noticia&amp;promo_id=%2Fportal%2Fnoticias%2Fresumo-edital-para-escrivao-pc-sp-2023&amp;promo_position=corpo-texto\">Caderno de Leis da PC-SP \u2013 Escriv\u00e3o e Investigador<\/a><\/li>\n<\/ul><p><\/p>\n\n\n\n<p>Estude para o concurso dos seus sonhos com o\u00a0<strong>M\u00e9todo<\/strong>\u00a0que j\u00e1 ajudou na\u00a0<strong>aprova\u00e7\u00e3o de mais de 70 mil alunos.<\/strong>\u00a0<a href=\"https:\/\/aprovacao.novaconcursos.com.br\/assinatura?promo_creative=Clique+aqui&amp;promo_name=noticia&amp;promo_id=%2Fportal%2Fnoticias%2Fresumo-edital-para-escrivao-pc-sp-2023&amp;promo_position=corpo-texto\" target=\"_blank\" rel=\"noreferrer noopener\">Clique aqui<\/a>\u00a0\u00a0e saiba mais!<\/p>\n\n\n\n<h2 class=\"wp-block-heading\" id=\"como-sero-as-provas-do-concurso-pc-sp\">Como ser\u00e3o as provas do concurso PC SP?<\/h2>\n\n\n\n<p>Com quatro horas de dura\u00e7\u00e3o, a prova objetiva ser\u00e1 composta de\u00a0<strong>80 quest\u00f5es<\/strong>\u00a0de m\u00faltipla escolha, valendo de 0 (zero) a 100 (cem) pontos. Dessa forma:<\/p>\n\n\n\n<p><strong>Investigador<\/strong>\u00a0<\/p>\n\n\n\n<ul class=\"wp-block-list\"><li>M\u00f3dulo I\n<ul class=\"wp-block-list\"><li>10 quest\u00f5es de no\u00e7\u00f5es de inform\u00e1tica<\/li>\n\n\n\n<li>6 no\u00e7\u00f5es de L\u00f3gica<\/li>\n<\/ul><\/li>\n\n\n\n<li>M\u00f3dulo II\n<ul class=\"wp-block-list\"><li>20 quest\u00f5es de L\u00edngua Portuguesa<\/li>\n<\/ul><\/li>\n\n\n\n<li>M\u00f3dulo III\n<ul class=\"wp-block-list\"><li>30 ques\u00f5es de Direito<\/li>\n\n\n\n<li>14 de no\u00e7\u00f5es de Criminologia<\/li>\n<\/ul><\/li>\n<\/ul><p><\/p>\n\n\n\n<p><strong>Escriv\u00e3o<\/strong><\/p>\n\n\n\n<ul class=\"wp-block-list\"><li>M\u00f3dulo I\n<ul class=\"wp-block-list\"><li>30 quest\u00f5es de Direito<\/li>\n\n\n\n<li>14 de No\u00e7\u00f5es de Criminologia<\/li>\n<\/ul><\/li>\n\n\n\n<li>M\u00f3dulo II\n<ul class=\"wp-block-list\"><li>10 de No\u00e7\u00f5es de Inform\u00e1tica<\/li>\n\n\n\n<li>6 quest\u00f5es de L\u00f3gica<\/li>\n<\/ul><\/li>\n\n\n\n<li>M\u00f3dulo III\n<ul class=\"wp-block-list\"><li>20 quest\u00f5es de L\u00edngua Portuguesa<\/li>\n<\/ul><\/li>\n<\/ul><p><\/p>\n\n\n\n<p>J\u00e1 a prova discursiva consistir\u00e1 em quest\u00f5es discursivas sobre as disciplinas de:<\/p>\n\n\n\n<ul class=\"wp-block-list\"><li><strong>Investigador: 4 quest\u00f5es<\/strong>\n<ul class=\"wp-block-list\"><li>L\u00edngua Portuguesa (1)<\/li>\n\n\n\n<li>No\u00e7\u00f5es de Direito (2)<\/li>\n\n\n\n<li>No\u00e7\u00f5es de Criminologia (1)<\/li>\n<\/ul><\/li>\n<\/ul><p><\/p>\n\n\n\n<ul class=\"wp-block-list\"><li><strong>Escriv\u00e3o: 4 quest\u00f5es<\/strong>\n<ul class=\"wp-block-list\"><li>L\u00edngua Portuguesa (1)<\/li>\n\n\n\n<li>No\u00e7\u00f5es de Direito (2)<\/li>\n\n\n\n<li>No\u00e7\u00f5es de Criminologia (1)<\/li>\n<\/ul><\/li>\n<\/ul><p><\/p>\n\n\n\n<h3 class=\"wp-block-heading\">Demais etapas<\/h3>\n\n\n\n<p>Os classificados ainda ser\u00e3o avaliados em tr\u00eas etapas:<\/p>\n\n\n\n<ul class=\"wp-block-list\"><li>Comprova\u00e7\u00e3o de idoneidade e conduta escorreita, mediante investiga\u00e7\u00e3o social, de car\u00e1ter eliminat\u00f3rio;<\/li>\n\n\n\n<li>Prova Oral, de car\u00e1ter eliminat\u00f3rio e classificat\u00f3rio; e<\/li>\n\n\n\n<li>Prova de T\u00edtulos, de car\u00e1ter classificat\u00f3rio.<\/li>\n<\/ul><p><\/p>\n\n\n\n<h2 class=\"wp-block-heading\" id=\"vagas-cargos-e-salrios-da-pc-sp\">Vagas, cargos e sal\u00e1rios da PC SP<\/h2>\n\n\n\n<p>Est\u00e3o sendo ofertadas\u00a0<strong>2.583 vagas<\/strong> de Escriv\u00e3o e Investigador, que exigem o n\u00edvel superior, sendo:<\/p>\n\n\n\n<ul class=\"wp-block-list\"><li>Escriv\u00e3o de Pol\u00edcia: 1.333 vagas<\/li>\n\n\n\n<li>Investigador: 1.250 vagas<\/li>\n<\/ul><p><\/p>\n\n\n\n<p>Os aprovados ser\u00e3o remunerados com sal\u00e1rios iniciais de<strong> R$ 5.879,68,<\/strong>\u00a0que corresponde a soma do vencimento base e da Gratifica\u00e7\u00e3o pelo Regime Especial de Trabalho Policial \u2013 RETP, podendo chegar em R$ 7.432,94 ao final da carreira.<\/p>\n\n\n\n<h2 class=\"wp-block-heading\" id=\"quais-as-atribuies-dos-servidores\">Quais as atribui\u00e7\u00f5es dos servidores?<\/h2>\n\n\n\n<p>Os classificados exercer\u00e3o as seguintes fun\u00e7\u00f5es:<\/p>\n\n\n\n<p><strong>Escriv\u00e3o<\/strong><\/p>\n\n\n\n<ul class=\"wp-block-list\"><li>Secretariar a elabora\u00e7\u00e3o de boletins de ocorr\u00eancia, termos circunstanciados, autos de pris\u00e3o em flagrante, inqu\u00e9ritos policiais, processos, sindic\u00e2ncias, apura\u00e7\u00f5es e demais pe\u00e7as e documentos de pol\u00edcia judici\u00e1ria, f\u00edsicos, digitais e\/ou de sistemas de tecnologia de informa\u00e7\u00e3o, sob a presid\u00eancia do Delegado de Pol\u00edcia, al\u00e9m das fun\u00e7\u00f5es previstas na Portaria DGP-30, de 14 de novembro de 2012 e na Lei Org\u00e2nica da Pol\u00edcia do Estado de S\u00e3o Paulo (Lei Complementar n\u00ba 207\/1979);<\/li>\n\n\n\n<li>Responsabilizar-se pelo valor das fian\u00e7as recebidas e pelos objetos de apreens\u00e3o;<\/li>\n\n\n\n<li>Conduzir ve\u00edculos automotores;<\/li>\n\n\n\n<li>Cumprir medidas de seguran\u00e7a org\u00e2nica;<\/li>\n\n\n\n<li>Atuar nos procedimentos policiais de investiga\u00e7\u00e3o;<\/li>\n\n\n\n<li>Desempenhar outras atividades de natureza policial e administrativa, bem como executar<\/li>\n\n\n\n<li>outras tarefas que lhe forem atribu\u00eddas;<\/li>\n\n\n\n<li>Portar arma de fogo enquanto integrante da Pol\u00edcia Civil (Lei n\u00ba 10.826\/2003, artigo 6\u00ba, II);<\/li>\n\n\n\n<li>Atuar com possibilidade de exposi\u00e7\u00e3o a situa\u00e7\u00f5es de risco.<\/li>\n<\/ul><p><\/p>\n\n\n\n<h2 class=\"wp-block-heading\" id=\"\"><\/h2>\n\n\n\n<p><strong>Investigador<\/strong><\/p>\n\n\n\n<ul class=\"wp-block-list\"><li>Realizar dilig\u00eancias investigat\u00f3rias e de policiamento preventivo especializado;<\/li>\n\n\n\n<li>Cumprir requisi\u00e7\u00f5es escritas ou verbais atinentes ao trabalho de pol\u00edcia judici\u00e1ria, emanadas do Delegado de Pol\u00edcia;<\/li>\n\n\n\n<li>Cumprir mandados;<\/li>\n\n\n\n<li>Elaborar boletins de ocorr\u00eancia e demais atos e documentos de pol\u00edcia judici\u00e1ria;<\/li>\n\n\n\n<li>Escoltar presos;<\/li>\n\n\n\n<li>Realizar pris\u00f5es, capturas de indiv\u00edduos e apreens\u00f5es;<\/li>\n\n\n\n<li>Manter a seguran\u00e7a de locais onde se desenvolve a atividade policial civil;<\/li>\n\n\n\n<li>Atender ao p\u00fablico interno e externo, no desempenho da atividade policial;<\/li>\n\n\n\n<li>Intervir, a qualquer tempo, em ocorr\u00eancias de natureza criminal;<\/li>\n\n\n\n<li>Conduzir viaturas policiais;<\/li>\n\n\n\n<li>Transportar pessoas e coisas vinculadas a ocorr\u00eancias policiais, conservar, manusear e empregar armas de fogo e equipamentos menos letais;<\/li>\n\n\n\n<li>Executar demais atos compat\u00edveis com a atividade de pol\u00edcia judici\u00e1ria e administrativa, sob a presid\u00eancia do Delegado de Pol\u00edcia, al\u00e9m das fun\u00e7\u00f5es previstas na Portaria DGP-30, de 14 de novembro de 2012 e na Lei Org\u00e2nica da Pol\u00edcia do Estado de S\u00e3o Paulo (Lei Complementar n\u00ba 207\/1979);<\/li>\n\n\n\n<li>Portar arma de fogo enquanto integrante da Pol\u00edcia Civil (Lei n\u00ba 10.826\/2003, art. 6\u00ba, II);<\/li>\n\n\n\n<li>Atuar com possibilidade de exposi\u00e7\u00e3o a situa\u00e7\u00f5es de risco.<\/li>\n<\/ul><p><\/p>\n\n\n\n<h2 class=\"wp-block-heading\" id=\"participe-da-semana-de-reviso-pc-sp-2023\">Participe da semana de revis\u00e3o PC SP 2023!<\/h2>\n\n\n\n<p>Se voc\u00ea vai fazer a prova do concurso PC SP 2023, participe da<strong> semana de revis\u00e3o <\/strong>que montamos no nosso canal do youtube para que voc\u00ea se prepare da melhor maneira poss\u00edvel para o exame.<\/p>\n\n\n\n<p>Ser\u00e3o conte\u00fados imperd\u00edveis, repletos de<strong> dicas e estrat\u00e9gias essenciais, <\/strong>que foram elaboradas por professores especialistas. Anote na sua agenda! ?<\/p>\n\n\n\n<ul class=\"wp-block-list\"><li>Data: 19\/11\/2023 (domingo) <\/li>\n\n\n\n<li>Hor\u00e1rio: das 8h \u00e0s 17h <\/li>\n\n\n\n<li>80 Quest\u00f5es Objetivas + 4 Quest\u00f5es Discursivas \u2013 todas in\u00e9ditas <\/li>\n\n\n\n<li>O time de professores da Nova elaborou um verdadeiro TESTE para a prova de Escriv\u00e3o e Investigador da PC-SP<\/li>\n\n\n\n<li>Ser\u00e1 uma<strong> simula\u00e7\u00e3o real da prova <\/strong>e acontecer\u00e1 2 domingos antes do dia mais importante para os concurseiros que buscam uma vaga como Escriv\u00e3o e Investigador da PC-SP<\/li>\n\n\n\n<li>Ranking dos Participantes <\/li>\n\n\n\n<li>Corre\u00e7\u00e3o em v\u00eddeo!<\/li>\n<\/ul><p><\/p>\n\n\n\n<p> Vem com a gente rumo a aprova\u00e7\u00e3o! ?<\/p>\n\n\n\n<figure class=\"wp-block-embed is-type-video is-provider-youtube wp-block-embed-youtube wp-embed-aspect-16-9 wp-has-aspect-ratio\"><div class=\"wp-block-embed__wrapper\">\n<iframe loading=\"lazy\" title=\"Concurso PC SP 2023 Revis\u00e3o Final Portugu\u00eas\" width=\"500\" height=\"281\" src=\"https:\/\/www.youtube.com\/embed\/x1DIyli518g?list=PLSQIEyevifX79KF3yU_V_Wni9hU8fOEdu\" frameborder=\"0\" allow=\"accelerometer; autoplay; clipboard-write; encrypted-media; gyroscope; picture-in-picture; web-share\" referrerpolicy=\"strict-origin-when-cross-origin\" allowfullscreen><\/iframe>\n<\/div><\/figure>","protected":false},"excerpt":{"rendered":"<p>Foi publicado no Di\u00e1rio Oficial desta sexta-feira, (17\/11), o edital de convoca\u00e7\u00e3o para as provas do concurso PC SP (Pol\u00edcia Civil de S\u00e3o Paulo) para os cargos de Investigador e Escriv\u00e3o. As avalia\u00e7\u00f5es ser\u00e3o aplicadas no dia 26 de novembro, nas cidades de S\u00e3o Paulo, Ara\u00e7atuba, Bauru, Campinas, Presidente Prudente, Ribeir\u00e3o Preto, Santos, S\u00e3o Jos\u00e9 [&hellip;]<\/p>\n","protected":false},"author":54679,"featured_media":205616,"comment_status":"closed","ping_status":"closed","sticky":false,"template":"","format":"standard","meta":{"_acf_changed":false,"footnotes":"","_wp_rev_ctl_limit":""},"categories":[228],"tags":[],"class_list":["post-212320","post","type-post","status-publish","format-standard","has-post-thumbnail","hentry","category-noticias"],"acf":[],"_links":{"self":[{"href":"https:\/\/www.novaconcursos.com.br\/portal\/wp-json\/wp\/v2\/posts\/212320","targetHints":{"allow":["GET"]}}],"collection":[{"href":"https:\/\/www.novaconcursos.com.br\/portal\/wp-json\/wp\/v2\/posts"}],"about":[{"href":"https:\/\/www.novaconcursos.com.br\/portal\/wp-json\/wp\/v2\/types\/post"}],"author":[{"embeddable":true,"href":"https:\/\/www.novaconcursos.com.br\/portal\/wp-json\/wp\/v2\/users\/54679"}],"replies":[{"embeddable":true,"href":"https:\/\/www.novaconcursos.com.br\/portal\/wp-json\/wp\/v2\/comments?post=212320"}],"version-history":[{"count":5,"href":"https:\/\/www.novaconcursos.com.br\/portal\/wp-json\/wp\/v2\/posts\/212320\/revisions"}],"predecessor-version":[{"id":212335,"href":"https:\/\/www.novaconcursos.com.br\/portal\/wp-json\/wp\/v2\/posts\/212320\/revisions\/212335"}],"wp:featuredmedia":[{"embeddable":true,"href":"https:\/\/www.novaconcursos.com.br\/portal\/wp-json\/wp\/v2\/media\/205616"}],"wp:attachment":[{"href":"https:\/\/www.novaconcursos.com.br\/portal\/wp-json\/wp\/v2\/media?parent=212320"}],"wp:term":[{"taxonomy":"category","embeddable":true,"href":"https:\/\/www.novaconcursos.com.br\/portal\/wp-json\/wp\/v2\/categories?post=212320"},{"taxonomy":"post_tag","embeddable":true,"href":"https:\/\/www.novaconcursos.com.br\/portal\/wp-json\/wp\/v2\/tags?post=212320"}],"curies":[{"name":"wp","href":"https:\/\/api.w.org\/{rel}","templated":true}]}}