{"id":212610,"date":"2023-11-22T12:01:49","date_gmt":"2023-11-22T15:01:49","guid":{"rendered":"https:\/\/www.novaconcursos.com.br\/portal\/?p=212610"},"modified":"2023-11-22T12:01:52","modified_gmt":"2023-11-22T15:01:52","slug":"concurso-sp-regula-gabarito-preliminar-para-tecnico-analista","status":"publish","type":"post","link":"https:\/\/www.novaconcursos.com.br\/portal\/noticias\/concurso-sp-regula-gabarito-preliminar-para-tecnico-analista\/","title":{"rendered":"Concurso SP Regula: Confira aqui o gabarito preliminar para T\u00e9cnico e Analista!"},"content":{"rendered":"<p>As provas do <a href=\"https:\/\/www.novaconcursos.com.br\/portal\/concursos\/concurso-sp-regula\/\">concurso SP Regula<\/a> para T\u00e9cnico e Analista foram aplicadas no \u00faltimo domingo, 19 de novembro, e os <strong>gabaritos preliminares <\/strong>j\u00e1 est\u00e3o dispon\u00edveis para consulta no site da banca. Confira!<\/p>\n\n\n\n<ul class=\"wp-block-list\"><li><a href=\"https:\/\/documento.vunesp.com.br\/documento\/stream\/NTM2NjkyNQ%3d%3d\" target=\"_blank\" rel=\"noreferrer noopener\">Gabarito Preliminar!<\/a><\/li>\n<\/ul><p><\/p>\n\n\n\n<p>Aqueles que n\u00e3o concordarem com os resultados poder\u00e3o<strong> interpor recurso<\/strong> no site da <a href=\"https:\/\/www.vunesp.com.br\/SPRE2301\" target=\"_blank\" rel=\"noreferrer noopener\">Vunesp,<\/a> entre os dias 23 e 24 de novembro de 2023.<\/p>\n\n\n\n<p>Lembrando que para ser aprovado ser\u00e1 necess\u00e1rio obter nota igual ou superior a 50 pontos e n\u00e3o zerar nenhuma das disciplinas.<\/p>\n\n\n\n<ul class=\"wp-block-list\"><li><strong>Confira:\u00a0<\/strong><a href=\"https:\/\/www.novaconcursos.com.br\/livro\/1000-questoes-gabaritadas-vunesp?promo_creative=Livro+1.000+Quest%C3%B5es+Gabaritadas+da+Vunesp&amp;promo_name=noticia&amp;promo_id=%2Fportal%2Fnoticias%2Fconcurso-sp-regula-quase-10-mil-inscritos-confira-demanda-por-area&amp;promo_position=corpo-texto\">Livro 1.000 Quest\u00f5es Gabaritadas da Vunesp<\/a><\/li>\n<\/ul><p><\/p>\n\n\n\n<p>Estude para o concurso dos seus sonhos com o\u00a0<strong>M\u00e9todo<\/strong>\u00a0que j\u00e1 ajudou na\u00a0<strong>aprova\u00e7\u00e3o de mais de 70 mil alunos.<\/strong>\u00a0<a href=\"https:\/\/aprovacao.novaconcursos.com.br\/assinatura?promo_creative=Clique+aqui&amp;promo_name=noticia&amp;promo_id=%2Fportal%2Fnoticias%2Fconcurso-sp-regula-quase-10-mil-inscritos-confira-demanda-por-area&amp;promo_position=corpo-texto\" target=\"_blank\" rel=\"noreferrer noopener\">Clique aqui<\/a>\u00a0e saiba mais!<\/p>\n\n\n\n<h2 class=\"wp-block-heading\" id=\"como-foram-as-provas-do-concurso-sp-regula\">Como foram as provas do concurso SP Regula?<\/h2>\n\n\n\n<p>Na prova objetiva, os candidatos tiveram que responder <strong>quest\u00f5es de m\u00faltipla escolha\u00a0<\/strong>com 5 alternativas cada e apenas uma resposta correta, sobre as disciplinas de:<\/p>\n\n\n\n<ul class=\"wp-block-list\"><li><strong>T\u00e9cnico em Fiscaliza\u00e7\u00e3o de Servi\u00e7os P\u00fablicos<\/strong>\n<ul class=\"wp-block-list\"><li>Conhecimentos B\u00e1sicos:\n<ul class=\"wp-block-list\"><li>L\u00edngua Portuguesa (15)<\/li>\n\n\n\n<li>Matem\u00e1tica e Racioc\u00ednio L\u00f3gico (15)<\/li>\n\n\n\n<li>No\u00e7\u00f5es de Inform\u00e1tica (10)<\/li>\n<\/ul><\/li>\n\n\n\n<li>Conhecimentos Espec\u00edficos (20)<\/li>\n<\/ul><\/li>\n<\/ul><p><\/p>\n\n\n\n<ul class=\"wp-block-list\"><li><strong>Analista \u2013 Administrativo<\/strong>\n<ul class=\"wp-block-list\"><li>Conhecimentos B\u00e1sicos:\n<ul class=\"wp-block-list\"><li>L\u00edngua Portuguesa (10)<\/li>\n\n\n\n<li>Matem\u00e1tica e Racioc\u00ednio L\u00f3gico (10)<\/li>\n\n\n\n<li>No\u00e7\u00f5es de Inform\u00e1tica (05)<\/li>\n<\/ul><\/li>\n\n\n\n<li>Conhecimentos Espec\u00edficos (55)<\/li>\n<\/ul><\/li>\n<\/ul><p><\/p>\n\n\n\n<ul class=\"wp-block-list\"><li><strong>Analista\u00a0\u2013 Tecnologia da Informa\u00e7\u00e3o<\/strong>\n<ul class=\"wp-block-list\"><li>Conhecimentos B\u00e1sicos:\n<ul class=\"wp-block-list\"><li>L\u00edngua Portuguesa (10)<\/li>\n\n\n\n<li>Administra\u00e7\u00e3o P\u00fablica (10)<\/li>\n\n\n\n<li>Administra\u00e7\u00e3o Financeira Or\u00e7ament\u00e1ria do Setor P\u00fablico (10)<\/li>\n<\/ul><\/li>\n\n\n\n<li>Conhecimentos Espec\u00edficos (50)<\/li>\n<\/ul><\/li>\n<\/ul><p><\/p>\n\n\n\n<ul class=\"wp-block-list\"><li><strong>Analista\u00a0\u2013 Direito<\/strong>\n<ul class=\"wp-block-list\"><li>Conhecimentos B\u00e1sicos:\n<ul class=\"wp-block-list\"><li>L\u00edngua Portuguesa (05)<\/li>\n\n\n\n<li>No\u00e7\u00f5es de Inform\u00e1tica (05)<\/li>\n\n\n\n<li>Administra\u00e7\u00e3o Financeira Or\u00e7ament\u00e1ria do Setor P\u00fablico (05)<\/li>\n\n\n\n<li>Administra\u00e7\u00e3o Financeira Or\u00e7ament\u00e1ria do Setor P\u00fablico (05)<\/li>\n<\/ul><\/li>\n\n\n\n<li>Conhecimentos Espec\u00edficos (60)<\/li>\n<\/ul><\/li>\n<\/ul><p><\/p>\n\n\n\n<ul class=\"wp-block-list\"><li><strong>Analista\u00a0\u2013 Meio Ambiente, Infraestrutura e Econ\u00f4mico-Financeira<\/strong>\n<ul class=\"wp-block-list\"><li>Conhecimentos b\u00e1sicos:\n<ul class=\"wp-block-list\"><li>L\u00edngua Portuguesa (10)<\/li>\n\n\n\n<li>No\u00e7\u00f5es de Inform\u00e1tica (10)<\/li>\n\n\n\n<li>Administra\u00e7\u00e3o P\u00fablica (10)<\/li>\n<\/ul><\/li>\n\n\n\n<li>Conhecimentos Espec\u00edficos (50)<\/li>\n<\/ul><\/li>\n<\/ul><p><\/p>\n\n\n\n<p>A prova dissertativa foi aplicada no mesmo dia, em duas fases:<\/p>\n\n\n\n<ul class=\"wp-block-list\"><li>Reda\u00e7\u00e3o (todos os cargos);<\/li>\n\n\n\n<li>Estudo de caso (cargos de n\u00edvel superior).<\/li>\n<\/ul><p><\/p>\n\n\n\n<p>\u26a0\ufe0f <strong>Aten\u00e7\u00e3o!<\/strong> Somente ser\u00e3o corrigidas as provas dissertativas dos candidatos aprovados nas provas objetivas!<\/p>\n\n\n\n<p>Os melhores colocados e interessados nas carreiras de n\u00edvel superior, ainda ter\u00e3o seus t\u00edtulos e experi\u00eancias avaliados.<\/p>\n\n\n\n<p>Lembrando que o concurso tamb\u00e9m oferta vagas de Fiscal de Servi\u00e7os P\u00fablicos e as provas para o cargo foram aplicadas no dia 29 de outubro de 2023.<\/p>\n\n\n\n<h2 class=\"wp-block-heading\" id=\"vagas-cargos-e-salrios-do-concurso-sp-regula\">Vagas, cargos e sal\u00e1rios do concurso SP Regula<\/h2>\n\n\n\n<p>O concurso oferta 150 vagas de n\u00edvel m\u00e9dio e superior, sendo:<\/p>\n\n\n\n<p><strong>N\u00edvel M\u00e9dio<\/strong><\/p>\n\n\n\n<ul class=\"wp-block-list\"><li>T\u00e9cnico de Fiscaliza\u00e7\u00e3o de Servi\u00e7os P\u00fablicos: 48 vagas<\/li>\n<\/ul><p><\/p>\n\n\n\n<p><strong>N\u00edvel Superior<\/strong>\u00a0(de acordo com a \u00e1rea)<\/p>\n\n\n\n<ul class=\"wp-block-list\"><li>Analista de Regula\u00e7\u00e3o de Servi\u00e7os P\u00fablicos\n<ul class=\"wp-block-list\"><li>Administrativo: 7 vagas<\/li>\n\n\n\n<li>Tecnologia da Informa\u00e7\u00e3o: 1 vaga<\/li>\n\n\n\n<li>Direito: 12 vagas<\/li>\n\n\n\n<li>Meio Ambiente: 6 vagas<\/li>\n\n\n\n<li>Infraestrutura: 10 vagas<\/li>\n\n\n\n<li>Econ\u00f4mico-financeira: 9 vagas<\/li>\n<\/ul><\/li>\n\n\n\n<li>Fiscal de Servi\u00e7os P\u00fablicos: 57 vagas.<\/li>\n<\/ul><p><\/p>\n\n\n\n<p>Para os cargos de\u00a0<strong>n\u00edvel superior<\/strong>\u00a0\u00e9 necess\u00e1ria a forma\u00e7\u00e3o de acordo com a \u00e1rea de atua\u00e7\u00e3o.<\/p>\n\n\n\n<p>Com uma jornada de 40h semanais, as\u00a0remunera\u00e7\u00f5es\u00a0iniciais dos cargos s\u00e3o:<\/p>\n\n\n\n<ul class=\"wp-block-list\" id=\"block-191534da-0b62-4450-887f-2e526fa6d85a\"><li>Analista de Regula\u00e7\u00e3o de Servi\u00e7os P\u00fablicos: R$ 8.500,00<\/li>\n\n\n\n<li>Fiscal de Servi\u00e7os P\u00fablicos: R$ 5.600,00<\/li>\n\n\n\n<li>T\u00e9cnico de Fiscaliza\u00e7\u00e3o de Servi\u00e7os P\u00fablicos: R$ 2.800,00<\/li>\n<\/ul><p><\/p>\n\n\n\n<h2 class=\"wp-block-heading\" id=\"como-o-trabalho-dos-servidores-da-sp-regula\">Como \u00e9 o trabalho dos servidores da SP Regula?<\/h2>\n\n\n\n<p>Entre as atividades a serem exercidas pelos aprovados no concurso Prefeitura de S\u00e3o Paulo, est\u00e3o as seguintes:<\/p>\n\n\n\n<p><strong>T\u00e9cnico de Fiscaliza\u00e7\u00e3o de Servi\u00e7os P\u00fablicos<\/strong><\/p>\n\n\n\n<ul class=\"wp-block-list\"><li>Apoiar de forma t\u00e9cnica e administrativa os atos da fiscaliza\u00e7\u00e3o ao cumprimento da legisla\u00e7\u00e3o e demais normativos aplic\u00e1veis relacionados aos servi\u00e7os municipais delegados;<\/li>\n\n\n\n<li>Apoiar de forma t\u00e9cnica e administrativa os atos da fiscaliza\u00e7\u00e3o voltados ao cumprimento dos instrumentos de delega\u00e7\u00e3o dos servi\u00e7os municipais delegados;<\/li>\n\n\n\n<li>Subsidiar, colaborar e orientar tecnicamente, com informa\u00e7\u00f5es e na elabora\u00e7\u00e3o relat\u00f3rios, quanto \u00e0 presta\u00e7\u00e3o dos servi\u00e7os relativos aos instrumentos de delega\u00e7\u00e3o;<\/li>\n\n\n\n<li>Subsidiar atos preparat\u00f3rios para aplica\u00e7\u00e3o as san\u00e7\u00f5es legais, regulamentares e contratuais, observadas as normas previstas no instrumento de delega\u00e7\u00e3o do servi\u00e7o;<\/li>\n\n\n\n<li>Instruir processos administrativos relacionados a fiscaliza\u00e7\u00e3o dos servi\u00e7os delegados; entre outras.<\/li>\n<\/ul><p><\/p>\n\n\n\n<h2 class=\"wp-block-heading\" id=\"\"><\/h2>\n\n\n\n<p><strong>Analista de Regula\u00e7\u00e3o de Servi\u00e7os P\u00fablicos<\/strong><\/p>\n\n\n\n<ul class=\"wp-block-list\"><li>Desenvolver trabalhos de natureza t\u00e9cnica, sob orienta\u00e7\u00e3o relacionados \u00e0 elabora\u00e7\u00e3o e implementa\u00e7\u00e3o de planos, programas e projetos de melhorias, informatiza\u00e7\u00e3o e estudos de racionaliza\u00e7\u00e3o, aperfei\u00e7oamento e controle do desempenho de processos e atividades organizacionais;<\/li>\n\n\n\n<li>Atuar no desenvolvimento de indicadores, padr\u00f5es de desempenho e controles da \u00e1rea;<\/li>\n\n\n\n<li>pesquisar e selecionar legisla\u00e7\u00e3o e jurisprud\u00eancia sobre mat\u00e9ria de natureza administrativa, t\u00e9cnica ou jur\u00eddica para fundamentar an\u00e1lise, confer\u00eancia e instru\u00e7\u00e3o de processos na \u00e1rea de sua atua\u00e7\u00e3o;<\/li>\n\n\n\n<li>Realizar estudos e elaborar projetos espec\u00edficos e pareceres t\u00e9cnicos relativos \u00e0 \u00e1rea de atua\u00e7\u00e3o;<\/li>\n\n\n\n<li>Planejar, implantar e implementar programas e projetos espec\u00edficos de racionaliza\u00e7\u00e3o, moderniza\u00e7\u00e3o e desenvolvimento dos processos de trabalho;<br>elaborar e interpretar fluxogramas, organogramas, esquemas, tabelas, gr\u00e1ficos e outros instrumentos; entre outras.<\/li>\n<\/ul><p><\/p>\n\n\n\n<p><strong>Fiscal de Servi\u00e7os P\u00fablicos<\/strong><\/p>\n\n\n\n<ul class=\"wp-block-list\"><li>Fiscalizar o cumprimento da legisla\u00e7\u00e3o e demais normativos aplic\u00e1veis relacionados aos servi\u00e7os municipais delegados;<\/li>\n\n\n\n<li>Fiscalizar o cumprimento dos instrumentos de delega\u00e7\u00e3o dos servi\u00e7os municipais delegados;<\/li>\n\n\n\n<li>Subsidiar, colaborar e orientar tecnicamente, com informa\u00e7\u00f5es e na elabora\u00e7\u00e3o relat\u00f3rios, quanto \u00e0 presta\u00e7\u00e3o dos servi\u00e7os relativos aos instrumentos de delega\u00e7\u00e3o;<\/li>\n\n\n\n<li>Aplicar as san\u00e7\u00f5es legais, regulamentares e contratuais, observadas as normas previstas no instrumento de delega\u00e7\u00e3o do servi\u00e7o;<\/li>\n\n\n\n<li>Analisar e tomar decis\u00f5es sobre processos administrativo oriundos da fiscaliza\u00e7\u00e3o dos servi\u00e7os delegados; entre outras.<\/li>\n<\/ul><p><\/p>\n\n\n\n<h2 class=\"wp-block-heading\" id=\"o-que-precisa-para-tomar-posse\">O que precisa para tomar posse?<\/h2>\n\n\n\n<p>Para tomar posse, \u00e9 necess\u00e1rio:<\/p>\n\n\n\n<ul class=\"wp-block-list\"><li>Possuir gradua\u00e7\u00e3o em qualquer curso de n\u00edvel superior;<\/li>\n\n\n\n<li>Ser brasileiro nato ou naturalizado;<\/li>\n\n\n\n<li>Ter, at\u00e9 a data do ato de posse, idade igual ou superior a 18 anos;<\/li>\n\n\n\n<li>Para os candidatos do sexo masculino, estar em dia com o Servi\u00e7o Militar;<\/li>\n\n\n\n<li>Estar quite com a Justi\u00e7a Eleitoral;<\/li>\n\n\n\n<li>Ter aptid\u00e3o f\u00edsica e mental, e n\u00e3o apresentar defici\u00eancia que o incapacite para o exerc\u00edcio das fun\u00e7\u00f5es do cargo para o qual se inscreveu;<\/li>\n\n\n\n<li>Atender os pr\u00e9-requisitos do Decreto n.\u00ba 53.177\/12;<\/li>\n\n\n\n<li>Encontrar-se em pleno exerc\u00edcio de seus direitos civis e pol\u00edticos.<\/li>\n<\/ul><p><\/p>\n\n\n\n<p>Acesse todos os detalhes do concurso no edital,\u00a0<a href=\"https:\/\/documento.vunesp.com.br\/documento\/stream\/NDcwNTgyMA%3d%3d\" target=\"_blank\" rel=\"noreferrer noopener\">clicando aqui!<\/a> ??<\/p>","protected":false},"excerpt":{"rendered":"<p>As provas do concurso SP Regula para T\u00e9cnico e Analista foram aplicadas no \u00faltimo domingo, 19 de novembro, e os gabaritos preliminares j\u00e1 est\u00e3o dispon\u00edveis para consulta no site da banca. Confira! Aqueles que n\u00e3o concordarem com os resultados poder\u00e3o interpor recurso no site da Vunesp, entre os dias 23 e 24 de novembro de [&hellip;]<\/p>\n","protected":false},"author":54679,"featured_media":202494,"comment_status":"closed","ping_status":"closed","sticky":false,"template":"","format":"standard","meta":{"_acf_changed":false,"footnotes":"","_wp_rev_ctl_limit":""},"categories":[228],"tags":[],"class_list":["post-212610","post","type-post","status-publish","format-standard","has-post-thumbnail","hentry","category-noticias"],"acf":[],"_links":{"self":[{"href":"https:\/\/www.novaconcursos.com.br\/portal\/wp-json\/wp\/v2\/posts\/212610","targetHints":{"allow":["GET"]}}],"collection":[{"href":"https:\/\/www.novaconcursos.com.br\/portal\/wp-json\/wp\/v2\/posts"}],"about":[{"href":"https:\/\/www.novaconcursos.com.br\/portal\/wp-json\/wp\/v2\/types\/post"}],"author":[{"embeddable":true,"href":"https:\/\/www.novaconcursos.com.br\/portal\/wp-json\/wp\/v2\/users\/54679"}],"replies":[{"embeddable":true,"href":"https:\/\/www.novaconcursos.com.br\/portal\/wp-json\/wp\/v2\/comments?post=212610"}],"version-history":[{"count":8,"href":"https:\/\/www.novaconcursos.com.br\/portal\/wp-json\/wp\/v2\/posts\/212610\/revisions"}],"predecessor-version":[{"id":212626,"href":"https:\/\/www.novaconcursos.com.br\/portal\/wp-json\/wp\/v2\/posts\/212610\/revisions\/212626"}],"wp:featuredmedia":[{"embeddable":true,"href":"https:\/\/www.novaconcursos.com.br\/portal\/wp-json\/wp\/v2\/media\/202494"}],"wp:attachment":[{"href":"https:\/\/www.novaconcursos.com.br\/portal\/wp-json\/wp\/v2\/media?parent=212610"}],"wp:term":[{"taxonomy":"category","embeddable":true,"href":"https:\/\/www.novaconcursos.com.br\/portal\/wp-json\/wp\/v2\/categories?post=212610"},{"taxonomy":"post_tag","embeddable":true,"href":"https:\/\/www.novaconcursos.com.br\/portal\/wp-json\/wp\/v2\/tags?post=212610"}],"curies":[{"name":"wp","href":"https:\/\/api.w.org\/{rel}","templated":true}]}}