{"id":212721,"date":"2023-11-23T10:34:23","date_gmt":"2023-11-23T13:34:23","guid":{"rendered":"https:\/\/www.novaconcursos.com.br\/portal\/?p=212721"},"modified":"2026-01-08T11:53:41","modified_gmt":"2026-01-08T14:53:41","slug":"concurso-policia-cientifica-pr-quanto-ganha-um-perito-oficial-criminal","status":"publish","type":"post","link":"https:\/\/www.novaconcursos.com.br\/portal\/artigos\/concurso-policia-cientifica-pr-quanto-ganha-um-perito-oficial-criminal\/","title":{"rendered":"Concurso Pol\u00edcia Cient\u00edfica PR: Quanto ganha um Perito Oficial Criminal?"},"content":{"rendered":"<p>Agora \u00e9 oficial. O <a href=\"https:\/\/www.novaconcursos.com.br\/portal\/concursos\/concurso-policia-cientifica-do-parana\/\">concurso Pol\u00edcia Cient\u00edfica PR<\/a> j\u00e1 conta com <strong>banca organizadora contratada,<\/strong> o que torna o edital para Perito Oficial Criminal iminente.<\/p>\n\n\n\n<p>O contrato com a banca foi assinado na \u00faltima sexta-feira, 17 de novembro. A escolhida \u00e9 o <a href=\"https:\/\/concursos.ibfc.org.br\/informacoes\/303\/\" target=\"_blank\" rel=\"noreferrer noopener\">IBFC<\/a> (Instituto Brasileiro de Forma\u00e7\u00e3o e Capacita\u00e7\u00e3o). Veja o documento oficial:<\/p>\n\n\n\n<p><\/p>\n\n\n<div class=\"wp-block-image\">\n<figure class=\"aligncenter size-full is-resized\"><a href=\"https:\/\/www.novaconcursos.com.br\/portal\/wp-content\/uploads\/2023\/11\/contrato-banca-policia-cientifica-pr.png\"><img decoding=\"async\" width=\"651\" height=\"296\" src=\"https:\/\/www.novaconcursos.com.br\/portal\/wp-content\/uploads\/2023\/11\/contrato-banca-policia-cientifica-pr.png\" alt=\"\" class=\"wp-image-212722\" style=\"width:453px;height:206px\" loading=\"lazy\" title=\"\" srcset=\"https:\/\/www.novaconcursos.com.br\/portal\/wp-content\/uploads\/2023\/11\/contrato-banca-policia-cientifica-pr-300x136.png 300w, https:\/\/www.novaconcursos.com.br\/portal\/wp-content\/uploads\/2023\/11\/contrato-banca-policia-cientifica-pr-480x218.png 480w, https:\/\/www.novaconcursos.com.br\/portal\/wp-content\/uploads\/2023\/11\/contrato-banca-policia-cientifica-pr.png 651w\" sizes=\"auto, (max-width: 480px) 100vw, (max-width: 768px) 100vw, (max-width: 1200px) 70vw, 768px\"><\/a><\/figure><\/div>\n\n\n<p><\/p>\n\n\n\n<p>Pra quem n\u00e3o sabe, a banca \u00e9 respons\u00e1vel pelo lan\u00e7amento do edital, aplica\u00e7\u00e3o das provas e recebimento das inscri\u00e7\u00f5es.<\/p>\n\n\n\n<p>A previs\u00e3o do Conselho da Pol\u00edcia Cient\u00edfica \u00e9 que o edital seja publicado em <strong>dezembro de 2023<\/strong> e as provas sejam aplicadas no primeiro trimestre de 2024.<\/p>\n\n\n\n<p>O \u00f3rg\u00e3o tem autoriza\u00e7\u00e3o para o provimento de <strong>30 vagas de Perito Oficial Criminal.<\/strong> Saiba os detalhes da carreira! <\/p>\n\n\n\n<ul class=\"wp-block-list\"><li><strong>Confira:<\/strong> <a href=\"https:\/\/www.novaconcursos.com.br\/livro\/600-questoes-comentadas-medicina-legal?q=MEDICINA\">Livro 600 Quest\u00f5es Comentadas de Medicina Legal<\/a><\/li>\n\n\n\n<li><strong>Confira: <\/strong><a href=\"https:\/\/www.novaconcursos.com.br\/livro\/600-questoes-comentadas-direito-penal?q=DIREITO%20PENAL\">Livro 600 Quest\u00f5es Comentadas de Direito Penal<\/a><\/li>\n<\/ul><p><\/p>\n\n\n\n<p>Estude para o concurso dos seus sonhos com o\u00a0<strong>M\u00e9todo<\/strong>\u00a0que j\u00e1 ajudou na\u00a0<strong>aprova\u00e7\u00e3o de mais de 70 mil alunos!<\/strong>\u00a0<a href=\"https:\/\/aprovacao.novaconcursos.com.br\/assinatura?promo_creative=Clique+aqui&amp;promo_name=noticia&amp;promo_id=%2Fportal%2Fnoticias%2Fconcurso-policia-cientifica-inscricoes-ate-30-de-marco&amp;promo_position=corpo-texto\" target=\"_blank\" rel=\"noreferrer noopener\">Clique aqui<\/a>\u00a0e saiba mais!<\/p>\n\n\n\n<h2 class=\"wp-block-heading\" id=\"quanto-ganha-um-perito-oficial-criminal\">Quanto ganha um Perito Oficial Criminal?<\/h2>\n\n\n\n<p>A carreira de Perito Oficial da Pol\u00edcia Cient\u00edfica do Paran\u00e1 engloba<strong> cinco \u00e1reas de atua\u00e7\u00e3o<\/strong>, s\u00e3o elas:<\/p>\n\n\n\n<p><\/p>\n\n\n\n<ul class=\"wp-block-list\"><li><strong>20h<\/strong> (carga hor\u00e1ria)\n<ul class=\"wp-block-list\"><li>M\u00e9dico Legista.<\/li>\n<\/ul><\/li>\n<\/ul><p><\/p>\n\n\n\n<ul class=\"wp-block-list\"><li><strong>40h<\/strong> (carga hor\u00e1ria)\n<ul class=\"wp-block-list\"><li>Odontolegista;<\/li>\n\n\n\n<li>Perito Criminal;<\/li>\n\n\n\n<li>Qu\u00edmico Legal; e<\/li>\n\n\n\n<li>Toxicologista.<\/li>\n<\/ul><\/li>\n<\/ul><p><\/p>\n\n\n\n<p>A carreira possu\u00ed quatro classes de escalonamento hier\u00e1rquico de desenvolvimento profissional e onze n\u00edveis de escalonamento remunerat\u00f3rio.<\/p>\n\n\n\n<p>No caso do M\u00e9dico Legista, que cumpre jornada de trabalho de 20h semanais, os sal\u00e1rios iniciais s\u00e3o de <strong>R$ 14.761,55,<\/strong> podendo chegar no valor de R$ 25.560,58 no final da carreira.<\/p>\n\n\n\n<p>J\u00e1 as demais \u00e1reas de atua\u00e7\u00e3o, que cumprem jornadas de trabalho de 40h semanais, recebem sal\u00e1rios iniciais de <strong>R$ 21.087,93,<\/strong> podendo chegar no valor de R$ 32.769,97 no final da carreira.<\/p>\n\n\n\n<p>Os valores est\u00e3o atualizados de acordo com a Lei Complementar 258, de 14 de julho de 2023, conforme segue a tabela de valores do subs\u00eddio:<\/p>\n\n\n\n<figure class=\"wp-block-image size-full\"><a href=\"https:\/\/www.novaconcursos.com.br\/portal\/wp-content\/uploads\/2023\/11\/salario-perito-oficial-criminal-1.png\"><img decoding=\"async\" width=\"902\" height=\"721\" src=\"https:\/\/www.novaconcursos.com.br\/portal\/wp-content\/uploads\/2023\/11\/salario-perito-oficial-criminal-1.png\" alt=\"\" class=\"wp-image-212724\" loading=\"lazy\" title=\"\" srcset=\"https:\/\/www.novaconcursos.com.br\/portal\/wp-content\/uploads\/2023\/11\/salario-perito-oficial-criminal-1-300x240.png 300w, https:\/\/www.novaconcursos.com.br\/portal\/wp-content\/uploads\/2023\/11\/salario-perito-oficial-criminal-1-480x384.png 480w, https:\/\/www.novaconcursos.com.br\/portal\/wp-content\/uploads\/2023\/11\/salario-perito-oficial-criminal-1-768x614.png 768w, https:\/\/www.novaconcursos.com.br\/portal\/wp-content\/uploads\/2023\/11\/salario-perito-oficial-criminal-1.png 902w\" sizes=\"auto, (max-width: 480px) 100vw, (max-width: 768px) 100vw, (max-width: 1200px) 70vw, 768px\"><\/a><figcaption><\/figcaption><\/figure><p><\/p>\n\n\n\n<p>Al\u00e9m do sal\u00e1rio, os servidores recebem aux\u00edlio-alimenta\u00e7\u00e3o de R$ 634,74, ou seja, a <strong>remunera\u00e7\u00e3o inicial<\/strong> \u00e9 de:<\/p>\n\n\n\n<ul class=\"wp-block-list\"><li>Perito Oficial Criminal ?\n<ul class=\"wp-block-list\"><li><strong>20h: <\/strong>R$ 15.396,29 <\/li>\n\n\n\n<li><strong>40h:<\/strong> R$ 21.722,67 <\/li>\n<\/ul><\/li>\n<\/ul><p><\/p>\n\n\n\n<h3 class=\"wp-block-heading\">Benef\u00edcios<\/h3>\n\n\n\n<p>A Lei Complementar tamb\u00e9m estabelece diversos benef\u00edcios aos servidores, como:<\/p>\n\n\n\n<ul class=\"wp-block-list\"><li>retribui\u00e7\u00e3o pelo exerc\u00edcio de fun\u00e7\u00f5es de dire\u00e7\u00e3o, chefia e assessoramento em \u00f3rg\u00e3os da administra\u00e7\u00e3o p\u00fablica, na modalidade de cargo em comiss\u00e3o, fun\u00e7\u00e3o gratificada ou assemelhadas;<\/li>\n\n\n\n<li>verba transit\u00f3ria pelo exerc\u00edcio de ensino em institui\u00e7\u00f5es p\u00fablicas, na forma da legisla\u00e7\u00e3o em vigor;<\/li>\n\n\n\n<li>ajuda de custo por remo\u00e7\u00e3o;<\/li>\n\n\n\n<li>abono de perman\u00eancia, na forma da legisla\u00e7\u00e3o vigente;<\/li>\n\n\n\n<li>di\u00e1ria especial por atividade extrajornada volunt\u00e1ria, nos termos da Lei n\u00ba\u00a019.130, de 25 de setembro de 2017;<\/li>\n\n\n\n<li>gratifica\u00e7\u00e3o pelo exerc\u00edcio de encargos de membro de banca examinadora de concurso \u2013 GEEBE;<\/li>\n\n\n\n<li>parcela complementar, na forma desta Lei Complementar;<\/li>\n\n\n\n<li>gratifica\u00e7\u00e3o pela participa\u00e7\u00e3o como membro de \u00f3rg\u00e3o de delibera\u00e7\u00e3o coletiva;<\/li>\n\n\n\n<li>bolsas e aux\u00edlios \u00e0 pesquisa e ao desenvolvimento cient\u00edfico, tecnol\u00f3gico e inova\u00e7\u00e3o na forma da legisla\u00e7\u00e3o em vigor.<\/li>\n<\/ul><p><\/p>\n\n\n\n<p><em>\u201cA Pol\u00edcia Cient\u00edfica \u00e9 uma institui\u00e7\u00e3o que, com a reestrutura\u00e7\u00e3o feita pelo Governo do Estado em 2023, se tornou uma das mais bem remuneradas do Pa\u00eds, com um quadro claro das possibilidades da carreira. Ela \u00e9 essencial para conclus\u00e3o de crimes e para a garantia da justi\u00e7a\u201d, <\/em>afirmou o secret\u00e1rio de Seguran\u00e7a P\u00fablica, Hudson Le\u00f4ncio Teixeira.<\/p>\n\n\n\n<h2 class=\"wp-block-heading\" id=\"quais-as-atribuies-do-perito-oficial-criminal\">Quais as atribui\u00e7\u00f5es do Perito Oficial Criminal?<\/h2>\n\n\n\n<p>Entre as atribui\u00e7\u00f5es a serem exercidas pelas especialidades que englobam a carreira de Perito Oficial Criminal, est\u00e3o:<\/p>\n\n\n\n<p><strong>M\u00e9dico Legista<\/strong><\/p>\n\n\n\n<ul class=\"wp-block-list\"><li>Realizar nos locais de crime e\/ou laborat\u00f3rios exames periciais de: medicina-legal em pessoas vivas, mortas e suas partes, necess\u00e1rios \u00e0s instru\u00e7\u00f5es pr\u00e9-processuais e judici\u00e1rias; <\/li>\n\n\n\n<li>Necropsias para a determina\u00e7\u00e3o da causa-mortis;<\/li>\n\n\n\n<li>Localiza\u00e7\u00e3o e caracteriza\u00e7\u00e3o das les\u00f5es externas e internas, com vistas \u00e0 identifica\u00e7\u00e3o de quaisquer instrumentos causadores; <\/li>\n\n\n\n<li>Executar exames de cl\u00ednica m\u00e9dico-legal, para constata\u00e7\u00e3o, localiza\u00e7\u00e3o, caracteriza\u00e7\u00e3o, extens\u00e3o e intensidade de les\u00f5es corporais, com vistas \u00e0 caracteriza\u00e7\u00e3o do grau de incapacidade f\u00edsica resultante; <\/li>\n\n\n\n<li>Realizar exames complementares de les\u00f5es corporais e sanidade f\u00edsica; <\/li>\n\n\n\n<li>Conduzir tecnicamente exuma\u00e7\u00f5es e executar exames nos cad\u00e1veres exumados; <\/li>\n\n\n\n<li>Proceder a exames periciais, conforme escala de servi\u00e7os ou em casos especiais, no cumprimento de determina\u00e7\u00e3o superior; <\/li>\n\n\n\n<li>Proceder a per\u00edcias de identifica\u00e7\u00e3o m\u00e9dico-legal, infortun\u00edstica, traumatologia, sexologia, ginecologia e obstetr\u00edcia, al\u00e9m das demais ligadas \u00e0 \u00e1rea forense, em pessoas vivas; <\/li>\n\n\n\n<li>Realizar exames cl\u00ednicos do ponto de vista m\u00e9dico-legal em casos de interesse administrativo ou judicial e de junta m\u00e9dica; entre outras.<\/li>\n<\/ul><p><strong>Perito Criminal<\/strong><\/p>\n\n\n\n<ul class=\"wp-block-list\"><li>Efetuar levantamento de local com tomadas fotogr\u00e1ficas e medidas, descri\u00e7\u00f5es, localiza\u00e7\u00e3o no espa\u00e7o, constata\u00e7\u00e3o de fen\u00f4menos cadav\u00e9ricos, presen\u00e7a ou n\u00e3o de les\u00f5es aparentes provocadas por armas e instrumentos diversos, buscar vest\u00edgios, ind\u00edcios e evid\u00eancias porventura existentes no local que tenham rela\u00e7\u00e3o com o fato delituoso; Realizar exames em instrumentos utilizados ou, presumivelmente utilizados, na pr\u00e1tica de infra\u00e7\u00f5es penais; <\/li>\n\n\n\n<li>Realizar exames de per\u00edcia t\u00e9cnico-cient\u00edficas em locais de inc\u00eandio, explos\u00e3o, crime ambiental, acidentes de trabalho, danos ao patrim\u00f4nio, desabamentos, deslizamentos, desmoronamentos, soterramentos, locais de fugas de presos, altera\u00e7\u00e3o de limites, visando \u00e0 an\u00e1lise, constata\u00e7\u00e3o e descri\u00e7\u00e3o da ocorr\u00eancia, bem como determinar o fato gerador do evento; <\/li>\n\n\n\n<li>Efetuar exames em m\u00e1quinas e equipamentos, em locais de furto ou viola\u00e7\u00e3o de fornecimento de \u00e1gua, energia el\u00e9trica, comunica\u00e7\u00e3o telegr\u00e1fica, radioel\u00e9trica e telef\u00f4nica ou sinal de TV a cabo para constatar o artif\u00edcio ou a altera\u00e7\u00e3o em equipamentos ou na rede concession\u00e1ria utilizando dispositivo ou meio il\u00edcito; <\/li>\n\n\n\n<li>Realizar exames em locais de acidentes de tr\u00e2nsito como colis\u00f5es, atropelamentos, capotamentos, tombamentos, abalroamentos, quedas e choques contra obst\u00e1culos fixos, que resultarem em \u00f3bitos no local, assim como exames de danos em ve\u00edculos, pe\u00e7as e componentes automotivos relacionados ao evento; entre outras.<\/li>\n<\/ul><p><strong>Odontolegista<\/strong><\/p>\n\n\n\n<ul class=\"wp-block-list\"><li>Realizar exames periciais no \u00e2mbito da odontologia em locais de crime e\/ou laborat\u00f3rios, tais como: mordeduras;<\/li>\n\n\n\n<li>Identifica\u00e7\u00e3o de cad\u00e1veres de morte recente, putrefeitos, carbonizados e de ossadas; <\/li>\n\n\n\n<li>Avaliar danos da maxila, mand\u00edbula, dentes e tecidos moles da boca; <\/li>\n\n\n\n<li>Requisitar exames complementares, como exames radiol\u00f3gicos, anatomopatol\u00f3gicos, microsc\u00f3picos, de alcoolemia, toxicol\u00f3gicos e bioqu\u00edmicos em parceria com m\u00e9dico-legista; <\/li>\n\n\n\n<li>Efetuar estudos, an\u00e1lises e pesquisas de interesse odonto-legal sob a aprova\u00e7\u00e3o de protocolo pr\u00f3prio da autoridade superior hier\u00e1rquica da Institui\u00e7\u00e3o, al\u00e9m de outras atividades periciais relacionadas \u00e0s classes profissionais a que pertencem, entre outras.<\/li>\n<\/ul><p><strong>Qu\u00edmico Legal<\/strong><\/p>\n\n\n\n<ul class=\"wp-block-list\"><li>Realizar per\u00edcias, nos locais de crime e\/ou laborat\u00f3rios de: per\u00edcias em vest\u00edgios biol\u00f3gicos para fins de investiga\u00e7\u00e3o criminal e identifica\u00e7\u00e3o; <\/li>\n\n\n\n<li>Examinar crostas e manchas para verifica\u00e7\u00e3o da presen\u00e7a de sangue, bem como para determina\u00e7\u00e3o de sua origem \u2013 se humano ou animal; <\/li>\n\n\n\n<li>Verificar a presen\u00e7a de s\u00eamen em materiais coletados diretamente das v\u00edtimas, em vestes, preservativos, objetos e outros; preservar pelos, cabelos e unhas para futuros exames de confronto gen\u00e9tico; <\/li>\n\n\n\n<li>Pesquisar pelos e determinar se possuem caracter\u00edsticas de pelo humanos; <\/li>\n\n\n\n<li>Realizar manchas de sangue em pap\u00e9is espec\u00edficos para este fim, com o intuito de preservar material para futuro confronto gen\u00e9tico; <\/li>\n\n\n\n<li>Realizar exames laboratoriais de pesquisa de vest\u00edgios biol\u00f3gicos em materiais humanos e n\u00e3o humanos entre outras atividades periciais relacionadas \u00e0s classes profissionais a que pertencem;<\/li>\n\n\n\n<li>Preservar materiais periciados para exames de confronto gen\u00e9tico; realizar exames de confronto gen\u00e9tico, analisar perfil gen\u00e9tico; entre outras.<\/li>\n<\/ul><p><strong>Toxicologista<\/strong><\/p>\n\n\n\n<ul class=\"wp-block-list\"><li>Realizar per\u00edcias em locais de crime e\/ou em laborat\u00f3rios de an\u00e1lise instrumental, procedendo \u00e0 pesquisa e identifica\u00e7\u00e3o de t\u00f3xicos gasosos, vol\u00e1teis, met\u00e1licos, org\u00e2nicos fixos e sol\u00faveis, pesticidas, c\u00e1usticos, medicamentos e drogas de abuso em geral, al\u00e9m de outros de interesse toxicol\u00f3gico em material org\u00e2nico de proced\u00eancia humana e vegetal, bem como em material de proced\u00eancia n\u00e3o biol\u00f3gica, como p\u00f3s, dr\u00e1geas, comprimidos e outros, al\u00e9m de outras atividades periciais relacionadas \u00e0s classes profissionais a que pertencem;<\/li>\n\n\n\n<li>Validar e otimizar m\u00e9todos anal\u00edticos;<\/li>\n\n\n\n<li>Adotar medidas de precau\u00e7\u00e3o universal de biosseguran\u00e7a nos locais de trabalho e utilizar equipamentos de prote\u00e7\u00e3o individual; entre outras.<\/li>\n<\/ul><h2 class=\"wp-block-heading\" id=\"o-que-precisa-para-ser-um-perito-oficial-criminal\">O que precisa para ser um Perito Oficial Criminal?<\/h2>\n\n\n\n<p>Para tomar posse no cargo, \u00e9 necess\u00e1rio:<\/p>\n\n\n\n<ul class=\"wp-block-list\"><li>Ter no m\u00ednimo 21 anos;<\/li>\n\n\n\n<li>Ter nacionalidade brasileira ou portuguesa e, em caso de nacionalidade portuguesa, estar amparado pelo estatuto de igualdade entre brasileiros e portugueses;<\/li>\n\n\n\n<li>Estar em dia com as obriga\u00e7\u00f5es eleitorais;<\/li>\n\n\n\n<li>Possuir Certificado de Reservista ou de dispensa de incorpora\u00e7\u00e3o, se do sexo masculino;<\/li>\n\n\n\n<li>Comprovar o n\u00edvel de escolaridade exigido para o exerc\u00edcio do cargo\/fun\u00e7\u00e3o, na data da posse;<\/li>\n\n\n\n<li>Apresentar boa sa\u00fade, a ser comprovada por per\u00edcia m\u00e9dica;<\/li>\n\n\n\n<li>Ter boa conduta;<\/li>\n\n\n\n<li>N\u00e3o possuir ac\u00famulo de cargos na forma prevista na legisla\u00e7\u00e3o.<\/li>\n<\/ul><p>Al\u00e9m dos requisitos b\u00e1sicos, a carreira exige <strong>n\u00edvel superior <\/strong>na \u00e1rea de atua\u00e7\u00e3o, Carteira Nacional de Habilita\u00e7\u00e3o (CNH) na categoria B e registro no respectivo \u00f3rg\u00e3o da classe, no caso de M\u00e9dico Legista e Odontolegista.\u00a0<\/p>\n\n\n\n<h2 class=\"wp-block-heading\" id=\"quais-as-caractersticas-da-banca-ibfc\">Quais as caracter\u00edsticas da banca IBFC?<\/h2>\n\n\n\n<p>A banca conta com uma dificuldade considerada<strong> m\u00e9dia\/alta,<\/strong> com quest\u00f5es que s\u00e3o formuladas por professores e doutores das mais diversas \u00e1reas.<\/p>\n\n\n\n<p>Al\u00e9m disso, \u00e9 conhecida por elaborar <strong>quest\u00f5es objetivas e diretas<\/strong>, de forma que geralmente n\u00e3o s\u00e3o encontradas pegadinhas ou quest\u00f5es pol\u00eamicas em seus enunciados.<\/p>\n\n\n\n<p>A mat\u00e9ria mais cobrada pela banca \u00e9 a de <strong>L\u00edngua Portuguesa<\/strong>, ou seja, \u00e9 preciso estudar todos os pontos referentes a essa disciplina, visto que o IBFC \u00e9 conhecido por cobrar <strong>tudo aquilo que prop\u00f5e<\/strong>. As quest\u00f5es costumam ter <strong>4 alternativas, <\/strong>sendo apenas uma resposta considerada correta.<\/p>\n\n\n\n<h2 class=\"wp-block-heading\" id=\"ibfc-tambm-foi-a-banca-do-ltimo-concurso\">IBFC tamb\u00e9m foi a banca do \u00faltimo concurso<\/h2>\n\n\n\n<p>O IBFC tamb\u00e9m foi a banca do \u00faltimo concurso Pol\u00edcia Cient\u00edfica PR, realizado em 2017. Portanto, \u00e9 poss\u00edvel utiliza-lo como<strong> par\u00e2metro para estudos,<\/strong> visto que a estrutura das provas costuma ser a mesma.<\/p>\n\n\n\n<p>Na ocasi\u00e3o, os candidatos foram avaliados por meio de provas objetivas e discursivas, de car\u00e1ter eliminat\u00f3rio e classificat\u00f3rio.<\/p>\n\n\n\n<p>A prova objetiva cobrou<strong> 90 quest\u00f5es de m\u00faltipla escolha, <\/strong>sobre as disciplinas de:<\/p>\n\n\n\n<ul class=\"wp-block-list\"><li>Conhecimentos Gerais (35)\n<ul class=\"wp-block-list\"><li>L\u00edngua Portuguesa;<\/li>\n\n\n\n<li>No\u00e7\u00f5es b\u00e1sicas de Direito Penal e Processual Penal;<\/li>\n\n\n\n<li>No\u00e7\u00f5es b\u00e1sicas de Direito Administrativo;<\/li>\n\n\n\n<li>Legisla\u00e7\u00e3o; e<\/li>\n\n\n\n<li>No\u00e7\u00f5es de Medicina Legal.<\/li>\n<\/ul><\/li>\n\n\n\n<li>Conhecimentos Espec\u00edficos (55)<\/li>\n<\/ul><p><\/p>\n\n\n\n<ul class=\"wp-block-list\"><li><strong>Adquira: <\/strong><a href=\"https:\/\/www.novaconcursos.com.br\/livro\/600-questoes-comentadas-lingua-portuguesa-isabella-ramiro?q=PORTU\">Livro 600 Quest\u00f5es Comentadas L\u00edngua Portuguesa<\/a><\/li>\n<\/ul><p><\/p>\n\n\n\n<p>J\u00e1 a prova discursiva consistiu na <strong>produ\u00e7\u00e3o de uma reda\u00e7\u00e3o<\/strong> sobre um tema contempor\u00e2neo, entre 25 e 40 linhas.<\/p>\n\n\n\n<p>Foram crit\u00e9rios de avalia\u00e7\u00e3o:<\/p>\n\n\n\n<ul class=\"wp-block-list\"><li>Corre\u00e7\u00e3o Formal (pontua\u00e7\u00e3o m\u00e1xima de 6,00)\n<ul class=\"wp-block-list\"><li>Ortografia;<\/li>\n\n\n\n<li>Acentua\u00e7\u00e3o;<\/li>\n\n\n\n<li>Propriedade Vocabular;<\/li>\n\n\n\n<li>Morfossintaxe;<\/li>\n\n\n\n<li>Pontua\u00e7\u00e3o;<\/li>\n\n\n\n<li>Elementos de Coes\u00e3o.<\/li>\n<\/ul><\/li>\n<\/ul><p><\/p>\n\n\n\n<ul class=\"wp-block-list\"><li>Corre\u00e7\u00e3o de Conte\u00fado (pontua\u00e7\u00e3o m\u00e1xima de 4,00)\n<ul class=\"wp-block-list\"><li>Desenvolvimento do Tema;<\/li>\n\n\n\n<li>Tipologia Textual;<\/li>\n\n\n\n<li>Coer\u00eancia Textual<\/li>\n\n\n\n<li>Sele\u00e7\u00e3o de Argumentos;<\/li>\n\n\n\n<li>Constru\u00e7\u00e3o da Argumenta\u00e7\u00e3o.<\/li>\n<\/ul><\/li>\n<\/ul><p>Estamos antenados em torno das movimenta\u00e7\u00f5es do concurso Pol\u00edcia Cient\u00edfica PR e todas as novidades ser\u00e3o publicados no nosso blog e nas <a href=\"https:\/\/www.instagram.com\/novaconcursos\/\" target=\"_blank\" rel=\"noreferrer noopener\">redes sociais.<\/a><\/p>\n\n\n\n<p>Se voc\u00ea gostou desse artigo e quer continuar acompanhando conte\u00fados como esse, nos siga para n\u00e3o perder nenhuma novidade! ?<\/p>\n\n\n\n<p>Vamos juntos at\u00e9 a sua aprova\u00e7\u00e3o! ??<\/p>","protected":false},"excerpt":{"rendered":"<p>Agora \u00e9 oficial. O concurso Pol\u00edcia Cient\u00edfica PR j\u00e1 conta com banca organizadora contratada, o que torna o edital para Perito Oficial Criminal iminente. O contrato com a banca foi assinado na \u00faltima sexta-feira, 17 de novembro. A escolhida \u00e9 o IBFC (Instituto Brasileiro de Forma\u00e7\u00e3o e Capacita\u00e7\u00e3o). Veja o documento oficial: Pra quem n\u00e3o [&hellip;]<\/p>\n","protected":false},"author":54679,"featured_media":156194,"comment_status":"closed","ping_status":"closed","sticky":false,"template":"","format":"standard","meta":{"_acf_changed":false,"footnotes":"","_wp_rev_ctl_limit":""},"categories":[33508],"tags":[],"class_list":["post-212721","post","type-post","status-publish","format-standard","has-post-thumbnail","hentry","category-artigos"],"acf":[],"_links":{"self":[{"href":"https:\/\/www.novaconcursos.com.br\/portal\/wp-json\/wp\/v2\/posts\/212721","targetHints":{"allow":["GET"]}}],"collection":[{"href":"https:\/\/www.novaconcursos.com.br\/portal\/wp-json\/wp\/v2\/posts"}],"about":[{"href":"https:\/\/www.novaconcursos.com.br\/portal\/wp-json\/wp\/v2\/types\/post"}],"author":[{"embeddable":true,"href":"https:\/\/www.novaconcursos.com.br\/portal\/wp-json\/wp\/v2\/users\/54679"}],"replies":[{"embeddable":true,"href":"https:\/\/www.novaconcursos.com.br\/portal\/wp-json\/wp\/v2\/comments?post=212721"}],"version-history":[{"count":18,"href":"https:\/\/www.novaconcursos.com.br\/portal\/wp-json\/wp\/v2\/posts\/212721\/revisions"}],"predecessor-version":[{"id":302286,"href":"https:\/\/www.novaconcursos.com.br\/portal\/wp-json\/wp\/v2\/posts\/212721\/revisions\/302286"}],"wp:featuredmedia":[{"embeddable":true,"href":"https:\/\/www.novaconcursos.com.br\/portal\/wp-json\/wp\/v2\/media\/156194"}],"wp:attachment":[{"href":"https:\/\/www.novaconcursos.com.br\/portal\/wp-json\/wp\/v2\/media?parent=212721"}],"wp:term":[{"taxonomy":"category","embeddable":true,"href":"https:\/\/www.novaconcursos.com.br\/portal\/wp-json\/wp\/v2\/categories?post=212721"},{"taxonomy":"post_tag","embeddable":true,"href":"https:\/\/www.novaconcursos.com.br\/portal\/wp-json\/wp\/v2\/tags?post=212721"}],"curies":[{"name":"wp","href":"https:\/\/api.w.org\/{rel}","templated":true}]}}