{"id":212817,"date":"2023-11-23T15:30:00","date_gmt":"2023-11-23T18:30:00","guid":{"rendered":"https:\/\/www.novaconcursos.com.br\/portal\/?p=212817"},"modified":"2023-11-23T17:05:38","modified_gmt":"2023-11-23T20:05:38","slug":"concurso-correios-pode-ser-autorizado-nos-proximos-dias-com-7-700-vagas","status":"publish","type":"post","link":"https:\/\/www.novaconcursos.com.br\/portal\/noticias\/concurso-correios-pode-ser-autorizado-nos-proximos-dias-com-7-700-vagas\/","title":{"rendered":"Concurso Correios pode ser autorizado nos pr\u00f3ximos dias com 7.700 vagas!"},"content":{"rendered":"<p>Aten\u00e7\u00e3o, concurseiros. Como andam a prepara\u00e7\u00e3o, os estudos para o certame dos <a href=\"https:\/\/www.novaconcursos.com.br\/portal\/concursos\/concurso-correios\/\">Correios<\/a>? Novas movimenta\u00e7\u00f5es indicam que a <strong>autoriza\u00e7\u00e3o<\/strong> pode estar pr\u00f3xima. <\/p>\n\n\n\n<p> Ap\u00f3s anunciar greve nos\u00a0estados do Maranh\u00e3o, S\u00e3o Paulo e Rio de Janeiro, a partir desta quinta-feira, 23, \u00e0s v\u00e9speras da Black Friday, os sindicatos filiados a Findect (Federa\u00e7\u00e3o Interestudal dos Trabalhadores e Trabalhadoras dos Correios), <strong>desistiram da paralisa\u00e7\u00e3o. <\/strong><\/p>\n\n\n\n<p>Isso porque, de acordo com o secret\u00e1rio de Comunica\u00e7\u00e3o da Findect, Douglas Melo, um consenso foi estabelecido entre as partes. <\/p>\n\n\n\n<p>Sendo assim, foi acertado pela empresa, o cumprimento imediato de <a href=\"https:\/\/findect.org.br\/wp-content\/uploads\/2023\/11\/Quadro-comparativo-ACT-2023-2024-com-as-insconsistencias-corrigidas-conforme-OF-FINDECT-313-2023.pdf\" target=\"_blank\" rel=\"noreferrer noopener\">12 dos 26 pontos<\/a> do acordo coletivo (ACT 2023\/2024), requerido pelos sindicalistas. <\/p>\n\n\n\n<p>Dentre esses pontos, est\u00e1 o comprometimento em<strong> agendar uma reuni\u00e3o com o MGI<\/strong> (Minst\u00e9rio da Gest\u00e3o e Inova\u00e7\u00e3o em Servi\u00e7os P\u00fablicos), com objetivo de alinhar a realiza\u00e7\u00e3o do concurso. <\/p>\n\n\n\n<p>Vale destacar, que ap\u00f3s dois anos no Programa Nacional de Desestatiza\u00e7\u00e3o (PND), o Correios foi retirado da lista de privatiza\u00e7\u00f5es em abril de 2023.<\/p>\n\n\n\n<p><\/p>\n\n\n\n<ul class=\"wp-block-list\"><li><a href=\"https:\/\/www.novaconcursos.com.br\/apostila\/correios-prep-agente-correios?q=correios\">Apostila \u2013 Agente dos Correios<\/a><\/li>\n\n\n\n<li><a href=\"https:\/\/www.novaconcursos.com.br\/livro\/1000-questoes-gab-correios-agente-correios?q=correios\">Livro 1.000 Quest\u00f5es Gabaritadas \u2013 Agente dos Correios <\/a><\/li>\n<\/ul><p><\/p>\n\n\n\n<h2 class=\"wp-block-heading\" id=\"reunio-com-o-mgi-favorece-autorizao-do-edital-\">Reuni\u00e3o com o MGI favorece autoriza\u00e7\u00e3o do edital <\/h2>\n\n\n\n<p>O primeiro passo para que um edital seja <strong>publicado<\/strong> \u00e9 a autoriza\u00e7\u00e3o por parte do \u00f3rg\u00e3o respons\u00e1vel, nesse caso, atualmente \u00e9 o MGI. <\/p>\n\n\n\n<p>Sendo assim, uma <a href=\"https:\/\/www.novaconcursos.com.br\/portal\/noticias\/correios-acordo-com-mgi-possibilita-novo-concurso\/\">reuni\u00e3o<\/a> entre o MGI, Sest (Secretaria de Coordena\u00e7\u00e3o e Governan\u00e7a de Empresas Estatais) e o presidente dos Correios, com a participa\u00e7\u00e3o das federa\u00e7\u00f5es que representam os trabalhadores, foi um dos marcos principais para que uma paralisa\u00e7\u00e3o n\u00e3o efetivasse. <\/p>\n\n\n\n<p><em>O presidente dos Correios j\u00e1 est\u00e1 agendando uma reuni\u00e3o com a ministra (do MGI, Esther Dweck) e com representantes da Sest para negociar a autorizar o concurso. H\u00e1 cerca de 7.700 vagas dispon\u00edveis, que j\u00e1 existem e podem ser preeenchidas. Acredito que em <strong>at\u00e9 30 dias essa reuni\u00e3o acontecer\u00e1 e o concurso ser\u00e1 anunciado\u201d<\/strong>, disse<\/em> Jos\u00e9 Gandara \u2013 presidente do Findect <\/p>\n\n\n\n<p><\/p>\n\n\n\n<h3 class=\"wp-block-heading\">Concurso Correios pode ter 7 mil vagas? <\/h3>\n\n\n\n<p>Sim. Atualmente, o \u00f3rg\u00e3o conta com 7.790 cargos vagos, sendo<strong> 86.700 funcion\u00e1rios ativos. <\/strong><\/p>\n\n\n\n<p>Entretanto, o quantitativo de servidores aprovado pela Secretaria de Coordena\u00e7\u00e3o e Governan\u00e7a das Empresas Estatais do Minist\u00e9rio (Sest\/MGI) \u00e9 de 97.940.<\/p>\n\n\n\n<p>De acordo com Jos\u00e9 Gandara, o concurso pode ofertar at\u00e9 mais do que <strong>7.700 vagas. <\/strong><\/p>\n\n\n\n<p><em>Esse concurso n\u00e3o ser\u00e1 apenas para preencher essas 7 mil vagas. Tamb\u00e9m ser\u00e1 formado um cadastro de reserva. Toda vez que um funcion\u00e1rio sair ou se aposentar, os Correios poder\u00e3o convocar mais aprovados ao longo do prazo de validade da sele\u00e7\u00e3o\u201d<\/em>,\u00a0disse Gandara<\/p>\n\n\n\n<p><\/p>\n\n\n\n<p><strong>Confira:<\/strong> <a href=\"https:\/\/www.novaconcursos.com.br\/portal\/artigos\/o-que-cai-na-prova-do-concurso-correios-e-como-se-preparar\/\">O que cai na prova do concursos Correios e como se preparar? <\/a><\/p>\n\n\n\n<p><\/p>\n\n\n\n<p>Ainda de acordo com ele, as vagas devem abranger cargos da \u00e1rea operacional e administrativa, como: <\/p>\n\n\n\n<ul class=\"wp-block-list\"><li><strong>Agente de Correios \u2013 N\u00edvel M\u00e9dio<\/strong>\n<ul class=\"wp-block-list\"><li>Carteiro;<\/li>\n\n\n\n<li>Operador de Triagem e Transbordo;<\/li>\n\n\n\n<li>Atendente Comercial e Suporte<\/li>\n<\/ul><\/li>\n<\/ul><ul class=\"wp-block-list\"><li><strong>Analista de Correios \u2013 N\u00edvel Superior<\/strong>\n<ul class=\"wp-block-list\"><li>Administrador,<\/li>\n\n\n\n<li>Advogado;<\/li>\n\n\n\n<li>Analista de sistemas;<\/li>\n\n\n\n<li>Arquiteto;<\/li>\n\n\n\n<li>Assistente social;<\/li>\n\n\n\n<li>Bibliotec\u00e1rio;<\/li>\n\n\n\n<li>Contador;<\/li>\n\n\n\n<li>Economista;<\/li>\n\n\n\n<li>Engenheiro;<\/li>\n\n\n\n<li>Estat\u00edstico;<\/li>\n\n\n\n<li>Muse\u00f3logo;<\/li>\n\n\n\n<li>Pedagogo;<\/li>\n\n\n\n<li>Psic\u00f3logo;<\/li>\n\n\n\n<li>T\u00e9cnico em Comunica\u00e7\u00e3o Social<\/li>\n<\/ul><\/li>\n<\/ul><p><\/p>\n\n\n\n<p>\u00c9 poss\u00edvel ainda que a sele\u00e7\u00e3o, oferte oportunidade para <strong>carreiras espec\u00edficas: <\/strong><\/p>\n\n\n\n<ul class=\"wp-block-list\"><li>Auxiliar de Enfermagem do Trabalho,<\/li>\n\n\n\n<li>T\u00e9cnico de Seguran\u00e7a do Trabalho;<\/li>\n\n\n\n<li>Analista de Sa\u00fade;<\/li>\n\n\n\n<li>Enfermeiro do Trabalho;<\/li>\n\n\n\n<li>Engenheiro de Seguran\u00e7a do Trabalho;<\/li>\n\n\n\n<li>M\u00e9dico do Trabalho<\/li>\n<\/ul><p><\/p>\n\n\n\n<p>De acordo com a <a href=\"https:\/\/findect.org.br\/\" target=\"_blank\" rel=\"noreferrer noopener\">Federa\u00e7\u00e3o Interestudal dos Trabalhadores e Trabalhadoras dos Correios,<\/a> os sal\u00e1rios iniciais oferecidos pela institui\u00e7\u00e3o variam de\u00a0<strong>R$ 2.179,25,\u00a0<\/strong>para os cargos de n\u00edvel m\u00e9dio e<strong>\u00a0R$ 6.333,54,\u00a0<\/strong>para os cargos de n\u00edvel superior.<\/p>\n\n\n\n<p>Al\u00e9m do sal\u00e1rio, os servidores ainda fazem jus aos seguintes\u00a0<strong>benef\u00edcios:<\/strong><\/p>\n\n\n\n<ul class=\"wp-block-list\"><li>Vale-cesta de R$ 295,77<\/li>\n\n\n\n<li>Vale-refei\u00e7\u00e3o\/alimenta\u00e7\u00e3o\n<ul class=\"wp-block-list\"><li>R$ 1.039,50 (para quem trabalha cinco dias na semana);<\/li>\n\n\n\n<li>R$ 1.228,50 (para quem trabalha seis dias na semana).<\/li>\n<\/ul><\/li>\n\n\n\n<li>Vale-transporte;<\/li>\n\n\n\n<li>Plano de Sa\u00fade<\/li>\n<\/ul><p><\/p>\n\n\n\n<p>\u26a0\ufe0f Aten\u00e7\u00e3o! Os sal\u00e1rios e benef\u00edcios podem sofrer reajuste no pr\u00f3ximo edital! <\/p>\n\n\n\n<p><\/p>\n\n\n\n<h2 class=\"wp-block-heading\" id=\"acordo-entre-correios-e-sindicato-pem-fim-a-paralisao-\">Acordo entre Correios e Sindicato p\u00f5em fim a paralisa\u00e7\u00e3o <\/h2>\n\n\n\n<p>Ap\u00f3s press\u00e3o do sindicato e amea\u00e7a de greve, a diretoria dos Correios, atendeu 12 das 26 reivindica\u00e7\u00f5es, referente ao <strong>ACT 2023\/2024. <\/strong><\/p>\n\n\n\n<p> Dentre os itens atendidos, est\u00e3o: <\/p>\n\n\n\n<ul class=\"wp-block-list\"><li>Antecipa\u00e7\u00e3o do reajuste salarial de R$ 250,00 incorporado ao sal\u00e1rio-base a partir de janeiro\/2024,<\/li>\n\n\n\n<li>Vale-alimenta\u00e7\u00e3o extra de R$ 1.500,00 com coparticipa\u00e7\u00e3o de R$ 7,50; <\/li>\n\n\n\n<li>Vale alimenta\u00e7\u00e3o\/refei\u00e7\u00e3o de R$ 48,92 a depender de 22 ou 26 dias, para aqueles que cumprem jornada de 5h ou 6h; <\/li>\n\n\n\n<li>Vale cesta no valor de R$ 306,21<\/li>\n\n\n\n<li>Antecipa\u00e7\u00e3o de 50% da gratifica\u00e7\u00e3o natalina <\/li>\n\n\n\n<li>Garantia de reajuste na tabela de todas as fun\u00e7\u00f5es <\/li>\n<\/ul><p><\/p>\n\n\n\n<p><a href=\"https:\/\/findect.org.br\/wp-content\/uploads\/2023\/11\/SEI_CORREIOS-45242781-Carta-Versao-final.pdf\" target=\"_blank\" rel=\"noreferrer noopener\">Clique aqui e saiba na \u00edntegra quais foram os demais intens acordados entre a diretoria dos Correios e a Findect. <\/a><\/p>\n\n\n\n<p><\/p>\n\n\n\n<p>No mais, vale destacar que o \u00faltimo certame do \u00f3rg\u00e3o, foi realizado em <strong>2011<\/strong>, com a oferta de 9 mil vagas para n\u00edveis m\u00e9dio e superior, organizado pela banca <strong>Cebraspe. <\/strong><\/p>\n\n\n\n<p><\/p>\n\n\n\n<p><\/p>\n\n\n\n<p><\/p>","protected":false},"excerpt":{"rendered":"<p>Aten\u00e7\u00e3o, concurseiros. Como andam a prepara\u00e7\u00e3o, os estudos para o certame dos Correios? Novas movimenta\u00e7\u00f5es indicam que a autoriza\u00e7\u00e3o pode estar pr\u00f3xima. Ap\u00f3s anunciar greve nos\u00a0estados do Maranh\u00e3o, S\u00e3o Paulo e Rio de Janeiro, a partir desta quinta-feira, 23, \u00e0s v\u00e9speras da Black Friday, os sindicatos filiados a Findect (Federa\u00e7\u00e3o Interestudal dos Trabalhadores e Trabalhadoras [&hellip;]<\/p>\n","protected":false},"author":54664,"featured_media":163847,"comment_status":"closed","ping_status":"closed","sticky":false,"template":"","format":"standard","meta":{"_acf_changed":false,"footnotes":"","_wp_rev_ctl_limit":""},"categories":[228],"tags":[],"class_list":["post-212817","post","type-post","status-publish","format-standard","has-post-thumbnail","hentry","category-noticias"],"acf":[],"_links":{"self":[{"href":"https:\/\/www.novaconcursos.com.br\/portal\/wp-json\/wp\/v2\/posts\/212817","targetHints":{"allow":["GET"]}}],"collection":[{"href":"https:\/\/www.novaconcursos.com.br\/portal\/wp-json\/wp\/v2\/posts"}],"about":[{"href":"https:\/\/www.novaconcursos.com.br\/portal\/wp-json\/wp\/v2\/types\/post"}],"author":[{"embeddable":true,"href":"https:\/\/www.novaconcursos.com.br\/portal\/wp-json\/wp\/v2\/users\/54664"}],"replies":[{"embeddable":true,"href":"https:\/\/www.novaconcursos.com.br\/portal\/wp-json\/wp\/v2\/comments?post=212817"}],"version-history":[{"count":79,"href":"https:\/\/www.novaconcursos.com.br\/portal\/wp-json\/wp\/v2\/posts\/212817\/revisions"}],"predecessor-version":[{"id":212925,"href":"https:\/\/www.novaconcursos.com.br\/portal\/wp-json\/wp\/v2\/posts\/212817\/revisions\/212925"}],"wp:featuredmedia":[{"embeddable":true,"href":"https:\/\/www.novaconcursos.com.br\/portal\/wp-json\/wp\/v2\/media\/163847"}],"wp:attachment":[{"href":"https:\/\/www.novaconcursos.com.br\/portal\/wp-json\/wp\/v2\/media?parent=212817"}],"wp:term":[{"taxonomy":"category","embeddable":true,"href":"https:\/\/www.novaconcursos.com.br\/portal\/wp-json\/wp\/v2\/categories?post=212817"},{"taxonomy":"post_tag","embeddable":true,"href":"https:\/\/www.novaconcursos.com.br\/portal\/wp-json\/wp\/v2\/tags?post=212817"}],"curies":[{"name":"wp","href":"https:\/\/api.w.org\/{rel}","templated":true}]}}