{"id":212993,"date":"2023-11-24T10:13:55","date_gmt":"2023-11-24T13:13:55","guid":{"rendered":"https:\/\/www.novaconcursos.com.br\/portal\/?p=212993"},"modified":"2025-04-09T14:52:29","modified_gmt":"2025-04-09T17:52:29","slug":"concurso-unificado-tem-banca-definida","status":"publish","type":"post","link":"https:\/\/www.novaconcursos.com.br\/portal\/noticias\/concurso-unificado-tem-banca-definida\/","title":{"rendered":"Urgente! Concurso Unificado tem banca definida. 6.640 vagas!"},"content":{"rendered":"<p>A banca organizadora do <a href=\"https:\/\/www.novaconcursos.com.br\/portal\/concursos\/concurso-unificado-nacional\/\">Concurso Unificado<\/a> est\u00e1 finalmente definida! Conforme anunciado pelo Minist\u00e9rio de Gest\u00e3o e Inova\u00e7\u00e3o em Servi\u00e7os P\u00fablicos, nesta sexta-feira, (24\/11) a empresa respons\u00e1vel pelo \u201cEnem dos Concursos\u201d ser\u00e1 a <strong>Funda\u00e7\u00e3o Cesgranrio.<\/strong><\/p>\n\n\n\n<p>O processo de escolha da banca organizadora foi acompanhado pelo Tribunal de Contas da Uni\u00e3o (TCU), a Controladoria Geral da Uni\u00e3o (CGU) e a Advocacia-Geral da Uni\u00e3o (AGU).<\/p>\n\n\n\n<p>O Estudo T\u00e9cnico Preliminar (ETR) que estabeleceu os crit\u00e9rios necess\u00e1rios para o certame, foi enviado para 12 empresas, entretanto, apenas <strong>tr\u00eas institui\u00e7\u00f5es cumpriram as qualifica\u00e7\u00f5es<\/strong> da rodada de an\u00e1lises, foram o Cebraspe, a Funda\u00e7\u00e3o Get\u00falio Vargas e o Cesgranrio.<\/p>\n\n\n\n<p>Diante disso, a escolha da banca ocorreu pelo <strong>crit\u00e9rio da economicidade,<\/strong> ou seja, por aquela que cobrou o menor valor pelo servi\u00e7o.<\/p>\n\n\n\n<h2 class=\"wp-block-heading\" id=\"\"><\/h2>\n\n\n\n<p><em>\u201cO Governo Federal tem a experi\u00eancia do Enem, mas \u00e9 a primeira vez que estamos fazendo uma prova de concurso p\u00fablico desse vulto, envolvendo 21 \u00f3rg\u00e3os. Por isso, buscamos o apoio dos \u00f3rg\u00e3os de controle desde o princ\u00edpio, para que todas as etapas do concurso estejam em conformidade com as melhores pr\u00e1ticas de gest\u00e3o, transpar\u00eancia, legalidade e impessoalidade\u201d, <\/em>informou Maria Aparecida Chagas Pereira.<\/p>\n\n\n\n<p>Em rela\u00e7\u00e3o ao atraso para escolha da banca, que deveria ser divulgada no dia 22 de novembro, o MGI explicou que a empresa tinha sido escolhida no come\u00e7o da semana, entretanto, optou por aguardar o <strong>parecer jur\u00eddico da AGU<\/strong> para dar in\u00edcio ao contrato e fazer a divulga\u00e7\u00e3o.<\/p>\n\n\n\n<p>A assinatura do contrato entre as partes ocorrer\u00e1 at\u00e9 o final de novembro. J\u00e1 a publica\u00e7\u00e3o do edital est\u00e1 prevista para o dia <strong>20 de dezembro de 2023.<\/strong><\/p>\n\n\n\n<p><\/p>\n\n\n\n<ul class=\"wp-block-list\"><li><strong>Confira:\u00a0<\/strong><a href=\"https:\/\/www.novaconcursos.com.br\/apostila\/cnu-prep-comum-todos-blocos?promo_creative=Apostila+CNU+2023+%E2%80%93+Comum+a+Todos+os+Blocos&amp;promo_name=noticia&amp;promo_id=%2Fportal%2Fnoticias%2Fcnu-definicao-da-banca-esta-em-andamento&amp;promo_position=corpo-texto\">Apostila CNU 2023 \u2013 Comum a Todos os Blocos<\/a><\/li>\n<\/ul><p><\/p>\n\n\n\n<p>Estude para o concurso de seus sonhos com o\u00a0<strong>M\u00e9todo<\/strong>\u00a0que j\u00e1 ajudou na\u00a0<strong>aprova\u00e7\u00e3o de mais de 70 mil alunos!<\/strong>\u00a0<a href=\"https:\/\/aprovacao.novaconcursos.com.br\/assinatura?promo_creative=Clique+aqui&amp;promo_name=noticia&amp;promo_id=%2Fportal%2Fnoticias%2Fcnu-definicao-da-banca-esta-em-andamento&amp;promo_position=corpo-texto\" target=\"_blank\" rel=\"noreferrer noopener\">Clique aqui<\/a>\u00a0e saiba mais!<\/p>\n\n\n\n<h2 class=\"wp-block-heading\" id=\"quais-as-caractersticas-da-banca-cesgranrio\">Quais as caracter\u00edsticas da banca Cesgranrio?<\/h2>\n\n\n\n<p>A <a href=\"https:\/\/www.cesgranrio.org.br\/concursos\/principal.aspx\" target=\"_blank\" rel=\"noreferrer noopener\">banca<\/a> possu\u00ed um grau de<strong> dificuldade m\u00e9dio <\/strong>comparado a outras bancas, como a Funda\u00e7\u00e3o Get\u00falio Vargas (FGV) ou com o Cebraspe.<\/p>\n\n\n\n<p>Na prova objetiva, s\u00e3o cobradas <strong>quest\u00f5es de m\u00faltipla escolha,<\/strong> com cinco alternativas cada (A, B, C, D e E), sendo apenas uma resposta considerada correta.<\/p>\n\n\n\n<p>As quest\u00f5es costumam ter enunciados curtos (entre duas e tr\u00eas linhas), ou seja, \u00e9 uma<strong> prova t\u00e9cnica,<\/strong> que n\u00e3o abre margem para interpreta\u00e7\u00e3o. Portanto, \u00e9 essencial dominar o conte\u00fado program\u00e1tico.<\/p>\n\n\n\n<p>Al\u00e9m disso, a banca costuma abranger TODO o edital, de maneira bem distribu\u00edda, ent\u00e3o, \u00e9 importante dar aten\u00e7\u00e3o a<strong>\u00a0amplitude na cobran\u00e7a de assuntos<\/strong>.<\/p>\n\n\n\n<p>Entretanto, apesar da distribui\u00e7\u00e3o ser uniforme, o peso de cada quest\u00e3o costuma variar.<\/p>\n\n\n\n<h2 class=\"wp-block-heading\" id=\"concurso-unificado-prev-6640-vagas\">Concurso Unificado prev\u00ea 6.640 vagas!<\/h2>\n\n\n\n<p>O concurso Unificado \u00e9 uma proposta do Minist\u00e9rio da Gest\u00e3o e Inova\u00e7\u00e3o (MGI),\u00a0para preencher as vagas do Poder Executivo autorizadas em 2023, por meio de um\u00a0<strong>\u00fanico concurso.<\/strong><\/p>\n\n\n\n<p>Esse modelo ficou conhecido como\u00a0\u201cEnem dos Concursos\u201d,\u00a0e ser\u00e1 realizado simultaneamente, no primeiro trimestre de 2024, em\u00a0<strong>180 cidades<\/strong>\u00a0espalhadas por todo o pa\u00eds.<\/p>\n\n\n\n<p>Ao todo, ser\u00e3o ofertadas 6.640 vagas, que ser\u00e3o distribu\u00eddas entre 22 \u00f3rg\u00e3os:<\/p>\n\n\n\n<ul class=\"wp-block-list\"><li>IBGE (Instituto Brasileiro de Geografia e Estat\u00edstica): 895 vagas<\/li>\n\n\n\n<li>Funai (Funda\u00e7\u00e3o Nacional dos Povos Ind\u00edgenas): 502 vagas<\/li>\n\n\n\n<li>Incra (Instituto Nacional de Coloniza\u00e7\u00e3o e Reforma Agr\u00e1ria): 742 vagas<\/li>\n\n\n\n<li>Mapa (Minist\u00e9rio da Agricultura e Pecu\u00e1ria): 440 vagas<\/li>\n\n\n\n<li>Inmet (Instituto Nacional de Meteorologia): 80 vagas<\/li>\n\n\n\n<li>MTE (Minist\u00e9rio do Trabalho e Emprego): 900 vagas<\/li>\n\n\n\n<li>Minist\u00e9rio da Sa\u00fade: 220 vagas<\/li>\n\n\n\n<li>AGU (Advocacia Geral da Uni\u00e3o): 400 vagas<\/li>\n\n\n\n<li>Previc (Superintend\u00eancia Nacional de Previd\u00eancia Complementar): 40 vagas<\/li>\n\n\n\n<li>Aneel (Ag\u00eancia Nacional de Energia El\u00e9trica): 40 vagas<\/li>\n\n\n\n<li>Antaq (Ag\u00eancia Nacional de Transportes Aquavi\u00e1rios): 30 vagas<\/li>\n\n\n\n<li>ANS (Ag\u00eancia Nacional de Sa\u00fade Suplementar): 35 vagas<\/li>\n\n\n\n<li>MDIC (Minist\u00e9rio do Desenvolvimento, Ind\u00fastria, Com\u00e9rcio e Servi\u00e7os): 110 vagas<\/li>\n\n\n\n<li>MCTI em partes (Minist\u00e9rio da Ci\u00eancia, Tecnologia e Inova\u00e7\u00e3o): 296 vagas<\/li>\n\n\n\n<li>MJSP (Minist\u00e9rio da Justi\u00e7a e Seguran\u00e7a P\u00fablica): 130 vagas<\/li>\n\n\n\n<li>MinC (Minist\u00e9rio da Cultura): 50 vagas<\/li>\n\n\n\n<li>MEC (Minist\u00e9rio da Educa\u00e7\u00e3o): 70 vagas para ATPS<\/li>\n\n\n\n<li>MDHC (Minist\u00e9rio dos Direitos Humanos e da Cidadania): 40 vagas<\/li>\n\n\n\n<li>MPI (Minist\u00e9rio dos Povos Ind\u00edgenas): 30 vagas<\/li>\n\n\n\n<li>MPO (Minist\u00e9rio do Planejamento e Or\u00e7amento): 60 vagas<\/li>\n\n\n\n<li>MGI (Minist\u00e9rio da Gest\u00e3o e Inova\u00e7\u00e3o em Servi\u00e7os P\u00fablicos) e as carreiras transversais: 1.480 vagas<\/li>\n\n\n\n<li>Inep (Instituto Nacional de Estudos e Pesquisas Educacionais An\u00edsio Teixeira): 50 vagas<\/li>\n<\/ul><p><\/p>\n\n\n\n<h2 class=\"wp-block-heading\" id=\"\"><\/h2>\n\n\n\n<p>No edital, as oportunidades ser\u00e3o distribu\u00eddas em oito blocos tem\u00e1ticos, divididos por atua\u00e7\u00e3o governamental:<\/p>\n\n\n\n<ul class=\"wp-block-list\"><li>Administra\u00e7\u00e3o e Finan\u00e7as P\u00fablicas;<\/li>\n\n\n\n<li>Setores Econ\u00f4mico, Infraestrutura e Regula\u00e7\u00e3o;<\/li>\n\n\n\n<li>Agricultura, Meio Ambiente e Desenvolvimento Agr\u00e1rio;<\/li>\n\n\n\n<li>Educa\u00e7\u00e3o, Ci\u00eancia, Tecnologia e Inova\u00e7\u00e3o;<\/li>\n\n\n\n<li>Pol\u00edticas Sociais; Justi\u00e7a e Sa\u00fade;<\/li>\n\n\n\n<li>Trabalho e Previd\u00eancia;<\/li>\n\n\n\n<li>Dados, Tecnologia e Informa\u00e7\u00e3o P\u00fablica;<\/li>\n\n\n\n<li>N\u00edvel intermedi\u00e1rio.<\/li>\n<\/ul><p><\/p>\n\n\n\n<h2 class=\"wp-block-heading\" id=\"etapas-de-seleo\">Etapas de sele\u00e7\u00e3o<\/h2>\n\n\n\n<p>Os candidatos ser\u00e3o avaliados por meio de provas objetivas, que ser\u00e3o aplicadas em um \u00fanico dia, sendo:<\/p>\n\n\n\n<ul class=\"wp-block-list\"><li>Provas objetivas de aplica\u00e7\u00e3o comum a todos os candidatos e candidatas;<\/li>\n\n\n\n<li>Provas objetivas e dissertativas espec\u00edficas por blocos tem\u00e1ticos.<\/li>\n<\/ul><p><\/p>\n\n\n\n<p>Nas\u00a0<strong>provas objetivas<\/strong>\u00a0para todos os cargos ser\u00e3o cobradas disciplinas ligadas \u00e0 valoriza\u00e7\u00e3o do\u00a0<em>ethos<\/em>\u00a0p\u00fablico, da realidade brasileira, inclus\u00e3o, diversidade, direitos humanos, pol\u00edticas p\u00fablicas e desenvolvimento nacional.<\/p>\n\n\n\n<p>Al\u00e9m de disciplinas tradicionais em concursos p\u00fablicos, como conhecimentos sobre as bases constitucionais, estrutura e funcionamento do Estado e da Administra\u00e7\u00e3o P\u00fablica, Direito Administrativo, L\u00edngua Portuguesa e Racioc\u00ednio L\u00f3gico.<\/p>\n\n\n\n<p>J\u00e1 nas\u00a0<strong>provas espec\u00edficas\u00a0<\/strong>por blocos tem\u00e1ticos, ser\u00e3o cobrados temas limitados aos blocos tem\u00e1ticos pr\u00e9-estabelecidos, numa concep\u00e7\u00e3o em que se busque avaliar as aptid\u00f5es e compet\u00eancias dos candidatos.<\/p>\n\n\n\n<p><\/p>\n\n\n\n<p>Estamos antenados em torno das\u00a0<strong>movimenta\u00e7\u00f5es\u00a0<\/strong>do concurso e todas as novidades ser\u00e3o publicadas no nosso blog e nas redes sociais.<\/p>\n\n\n\n<p>Ent\u00e3o, continue nos acompanhando para n\u00e3o perder nenhuma informa\u00e7\u00e3o! ?<\/p>","protected":false},"excerpt":{"rendered":"<p>A banca organizadora do Concurso Unificado est\u00e1 finalmente definida! Conforme anunciado pelo Minist\u00e9rio de Gest\u00e3o e Inova\u00e7\u00e3o em Servi\u00e7os P\u00fablicos, nesta sexta-feira, (24\/11) a empresa respons\u00e1vel pelo \u201cEnem dos Concursos\u201d ser\u00e1 a Funda\u00e7\u00e3o Cesgranrio. O processo de escolha da banca organizadora foi acompanhado pelo Tribunal de Contas da Uni\u00e3o (TCU), a Controladoria Geral da Uni\u00e3o [&hellip;]<\/p>\n","protected":false},"author":54679,"featured_media":207127,"comment_status":"closed","ping_status":"closed","sticky":false,"template":"","format":"standard","meta":{"_acf_changed":false,"footnotes":"","_wp_rev_ctl_limit":""},"categories":[228],"tags":[],"class_list":["post-212993","post","type-post","status-publish","format-standard","has-post-thumbnail","hentry","category-noticias"],"acf":[],"_links":{"self":[{"href":"https:\/\/www.novaconcursos.com.br\/portal\/wp-json\/wp\/v2\/posts\/212993","targetHints":{"allow":["GET"]}}],"collection":[{"href":"https:\/\/www.novaconcursos.com.br\/portal\/wp-json\/wp\/v2\/posts"}],"about":[{"href":"https:\/\/www.novaconcursos.com.br\/portal\/wp-json\/wp\/v2\/types\/post"}],"author":[{"embeddable":true,"href":"https:\/\/www.novaconcursos.com.br\/portal\/wp-json\/wp\/v2\/users\/54679"}],"replies":[{"embeddable":true,"href":"https:\/\/www.novaconcursos.com.br\/portal\/wp-json\/wp\/v2\/comments?post=212993"}],"version-history":[{"count":7,"href":"https:\/\/www.novaconcursos.com.br\/portal\/wp-json\/wp\/v2\/posts\/212993\/revisions"}],"predecessor-version":[{"id":278570,"href":"https:\/\/www.novaconcursos.com.br\/portal\/wp-json\/wp\/v2\/posts\/212993\/revisions\/278570"}],"wp:featuredmedia":[{"embeddable":true,"href":"https:\/\/www.novaconcursos.com.br\/portal\/wp-json\/wp\/v2\/media\/207127"}],"wp:attachment":[{"href":"https:\/\/www.novaconcursos.com.br\/portal\/wp-json\/wp\/v2\/media?parent=212993"}],"wp:term":[{"taxonomy":"category","embeddable":true,"href":"https:\/\/www.novaconcursos.com.br\/portal\/wp-json\/wp\/v2\/categories?post=212993"},{"taxonomy":"post_tag","embeddable":true,"href":"https:\/\/www.novaconcursos.com.br\/portal\/wp-json\/wp\/v2\/tags?post=212993"}],"curies":[{"name":"wp","href":"https:\/\/api.w.org\/{rel}","templated":true}]}}