{"id":213158,"date":"2023-11-27T12:57:14","date_gmt":"2023-11-27T15:57:14","guid":{"rendered":"https:\/\/www.novaconcursos.com.br\/portal\/?p=213158"},"modified":"2023-11-27T12:57:18","modified_gmt":"2023-11-27T15:57:18","slug":"saiu-edital-ale-to-107-vagas","status":"publish","type":"post","link":"https:\/\/www.novaconcursos.com.br\/portal\/noticias\/saiu-edital-ale-to-107-vagas\/","title":{"rendered":"Saiu o edital ALE TO: 107 vagas de n\u00edveis m\u00e9dio e superior!"},"content":{"rendered":"<p>Boa not\u00edcia para os concurseiros do Tocantins! Saiu o edital <a href=\"https:\/\/www.novaconcursos.com.br\/portal\/concursos\/concurso-ale-to\/\">ALE TO<\/a> com oferta de <strong>107 vagas <\/strong>de n\u00edvel m\u00e9dio e superior.<\/p>\n\n\n\n<p>S\u00e3o ofertadas oportunidades para as carreiras de Policial Legislativo, T\u00e9cnico Legislativo, Analista Legislativo e Procurador Jur\u00eddico, que oferecem sal\u00e1rios iniciais de at\u00e9 R$ 32,2 mil. Confira!<\/p>\n\n\n\n<ul class=\"wp-block-list\"><li><strong>Confira<\/strong>: <a href=\"https:\/\/www.novaconcursos.com.br\/livro\/1000-questoes-gabaritadas-fgv?q=fgv\">Livro 1.000 Quest\u00f5es Gabaritadas da FGV<\/a><\/li>\n<\/ul><p><\/p>\n\n\n\n<p>Estude para o concurso dos seus sonhos com o\u00a0<strong>M\u00e9todo<\/strong>\u00a0que j\u00e1 ajudou na\u00a0<strong>aprova\u00e7\u00e3o de mais de 70 mil alunos.<\/strong>\u00a0<a href=\"https:\/\/aprovacao.novaconcursos.com.br\/assinatura?promo_creative=Clique+aqui&amp;promo_name=noticia&amp;promo_id=%2Fportal%2Fnoticias%2Fconcurso-tj-ms-criacao-cargos-para-analista&amp;promo_position=corpo-texto\" target=\"_blank\" rel=\"noreferrer noopener\">Clique aqui<\/a>\u00a0e saiba mais!<\/p>\n\n\n\n<h2 class=\"wp-block-heading\" id=\"resumo-do-edital\">Resumo do edital<\/h2>\n\n\n\n<p><\/p>\n\n\n\n<ul class=\"wp-block-list\"><li>Vagas: 107<\/li>\n\n\n\n<li>Cargo: Policial Legislativo, T\u00e9cnico Legislativo, Analista Legislativo e Procurador Jur\u00eddico<\/li>\n\n\n\n<li>Escolaridade: N\u00edvel M\u00e9dio e Superior<\/li>\n\n\n\n<li>Banca: Funda\u00e7\u00e3o Get\u00falio Vargas<\/li>\n\n\n\n<li>Sal\u00e1rio: entre R$ 3.847,65 e R$ 32.228,69<\/li>\n\n\n\n<li>Per\u00edodo de inscri\u00e7\u00f5es: 04\/12\/2023 at\u00e9 18\/01\/2024<\/li>\n\n\n\n<li>Taxa: R$ 80,00 at\u00e9 R$ 125,00<\/li>\n\n\n\n<li>Prova: 14\/04\/2024<\/li>\n\n\n\n<li><a href=\"https:\/\/conhecimento.fgv.br\/sites\/default\/files\/concursos\/minuta-edital-aleto-procurador-v.3.pdf\" target=\"_blank\" rel=\"noreferrer noopener\">Edital<\/a><\/li>\n<\/ul><p><\/p>\n\n\n\n<h2 class=\"wp-block-heading\" id=\"como-realizar-a-inscrio-no-concurso-ale-to\">Como realizar a inscri\u00e7\u00e3o no concurso ALE TO?<\/h2>\n\n\n\n<p>Os interessados em uma das vagas devem realizar as inscri\u00e7\u00f5es no site da banca, a <a href=\"https:\/\/conhecimento.fgv.br\/concursos\/aleto\" target=\"_blank\" rel=\"noreferrer noopener\">Funda\u00e7\u00e3o Get\u00falio Vargas (FGV),<\/a> a partir das 16h do dia 04 de dezembro de 2023<strong> at\u00e9 \u00e0s 16h do dia 18 de janeiro de 2024.<\/strong><\/p>\n\n\n\n<p>Ap\u00f3s preencher o formul\u00e1rio com os dados solicitados, o requerimento de inscri\u00e7\u00e3o gerar\u00e1 automaticamente o DARE, que dever\u00e1 ser impresso e pago em esp\u00e9cie em qualquer ag\u00eancia banc\u00e1ria, at\u00e9 o dia 19 de janeiro de 2024. <\/p>\n\n\n\n<p>O valor varia conforme o n\u00edvel de escolaridade do cargo, sendo:<\/p>\n\n\n\n<ul class=\"wp-block-list\"><li>N\u00edvel M\u00e9dio: R$ 80,00<\/li>\n\n\n\n<li>N\u00edvel Superior: R$ 125,00<\/li>\n<\/ul><p><\/p>\n\n\n\n<p>H\u00e1 <strong>isen\u00e7\u00e3o do valor <\/strong>da taxa para os candidatos que estiverem inscritos no Cadastro \u00danico para Programas Sociais do Governo Federal (Cad\u00danico) e forem membros de fam\u00edlia de baixa renda, aos eleitores convocados e nomeados que tenham prestado servi\u00e7o eleitoral e \u00e0s mulheres que tenham participado de programas de direcionamentos ao aleitamento materno.<\/p>\n\n\n\n<p>A isen\u00e7\u00e3o poder\u00e1 ser solicitada no per\u00edodo entre \u00e0s 16h do dia 04 de dezembro de 2023 at\u00e9 \u00e0s 16h do dia 06 de dezembro de 2023, no site da banca.<\/p>\n\n\n\n<h2 class=\"wp-block-heading\" id=\"vagas-cargos-e-salrios-ale-to\">Vagas, cargos e sal\u00e1rios ALE TO<\/h2>\n\n\n\n<p>O concurso da Assembleia Legislativa do Tocantins oferta 107 vagas imediatas de n\u00edvel m\u00e9dio e superior nas especialidades de:<\/p>\n\n\n\n<p><strong>N\u00edvel M\u00e9dio<\/strong><\/p>\n\n\n\n<ul class=\"wp-block-list\"><li>Policial Legislativo\n<ul class=\"wp-block-list\"><li>Policial Legislativo II: 10 vagas<\/li>\n<\/ul><\/li>\n\n\n\n<li>T\u00e9cnico Legislativo\n<ul class=\"wp-block-list\"><li>Assist\u00eancia Administrativa: 18 vagas<\/li>\n\n\n\n<li>Audio-editora\u00e7\u00e3o: 8 vagas<\/li>\n\n\n\n<li>Cinegrafia: 1 vaga<\/li>\n\n\n\n<li>Fotografia: 1 vaga<\/li>\n\n\n\n<li>T\u00e9cnico em \u00c1udio: 1 vaga<\/li>\n\n\n\n<li>T\u00e9cnico em Enfermagem: 2 vagas<\/li>\n\n\n\n<li>T\u00e9cnico em Seguran\u00e7a do Trabalho: 2 vagas<\/li>\n\n\n\n<li>Tradutor e Int\u00e9rprete de Libras: 2 vagas<\/li>\n\n\n\n<li>T\u00e9cnico em Design Gr\u00e1fico: 2 vagas<\/li>\n<\/ul><\/li>\n<\/ul><p><\/p>\n\n\n\n<p><strong>N\u00edvel Superior<\/strong><\/p>\n\n\n\n<ul class=\"wp-block-list\"><li>Analista Legislativo\n<ul class=\"wp-block-list\"><li>Administra\u00e7\u00e3o: 2 vagas<\/li>\n\n\n\n<li>An\u00e1lise de Sistema: 2 vagas<\/li>\n\n\n\n<li>An\u00e1lise de Suporte em Inform\u00e1tica: 2 vagas<\/li>\n\n\n\n<li>Arquitetura: 1 vaga<\/li>\n\n\n\n<li>Auditoria e Controle Interno: 2 vagas<\/li>\n\n\n\n<li>Ci\u00eancias Cont\u00e1beis: 2 vagas<\/li>\n\n\n\n<li>Ci\u00eancias Econ\u00f4micas: 2 vagas<\/li>\n\n\n\n<li>Cerimonial: 2 vagas<\/li>\n\n\n\n<li>Desenvolvimento de Sistema: 2 vagas<\/li>\n\n\n\n<li>Direito: 6 vagas<\/li>\n\n\n\n<li>Enfermagem: 1 vaga<\/li>\n\n\n\n<li>Engenharia: 1 vaga<\/li>\n\n\n\n<li>Jornalismo: 5 vagas<\/li>\n\n\n\n<li>Medicina: 2 vagas <\/li>\n\n\n\n<li>Pedagogia: 1 vaga<\/li>\n\n\n\n<li>Psicologia: 1 vaga<\/li>\n\n\n\n<li>Publicidade: 2 vagas<\/li>\n\n\n\n<li>Rela\u00e7\u00f5es P\u00fablicas: 2 vagas<\/li>\n\n\n\n<li>Revis\u00e3o: 10 vagas<\/li>\n\n\n\n<li>Suporte T\u00e9cnico em Inform\u00e1tica: 3 vagas<\/li>\n\n\n\n<li>T\u00e9cnico Jur\u00eddico: 2 vagas<\/li>\n\n\n\n<li>Web Designer: 2 vagas<\/li>\n<\/ul><\/li>\n\n\n\n<li>Procurador Jur\u00eddico: 5 vagas<\/li>\n<\/ul><p><\/p>\n\n\n\n<p>Os classificados receber\u00e3o<strong> sal\u00e1rios iniciais<\/strong> nos seguintes valores:<\/p>\n\n\n\n<ul class=\"wp-block-list\"><li>N\u00edvel M\u00e9dio: R$ 3.847,65<\/li>\n\n\n\n<li>N\u00edvel Superior: R$ 5.684,72<\/li>\n\n\n\n<li>Procurador Jur\u00eddico: R$ 32.228,69<\/li>\n<\/ul><p><\/p>\n\n\n\n<h2 class=\"wp-block-heading\" id=\"quais-os-requisitos-para-participar-do-concurso-ale-to\">Quais os requisitos para participar do concurso ALE TO?<\/h2>\n\n\n\n<p>Para participar do concurso \u00e9 necess\u00e1rio:<\/p>\n\n\n\n<ul class=\"wp-block-list\"><li>Ter a nacionalidade brasileira ou portuguesa e, no caso de nacionalidade portuguesa, estar amparado pelo estatuto de igualdade entre brasileiros e portugueses, com reconhecimento do gozo dos direitos pol\u00edticos, nos termos do \u00a7 1\u00ba do artigo 12 da Constitui\u00e7\u00e3o Federal;<\/li>\n\n\n\n<li>Ter idade m\u00ednima de 18 anos completos na data da posse;<\/li>\n\n\n\n<li>Estar em pleno gozo dos direitos pol\u00edticos;<\/li>\n\n\n\n<li>Estar quite com as obriga\u00e7\u00f5es eleitorais;<\/li>\n\n\n\n<li>Estar quite com as obriga\u00e7\u00f5es militares, em caso de candidato do sexo masculino;<\/li>\n\n\n\n<li>Apresentar declara\u00e7\u00e3o quanto ao exerc\u00edcio de outro(s) cargo(s), emprego(s) ou fun\u00e7\u00e3o(\u00f5es) p\u00fablica(s) e sobre recebimento de proventos decorrente de aposentadoria e pens\u00e3o de qualquer ente da federa\u00e7\u00e3o;<\/li>\n\n\n\n<li>Apresentar formul\u00e1rio de autoriza\u00e7\u00e3o de acesso aos dados de bens e rendas;<\/li>\n\n\n\n<li>Ser considerado apto no exame de higidez f\u00edsica e mental, mediante apresenta\u00e7\u00e3o dos laudos, exames e declara\u00e7\u00e3o de sa\u00fade que forem exigidos;<\/li>\n\n\n\n<li>N\u00e3o ter sido condenado \u00e0 pena privativa de liberdade transitada em julgado ou qualquer outra<\/li>\n\n\n\n<li>condena\u00e7\u00e3o incompat\u00edvel com a fun\u00e7\u00e3o p\u00fablica;<\/li>\n\n\n\n<li>Estar apto f\u00edsica e mentalmente para o exerc\u00edcio do cargo, n\u00e3o sendo, inclusive, pessoa com defici\u00eancia incompat\u00edvel com as atribui\u00e7\u00f5es deste, conforme apura\u00e7\u00e3o pela Junta M\u00e9dica da ALETO;<\/li>\n\n\n\n<li>N\u00e3o registrar antecedentes criminais;<\/li>\n\n\n\n<li>Cumprir as determina\u00e7\u00f5es dos editais do concurso.<\/li>\n<\/ul><p><\/p>\n\n\n\n<h2 class=\"wp-block-heading\" id=\"etapas-de-seleo-ale-to\">Etapas de sele\u00e7\u00e3o ALE TO<\/h2>\n\n\n\n<p>Os candidatos ser\u00e3o avaliados por meio de seis etapas:<\/p>\n\n\n\n<ul class=\"wp-block-list\"><li>Prova Objetiva, de car\u00e1ter eliminat\u00f3rio e classificat\u00f3rio, para todos os cargos;<\/li>\n\n\n\n<li>Prova Discursiva, de car\u00e1ter eliminat\u00f3rio e classificat\u00f3rio, apenas para as \u00e1reas de Revis\u00e3o, Jornalismo, T\u00e9cnico Jur\u00eddico e Procurador Jur\u00eddico;<\/li>\n\n\n\n<li>Teste de Aptid\u00e3o F\u00edsica, de car\u00e1ter eliminat\u00f3rio, apenas para o cargo de Policial Legislativo II;<\/li>\n\n\n\n<li>Exame Psicot\u00e9cnico, de car\u00e1ter eliminat\u00f3rio, apenas para o cargo de Policial Legislativo II;<\/li>\n\n\n\n<li>Avalia\u00e7\u00e3o de T\u00edtulos, de car\u00e1ter classificat\u00f3rio, para o cargo de Procurador Jur\u00eddico;<\/li>\n\n\n\n<li>Per\u00edcia M\u00e9dica, de car\u00e1ter eliminat\u00f3rio, para todos os cargos;<\/li>\n\n\n\n<li>Heteroidentifica\u00e7\u00e3o, de car\u00e1ter eliminat\u00f3rio, para todos os cargos.<\/li>\n<\/ul><p><\/p>\n\n\n\n<h2 class=\"wp-block-heading\" id=\"\"><\/h2>\n\n\n\n<p>As provas objetivas e ser\u00e3o realizadas nas cidades de Palmas, Aragua\u00edna, Araguatins, Arraias, Dian\u00f3polis,<br>Guara\u00ed, Gurupi, Para\u00edso do Tocantins e Tocantin\u00f3polis, no dia <strong>14 de abril de 2024<\/strong>, sendo:<\/p>\n\n\n\n<ul class=\"wp-block-list\"><li>Turno\n<ul class=\"wp-block-list\"><li>Manh\u00e3 (8h \u00e0s 12h): N\u00edvel M\u00e9dio<\/li>\n\n\n\n<li>Tarde (14h \u00e0s 19h): N\u00edvel Superior<\/li>\n<\/ul><\/li>\n<\/ul><p><\/p>\n\n\n\n<p>Na ocasi\u00e3o, os candidatos dever\u00e3o demonstrar conhecimentos sobre as seguintes disciplinas:<\/p>\n\n\n\n<p><strong>Policial Legislativo II<\/strong><\/p>\n\n\n\n<figure class=\"wp-block-image size-full\"><a href=\"https:\/\/www.novaconcursos.com.br\/portal\/wp-content\/uploads\/2023\/11\/policial-legislativo.png\"><img decoding=\"async\" width=\"745\" height=\"564\" src=\"https:\/\/www.novaconcursos.com.br\/portal\/wp-content\/uploads\/2023\/11\/policial-legislativo.png\" alt=\"\" class=\"wp-image-213169\" loading=\"lazy\" title=\"\" srcset=\"https:\/\/www.novaconcursos.com.br\/portal\/wp-content\/uploads\/2023\/11\/policial-legislativo-300x227.png 300w, https:\/\/www.novaconcursos.com.br\/portal\/wp-content\/uploads\/2023\/11\/policial-legislativo-480x363.png 480w, https:\/\/www.novaconcursos.com.br\/portal\/wp-content\/uploads\/2023\/11\/policial-legislativo.png 745w\" sizes=\"auto, (max-width: 480px) 100vw, (max-width: 768px) 100vw, (max-width: 1200px) 70vw, 768px\"><\/a><figcaption><\/figcaption><\/figure><p><\/p>\n\n\n\n<p><strong>T\u00e9cnico Legislativo<\/strong><\/p>\n\n\n\n<figure class=\"wp-block-image size-full\"><a href=\"https:\/\/www.novaconcursos.com.br\/portal\/wp-content\/uploads\/2023\/11\/tecnico-legislativo.png\"><img decoding=\"async\" width=\"746\" height=\"413\" src=\"https:\/\/www.novaconcursos.com.br\/portal\/wp-content\/uploads\/2023\/11\/tecnico-legislativo.png\" alt=\"\" class=\"wp-image-213170\" loading=\"lazy\" title=\"\" srcset=\"https:\/\/www.novaconcursos.com.br\/portal\/wp-content\/uploads\/2023\/11\/tecnico-legislativo-300x166.png 300w, https:\/\/www.novaconcursos.com.br\/portal\/wp-content\/uploads\/2023\/11\/tecnico-legislativo-480x266.png 480w, https:\/\/www.novaconcursos.com.br\/portal\/wp-content\/uploads\/2023\/11\/tecnico-legislativo.png 746w\" sizes=\"auto, (max-width: 480px) 100vw, (max-width: 768px) 100vw, (max-width: 1200px) 70vw, 768px\"><\/a><figcaption><\/figcaption><\/figure><p><\/p>\n\n\n\n<p><strong>Analista Legislativo<\/strong><\/p>\n\n\n\n<figure class=\"wp-block-image size-full\"><a href=\"https:\/\/www.novaconcursos.com.br\/portal\/wp-content\/uploads\/2023\/11\/analista-legislativo.png\"><img decoding=\"async\" width=\"750\" height=\"363\" src=\"https:\/\/www.novaconcursos.com.br\/portal\/wp-content\/uploads\/2023\/11\/analista-legislativo.png\" alt=\"\" class=\"wp-image-213172\" loading=\"lazy\" title=\"\" srcset=\"https:\/\/www.novaconcursos.com.br\/portal\/wp-content\/uploads\/2023\/11\/analista-legislativo-300x145.png 300w, https:\/\/www.novaconcursos.com.br\/portal\/wp-content\/uploads\/2023\/11\/analista-legislativo-480x232.png 480w, https:\/\/www.novaconcursos.com.br\/portal\/wp-content\/uploads\/2023\/11\/analista-legislativo.png 750w\" sizes=\"auto, (max-width: 480px) 100vw, (max-width: 768px) 100vw, (max-width: 1200px) 70vw, 768px\"><\/a><figcaption><\/figcaption><\/figure><p><\/p>\n\n\n\n<p><strong>Procurador Jur\u00eddico<\/strong><\/p>\n\n\n\n<figure class=\"wp-block-image size-full\"><a href=\"https:\/\/www.novaconcursos.com.br\/portal\/wp-content\/uploads\/2023\/11\/procurador-juridico.png\"><img decoding=\"async\" width=\"489\" height=\"496\" src=\"https:\/\/www.novaconcursos.com.br\/portal\/wp-content\/uploads\/2023\/11\/procurador-juridico.png\" alt=\"\" class=\"wp-image-213174\" loading=\"lazy\" title=\"\" srcset=\"https:\/\/www.novaconcursos.com.br\/portal\/wp-content\/uploads\/2023\/11\/procurador-juridico-296x300.png 296w, https:\/\/www.novaconcursos.com.br\/portal\/wp-content\/uploads\/2023\/11\/procurador-juridico-480x487.png 480w, https:\/\/www.novaconcursos.com.br\/portal\/wp-content\/uploads\/2023\/11\/procurador-juridico.png 489w\" sizes=\"auto, (max-width: 480px) 100vw, (max-width: 768px) 100vw, (max-width: 1200px) 70vw, 768px\"><\/a><figcaption><\/figcaption><\/figure><p><\/p>\n\n\n\n<p>Para os cargos de Revis\u00e3o, Jornalismo e T\u00e9cnico Jur\u00eddico, a prova discursiva consistir\u00e1 na elabora\u00e7\u00e3o de uma reda\u00e7\u00e3o de at\u00e9 30 linhas, com a seguinte estrutura:<\/p>\n\n\n\n<figure class=\"wp-block-image size-full\"><a href=\"https:\/\/www.novaconcursos.com.br\/portal\/wp-content\/uploads\/2023\/11\/redacao.png\"><img decoding=\"async\" width=\"646\" height=\"615\" src=\"https:\/\/www.novaconcursos.com.br\/portal\/wp-content\/uploads\/2023\/11\/redacao.png\" alt=\"\" class=\"wp-image-213175\" loading=\"lazy\" title=\"\" srcset=\"https:\/\/www.novaconcursos.com.br\/portal\/wp-content\/uploads\/2023\/11\/redacao-300x286.png 300w, https:\/\/www.novaconcursos.com.br\/portal\/wp-content\/uploads\/2023\/11\/redacao-480x457.png 480w, https:\/\/www.novaconcursos.com.br\/portal\/wp-content\/uploads\/2023\/11\/redacao.png 646w\" sizes=\"auto, (max-width: 480px) 100vw, (max-width: 768px) 100vw, (max-width: 1200px) 70vw, 768px\"><\/a><figcaption><\/figcaption><\/figure><p><\/p>\n\n\n\n<p>J\u00e1 a prova discursiva para o cargo de Procurador Jur\u00eddico consistir\u00e1 em uma pe\u00e7a jur\u00eddica de at\u00e9 180 linhas, que valer\u00e1 100 pontos e 3 quest\u00f5es discursivas de at\u00e9 30 linhas, que valer\u00e3o 20 pontos, cada.<\/p>\n\n\n\n<p>Em seguida, ser\u00e1 aplicado o Teste de Aptid\u00e3o F\u00edsica (TAF)\u00a0para os candidatos interessados no cargo de Policial Legislativo II, que foram aprovados na prova objetiva em at\u00e9 seis vezes o n\u00famero de vagas.<\/p>\n\n\n\n<p>Na ocasi\u00e3o, os candidatos dever\u00e3o realizar os seguintes exerc\u00edcios:<\/p>\n\n\n\n<ul class=\"wp-block-list\"><li><strong>Masculino:<\/strong>\n<ul class=\"wp-block-list\"><li>5 (cinco) flex\u00f5es na barra fixa em um minuto;<\/li>\n\n\n\n<li>25 (vinte e cinco) flex\u00f5es abdominais (tipo remador) em um minuto;<\/li>\n\n\n\n<li>20 (vinte) flex\u00f5es de bra\u00e7o ao solo em um minuto;<\/li>\n\n\n\n<li>corrida de fundo de 2.400m, percorrida em doze minutos.<\/li>\n<\/ul><\/li>\n<\/ul><p><\/p>\n\n\n\n<ul class=\"wp-block-list\"><li><strong>Feminino:<\/strong>\n<ul class=\"wp-block-list\"><li>suspens\u00e3o na barra fixa durante 15 (quinze) segundos;<\/li>\n\n\n\n<li>20 (vinte) flex\u00f5es abdominais (tipo remador) em um minuto;<\/li>\n\n\n\n<li>15 (quinze) flex\u00f5es de bra\u00e7o ao solo, em quatro apoios (m\u00e3os e joelhos no solo), em um minuto;<\/li>\n\n\n\n<li>corrida de fundo de 2.000m, percorrida em doze minutos.<\/li>\n<\/ul><\/li>\n<\/ul><p><\/p>\n\n\n\n<p>Ap\u00f3s a realiza\u00e7\u00e3o de todas as etapas, o concurso ser\u00e1 homologado e permanecer\u00e1 v\u00e1lido pelo<strong> prazo de dois anos, <\/strong>podendo ser prorrogado, uma \u00fanica vez, por igual per\u00edodo, a crit\u00e9rio da Assembleia Legislativa do Tocantins.<\/p>","protected":false},"excerpt":{"rendered":"<p>Boa not\u00edcia para os concurseiros do Tocantins! Saiu o edital ALE TO com oferta de 107 vagas de n\u00edvel m\u00e9dio e superior. S\u00e3o ofertadas oportunidades para as carreiras de Policial Legislativo, T\u00e9cnico Legislativo, Analista Legislativo e Procurador Jur\u00eddico, que oferecem sal\u00e1rios iniciais de at\u00e9 R$ 32,2 mil. Confira! Estude para o concurso dos seus sonhos [&hellip;]<\/p>\n","protected":false},"author":54679,"featured_media":185802,"comment_status":"closed","ping_status":"closed","sticky":false,"template":"","format":"standard","meta":{"_acf_changed":false,"footnotes":"","_wp_rev_ctl_limit":""},"categories":[228],"tags":[],"class_list":["post-213158","post","type-post","status-publish","format-standard","has-post-thumbnail","hentry","category-noticias"],"acf":[],"_links":{"self":[{"href":"https:\/\/www.novaconcursos.com.br\/portal\/wp-json\/wp\/v2\/posts\/213158","targetHints":{"allow":["GET"]}}],"collection":[{"href":"https:\/\/www.novaconcursos.com.br\/portal\/wp-json\/wp\/v2\/posts"}],"about":[{"href":"https:\/\/www.novaconcursos.com.br\/portal\/wp-json\/wp\/v2\/types\/post"}],"author":[{"embeddable":true,"href":"https:\/\/www.novaconcursos.com.br\/portal\/wp-json\/wp\/v2\/users\/54679"}],"replies":[{"embeddable":true,"href":"https:\/\/www.novaconcursos.com.br\/portal\/wp-json\/wp\/v2\/comments?post=213158"}],"version-history":[{"count":13,"href":"https:\/\/www.novaconcursos.com.br\/portal\/wp-json\/wp\/v2\/posts\/213158\/revisions"}],"predecessor-version":[{"id":213195,"href":"https:\/\/www.novaconcursos.com.br\/portal\/wp-json\/wp\/v2\/posts\/213158\/revisions\/213195"}],"wp:featuredmedia":[{"embeddable":true,"href":"https:\/\/www.novaconcursos.com.br\/portal\/wp-json\/wp\/v2\/media\/185802"}],"wp:attachment":[{"href":"https:\/\/www.novaconcursos.com.br\/portal\/wp-json\/wp\/v2\/media?parent=213158"}],"wp:term":[{"taxonomy":"category","embeddable":true,"href":"https:\/\/www.novaconcursos.com.br\/portal\/wp-json\/wp\/v2\/categories?post=213158"},{"taxonomy":"post_tag","embeddable":true,"href":"https:\/\/www.novaconcursos.com.br\/portal\/wp-json\/wp\/v2\/tags?post=213158"}],"curies":[{"name":"wp","href":"https:\/\/api.w.org\/{rel}","templated":true}]}}