{"id":213304,"date":"2023-11-28T07:30:00","date_gmt":"2023-11-28T10:30:00","guid":{"rendered":"https:\/\/www.novaconcursos.com.br\/portal\/?p=213304"},"modified":"2023-11-28T16:10:33","modified_gmt":"2023-11-28T19:10:33","slug":"saiu-o-edital-da-guarda-municipal-de-manaus-200-vagas-nivel-medio","status":"publish","type":"post","link":"https:\/\/www.novaconcursos.com.br\/portal\/noticias\/saiu-o-edital-da-guarda-municipal-de-manaus-200-vagas-nivel-medio\/","title":{"rendered":"Saiu o edital da Guarda Municipal de Manaus: 200 vagas, n\u00edvel m\u00e9dio!"},"content":{"rendered":"<p>\u00d3timas not\u00edcias aos concurseiros da regi\u00e3o Norte. O t\u00e3o aguardado edital da <a href=\"https:\/\/www.novaconcursos.com.br\/portal\/concursos-abertos\/am\/\">Guarda Municipal de Manaus (T\u00e9cnico Municipal I), <\/a>foi publicado. <\/p>\n\n\n\n<p>S\u00e3o ofertadas 200 vagas + forma\u00e7\u00e3o de cadastro reserva, para candidatos que tenham o certificado de conclus\u00e3o de<strong> ensino m\u00e9dio<\/strong>. <\/p>\n\n\n\n<p>Uma das etapas de sele\u00e7\u00e3o ser\u00e1 a prova objetiva, que ser\u00e1 aplicada somente em <strong>fevereiro de 2024. <\/strong><\/p>\n\n\n\n<p>Quer saber como participar da sele\u00e7\u00e3o e garantir sua vaga? Fica comigo at\u00e9 o final, que eu te conto todos os detalhes! <\/p>\n\n\n\n<h2 class=\"wp-block-heading\" id=\"resumo-do-edital\">Resumo do Edital<\/h2>\n\n\n\n<p>Vagas: 200<br>Escolaridade: n\u00edvel m\u00e9dio<br>Sal\u00e1rio: R$ 2.689,78 + benef\u00edcios<br>Per\u00edodo de inscri\u00e7\u00e3o: 11\/12\/2023 a 15\/01\/2024<br>Taxa de inscri\u00e7\u00e3o: R$ 110,00<br>Prova: 18\/02\/2024<br>Banca: IBFC<\/p>\n\n\n\n<p><a href=\"https:\/\/anexos.cdn.selecao.net.br\/uploads\/747\/concursos\/440\/anexos\/JRgKKPTOW4NuHnthgkkoWgDn1txowqoM6ldbOHwa.pdf\" target=\"_blank\" rel=\"noreferrer noopener\">Baixe aqui o edital<\/a><\/p>\n\n\n\n<p><\/p>\n\n\n\n<ul class=\"wp-block-list\"><li><strong>Confira:<\/strong> <a href=\"https:\/\/www.novaconcursos.com.br\/livro\/600-questoes-comentadas-lingua-portuguesa-isabella-ramiro?q=PORTUGUES\">Livro 600 Quest\u00f5es Comentadas de L\u00edngua Portuguesa<\/a><\/li>\n\n\n\n<li><strong>Confira:<\/strong> <a href=\"https:\/\/www.novaconcursos.com.br\/livro\/redacao-passo-a-passo-pdf?q=red\">Concurso Guarda Municipal de Manaus \u2013 Reda\u00e7\u00e3o Nota M\u00e1xima: passo a passo<\/a><\/li>\n<\/ul><p><\/p>\n\n\n\n<h2 class=\"wp-block-heading\" id=\"quando-abre-as-inscries-para-guarda-municipal-\">Quando abre as inscri\u00e7\u00f5es para Guarda Municipal? <\/h2>\n\n\n\n<p>Os interessados a uma das vagas, devem-se atentar, pois o per\u00edodo de inscri\u00e7\u00f5es come\u00e7a \u00e0s<strong> 9h do dia 11 de dezembro de 2023 e se encerra \u00e0s 23h de 15 de janeiro de 2024, <\/strong>pelo site da banca organizadora, <a href=\"https:\/\/concursos.ibfc.org.br\/informacoes\/440\/\" target=\"_blank\" rel=\"noreferrer noopener\">IBFC (Instituto Brasileiro de Forma\u00e7\u00e3o e Capacita\u00e7\u00e3o). <\/a><\/p>\n\n\n\n<p>Para que a participa\u00e7\u00e3o seja efetivada, o candidato deve pagar uma taxa no valor de <strong>R$ 110,00. <\/strong><\/p>\n\n\n\n<p>Entretanto, haver\u00e1 <strong>isen\u00e7\u00e3o <\/strong>do valor, para aqueles que se enqudrarem nos seguintes quesitos: <\/p>\n\n\n\n<ul class=\"wp-block-list\"><li>Doador de m\u00e9dula \u00f3ssea,<\/li>\n\n\n\n<li>Doadoras de leite materno; <\/li>\n\n\n\n<li>Convocado e nomeado para prestar servi\u00e7os \u00e0 Justi\u00e7a Eleitoral do Estado do Amazonas; <\/li>\n\n\n\n<li>Inscrito no cadastro \u00fanico para programas sociais do governo federal (Cad\u00danico). <\/li>\n<\/ul><p><\/p>\n\n\n\n<p>Aqueles que desejarem solicitar a isen\u00e7\u00e3o, devem fazer o requerimento no site do IBFC, no <strong>per\u00edodo<\/strong> das 9h do dia 11 de dezembro at\u00e9 \u00e0s 16h de 13 de dezembro de 2023. <\/p>\n\n\n\n<p><\/p>\n\n\n\n<h2 class=\"wp-block-heading\" id=\"cargos-e-vagas-\">Cargos e vagas <\/h2>\n\n\n\n<p>A <a href=\"https:\/\/www.novaconcursos.com.br\/portal\/concursos-previstos\/am\/\">Prefeitura de Manaus,<\/a> por meio da Secretaria de Administra\u00e7\u00e3o, Planejamento e Gest\u00e3o (Semad), est\u00e1 ofertando 200 vagas para o cargo de<strong> T\u00e9cnico Municipal I (Guarda Municipal de Seguran\u00e7a P\u00fablica).<\/strong>  <\/p>\n\n\n\n<p>As oportunidades se dividem em: <\/p>\n\n\n\n<ul class=\"wp-block-list\"><li>190 vagas para ampla concorr\u00eancia <\/li>\n\n\n\n<li>10 vagas para pessoas com defici\u00eancia (PCD) <\/li>\n<\/ul><p><\/p>\n\n\n\n<h3 class=\"wp-block-heading\">Quanto \u00e9 o sal\u00e1rio da Guarda Municipal de Manaus? <\/h3>\n\n\n\n<p>De acordo com o edital, os aprovados ter\u00e3o um vencimento b\u00e1sico inicial de R$ 2.689,78 + os seguintes <strong>benef\u00edcios: <\/strong><\/p>\n\n\n\n<ul class=\"wp-block-list\"><li>gratifica\u00e7\u00e3o de periculosidade,<\/li>\n\n\n\n<li>aux\u00edlio alimenta\u00e7\u00e3o; <\/li>\n\n\n\n<li>aux\u00edlio-transporte; e <\/li>\n\n\n\n<li>gratifica\u00e7\u00e3o de sal\u00e1rio produtividade <\/li>\n<\/ul><p><\/p>\n\n\n\n<p>A carga hor\u00e1ria da fun\u00e7\u00e3o \u00e9 de <strong>40h semanais,<\/strong> podendo ocorrer em turnos diurnos e noturnos, inclusive em fins de semana e feriado, podendo haver tamb\u00e9m, plant\u00e3o e revezamento. <\/p>\n\n\n\n<p><\/p>\n\n\n\n<h2 class=\"wp-block-heading\" id=\"quais-os-requisitos-de-ingresso-\">Quais os requisitos de ingresso? <\/h2>\n\n\n\n<p>Para posse no cargo de Guarda Municipal de Manaus, al\u00e9m do <strong>certificado de conclus\u00e3o de ensino m\u00e9dio \u2013 fornecido por institui\u00e7\u00e3o reconhecida pelo MEC, <\/strong>os candidatos devem comprovar os seguintes quesitos b\u00e1sicos: <\/p>\n\n\n\n<ul class=\"wp-block-list\"><li>ter plena capacidade f\u00edsica e mental,<\/li>\n\n\n\n<li>ser aprovado em Teste de Aptid\u00e3o F\u00edsica (TAF), \n<ul class=\"wp-block-list\"><li> teste psicot\u00e9cnico; <\/li>\n\n\n\n<li> curso de forma\u00e7\u00e3o e demais etapas e requisitos exigidos em lei; <\/li>\n<\/ul><\/li>\n\n\n\n<li>n\u00e3o registrar antecedentes criminais at\u00e9 a data da posse<\/li>\n<\/ul><p><\/p>\n\n\n\n<h2 class=\"wp-block-heading\" id=\"o-que-faz-um-guarda-municipal-de-manaus-\">O que faz um Guarda Municipal de Manaus? <\/h2>\n\n\n\n<p>Confira algumas das <strong>atribui\u00e7\u00f5es<\/strong> do cargo: <\/p>\n\n\n\n<ul class=\"wp-block-list\"><li>Estudar e conhecer a planta da cidade, sistema vi\u00e1rio, reparti\u00e7\u00f5es p\u00fablicas e hot\u00e9is<\/li>\n\n\n\n<li>Realizar guarda permanente dos logradouros e bens municipais, detendo o terceiro que produzir danos. <\/li>\n\n\n\n<li>Realizar prote\u00e7\u00e3o e defesa da popula\u00e7\u00e3o e seu patrim\u00f4nio em caso de calamidade p\u00fablica. <\/li>\n\n\n\n<li>Tratar com civilidade as pessoas com quem tenha de entender-se, usando de energia apenas quando necess\u00e1rio para repelir a viol\u00eancia ou fazer respeitar, dentro dos justos limites, a sua autoridade <\/li>\n\n\n\n<li>Orientar a popula\u00e7\u00e3o sobre qualquer fato ou circunst\u00e2ncia que lhe possa trazer preju\u00edzo ou perigo<\/li>\n\n\n\n<li>Tratar com cuidado, calma e paci\u00eancia as pessoas acometidas de transtorno mental e os \u00e9brios habituais, detendo-os e apresentando-os \u00e0 autoridade competente quando se tornarem inconvenientes na via p\u00fablica <\/li>\n\n\n\n<li>Solicitar, com urg\u00eancia, o socorro das autoridades competentes, pelo meio mais r\u00e1pido, quando assim exigirem as circunst\u00e2ncias <\/li>\n\n\n\n<li> Levar ao conhecimento das autoridades competentes a exist\u00eancia de menores que perambulem sem assist\u00eancia pelo seu posto de servi\u00e7o bem como os idosos <\/li>\n<\/ul><p><\/p>\n\n\n\n<h2 class=\"wp-block-heading\" id=\"etapas-de-seleo-\">Etapas de sele\u00e7\u00e3o <\/h2>\n\n\n\n<p>Os candidatos ser\u00e3o avaliados por <strong>cinco etapas: <\/strong><\/p>\n\n\n\n<figure class=\"wp-block-image size-full\"><a href=\"https:\/\/www.novaconcursos.com.br\/portal\/wp-content\/uploads\/2023\/11\/image-3.png\"><img decoding=\"async\" width=\"834\" height=\"234\" src=\"https:\/\/www.novaconcursos.com.br\/portal\/wp-content\/uploads\/2023\/11\/image-3.png\" alt=\"\" class=\"wp-image-213385\" loading=\"lazy\" title=\"\" srcset=\"https:\/\/www.novaconcursos.com.br\/portal\/wp-content\/uploads\/2023\/11\/image-3-300x84.png 300w, https:\/\/www.novaconcursos.com.br\/portal\/wp-content\/uploads\/2023\/11\/image-3-480x135.png 480w, https:\/\/www.novaconcursos.com.br\/portal\/wp-content\/uploads\/2023\/11\/image-3-768x215.png 768w, https:\/\/www.novaconcursos.com.br\/portal\/wp-content\/uploads\/2023\/11\/image-3.png 834w\" sizes=\"auto, (max-width: 480px) 100vw, (max-width: 768px) 100vw, (max-width: 1200px) 70vw, 768px\"><\/a><figcaption><\/figcaption><\/figure><p><\/p>\n\n\n\n<p>Todas as etapas ser\u00e3o realizadas na cidade de <a href=\"https:\/\/www.novaconcursos.com.br\/portal\/concursos\/concurso-prefeitura-de-manaus-am\/\">Manaus\/AM. <\/a><\/p>\n\n\n\n<p><\/p>\n\n\n\n<h3 class=\"wp-block-heading\">O que cai na prova da Guarda Municipal de Manaus? <\/h3>\n\n\n\n<p>Conforme o quadro acima, a 1\u00aa etapa do certame, ser\u00e1 composta por prova objetiva + reda\u00e7\u00e3o, que ser\u00e3o realizadas no dia <strong>18 de fevereiro de 2024,<\/strong> com 4h30 de dura\u00e7\u00e3o. <\/p>\n\n\n\n<p>Na prova objetiva, de car\u00e1ter eliminat\u00f3rio e classificat\u00f3rio, os candidatos ser\u00e3o avaliados por 60 quest\u00f5es, valendo de 0 (zero) a 70 (pontos), das<strong> seguintes disciplinas: <\/strong><\/p>\n\n\n\n<ul class=\"wp-block-list\"><li>Conhecimentos gerais \n<ul class=\"wp-block-list\"><li>L\u00edngua Portuguesa (10 quest\u00f5es) <\/li>\n\n\n\n<li>No\u00e7\u00f5es de Inform\u00e1tica (5) <\/li>\n\n\n\n<li>Geografia e Hist\u00f3ria de Manaus (5) <\/li>\n<\/ul><\/li>\n\n\n\n<li>Conhecimentos espec\u00edficos \n<ul class=\"wp-block-list\"><li>No\u00e7\u00f5es de Direito (25) \n<ul class=\"wp-block-list\"><li>Direito Humanos <\/li>\n\n\n\n<li>Direito Administrativo <\/li>\n\n\n\n<li>Constitucional<\/li>\n\n\n\n<li>Penal<\/li>\n\n\n\n<li>Processual Penal <\/li>\n<\/ul><\/li>\n\n\n\n<li>Legisla\u00e7\u00e3o (15) <\/li>\n<\/ul><\/li>\n<\/ul><p><\/p>\n\n\n\n<p>Estar\u00e1 habilitado na prova objetiva, o candidato que tenha alcan\u00e7ado no m\u00ednimo <strong>35 pontos<\/strong> do total de conjuntos de prova.<\/p>\n\n\n\n<p>A <a href=\"https:\/\/www.youtube.com\/watch?v=UZOipim-tzc&amp;t=3796s\" target=\"_blank\" rel=\"noopener\">reda\u00e7\u00e3o, <\/a>de car\u00e1ter eliminat\u00f3rio e classificat\u00f3rio, ser\u00e1 avaliada de 0 (zero) a 20 (pontos), sendo classificado o candidato que <strong>obtiver<\/strong> nota m\u00ednima ou superior a 10 pontos. <\/p>\n\n\n\n<p>Para o desenvolvimento da reda\u00e7\u00e3o, deve-se redigir um texto de no m\u00ednimo 20 e no m\u00e1ximo 30 linhas, observando os seguintes <strong>crit\u00e9rios: <\/strong><\/p>\n\n\n\n<ul class=\"wp-block-list\"><li>conhecimento do tema (4 pontos) <\/li>\n\n\n\n<li>habilidade argumentativa (4) <\/li>\n\n\n\n<li>sequ\u00eancia l\u00f3gica e de organiza\u00e7\u00e3o do pensamento (4) <\/li>\n\n\n\n<li>coer\u00eancia e coes\u00e3o (3) <\/li>\n\n\n\n<li>morfossintaxe (3) <\/li>\n\n\n\n<li>acetua\u00e7\u00e3o e ortografia (2) <\/li>\n<\/ul><p><\/p>\n\n\n\n<h2 class=\"wp-block-heading\" id=\"comee-agora-sua-preparao-\">Come\u00e7e agora sua prepara\u00e7\u00e3o <\/h2>\n\n\n\n<figure class=\"wp-block-embed is-type-video is-provider-youtube wp-block-embed-youtube wp-embed-aspect-16-9 wp-has-aspect-ratio\"><div class=\"wp-block-embed__wrapper\">\n<iframe loading=\"lazy\" title=\"Quest\u00f5es de L\u00edngua Portuguesa para a banca IBFC\" width=\"500\" height=\"281\" src=\"https:\/\/www.youtube.com\/embed\/pWu0ZtW7meA?feature=oembed\" frameborder=\"0\" allow=\"accelerometer; autoplay; clipboard-write; encrypted-media; gyroscope; picture-in-picture; web-share\" referrerpolicy=\"strict-origin-when-cross-origin\" allowfullscreen><\/iframe>\n<\/div><\/figure><p><\/p>\n\n\n\n<p><\/p>\n\n\n\n<p><\/p>\n\n\n\n<p><\/p>\n\n\n\n<p><\/p>\n\n\n\n<p><\/p>\n\n\n\n<p><\/p>\n\n\n\n<p><\/p>","protected":false},"excerpt":{"rendered":"<p>\u00d3timas not\u00edcias aos concurseiros da regi\u00e3o Norte. O t\u00e3o aguardado edital da Guarda Municipal de Manaus (T\u00e9cnico Municipal I), foi publicado. S\u00e3o ofertadas 200 vagas + forma\u00e7\u00e3o de cadastro reserva, para candidatos que tenham o certificado de conclus\u00e3o de ensino m\u00e9dio. Uma das etapas de sele\u00e7\u00e3o ser\u00e1 a prova objetiva, que ser\u00e1 aplicada somente em [&hellip;]<\/p>\n","protected":false},"author":54664,"featured_media":157632,"comment_status":"closed","ping_status":"closed","sticky":false,"template":"","format":"standard","meta":{"_acf_changed":false,"footnotes":"","_wp_rev_ctl_limit":""},"categories":[228],"tags":[],"class_list":["post-213304","post","type-post","status-publish","format-standard","has-post-thumbnail","hentry","category-noticias"],"acf":[],"_links":{"self":[{"href":"https:\/\/www.novaconcursos.com.br\/portal\/wp-json\/wp\/v2\/posts\/213304","targetHints":{"allow":["GET"]}}],"collection":[{"href":"https:\/\/www.novaconcursos.com.br\/portal\/wp-json\/wp\/v2\/posts"}],"about":[{"href":"https:\/\/www.novaconcursos.com.br\/portal\/wp-json\/wp\/v2\/types\/post"}],"author":[{"embeddable":true,"href":"https:\/\/www.novaconcursos.com.br\/portal\/wp-json\/wp\/v2\/users\/54664"}],"replies":[{"embeddable":true,"href":"https:\/\/www.novaconcursos.com.br\/portal\/wp-json\/wp\/v2\/comments?post=213304"}],"version-history":[{"count":80,"href":"https:\/\/www.novaconcursos.com.br\/portal\/wp-json\/wp\/v2\/posts\/213304\/revisions"}],"predecessor-version":[{"id":213571,"href":"https:\/\/www.novaconcursos.com.br\/portal\/wp-json\/wp\/v2\/posts\/213304\/revisions\/213571"}],"wp:featuredmedia":[{"embeddable":true,"href":"https:\/\/www.novaconcursos.com.br\/portal\/wp-json\/wp\/v2\/media\/157632"}],"wp:attachment":[{"href":"https:\/\/www.novaconcursos.com.br\/portal\/wp-json\/wp\/v2\/media?parent=213304"}],"wp:term":[{"taxonomy":"category","embeddable":true,"href":"https:\/\/www.novaconcursos.com.br\/portal\/wp-json\/wp\/v2\/categories?post=213304"},{"taxonomy":"post_tag","embeddable":true,"href":"https:\/\/www.novaconcursos.com.br\/portal\/wp-json\/wp\/v2\/tags?post=213304"}],"curies":[{"name":"wp","href":"https:\/\/api.w.org\/{rel}","templated":true}]}}