{"id":213465,"date":"2023-11-28T11:49:48","date_gmt":"2023-11-28T14:49:48","guid":{"rendered":"https:\/\/www.novaconcursos.com.br\/portal\/?p=213465"},"modified":"2023-11-28T11:49:51","modified_gmt":"2023-11-28T14:49:51","slug":"sairam-os-locais-de-prova-do-concurso-camara-dos-deputados","status":"publish","type":"post","link":"https:\/\/www.novaconcursos.com.br\/portal\/noticias\/sairam-os-locais-de-prova-do-concurso-camara-dos-deputados\/","title":{"rendered":"Sa\u00edram os locais de prova do concurso C\u00e2mara dos Deputados!"},"content":{"rendered":"<p>As provas do\u00a0<a href=\"https:\/\/www.novaconcursos.com.br\/portal\/concursos\/concurso-camara-dos-deputados\/\">concurso C\u00e2mara dos Deputados<\/a>\u00a0acontecer\u00e3o em\u00a0<strong>dezembro\u00a0<\/strong>e quase 100 mil pessoas se inscreveram para disputa de\u00a0<strong>749 vagas<\/strong>. Veja os locais de prova!<\/p>\n\n\n\n<ul class=\"wp-block-list\"><li><strong>Confira:\u00a0<\/strong><a href=\"https:\/\/www.novaconcursos.com.br\/apostila\/camara-deputados-analista-legislativo-tecnica-legislativa\">Apostila C\u00e2mara dos Deputados 2023 \u2013 Analista Legislativo \u2013 T\u00e9cnica Legislativa<\/a><\/li>\n\n\n\n<li><strong>Confira:\u00a0<\/strong><a href=\"https:\/\/www.novaconcursos.com.br\/apostila\/camara-deputados-analista-leg-consultor-leg-comum\">Apostila C\u00e2mara dos Deputados 2023 \u2013 Analista Legislativo \u2013 Consultor Legislativo \u2013 Comum a Todos os Cargos<\/a><\/li>\n<\/ul><p><\/p>\n\n\n\n<p>Estude para o concurso dos seus sonhos com o\u00a0<strong>M\u00e9todo<\/strong>\u00a0que j\u00e1 ajudou na\u00a0<strong>aprova\u00e7\u00e3o de mais de 70 mil alunos.<\/strong>\u00a0<a href=\"https:\/\/aprovacao.novaconcursos.com.br\/assinatura\" target=\"_blank\" rel=\"noreferrer noopener\">Clique aqui<\/a>\u00a0e saiba mais!<\/p>\n\n\n\n<h2 class=\"wp-block-heading\" id=\"quando-sero-as-provas-do-concurso-cmara-dos-deputados\">Quando ser\u00e3o as provas do concurso C\u00e2mara dos Deputados?<\/h2>\n\n\n\n<p>Assim, a <a href=\"https:\/\/www.novaconcursos.com.br\/portal\/concursos-previstos\/nacional\">sele\u00e7\u00e3o <\/a>ter\u00e1 etapas de\u00a0<strong>provas objetiva e discursiva<\/strong>\u00a0(ambas de car\u00e1ter eliminat\u00f3rio e classificat\u00f3rio) e prova de t\u00edtulos, somente para Consultores e M\u00e9dicos (de car\u00e1ter classificat\u00f3rio).\u00a0<\/p>\n\n\n\n<p>Portanto, as provas acontecer\u00e3o em dois domingos, sendo os\u00a0<strong>dias 3 e 10 de dezembro<\/strong>\u00a0de 2023. Com isso, foram divulgados os locais de avalia\u00e7\u00e3o.<\/p>\n\n\n\n<p><a href=\"https:\/\/conhecimento.fgv.br\/concursos\/cdeputados23\" target=\"_blank\" rel=\"noreferrer noopener\">Confira seu local de prova, clicando aqui!<\/a><\/p>\n\n\n\n<p><strong>Dia 3 de dezembro<\/strong><\/p>\n\n\n\n<ul class=\"wp-block-list\"><li>Provas objetivas e discursiva para o cargo de Analista Legislativo, nas atribui\u00e7\u00f5es Contador, Inform\u00e1tica Legislativa, T\u00e9cnico em Material e Patrim\u00f4nio, Assistente Social, Enfermeiro, Farmac\u00eautico e M\u00e9dico;<\/li>\n\n\n\n<li>Provas objetivas para o cargo de Analista Legislativo, na atribui\u00e7\u00e3o Consultoria (Consultor Legislativo e Consultor de Or\u00e7amento e Fiscaliza\u00e7\u00e3o Financeira)<\/li>\n<\/ul><p><\/p>\n\n\n\n<p><strong>Dia 10 de dezembro<\/strong><\/p>\n\n\n\n<ul class=\"wp-block-list\"><li>Provas objetivas e a prova discursiva para os candidatos ao cargo de Analista Legislativo, atribui\u00e7\u00e3o T\u00e9cnica Legislativa; e<\/li>\n\n\n\n<li>Provas discursivas para o cargo de Analista Legislativo, na atribui\u00e7\u00e3o Consultoria (Consultor Legislativa e Consultor de Or\u00e7amento e Fiscaliza\u00e7\u00e3o Financeira).<\/li>\n<\/ul><p><\/p>\n\n\n\n<p>Informa\u00e7\u00f5es sobre o concurso p\u00fablico para a\u00a0C\u00e2mara dos Deputados\u00a0podem ser obtidas pelo telefone\u00a0<strong>0800 2834628<\/strong>\u00a0e pelo e-mail\u00a0<a href=\"mailto:cdeputados23@fgv.br\">cdeputados23@fgv.br<\/a>.<\/p>\n\n\n\n<h3 class=\"wp-block-heading\">Como ser\u00e3o as provas?<\/h3>\n\n\n\n<p>As provas objetivas contar\u00e3o com\u00a0<strong>130 quest\u00f5es\u00a0<\/strong>de m\u00faltipla escolha sobre conte\u00fados de conhecimentos gerais e espec\u00edficos que variam de acordo com cada cargo.<\/p>\n\n\n\n<p>Entretanto, para a especialidade de\u00a0<strong>Consultoria<\/strong>, ser\u00e3o 175 ou 210 quest\u00f5es. Confira mais detalhes sobre cada uma das provas:<\/p>\n\n\n\n<ul class=\"wp-block-list\"><li><strong>Prova objetiva \u2013 Conhecimentos Gerais:<\/strong>\n<ul class=\"wp-block-list\"><li>Consultoria (Consultoria Legislativa), composta por 4 disciplinas;<\/li>\n\n\n\n<li>Consultoria (Consultoria de Or\u00e7amento e Fiscaliza\u00e7\u00e3o Financeira), composta por 7 disciplinas;<\/li>\n\n\n\n<li>M\u00e9dico, Assistente Social, Enfermeiro e Farmac\u00eautico, composta por 5 disciplinas;<\/li>\n\n\n\n<li>Contador, T\u00e9cnica Legislativa e T\u00e9cnico em Material e Patrim\u00f4nio, composta por 7 disciplinas;<\/li>\n\n\n\n<li>Inform\u00e1tica Legislativa, composta por 6 disciplinas.<\/li>\n<\/ul><\/li>\n\n\n\n<li><strong>Prova objetiva \u2013 Conhecimentos Espec\u00edficos:<\/strong>\n<ul class=\"wp-block-list\"><li>Consultoria (Consultoria Legislativa), composta por quest\u00f5es ou itens relacionados \u00e0s 20 (vinte) \u00e1reas de especialidade;<\/li>\n\n\n\n<li>Consultoria (Consultoria de Or\u00e7amento e Fiscaliza\u00e7\u00e3o Financeira), composta por 3 disciplinas;<\/li>\n\n\n\n<li>M\u00e9dico, composta por quest\u00f5es ou itens relacionados a 5 (cinco) \u00e1reas de especialidade;<\/li>\n\n\n\n<li>Assistente Social, Enfermeiro e Farmac\u00eautico, composta por quest\u00f5es ou itens de acordo com cada um dos cargos;<\/li>\n\n\n\n<li>Contador e T\u00e9cnica Legislativa, composta por 6 disciplinas, e T\u00e9cnico em Material e Patrim\u00f4nio, 5 disciplinas;<\/li>\n\n\n\n<li>Inform\u00e1tica Legislativa, composta por disciplinas correlatas \u00e0 \u00e1rea da tecnologia da informa\u00e7\u00e3o.<\/li>\n<\/ul><\/li>\n\n\n\n<li><strong>Avalia\u00e7\u00e3o discursiva:<\/strong>\n<ul class=\"wp-block-list\"><li><strong>Consultoria\u00a0<\/strong>(Consultoria Legislativa e Consultoria de Or\u00e7amento e Fiscaliza\u00e7\u00e3o Financeira), realizadas em 2 (dois) turnos de 4 horas cada, totalizando 4 (quatro) provas;<\/li>\n\n\n\n<li><strong>Para os demais cargos<\/strong>, realizada em turno \u00fanico, compreendendo 1 (uma) disserta\u00e7\u00e3o sobre tema t\u00e9cnico.<\/li>\n<\/ul><\/li>\n<\/ul><p><\/p>\n\n\n\n<p>Por fim, o\u00a0<strong>conte\u00fado program\u00e1tico<\/strong>\u00a0completo, com as disciplinas de cada prova, pode ser conferido em cada um dos editais:<\/p>\n\n\n\n<ul class=\"wp-block-list\"><li><a href=\"https:\/\/www.camara.leg.br\/midias\/file\/2023\/08\/cdep-edital-1.pdf\" target=\"_blank\" rel=\"noreferrer noopener\">Edital 1 \u2013 Contador, Inform\u00e1tica Legislativa e T\u00e9cnico em Material e Patrim\u00f4nio<\/a><\/li>\n\n\n\n<li><a href=\"https:\/\/www.camara.leg.br\/midias\/file\/2023\/08\/cdep-edital-2-assistente-social-enfermeiro-farmacutico-e-mdico-22-08-publicao.pdf\" target=\"_blank\" rel=\"noreferrer noopener\">Edital 2 \u2013 Assistente social, Enfermeiro, Farmac\u00eautico e M\u00e9dico<\/a><\/li>\n\n\n\n<li><a href=\"https:\/\/www.camara.leg.br\/midias\/file\/2023\/08\/cdep-edital-3-tecnica-legislativa-22-08-pdf-2.pdf\" target=\"_blank\" rel=\"noreferrer noopener\">Edital 3 \u2013 T\u00e9cnica Legislativa<\/a><\/li>\n\n\n\n<li><a href=\"https:\/\/www.camara.leg.br\/midias\/file\/2023\/08\/cdep-edital-4-consultorias-22-08-publicao-pdf.pdf\" target=\"_blank\" rel=\"noreferrer noopener\">Edital 4 \u2013 Consultorias<\/a><\/li>\n<\/ul><h3 class=\"wp-block-heading\">N\u00famero de inscritos<\/h3>\n\n\n\n<p>Anteriormente, a banca organizadora\u00a0<strong>Funda\u00e7\u00e3o Get\u00falio Vargas\u00a0<\/strong>publicou a lista definitiva da demanda de candidatos por vaga da sele\u00e7\u00e3o.<\/p>\n\n\n\n<p>Assim, um total de\u00a0<strong>90.573 candidatos\u00a0<\/strong>se inscreveram, sendo a carreira de\u00a0<strong>T\u00e9cnico Legislativo<\/strong> com mais inscritos, sendo 47.247 candidaturas.\u00a0Veja a divis\u00e3o por edital:<\/p>\n\n\n\n<ul class=\"wp-block-list\"><li><a href=\"https:\/\/conhecimento.fgv.br\/sites\/default\/files\/concursos\/599-camara-dos-deputados-demanda_por_vaga.pdf\" target=\"_blank\" rel=\"noreferrer noopener\">Edital 1 \u2013 Contador, Inform\u00e1tica Legislativa e T\u00e9cnico em Material e Patrim\u00f4nio<\/a><\/li>\n\n\n\n<li><a href=\"https:\/\/conhecimento.fgv.br\/sites\/default\/files\/concursos\/610-camara-dos-deputados-demanda_por_vaga.pdf\" target=\"_blank\" rel=\"noreferrer noopener\">Edital 2 \u2013 Assistente social, Enfermeiro, Farmac\u00eautico e M\u00e9dico<\/a><\/li>\n\n\n\n<li><a href=\"https:\/\/conhecimento.fgv.br\/sites\/default\/files\/concursos\/612-camara-dos-deputados-demanda_por_vaga.pdf\" target=\"_blank\" rel=\"noreferrer noopener\">Edital 3 \u2013 T\u00e9cnica Legislativa<\/a><\/li>\n\n\n\n<li><a href=\"https:\/\/conhecimento.fgv.br\/sites\/default\/files\/concursos\/613-camara-dos-deputados-demanda_por_vaga.pdf\" target=\"_blank\" rel=\"noreferrer noopener\">Edital 4 \u2013 Consultorias<\/a><\/li>\n<\/ul><p><\/p>\n\n\n\n<h2 class=\"wp-block-heading\" id=\"quais-as-vagas-e-cargos-e-salrios-do-concurso-cmara-dos-depu\">Quais as vagas e cargos e sal\u00e1rios do concurso C\u00e2mara dos Deputados?<\/h2>\n\n\n\n<p>Portanto, o\u00a0<a href=\"https:\/\/www.novaconcursos.com.br\/portal\/concursos-abertos\/nacional\">concurso<\/a>\u00a0da C\u00e2mara dos Deputados teve quatro editais publicados, somando\u00a0<strong>749 vagas\u00a0<\/strong>em diversas especialidades, sendo 140 imediatas.<\/p>\n\n\n\n<p>Al\u00e9m disso, um cadastro reserva tamb\u00e9m ser\u00e1 formado com\u00a0<strong>609 vagas\u00a0<\/strong>e poder\u00e1 ser utilizado durante toda a validade do concurso, inicialmente de 2 anos.<\/p>\n\n\n\n<p>Ent\u00e3o, as vagas s\u00e3o para o cargo de\u00a0<strong>Analista Legislativo,\u00a0<\/strong>que exige o<strong>\u00a0n\u00edvel superior<\/strong>. Portanto, confira a distribui\u00e7\u00e3o das vagas imediatas:<\/p>\n\n\n\n<ul class=\"wp-block-list\"><li><strong>Edital n\u00ba01<\/strong>\n<ul class=\"wp-block-list\"><li>Contador \u2013 3 vagas;<\/li>\n\n\n\n<li>Analista de Inform\u00e1tica Legislativa \u2013 30 vagas;<\/li>\n\n\n\n<li>T\u00e9cnico em Material e Patrim\u00f4nio \u2013 20 vagas<\/li>\n<\/ul><\/li>\n\n\n\n<li><strong>Edital n\u00ba02<\/strong>\n<ul class=\"wp-block-list\"><li>Assistente Social \u2013 2 vagas;<\/li>\n\n\n\n<li>Enfermeiro \u2013 2 vagas;<\/li>\n\n\n\n<li>Farmac\u00eautico \u2013 1 vaga;<\/li>\n\n\n\n<li>M\u00e9dico \u2013 15 vagas.<\/li>\n<\/ul><\/li>\n\n\n\n<li><strong>Edital n\u00ba03<\/strong>\n<ul class=\"wp-block-list\"><li>T\u00e9cnica Legislativa \u2013 33 vagas.<\/li>\n<\/ul><\/li>\n\n\n\n<li><strong>Edital n\u00ba 04<\/strong>\n<ul class=\"wp-block-list\"><li>Consultoria Legislativa \u2013 32 vagas;<\/li>\n\n\n\n<li>Consultoria de Or\u00e7amento e Fiscaliza\u00e7\u00e3o Financeira \u2013 2 vagas.<\/li>\n<\/ul><\/li>\n<\/ul><p><\/p>\n\n\n\n<p>Assim, de acordo com os editais, h\u00e1 vagas destinadas a candidatos com\u00a0<strong>defici\u00eancia<\/strong>, enquanto outras ser\u00e3o para candidatos\u00a0<strong>negros<\/strong>.<\/p>\n\n\n\n<h3 class=\"wp-block-heading\">E os sal\u00e1rios?<\/h3>\n\n\n\n<p>Ademais, os sal\u00e1rios iniciais chegam a\u00a0<strong>R$ 26.196,30.<\/strong>\u00a0Al\u00e9m disso, o servidor ainda tem direito a benef\u00edcios como assist\u00eancia pr\u00e9-escolar (R$743,08), aux\u00edlio-transporte e assist\u00eancia m\u00e9dica e odontol\u00f3gica, de R$271,98.<\/p>\n\n\n\n<p>Por fim, lembrando ainda que todas as vagas s\u00e3o destinadas \u00e0 lota\u00e7\u00e3o exclusivamente em\u00a0<strong>Bras\u00edlia<\/strong>, capital federal.<\/p>","protected":false},"excerpt":{"rendered":"<p>As provas do\u00a0concurso C\u00e2mara dos Deputados\u00a0acontecer\u00e3o em\u00a0dezembro\u00a0e quase 100 mil pessoas se inscreveram para disputa de\u00a0749 vagas. Veja os locais de prova! Estude para o concurso dos seus sonhos com o\u00a0M\u00e9todo\u00a0que j\u00e1 ajudou na\u00a0aprova\u00e7\u00e3o de mais de 70 mil alunos.\u00a0Clique aqui\u00a0e saiba mais! Quando ser\u00e3o as provas do concurso C\u00e2mara dos Deputados? Assim, a sele\u00e7\u00e3o [&hellip;]<\/p>\n","protected":false},"author":54671,"featured_media":202440,"comment_status":"closed","ping_status":"closed","sticky":false,"template":"","format":"standard","meta":{"_acf_changed":false,"footnotes":"","_wp_rev_ctl_limit":""},"categories":[228],"tags":[],"class_list":["post-213465","post","type-post","status-publish","format-standard","has-post-thumbnail","hentry","category-noticias"],"acf":[],"_links":{"self":[{"href":"https:\/\/www.novaconcursos.com.br\/portal\/wp-json\/wp\/v2\/posts\/213465","targetHints":{"allow":["GET"]}}],"collection":[{"href":"https:\/\/www.novaconcursos.com.br\/portal\/wp-json\/wp\/v2\/posts"}],"about":[{"href":"https:\/\/www.novaconcursos.com.br\/portal\/wp-json\/wp\/v2\/types\/post"}],"author":[{"embeddable":true,"href":"https:\/\/www.novaconcursos.com.br\/portal\/wp-json\/wp\/v2\/users\/54671"}],"replies":[{"embeddable":true,"href":"https:\/\/www.novaconcursos.com.br\/portal\/wp-json\/wp\/v2\/comments?post=213465"}],"version-history":[{"count":4,"href":"https:\/\/www.novaconcursos.com.br\/portal\/wp-json\/wp\/v2\/posts\/213465\/revisions"}],"predecessor-version":[{"id":213474,"href":"https:\/\/www.novaconcursos.com.br\/portal\/wp-json\/wp\/v2\/posts\/213465\/revisions\/213474"}],"wp:featuredmedia":[{"embeddable":true,"href":"https:\/\/www.novaconcursos.com.br\/portal\/wp-json\/wp\/v2\/media\/202440"}],"wp:attachment":[{"href":"https:\/\/www.novaconcursos.com.br\/portal\/wp-json\/wp\/v2\/media?parent=213465"}],"wp:term":[{"taxonomy":"category","embeddable":true,"href":"https:\/\/www.novaconcursos.com.br\/portal\/wp-json\/wp\/v2\/categories?post=213465"},{"taxonomy":"post_tag","embeddable":true,"href":"https:\/\/www.novaconcursos.com.br\/portal\/wp-json\/wp\/v2\/tags?post=213465"}],"curies":[{"name":"wp","href":"https:\/\/api.w.org\/{rel}","templated":true}]}}