{"id":213768,"date":"2024-01-05T15:00:00","date_gmt":"2024-01-05T18:00:00","guid":{"rendered":"https:\/\/www.novaconcursos.com.br\/portal\/?p=213768"},"modified":"2024-01-05T15:14:37","modified_gmt":"2024-01-05T18:14:37","slug":"quanto-ganha-um-analista-tecnico-de-politicas-sociais-atps","status":"publish","type":"post","link":"https:\/\/www.novaconcursos.com.br\/portal\/artigos\/quanto-ganha-um-analista-tecnico-de-politicas-sociais-atps\/","title":{"rendered":"Quanto ganha um Analista T\u00e9cnico de Pol\u00edticas Sociais &#8211; ATPS?"},"content":{"rendered":"<p>O edital do\u00a0Concurso Nacional Unificado (CNU)\u00a0sai dia <strong>10 de janeiro<\/strong>. Veja detalhes sobre a carreira de <a href=\"https:\/\/www.novaconcursos.com.br\/portal\/concursos\/concurso-unificado-nacional\/\">Analista T\u00e9cnico de Pol\u00edticas Sociais<\/a> (ATPS), que estar\u00e1 na sele\u00e7\u00e3o unificada. <\/p>\n\n\n\n<ul class=\"wp-block-list\"><li><strong>Confira:\u00a0<\/strong><a href=\"https:\/\/www.novaconcursos.com.br\/apostila\/cnu-prep-comum-todos-blocos\">Apostila CNU \u2013 Comum a Todos os Blocos<\/a><\/li>\n\n\n\n<li><strong>Confira:\u00a0<\/strong><a href=\"https:\/\/www.novaconcursos.com.br\/livro\/1000-questoes-gabaritadas-cesgranrio\">Livro 1.000 Quest\u00f5es Gabaritadas CESGRANRIO<\/a><\/li>\n<\/ul><p>Estude para o concurso dos seus sonhos com o\u00a0<strong>M\u00e9todo<\/strong>\u00a0que j\u00e1 ajudou na\u00a0<strong>aprova\u00e7\u00e3o de mais de 70 mil alunos.<\/strong>\u00a0<a href=\"https:\/\/aprovacao.novaconcursos.com.br\/assinatura\" target=\"_blank\" rel=\"noreferrer noopener\">Clique aqui<\/a>\u00a0e saiba mais!<\/p>\n\n\n\n<h2 class=\"wp-block-heading\" id=\"qual-o-salrio-de-um-analista-tcnico-de-polticas-sociais-atps\">Qual o sal\u00e1rio de um Analista T\u00e9cnico de Pol\u00edticas Sociais (ATPS)?<\/h2>\n\n\n\n<p><strong>Aten\u00e7\u00e3o <\/strong>para aqueles que v\u00e3o competir por uma vaga de Analista T\u00e9cnico de Pol\u00edticas Sociais (ATPS) no\u00a0Concurso Nacional Unificado, que est\u00e1 prestes a sair!\u00a0<\/p>\n\n\n\n<p>Com a reestrutura\u00e7\u00e3o na carreira, os servidores passar\u00e3o a ter remunera\u00e7\u00e3o por subs\u00eddio e os valores ser\u00e3o reajustados em\u00a0<strong>tr\u00eas parcelas,\u00a0<\/strong>dentro de tr\u00eas anos (2024, 2025 e 2026), sendo:<\/p>\n\n\n\n<ul class=\"wp-block-list\"><li><strong>Janeiro de 2024:<\/strong>\n<ul class=\"wp-block-list\"><li>Inicial (Classe A\/Padr\u00e3o I):\u00a0R$ 9.181,42<\/li>\n\n\n\n<li>Final (Classe Especial\/Padr\u00e3o III):\u00a0R$ 18.363,26<\/li>\n<\/ul><\/li>\n\n\n\n<li><strong>Janeiro de 2025:<\/strong>\n<ul class=\"wp-block-list\"><li>Inicial (Classe A\/Padr\u00e3o I):\u00a0R$ 9.446,21<\/li>\n\n\n\n<li>Final (Classe Especial\/Padr\u00e3o III):\u00a0R$ 19.719,92<\/li>\n<\/ul><\/li>\n\n\n\n<li><strong>Janeiro de 2026:<\/strong>\n<ul class=\"wp-block-list\"><li>Inicial (Classe A\/Padr\u00e3o I):\u00a0R$ 9.711,00<\/li>\n\n\n\n<li>Final (Classe Especial\/Padr\u00e3o III):\u00a0R$ 21.070,00<\/li>\n<\/ul><\/li>\n<\/ul><p>Por enquanto, ainda sem reestrutura\u00e7\u00e3o e de acordo com a tabela de transpar\u00eancia, os sal\u00e1rios do \u00f3rg\u00e3o s\u00e3o entre <strong>R$ 4,7 mil e R$ 16,5 mil.<\/strong> Veja:<\/p>\n\n\n\n<figure class=\"wp-block-image size-large\"><a href=\"https:\/\/www.novaconcursos.com.br\/portal\/wp-content\/uploads\/2023\/11\/image-3-1.png\"><img decoding=\"async\" width=\"1024\" height=\"511\" src=\"https:\/\/www.novaconcursos.com.br\/portal\/wp-content\/uploads\/2023\/11\/image-3-1-1024x511.png\" alt=\"\" class=\"wp-image-213868\" loading=\"lazy\" title=\"\" srcset=\"https:\/\/www.novaconcursos.com.br\/portal\/wp-content\/uploads\/2023\/11\/image-3-1-300x150.png 300w, https:\/\/www.novaconcursos.com.br\/portal\/wp-content\/uploads\/2023\/11\/image-3-1-480x240.png 480w, https:\/\/www.novaconcursos.com.br\/portal\/wp-content\/uploads\/2023\/11\/image-3-1-768x383.png 768w, https:\/\/www.novaconcursos.com.br\/portal\/wp-content\/uploads\/2023\/11\/image-3-1-1024x511.png 1024w, https:\/\/www.novaconcursos.com.br\/portal\/wp-content\/uploads\/2023\/11\/image-3-1.png 1100w\" sizes=\"auto, (max-width: 480px) 100vw, (max-width: 768px) 100vw, (max-width: 1200px) 70vw, 768px\"><\/a><figcaption><\/figcaption><\/figure><p>Al\u00e9m disso, \u00e9 importante frisar que os servidores contratados recebem o<strong>\u00a0aux\u00edlio alimenta\u00e7\u00e3o no valor de R$ 658,00<\/strong>, al\u00e9m de outros benef\u00edcios. <\/p>\n\n\n\n<h2 class=\"wp-block-heading\" id=\"carreira-de-atps-ser-reestruturada\">Carreira de ATPS ser\u00e1 reestruturada?<\/h2>\n\n\n\n<p>Assim, o Colegiado da ANDEPS (Associa\u00e7\u00e3o Nacional da Carreira de Desenvolvimento Pol\u00edticos Sociais)\u00a0e o Minist\u00e9rio de Gest\u00e3o e Inova\u00e7\u00e3o em Servi\u00e7os Publicou assinaram o MP que\u00a0<strong>reestrutura a carreira de ATPS.<\/strong><\/p>\n\n\n\n<p>Entre os principais t\u00f3picos do acordo firmado, est\u00e3o o\u00a0<strong>reajuste salarial<\/strong>\u00a0da carreira e a defini\u00e7\u00e3o de carreira transversal, supervisionada pelo Minist\u00e9rio da Gest\u00e3o e da Inova\u00e7\u00e3o. <\/p>\n\n\n\n<p>Saiba mais: <a href=\"https:\/\/www.novaconcursos.com.br\/portal\/noticias\/com-oferta-de-500-vagas-no-cnu-carreira-de-atps-sera-reestruturada\/\">carreira de ATPS <\/a>ser\u00e1 reestruturada!<\/p>\n\n\n\n<p><a href=\"https:\/\/www.in.gov.br\/en\/web\/dou\/-\/medida-provisoria-n-1.203-de-29-de-dezembro-de-2023-534997184\" target=\"_blank\" rel=\"noreferrer noopener\">Baixe o termo de acordo<\/a>!\u00a0??<\/p>\n\n\n\n<h2 class=\"wp-block-heading\" id=\"mas-o-que-carreira-transversal\">Mas o que \u00e9 carreira transversal?<\/h2>\n\n\n\n<p>Portanto, importante destacar que a carreira transversal permite que o servidor seja lotado em <strong>diferentes minist\u00e9rios<\/strong> do Poder Executivo, conforme a necessidade.\u00a0<\/p>\n\n\n\n<p>Lembrando ainda que a carreira de Desenvolvimento de Pol\u00edticas Sociais foi criada pela Lei n\u00ba 12.094, de 19 de novembro de 2009. <a href=\"https:\/\/www.planalto.gov.br\/ccivil_03\/_ato2007-2010\/2009\/lei\/l12094.htm\" target=\"_blank\" rel=\"noopener\">Veja detalhes da lei<\/a>!<\/p>\n\n\n\n<h2 class=\"wp-block-heading\" id=\"como-o-trabalho-de-um-analista-de-polcias-sociais\">Como \u00e9 o trabalho de um Analista de Pol\u00edcias Sociais?<\/h2>\n\n\n\n<ul class=\"wp-block-list\"><li>Executar atividades de assist\u00eancia t\u00e9cnica em projetos e programas nas \u00e1reas de sa\u00fade, previd\u00eancia, emprego e renda, seguran\u00e7a p\u00fablica, desenvolvimento urbano, seguran\u00e7a alimentar, assist\u00eancia social, educa\u00e7\u00e3o, cultura, cidadania, direitos humanos e prote\u00e7\u00e3o \u00e0 inf\u00e2ncia, \u00e0 juventude, ao portador de necessidades especiais, ao idoso e ao ind\u00edgena.<\/li>\n\n\n\n<li>Verificar, acompanhar e supervisionar os processos inerentes ao Sistema \u00danico de Sa\u00fade, ao Sistema \u00danico de Assist\u00eancia Social e aos demais programas sociais do governo federal objeto de execu\u00e7\u00e3o descentralizada;<\/li>\n\n\n\n<li>Identificar situa\u00e7\u00f5es em desacordo com os padr\u00f5es estabelecidos em normas e legisla\u00e7\u00e3o espec\u00edfica de aten\u00e7\u00e3o \u00e0 sa\u00fade, previd\u00eancia, emprego e renda, seguran\u00e7a p\u00fablica, desenvolvimento urbano, seguran\u00e7a alimentar, assist\u00eancia social, educa\u00e7\u00e3o, cultura, cidadania, direitos humanos e prote\u00e7\u00e3o \u00e0 inf\u00e2ncia, \u00e0 juventude;<\/li>\n\n\n\n<li>Aferir os resultados da assist\u00eancia \u00e0 sa\u00fade, previd\u00eancia, emprego e renda, seguran\u00e7a p\u00fablica, desenvolvimento urbano, seguran\u00e7a alimentar, assist\u00eancia social, educa\u00e7\u00e3o, cultura, cidadania, direitos humanos e prote\u00e7\u00e3o \u00e0 inf\u00e2ncia, \u00e0 juventude, ao portador de necessidades especiais, ao idoso e ao ind\u00edgena, considerando os planos e objetivos definidos no Sistema \u00danico de Sa\u00fade, no Sistema \u00danico de Assist\u00eancia Social e demais pol\u00edticas sociais;<\/li>\n\n\n\n<li>Proceder \u00e0 an\u00e1lise e avalia\u00e7\u00e3o dos dados obtidos, gerando informa\u00e7\u00f5es que contribuam para o planejamento e o aperfei\u00e7oamento das a\u00e7\u00f5es e pol\u00edticas sociais;<\/li>\n\n\n\n<li>Apoiar e subsidiar as atividades de controle e de auditoria;<\/li>\n\n\n\n<li>Colaborar na defini\u00e7\u00e3o de estrat\u00e9gias de execu\u00e7\u00e3o das atividades de controle e avalia\u00e7\u00e3o, sob o aspecto da melhoria cont\u00ednua e aperfei\u00e7oamento das pol\u00edticas sociais.<\/li>\n<\/ul><h2 class=\"wp-block-heading\" id=\"quais-as-vagas-ofertadas-no-cnu-para-atps\">Quais as vagas ofertadas no CNU para ATPS?<\/h2>\n\n\n\n<p>Ao todo, o edital para Analista T\u00e9cnico de Pol\u00edticas Sociais (ATPS) contemplar\u00e1\u00a0<strong>500 vagas<\/strong>\u00a0distribu\u00eddas em quatro pastas:<\/p>\n\n\n\n<ul class=\"wp-block-list\"><li>70 vagas para o\u00a0Minist\u00e9rio da Educa\u00e7\u00e3o;<\/li>\n\n\n\n<li>30 vagas para o\u00a0Minist\u00e9rio da Justi\u00e7a e Seguran\u00e7a P\u00fablica;<\/li>\n\n\n\n<li>40 vagas para o Minist\u00e9rio dos Direitos Humanos e da Cidadania; e<\/li>\n\n\n\n<li>360 vagas para o\u00a0Minist\u00e9rio da Gest\u00e3o e Inova\u00e7\u00e3o em Servi\u00e7os P\u00fablicos.<\/li>\n<\/ul><h2 class=\"wp-block-heading\" id=\"o-que-j-se-sabe-sobre-o-concurso-nacional-unificado-cnu\">O que j\u00e1 se sabe sobre o Concurso Nacional Unificado (CNU)?<\/h2>\n\n\n\n<p>Publicada a dispensa de confirma\u00e7\u00e3o da Funda\u00e7\u00e3o\u00a0<strong>Cesgranrio\u00a0<\/strong>como banca organizadora do Concurso Nacional\u00a0Unificado, o edital vai sair no dia 10 de janeiro de 2024.<\/p>\n\n\n\n<p>Ali\u00e1s, o \u201cEnem dos concursos\u201d teve ades\u00e3o de\u00a0<strong>21 \u00f3rg\u00e3os federais,<\/strong>\u00a0totalizando 6.640 vagas. Portanto, veja a distribui\u00e7\u00e3o por \u00f3rg\u00e3os:<\/p>\n\n\n\n<ul class=\"wp-block-list\" id=\"block-216df753-c654-4d2c-ac32-f1b4dc7d7f5f\"><li>Minist\u00e9rio da Gest\u00e3o e da Inova\u00e7\u00e3o em Servi\u00e7os P\u00fablicos (MGI): 1.480 vagas (incluindo as vagas transversais)<\/li>\n\n\n\n<li>Minist\u00e9rio do Desenvolvimento, Ind\u00fastria, Com\u00e9rcio e Servi\u00e7os (MDIC): 110 vagas<\/li>\n\n\n\n<li>Ag\u00eancia Nacional de Transportes Aquavi\u00e1rios (ANTAQ): 30 vagas<\/li>\n\n\n\n<li>Ag\u00eancia Nacional de Energia El\u00e9trica (ANEEL): 40 vagas<\/li>\n\n\n\n<li>Minist\u00e9rio da Agricultura, Pecu\u00e1ria e Abastecimento (Mapa): 520 vagas<\/li>\n\n\n\n<li>Instituto Nacional de Coloniza\u00e7\u00e3o e Reforma Agr\u00e1ria (Incra): 742 vagas<\/li>\n\n\n\n<li>Minist\u00e9rio da Ci\u00eancia, Tecnologia, Inova\u00e7\u00f5es e Comunica\u00e7\u00f5es (MCTI): 296 vagas<\/li>\n\n\n\n<li>Minist\u00e9rio dos Direitos Humanos: 40 vagas<\/li>\n\n\n\n<li>Minist\u00e9rio da Educa\u00e7\u00e3o: 70 vagas<\/li>\n\n\n\n<li>Funda\u00e7\u00e3o Nacional dos Povos Ind\u00edgenas (Funai): 502 vagas<\/li>\n\n\n\n<li>Minist\u00e9rio da Sa\u00fade (MS): 220 vagas<\/li>\n\n\n\n<li>Superintend\u00eancia Nacional de Previd\u00eancia Complementar (PREVIC): 40 vagas<\/li>\n\n\n\n<li>Minist\u00e9rio da Justi\u00e7a e Seguran\u00e7a P\u00fablica (MJSP): 130 vagas<\/li>\n\n\n\n<li>Minist\u00e9rio do Trabalho e Emprego (MTE): 900 vagas<\/li>\n\n\n\n<li>Ag\u00eancia Nacional de Sa\u00fade Suplementar (ANS): 35 vagas<\/li>\n\n\n\n<li>Instituto Brasileiro de Geografia e Estat\u00edstica (IBGE): 895 vagas<\/li>\n\n\n\n<li>Advocacia-Geral da Uni\u00e3o (AGU): 400 vagas<\/li>\n\n\n\n<li>Minist\u00e9rio dos Povos Ind\u00edgenas (MPI): 30 vagas<\/li>\n\n\n\n<li>Minist\u00e9rio do Planejamento e Or\u00e7amento (MPO): 60 vagas<\/li>\n\n\n\n<li>Minist\u00e9rio da Cultura (MinC): 50 vagas<\/li>\n\n\n\n<li>Instituto Nacional de Estudos e Pesquisas Educacionais (Inep): 50 vagas<\/li>\n<\/ul><p>A lista detalhada de ades\u00f5es por carreiras\/cargos de cada \u00f3rg\u00e3o\u00a0<a href=\"https:\/\/www.gov.br\/gestao\/pt-br\/assuntos\/noticias\/2023\/concurso-nacional-unificado-ofertara-6-590-vagas-no-governo-federal\/adesoes-por-cargo.pdf\/\" target=\"_blank\" rel=\"noreferrer noopener\">est\u00e1 dispon\u00edvel neste link.<\/a><\/p>\n\n\n\n<h2 class=\"wp-block-heading\" id=\"concurso-nacional-unificado-ter-provas-em-maio\">Concurso Nacional Unificado ter\u00e1 provas em maio<\/h2>\n\n\n\n<p>Lembrado que a banca foi contratada em novembro, sendo a Funda\u00e7\u00e3o\u00a0<strong>Cesgranrio<\/strong>\u00a0a respons\u00e1vel pelo certame. Com isso, o pr\u00f3ximo passo \u00e9 justamente a publica\u00e7\u00e3o do edital.<\/p>\n\n\n\n<p>Mas, a boa not\u00edcia \u00e9 que as\u00a0<strong>inscri\u00e7\u00f5es\u00a0<\/strong>devem abrir ainda no primeiro m\u00eas do ano. J\u00e1 as\u00a0<strong>provas\u00a0<\/strong>est\u00e3o previstas para maio.<\/p>\n\n\n\n<p>Al\u00e9m disso, a avalia\u00e7\u00e3o ser\u00e1 realizada em<strong>\u00a0180 munic\u00edpios<\/strong>\u00a0e aplicadas em todas as regi\u00f5es do\u00a0<a href=\"https:\/\/www.novaconcursos.com.br\/portal\/concursos-abertos\/nacional\/\">Brasil<\/a>\u00a0. E uma novidade: em dois turnos, em um domingo, respeitando o hor\u00e1rio de Bras\u00edlia\/DF.<\/p>\n\n\n\n<p>Portanto, as provas objetivas de\u00a0aplica\u00e7\u00e3o geral dever\u00e3o perpassar tr\u00eas dimens\u00f5es:<\/p>\n\n\n\n<ul class=\"wp-block-list\"><li>valoriza\u00e7\u00e3o do ethos p\u00fablico (se refere \u00e0 voca\u00e7\u00e3o para servir e trabalhar como servidor p\u00fablico);<\/li>\n\n\n\n<li>da realidade brasileira e das rela\u00e7\u00f5es entre Estado; e<\/li>\n\n\n\n<li>rela\u00e7\u00e3o das pol\u00edticas p\u00fablicas e o desenvolvimento nacional.<\/li>\n<\/ul><p>Ent\u00e3o, ser\u00e3o confeccionadas\u00a0<strong>sete avalia\u00e7\u00f5es<\/strong>\u00a0de n\u00edvel superior, uma para cada bloco, e\u00a0<strong>uma\u00a0<\/strong>para o n\u00edvel intermedi\u00e1rio (m\u00e9dio), que representa um \u00fanico bloco.<\/p>\n\n\n\n<p>Entenda como ser\u00e3o as provas do\u00a0<a href=\"https:\/\/www.novaconcursos.com.br\/portal\/noticias\/concurso-nacional-unificado-provas-2024\/\">concurso nacional unificado<\/a>\u00a0!<\/p>\n\n\n\n<h2 class=\"wp-block-heading\" id=\"dvidas-ou-outras-informaes-sobre-o-cnu\">D\u00favidas ou outras informa\u00e7\u00f5es sobre o CNU?<\/h2>\n\n\n\n<p>Para se atualizar sobre o novo Concurso Nacional, os interessados tamb\u00e9m podem seguir as redes sociais do Minist\u00e9rio da Gest\u00e3o no Instagram, X e TikTok com o usu\u00e1rio @gestaogovbr.<\/p>\n\n\n\n<p>Mas, o\u00a0Minist\u00e9rio da\u00a0Gest\u00e3o\u00a0tamb\u00e9m possui um canal oficial de atendimento para d\u00favidas e den\u00fancias\u00a0sobre o concurso:\u00a0concursonacional@gestao.gov.br\u00a0\u00a0<\/p>\n\n\n\n<p>Ali\u00e1s, o que \u00e9 esse\u00a0<a href=\"https:\/\/www.novaconcursos.com.br\/portal\/noticias\/o-que-e-esse-concurso-nacional-unificado-quando-sera-o-cnu\/\">concurso nacional unificado?<\/a><\/p>\n\n\n\n<p>Confira o cronograma do Concurso Unificado:<\/p>\n\n\n\n<ul class=\"wp-block-list\"><li>10 de janeiro de 2024 \u2013 publica\u00e7\u00e3o do edital;<\/li>\n\n\n\n<li>19 de janeiro a 9 de fevereiro de 2024 \u2013 inscri\u00e7\u00f5es;<\/li>\n\n\n\n<li>29 de fevereiro de 2024 \u2013 divulga\u00e7\u00e3o dos dados finais de inscri\u00e7\u00f5es;<\/li>\n\n\n\n<li>29 de abril de 2024 \u2013 divulga\u00e7\u00e3o dos cart\u00f5es de confirma\u00e7\u00e3o;<\/li>\n\n\n\n<li>5 de maio de 2024 \u2013 aplica\u00e7\u00e3o das provas;<\/li>\n\n\n\n<li>3 de junho de 2024 \u2013 divulga\u00e7\u00e3o dos resultados; das provas objetivas e preliminares das provas discursivas e de reda\u00e7\u00e3o;<\/li>\n\n\n\n<li>30 de julho de 2024 \u2013 divulga\u00e7\u00e3o final dos resultados;<\/li>\n\n\n\n<li>5 de agosto de 2024 \u2013 in\u00edcio da convoca\u00e7\u00e3o para posse e cursos de forma\u00e7\u00e3o.<\/li>\n<\/ul>","protected":false},"excerpt":{"rendered":"<p>O edital do\u00a0Concurso Nacional Unificado (CNU)\u00a0sai dia 10 de janeiro. Veja detalhes sobre a carreira de Analista T\u00e9cnico de Pol\u00edticas Sociais (ATPS), que estar\u00e1 na sele\u00e7\u00e3o unificada. Estude para o concurso dos seus sonhos com o\u00a0M\u00e9todo\u00a0que j\u00e1 ajudou na\u00a0aprova\u00e7\u00e3o de mais de 70 mil alunos.\u00a0Clique aqui\u00a0e saiba mais! Qual o sal\u00e1rio de um Analista T\u00e9cnico [&hellip;]<\/p>\n","protected":false},"author":54671,"featured_media":217760,"comment_status":"closed","ping_status":"closed","sticky":false,"template":"","format":"standard","meta":{"_acf_changed":false,"footnotes":"","_wp_rev_ctl_limit":""},"categories":[33508],"tags":[],"class_list":["post-213768","post","type-post","status-publish","format-standard","has-post-thumbnail","hentry","category-artigos"],"acf":[],"_links":{"self":[{"href":"https:\/\/www.novaconcursos.com.br\/portal\/wp-json\/wp\/v2\/posts\/213768","targetHints":{"allow":["GET"]}}],"collection":[{"href":"https:\/\/www.novaconcursos.com.br\/portal\/wp-json\/wp\/v2\/posts"}],"about":[{"href":"https:\/\/www.novaconcursos.com.br\/portal\/wp-json\/wp\/v2\/types\/post"}],"author":[{"embeddable":true,"href":"https:\/\/www.novaconcursos.com.br\/portal\/wp-json\/wp\/v2\/users\/54671"}],"replies":[{"embeddable":true,"href":"https:\/\/www.novaconcursos.com.br\/portal\/wp-json\/wp\/v2\/comments?post=213768"}],"version-history":[{"count":9,"href":"https:\/\/www.novaconcursos.com.br\/portal\/wp-json\/wp\/v2\/posts\/213768\/revisions"}],"predecessor-version":[{"id":217763,"href":"https:\/\/www.novaconcursos.com.br\/portal\/wp-json\/wp\/v2\/posts\/213768\/revisions\/217763"}],"wp:featuredmedia":[{"embeddable":true,"href":"https:\/\/www.novaconcursos.com.br\/portal\/wp-json\/wp\/v2\/media\/217760"}],"wp:attachment":[{"href":"https:\/\/www.novaconcursos.com.br\/portal\/wp-json\/wp\/v2\/media?parent=213768"}],"wp:term":[{"taxonomy":"category","embeddable":true,"href":"https:\/\/www.novaconcursos.com.br\/portal\/wp-json\/wp\/v2\/categories?post=213768"},{"taxonomy":"post_tag","embeddable":true,"href":"https:\/\/www.novaconcursos.com.br\/portal\/wp-json\/wp\/v2\/tags?post=213768"}],"curies":[{"name":"wp","href":"https:\/\/api.w.org\/{rel}","templated":true}]}}