{"id":213851,"date":"2023-11-30T13:41:47","date_gmt":"2023-11-30T16:41:47","guid":{"rendered":"https:\/\/www.novaconcursos.com.br\/portal\/?p=213851"},"modified":"2023-11-30T13:41:51","modified_gmt":"2023-11-30T16:41:51","slug":"concurso-sesacre-aprovados-sao-convocados-para-posse","status":"publish","type":"post","link":"https:\/\/www.novaconcursos.com.br\/portal\/noticias\/concurso-sesacre-aprovados-sao-convocados-para-posse\/","title":{"rendered":"Concurso Sesacre: Aprovados s\u00e3o convocados para a posse. Confira as orienta\u00e7\u00f5es!\u00a0"},"content":{"rendered":"<p>Na \u00faltima ter\u00e7a-feira, 28 de novembro, o Governo do Estado do Acre publicou em edi\u00e7\u00e3o extra do Di\u00e1rio Oficial, a convoca\u00e7\u00e3o dos aprovados no \u00faltimo <a href=\"https:\/\/www.novaconcursos.com.br\/portal\/concursos\/concurso-sesacre-ac\/\">concurso Sesacre.<\/a><\/p>\n\n\n\n<p>De acordo com o documento, os candidatos dever\u00e3o se apresentar munidos dos documentos pertinentes ao cargo para assinar o<strong> termo de posse<\/strong> em um prazo de at\u00e9 30 dias.<\/p>\n\n\n\n<p>Lembrando que no in\u00edcio do m\u00eas de novembro, o governador Gladson Camelli, tinha anunciado a convoca\u00e7\u00e3o de<strong> 458 aprovados em cadastro reserva<\/strong> no \u00faltimo concurso da Secretaria de Sa\u00fade do Acre.\u00a0<\/p>\n\n\n\n<p>A convoca\u00e7\u00e3o dos aprovados se deu porque os servidores contratados temporariamente, tiveram seu <strong>prazo de contrato vencido<\/strong> e precisaram ser substitu\u00eddos. <\/p>\n\n\n\n<p>Diante disso, o titular da Secretaria de Estado de Administra\u00e7\u00e3o (Sead), Paulo Roberto Correia, disse que tem ci\u00eancia que o estado est\u00e1 passando por um momento or\u00e7ament\u00e1rio e financeiro delicado.<\/p>\n\n\n\n<p><em>\u201cEnfatizo que os novos servidores n\u00e3o causar\u00e3o impacto na folha de pagamento e no or\u00e7amento\u201d<\/em>, afirmou.<\/p>\n\n\n\n<p><a href=\"https:\/\/agencia.ac.gov.br\/wp-content\/uploads\/2023\/11\/DO17012153048857.pdf\" target=\"_blank\" rel=\"noreferrer noopener\">Baixe o edital de convoca\u00e7\u00e3o para a posse!<\/a><\/p>\n\n\n\n<ul class=\"wp-block-list\"><li><strong>Confira:<\/strong>\u00a0<a href=\"https:\/\/www.novaconcursos.com.br\/curso-online\/curso-lingua-portuguesa-prof-ariane-budke?promo_creative=Curso+de+L%C3%ADngua+Portuguesa+%E2%80%93+Prof%C2%AA.+Ariane+Budke&amp;promo_name=noticia&amp;promo_id=%2Fportal%2Fnoticias%2Fconcurso-sesacre-mais-convocados-informa-governador&amp;promo_position=corpo-texto\">Curso de L\u00edngua Portuguesa \u2013 Prof\u00aa. Ariane Budke<\/a><\/li>\n<\/ul><p><\/p>\n\n\n\n<p>Estude para o concurso dos seus sonhos com o\u00a0<strong>M\u00e9todo<\/strong>\u00a0que j\u00e1 ajudou na\u00a0<strong>aprova\u00e7\u00e3o de mais de 70 mil alunos.<\/strong>\u00a0<a href=\"https:\/\/aprovacao.novaconcursos.com.br\/assinatura?promo_creative=Clique+aqui&amp;promo_name=noticia&amp;promo_id=%2Fportal%2Fnoticias%2Fconcurso-sesacre-mais-convocados-informa-governador&amp;promo_position=corpo-texto\" target=\"_blank\" rel=\"noreferrer noopener\">Clique aqui<\/a>\u00a0e saiba mais!<\/p>\n\n\n\n<h2 class=\"wp-block-heading\" id=\"como-foi-o-concurso-sesacre\">Como foi o concurso Sesacre?<\/h2>\n\n\n\n<p>O \u00faltimo concurso foi realizado em 2022 para o preenchimento de<strong> 622 vagas <\/strong>de n\u00edvel m\u00e9dio e superior, para as seguintes carreiras:<\/p>\n\n\n\n<p><\/p>\n\n\n\n<p><strong>N\u00edvel M\u00e9dio\/T\u00e9cnico<\/strong><\/p>\n\n\n\n<ul class=\"wp-block-list\"><li>Agente Administrativo<\/li>\n\n\n\n<li>Auxiliar de Farm\u00e1cia<\/li>\n\n\n\n<li>Condutor de Ambul\u00e2ncia<\/li>\n\n\n\n<li>T\u00e9cnico de Laborat\u00f3rio em An\u00e1lise Cl\u00ednica<\/li>\n\n\n\n<li>T\u00e9cnico em \u00d3rtese e Pr\u00f3tese Ortop\u00e9dica<\/li>\n\n\n\n<li>T\u00e9cnico de Radiologia<\/li>\n\n\n\n<li>T\u00e9cnico em Seguran\u00e7a do Trabalho<\/li>\n<\/ul><p><\/p>\n\n\n\n<p><strong>N\u00edvel Superior<\/strong><\/p>\n\n\n\n<ul class=\"wp-block-list\"><li>Assistente Social<\/li>\n\n\n\n<li>Bi\u00f3logo<\/li>\n\n\n\n<li>Cirurgi\u00e3o Dentista<\/li>\n\n\n\n<li>Enfermeiro<\/li>\n\n\n\n<li>Engenheiro Eletricista<\/li>\n\n\n\n<li>Engenheiro Eletr\u00f4nico<\/li>\n\n\n\n<li>Engenheiro Sanitarista<\/li>\n\n\n\n<li>Farmac\u00eautico<\/li>\n\n\n\n<li>Fisioterapeuta<\/li>\n\n\n\n<li>Fonoaudi\u00f3logo<\/li>\n\n\n\n<li>M\u00e9dico Anestesiologista<\/li>\n\n\n\n<li>M\u00e9dico Cardiologista<\/li>\n\n\n\n<li>M\u00e9dico Cirurgi\u00e3o Cabe\u00e7a e Pesco\u00e7o<\/li>\n\n\n\n<li>M\u00e9dico Cirurgi\u00e3o Vascular e Perif\u00e9rico<\/li>\n\n\n\n<li>M\u00e9dico Cirurgi\u00e3o Gastroenterologista<\/li>\n\n\n\n<li>M\u00e9dico Cirurgi\u00e3o Geral<\/li>\n\n\n\n<li>M\u00e9dico Cirurgi\u00e3o Oncol\u00f3gico<\/li>\n\n\n\n<li>M\u00e9dico Cirurgi\u00e3o Pedi\u00e1trico<\/li>\n\n\n\n<li>M\u00e9dico Cirurgi\u00e3o Pl\u00e1stico\u00a0<\/li>\n\n\n\n<li>M\u00e9dico Cirurgi\u00e3o Tor\u00e1cico\u00a0<\/li>\n\n\n\n<li>M\u00e9dico Dermatologista<\/li>\n\n\n\n<li>M\u00e9dico do Trabalho<\/li>\n\n\n\n<li>M\u00e9dico Endocrinologista e Metabologista<\/li>\n\n\n\n<li>M\u00e9dico Cl\u00ednica M\u00e9dica<\/li>\n\n\n\n<li>M\u00e9dico Gastroenterologista<\/li>\n\n\n\n<li>M\u00e9dico Gen\u00e9tica M\u00e9dica<\/li>\n\n\n\n<li>M\u00e9dico Hematologista e Hemoterapeuta<\/li>\n\n\n\n<li>M\u00e9dico Infectologista<\/li>\n\n\n\n<li>M\u00e9dico Terapia Intensiva\u00a0<\/li>\n\n\n\n<li>M\u00e9dico Terapia Intensiva Pedi\u00e1trico<\/li>\n\n\n\n<li>M\u00e9dico Mastologista<\/li>\n\n\n\n<li>M\u00e9dico Nefrologista<\/li>\n\n\n\n<li>M\u00e9dico Nefrologista Pedi\u00e1trico<\/li>\n\n\n\n<li>M\u00e9dico Neonatologista<\/li>\n\n\n\n<li>M\u00e9dico Neurocirurgi\u00e3o<\/li>\n\n\n\n<li>M\u00e9dico Neurologista<\/li>\n\n\n\n<li>M\u00e9dico Neuropediatra<\/li>\n\n\n\n<li>M\u00e9dico Obstetra e Ginecologista<\/li>\n\n\n\n<li>M\u00e9dico Oftalmologista<\/li>\n\n\n\n<li>M\u00e9dico Oncologista<\/li>\n\n\n\n<li>M\u00e9dico Ortopedista e Traumatologista<\/li>\n\n\n\n<li>M\u00e9dico Otorrinolaringologista<\/li>\n\n\n\n<li>M\u00e9dico Patologista<\/li>\n\n\n\n<li>M\u00e9dico Pediatra<\/li>\n\n\n\n<li>M\u00e9dico Pneumologista e Tisiologista<\/li>\n\n\n\n<li>M\u00e9dico Psiquiatra<\/li>\n\n\n\n<li>M\u00e9dico Radiologista<\/li>\n\n\n\n<li>M\u00e9dico Radioterapeuta<\/li>\n\n\n\n<li>M\u00e9dico Reumatologista<\/li>\n\n\n\n<li>M\u00e9dico Urologista<\/li>\n\n\n\n<li>Nutricionista<\/li>\n\n\n\n<li>Psic\u00f3logo<\/li>\n<\/ul><p><\/p>\n\n\n\n<h3 class=\"wp-block-heading\">Provas e etapas<\/h3>\n\n\n\n<p>Na ocasi\u00e3o, os candidatos foram avaliados por meio de provas objetivas e discursivas. As provas objetivas foram compostas de <strong>80 quest\u00f5es<\/strong>\u00a0de m\u00faltipla escolha sobre as disciplinas de:<\/p>\n\n\n\n<ul class=\"wp-block-list\"><li>L\u00edngua Portuguesa: 10 quest\u00f5es<\/li>\n\n\n\n<li>Hist\u00f3ria e Geografia do Acre: 10 quest\u00f5es<\/li>\n\n\n\n<li>Inform\u00e1tica B\u00e1sica: 10 quest\u00f5es<\/li>\n\n\n\n<li>Conhecimentos Espec\u00edficos: 50 quest\u00f5es<\/li>\n<\/ul><p><\/p>\n\n\n\n<p>Foram considerados aprovados os candidatos que obtiveram, no m\u00ednimo, 50% de aproveitamento do total de pontos e n\u00e3o zeraram nenhuma das disciplinas.<\/p>\n\n\n\n<p>J\u00e1 as provas discursivas consistiram em uma <strong>reda\u00e7\u00e3o<\/strong>, entre 20 e 30 linhas, sobre um tema foi fornecido no momento da prova.<\/p>\n\n\n\n<p>Os interessados nas carreiras de n\u00edvel superior ainda tiveram seus <strong>t\u00edtulos e experi\u00eancias<\/strong> pontuados. Veja quais diplomas foram aceitos:<\/p>\n\n\n\n<ul class=\"wp-block-list\"><li>Doutorado:\u00a0Diploma de conclus\u00e3o de curso de Doutorado, devidamente registrado, fornecido por institui\u00e7\u00e3o de ensino reconhecida pelo Minist\u00e9rio da Educa\u00e7\u00e3o, na \u00e1rea relacionada ao cargo pleiteado.<\/li>\n\n\n\n<li>Mestrado:\u00a0Diploma de conclus\u00e3o de curso de Mestrado, devidamente registrado, fornecido por institui\u00e7\u00e3o de ensino reconhecida pelo Minist\u00e9rio da Educa\u00e7\u00e3o, na \u00e1rea relacionada ao cargo pleiteado.<\/li>\n\n\n\n<li>Especializa\u00e7\u00e3o:\u00a0Certificado de conclus\u00e3o de curso de p\u00f3s-gradua\u00e7\u00e3o em n\u00edvel de especializa\u00e7\u00e3o lato sensu, com carga hor\u00e1ria m\u00ednima de 360 horas, reconhecido pelo Minist\u00e9rio da Educa\u00e7\u00e3o, na \u00e1rea relacionada ao cargo pleiteado.<\/li>\n<\/ul><p><\/p>\n\n\n\n<p><a href=\"https:\/\/fs.ibfc.org.br\/arquivos\/b332d2910c8fd1e49da18597c3a396bf.pdf\" target=\"_blank\" rel=\"noreferrer noopener\">Clique aqui e baixe o edital do concurso Sesacre!<\/a> ??<\/p>","protected":false},"excerpt":{"rendered":"<p>Na \u00faltima ter\u00e7a-feira, 28 de novembro, o Governo do Estado do Acre publicou em edi\u00e7\u00e3o extra do Di\u00e1rio Oficial, a convoca\u00e7\u00e3o dos aprovados no \u00faltimo concurso Sesacre. De acordo com o documento, os candidatos dever\u00e3o se apresentar munidos dos documentos pertinentes ao cargo para assinar o termo de posse em um prazo de at\u00e9 30 [&hellip;]<\/p>\n","protected":false},"author":54679,"featured_media":163055,"comment_status":"closed","ping_status":"closed","sticky":false,"template":"","format":"standard","meta":{"_acf_changed":false,"footnotes":"","_wp_rev_ctl_limit":""},"categories":[228],"tags":[],"class_list":["post-213851","post","type-post","status-publish","format-standard","has-post-thumbnail","hentry","category-noticias"],"acf":[],"_links":{"self":[{"href":"https:\/\/www.novaconcursos.com.br\/portal\/wp-json\/wp\/v2\/posts\/213851","targetHints":{"allow":["GET"]}}],"collection":[{"href":"https:\/\/www.novaconcursos.com.br\/portal\/wp-json\/wp\/v2\/posts"}],"about":[{"href":"https:\/\/www.novaconcursos.com.br\/portal\/wp-json\/wp\/v2\/types\/post"}],"author":[{"embeddable":true,"href":"https:\/\/www.novaconcursos.com.br\/portal\/wp-json\/wp\/v2\/users\/54679"}],"replies":[{"embeddable":true,"href":"https:\/\/www.novaconcursos.com.br\/portal\/wp-json\/wp\/v2\/comments?post=213851"}],"version-history":[{"count":6,"href":"https:\/\/www.novaconcursos.com.br\/portal\/wp-json\/wp\/v2\/posts\/213851\/revisions"}],"predecessor-version":[{"id":213861,"href":"https:\/\/www.novaconcursos.com.br\/portal\/wp-json\/wp\/v2\/posts\/213851\/revisions\/213861"}],"wp:featuredmedia":[{"embeddable":true,"href":"https:\/\/www.novaconcursos.com.br\/portal\/wp-json\/wp\/v2\/media\/163055"}],"wp:attachment":[{"href":"https:\/\/www.novaconcursos.com.br\/portal\/wp-json\/wp\/v2\/media?parent=213851"}],"wp:term":[{"taxonomy":"category","embeddable":true,"href":"https:\/\/www.novaconcursos.com.br\/portal\/wp-json\/wp\/v2\/categories?post=213851"},{"taxonomy":"post_tag","embeddable":true,"href":"https:\/\/www.novaconcursos.com.br\/portal\/wp-json\/wp\/v2\/tags?post=213851"}],"curies":[{"name":"wp","href":"https:\/\/api.w.org\/{rel}","templated":true}]}}