{"id":214136,"date":"2023-12-01T18:04:25","date_gmt":"2023-12-01T21:04:25","guid":{"rendered":"https:\/\/www.novaconcursos.com.br\/portal\/?p=214136"},"modified":"2025-03-05T15:26:42","modified_gmt":"2025-03-05T18:26:42","slug":"saiba-como-ser-aprovado-no-cnu","status":"publish","type":"post","link":"https:\/\/www.novaconcursos.com.br\/portal\/noticias\/saiba-como-ser-aprovado-no-cnu\/","title":{"rendered":"Saiba como ser aprovado no CNU e ganhar at\u00e9 R$ 23 mil!"},"content":{"rendered":"<p>Sextou, concurseiros! O <strong>contrato est\u00e1 assinado<\/strong> e o edital do <a href=\"https:\/\/www.novaconcursos.com.br\/portal\/concursos\/concurso-unificado-nacional\/\" target=\"_blank\" rel=\"noreferrer noopener\">Concurso Nacional Unificado (CNU)<\/a> est\u00e1 prestes a ser publicado. Veja como ser <strong>aprovado <\/strong>e conquistar uma vaga!<\/p>\n\n\n\n<p><\/p>\n\n\n\n<ul class=\"wp-block-list\"><li><strong>Confira: <\/strong><a href=\"https:\/\/www.novaconcursos.com.br\/apostila\/cnu-prep-comum-todos-blocos\">Apostila CNU 2023 \u2013 Comum a Todos os Blocos<\/a><\/li>\n<\/ul><p><\/p>\n\n\n\n<p>Estude para o concurso dos seus sonhos com o\u00a0<strong>M\u00e9todo<\/strong>\u00a0que j\u00e1 ajudou na\u00a0<strong>aprova\u00e7\u00e3o de mais de 70 mil alunos.<\/strong>\u00a0<a href=\"https:\/\/aprovacao.novaconcursos.com.br\/assinatura\" target=\"_blank\" rel=\"noreferrer noopener\">Clique aqui<\/a>\u00a0e saiba mais!<\/p>\n\n\n\n<h2 class=\"wp-block-heading\" id=\"quando-ser-publicado-o-edital-do-concurso-cnu\">Quando ser\u00e1 publicado o edital do concurso CNU?<\/h2>\n\n\n\n<p>Enfim foi assinado o contrato entre o Governo e a Funda\u00e7\u00e3o\u00a0<strong>Cesgranrio<\/strong>, autorizando-a ser banca organizadora do\u00a0<a href=\"https:\/\/www.novaconcursos.com.br\/portal\/concursos-abertos\/nacional\">Concurso<\/a>\u00a0Nacional\u00a0Unificado, que deve ter edital ainda em 2023.<\/p>\n\n\n\n<ul class=\"wp-block-list\"><li><strong>Confira:<\/strong> <a href=\"https:\/\/www.novaconcursos.com.br\/livro\/1000-questoes-gabaritadas-cesgranrio\">Livro 1.000 Quest\u00f5es Gabaritadas CESGRANRIO<\/a><\/li>\n<\/ul><p><\/p>\n\n\n\n<p>Com isso, o pr\u00f3ximo passo ser\u00e1 a publica\u00e7\u00e3o do edital de abertura do concurso, que j\u00e1 pode sair a <strong>qualquer momento<\/strong>! Ent\u00e3o, muita aten\u00e7\u00e3o se voc\u00ea est\u00e1 interessado!<\/p>\n\n\n\n<p>Conforme o cronograma divulgado pelo MGI, a expectativa \u00e9 que a publica\u00e7\u00e3o se concretize at\u00e9\u00a0<strong>20 de dezembro<\/strong>\u00a0<strong>de 2023.<\/strong><\/p>\n\n\n\n<p>Ali\u00e1s, o \u201cEnem dos concursos\u201d teve ades\u00e3o de\u00a0<strong>21 \u00f3rg\u00e3os federais,<\/strong>\u00a0totalizando 6.640 vagas, ofertadas para candidatos de n\u00edveis m\u00e9dio, t\u00e9cnico e superior.<\/p>\n\n\n\n<h3 class=\"wp-block-heading\">Divis\u00e3o de vagas por \u00f3rg\u00e3o<\/h3>\n\n\n\n<ul id=\"block-216df753-c654-4d2c-ac32-f1b4dc7d7f5f\" class=\"wp-block-list\"><li>Minist\u00e9rio da Gest\u00e3o e da Inova\u00e7\u00e3o em Servi\u00e7os P\u00fablicos (MGI): 1.480 vagas (incluindo as vagas transversais)<\/li>\n\n\n\n<li>Minist\u00e9rio do Desenvolvimento, Ind\u00fastria, Com\u00e9rcio e Servi\u00e7os (MDIC): 110 vagas<\/li>\n\n\n\n<li>Ag\u00eancia Nacional de Transportes Aquavi\u00e1rios (ANTAQ): 30 vagas<\/li>\n\n\n\n<li>Ag\u00eancia Nacional de Energia El\u00e9trica (ANEEL): 40 vagas<\/li>\n\n\n\n<li>Minist\u00e9rio da Agricultura, Pecu\u00e1ria e Abastecimento (Mapa): 520 vagas<\/li>\n\n\n\n<li>Instituto Nacional de Coloniza\u00e7\u00e3o e Reforma Agr\u00e1ria (Incra): 742 vagas<\/li>\n\n\n\n<li>Minist\u00e9rio da Ci\u00eancia, Tecnologia, Inova\u00e7\u00f5es e Comunica\u00e7\u00f5es (MCTI): 296 vagas<\/li>\n\n\n\n<li>Minist\u00e9rio dos Direitos Humanos: 40 vagas<\/li>\n\n\n\n<li>Minist\u00e9rio da Educa\u00e7\u00e3o: 70 vagas<\/li>\n\n\n\n<li>Funda\u00e7\u00e3o Nacional dos Povos Ind\u00edgenas (Funai): 502 vagas<\/li>\n\n\n\n<li>Minist\u00e9rio da Sa\u00fade (MS): 220 vagas<\/li>\n\n\n\n<li>Superintend\u00eancia Nacional de Previd\u00eancia Complementar (PREVIC): 40 vagas<\/li>\n\n\n\n<li>Minist\u00e9rio da Justi\u00e7a e Seguran\u00e7a P\u00fablica (MJSP): 130 vagas<\/li>\n\n\n\n<li>Minist\u00e9rio do Trabalho e Emprego (MTE): 900 vagas<\/li>\n\n\n\n<li>Ag\u00eancia Nacional de Sa\u00fade Suplementar (ANS): 35 vagas<\/li>\n\n\n\n<li>Instituto Brasileiro de Geografia e Estat\u00edstica (IBGE): 895 vagas<\/li>\n\n\n\n<li>Advocacia-Geral da Uni\u00e3o (AGU): 400 vagas<\/li>\n\n\n\n<li>Minist\u00e9rio dos Povos Ind\u00edgenas (MPI): 30 vagas<\/li>\n\n\n\n<li>Minist\u00e9rio do Planejamento e Or\u00e7amento (MPO): 60 vagas<\/li>\n\n\n\n<li>Minist\u00e9rio da Cultura (MinC): 50 vagas<\/li>\n\n\n\n<li>Instituto Nacional de Estudos e Pesquisas Educacionais (Inep): 50 vagas<\/li>\n<\/ul><p><\/p>\n\n\n\n<p><a href=\"https:\/\/www.novaconcursos.com.br\/portal\/noticias\/urgente-cnu-mgi-alerta-para-tentativa-de-golpe\/\">Concurso Nacional Unificado: MGI alerta para tentativa de golpe!<\/a><\/p>\n\n\n\n<p><a href=\"https:\/\/www.novaconcursos.com.br\/portal\/noticias\/mgi-divulga-pagina-do-cnu-concurso-nacional-unificado\/\">MGI divulga p\u00e1gina oficial com informa\u00e7\u00f5es do CNU \u2013 Concurso Nacional Unificado. Confira!<\/a><\/p>\n\n\n\n<h2 class=\"wp-block-heading\" id=\"nova-concursos-promove-semana-do-zero-aprovao-no-cnu\">Nova Concursos promove Semana \u201cDo Zero \u00e0 Aprova\u00e7\u00e3o no CNU\u201d<\/h2>\n\n\n\n<p>Para te ajudar a ser aprovado no concurso CNU, a Nova Concursos vai promover uma semana de estudo intenso, com<strong> explica\u00e7\u00f5es, informa\u00e7\u00f5es, <\/strong>detalhes e muita troca de experi\u00eancias. <\/p>\n\n\n\n<p>Esta semana acontecer\u00e1 entre os dias 4 e 8 de dezembro de 2023 e a participa\u00e7\u00e3o \u00e9 100% gratuita. Ent\u00e3o, para n\u00e3o ficar de fora, siga nosso canal no <a href=\"https:\/\/www.youtube.com\/@novaconcursos.oficial\/streams\" target=\"_blank\" rel=\"noreferrer noopener\">Youtube<\/a>! <\/p>\n\n\n\n<p>Fora isso, a sele\u00e7\u00e3o deve atrair um alto n\u00famero de inscritos (1,5 milh\u00f5es), por isso a <strong>prepara\u00e7\u00e3o de qualidade \u00e9 indispens\u00e1vel<\/strong>. Os sal\u00e1rios s\u00e3o de at\u00e9 <strong>R$ 23 mil,<\/strong> dependendo da \u00e1rea escolhida! <\/p>\n\n\n\n<p>Durante as aulas, o concurseiro vai entender por onde come\u00e7ar a estudar e se preparar. Os encontros ser\u00e3o focados em <strong>conte\u00fados<\/strong>, com dicas de estudo do que pode cair nas provas!<\/p>\n\n\n\n<p><a href=\"https:\/\/aprovacao.novaconcursos.com.br\/semana-do-zero-a-aprovacao-cnu\" target=\"_blank\" rel=\"noreferrer noopener\">Clique aqui para participar da Semana Do Zero \u00e0 Aprova\u00e7\u00e3o no CNU\u201d<\/a><\/p>\n\n\n\n<figure class=\"wp-block-image size-large\"><a href=\"https:\/\/www.novaconcursos.com.br\/portal\/wp-content\/uploads\/2023\/12\/semana-do-zero-aprovacao-cnu-nova-concursos.png\"><img decoding=\"async\" width=\"1024\" height=\"576\" src=\"https:\/\/www.novaconcursos.com.br\/portal\/wp-content\/uploads\/2023\/12\/semana-do-zero-aprovacao-cnu-nova-concursos-1024x576.png\" alt=\"\" class=\"wp-image-214139\" loading=\"lazy\" title=\"\" srcset=\"https:\/\/www.novaconcursos.com.br\/portal\/wp-content\/uploads\/2023\/12\/semana-do-zero-aprovacao-cnu-nova-concursos-300x169.png 300w, https:\/\/www.novaconcursos.com.br\/portal\/wp-content\/uploads\/2023\/12\/semana-do-zero-aprovacao-cnu-nova-concursos-480x270.png 480w, https:\/\/www.novaconcursos.com.br\/portal\/wp-content\/uploads\/2023\/12\/semana-do-zero-aprovacao-cnu-nova-concursos-768x432.png 768w, https:\/\/www.novaconcursos.com.br\/portal\/wp-content\/uploads\/2023\/12\/semana-do-zero-aprovacao-cnu-nova-concursos-1024x576.png 1024w, https:\/\/www.novaconcursos.com.br\/portal\/wp-content\/uploads\/2023\/12\/semana-do-zero-aprovacao-cnu-nova-concursos-1536x864.png 1536w, https:\/\/www.novaconcursos.com.br\/portal\/wp-content\/uploads\/2023\/12\/semana-do-zero-aprovacao-cnu-nova-concursos.png 1920w\" sizes=\"auto, (max-width: 480px) 100vw, (max-width: 768px) 100vw, (max-width: 1200px) 70vw, 768px\"><\/a><figcaption><\/figcaption><\/figure><h2 class=\"wp-block-heading\" id=\"o-que-cai-na-prova-do-concurso-nacional-unificado-cnu\">O que cai na prova do Concurso Nacional Unificado (CNU)?<\/h2>\n\n\n\n<p>Assim, as provas est\u00e3o previstas para serem aplicadas no<strong>\u00a0primeiro trimestre de 2024<\/strong>, entre fevereiro e mar\u00e7o, em duas etapas.<\/p>\n\n\n\n<p>Ali\u00e1s, a primeira ser\u00e1 com\u00a0<strong>provas objetivas<\/strong>\u00a0ou\u00a0<strong>objetivas e dissertativas<\/strong>, de acordo com as especificidades tem\u00e1ticas de cada bloco. A segunda, a prova de t\u00edtulos.<\/p>\n\n\n\n<p>Posteriormente, a avalia\u00e7\u00e3o ser\u00e1 realizada em<strong>\u00a0179 munic\u00edpios<\/strong>\u00a0e aplicadas em todas as regi\u00f5es do\u00a0<a href=\"https:\/\/www.novaconcursos.com.br\/portal\/concursos-previstos\/nacional\/\">Brasil<\/a>. E uma novidade: em dois turnos.<\/p>\n\n\n\n<p>Portanto, ser\u00e1 um\u00a0<strong>domingo<\/strong>, nos per\u00edodos da manh\u00e3 e da tarde, respeitando o hor\u00e1rio de Bras\u00edlia DF. Al\u00e9m disso, as provas objetivas de\u00a0aplica\u00e7\u00e3o geral dever\u00e3o perpassar tr\u00eas dimens\u00f5es:<\/p>\n\n\n\n<ul class=\"wp-block-list\"><li>valoriza\u00e7\u00e3o do ethos p\u00fablico (se refere \u00e0 voca\u00e7\u00e3o para servir e trabalhar como servidor p\u00fablico);<\/li>\n\n\n\n<li>da realidade brasileira e das rela\u00e7\u00f5es entre Estado; e<\/li>\n\n\n\n<li>rela\u00e7\u00e3o das pol\u00edticas p\u00fablicas e o desenvolvimento nacional.<\/li>\n<\/ul><p><\/p>\n\n\n\n<blockquote class=\"wp-block-quote is-layout-flow wp-block-quote-is-layout-flow\">\n<p>Ainda segundo o documento, a quantidade de provas dever\u00e1 ser\u00a0<strong>proporcional\u00a0<\/strong>ao n\u00famero de blocos tem\u00e1ticos previstos.<\/p>\n\n\n\n<p>Ent\u00e3o, ser\u00e3o confeccionadas\u00a0<strong>sete avalia\u00e7\u00f5es<\/strong>\u00a0de n\u00edvel superior, uma para cada bloco, e\u00a0<strong>uma\u00a0<\/strong>para o n\u00edvel intermedi\u00e1rio (m\u00e9dio), que representa um \u00fanico bloco.<\/p>\n<\/blockquote>\n\n\n\n<h3 class=\"wp-block-heading\">Onde haver\u00e1 aplica\u00e7\u00e3o?<\/h3>\n\n\n\n<p>De acordo com o cronograma, as provas ser\u00e3o aplicadas em\u00a0<strong>180 cidades espalhadas por todo o pa\u00eds<\/strong>, nas seguintes regi\u00f5es:<\/p>\n\n\n\n<ul class=\"wp-block-list\"><li>Norte: 39 munic\u00edpios<\/li>\n\n\n\n<li>Nordeste: 50 munic\u00edpios<\/li>\n\n\n\n<li>Centro Oeste: 18 munic\u00edpios<\/li>\n\n\n\n<li>Sudeste: 49 munic\u00edpios<\/li>\n\n\n\n<li>Sul: 23 munic\u00edpios<\/li>\n<\/ul><p><\/p>\n\n\n\n<p>Antes de tudo, vale mencionar que todas as capitais do Brasil ser\u00e3o contempladas, inclu\u00eddos munic\u00edpios considerados \u201ccentros regionais\u201d a partir de 50 mil habitantes.<\/p>\n\n\n\n<figure class=\"wp-block-image is-resized\"><a href=\"https:\/\/www.novaconcursos.com.br\/portal\/wp-content\/uploads\/2023\/09\/mapa-concurso-nacional-unificado.png\"><img decoding=\"async\" width=\"556\" height=\"532\" src=\"https:\/\/www.novaconcursos.com.br\/portal\/wp-content\/uploads\/2023\/09\/mapa-concurso-nacional-unificado.png\" alt=\"\" class=\"wp-image-206172\" style=\"width:556px;height:532px\" loading=\"lazy\" title=\"\" srcset=\"https:\/\/www.novaconcursos.com.br\/portal\/wp-content\/uploads\/2023\/09\/mapa-concurso-nacional-unificado-300x287.png 300w, https:\/\/www.novaconcursos.com.br\/portal\/wp-content\/uploads\/2023\/09\/mapa-concurso-nacional-unificado.png 556w\" sizes=\"auto, (max-width: 480px) 100vw, (max-width: 768px) 100vw, (max-width: 1200px) 70vw, 768px\"><\/a><figcaption><\/figcaption><\/figure><h3 class=\"wp-block-heading\">Regi\u00e3o Norte \u2013 39 munic\u00edpios<\/h3>\n\n\n\n<ul class=\"wp-block-list\"><li><strong>Acre<\/strong>\n<ul class=\"wp-block-list\"><li>Cruzeiro do Sul; e<\/li>\n\n\n\n<li>Rio Branco.<\/li>\n<\/ul><\/li>\n\n\n\n<li><strong>Amazonas<\/strong>\n<ul class=\"wp-block-list\"><li>Coari;<\/li>\n\n\n\n<li>Itacoatiara;<\/li>\n\n\n\n<li>L\u00e1brea;<\/li>\n\n\n\n<li>Manaus;<\/li>\n\n\n\n<li>Manicor\u00e9;<\/li>\n\n\n\n<li>Parintins;<\/li>\n\n\n\n<li>S\u00e3o Gabriel da Cachoeira;<\/li>\n\n\n\n<li>Tabatinga; e<\/li>\n\n\n\n<li>Tef\u00e9.<\/li>\n<\/ul><\/li>\n\n\n\n<li><strong>Amap\u00e1<\/strong>\n<ul class=\"wp-block-list\"><li>Laranjal do Jari;\u00a0<\/li>\n\n\n\n<li>Macap\u00e1; e<\/li>\n\n\n\n<li>Oiapoque.<\/li>\n<\/ul><\/li>\n\n\n\n<li><strong>Par\u00e1<\/strong>\n<ul class=\"wp-block-list\"><li>Altamira;<\/li>\n\n\n\n<li>Bel\u00e9m;<\/li>\n\n\n\n<li>Bragan\u00e7a;<\/li>\n\n\n\n<li>Breves;<\/li>\n\n\n\n<li>Camet\u00e1;<\/li>\n\n\n\n<li>Itaituba;<\/li>\n\n\n\n<li>Marab\u00e1;<\/li>\n\n\n\n<li>Monte Alegre;<\/li>\n\n\n\n<li>Oriximin\u00e1;<\/li>\n\n\n\n<li>Paragominas;<\/li>\n\n\n\n<li>Parauapebas;<\/li>\n\n\n\n<li>Reden\u00e7\u00e3o;<\/li>\n\n\n\n<li>Santana do Araguaia;<\/li>\n\n\n\n<li>Santar\u00e9m;<\/li>\n\n\n\n<li>S\u00e3o F\u00e9lix do Xingu; e<\/li>\n\n\n\n<li>Tucuru\u00ed.<\/li>\n<\/ul><\/li>\n\n\n\n<li><strong>Rond\u00f4nia<\/strong>\n<ul class=\"wp-block-list\"><li>Ariquemes;<\/li>\n\n\n\n<li>Ji-Paran\u00e1;<\/li>\n\n\n\n<li>Porto Velho; e<\/li>\n\n\n\n<li>Vilhena.<\/li>\n<\/ul><\/li>\n\n\n\n<li><strong>Roraima<\/strong>\n<ul class=\"wp-block-list\"><li>Boa Vista; e<\/li>\n\n\n\n<li>Rorain\u00f3polis.<\/li>\n<\/ul><\/li>\n<\/ul><blockquote class=\"wp-block-quote is-layout-flow wp-block-quote-is-layout-flow\">\n<ul class=\"wp-block-list\"><li><strong>Tocantins<\/strong>\n<ul class=\"wp-block-list\"><li>Palmas;<\/li>\n\n\n\n<li>Gurupi; e<\/li>\n\n\n\n<li>Aragua\u00edna.<\/li>\n<\/ul><\/li>\n<\/ul><p><\/p>\n<\/blockquote>\n\n\n\n<h3 class=\"wp-block-heading\">Nordeste \u2013 54 munic\u00edpios<\/h3>\n\n\n\n<ul class=\"wp-block-list\"><li><strong>Alagoas<\/strong>\n<ul class=\"wp-block-list\"><li>Arapiraca; e<\/li>\n\n\n\n<li>Macei\u00f3.<\/li>\n<\/ul><\/li>\n\n\n\n<li><strong>Bahia<\/strong>\n<ul class=\"wp-block-list\"><li>Barreiras;<\/li>\n\n\n\n<li>Bom Jesus da Lapa;<\/li>\n\n\n\n<li>Brumado;<\/li>\n\n\n\n<li>Eun\u00e1polis;<\/li>\n\n\n\n<li>Feira de Santana;<\/li>\n\n\n\n<li>Guanambi;<\/li>\n\n\n\n<li>Ilh\u00e9us;<\/li>\n\n\n\n<li>Irec\u00ea;<\/li>\n\n\n\n<li>Itaberaba;<\/li>\n\n\n\n<li>Jacobina;<\/li>\n\n\n\n<li>Jequi\u00e9;<\/li>\n\n\n\n<li>Paulo Afonso;<\/li>\n\n\n\n<li>Ribeira do Pombal;<\/li>\n\n\n\n<li>Salvador;<\/li>\n\n\n\n<li>Teixeira de Freitas; e<\/li>\n\n\n\n<li>Vit\u00f3ria da Conquista.<\/li>\n<\/ul><\/li>\n\n\n\n<li><strong>Cear\u00e1<\/strong>\n<ul class=\"wp-block-list\"><li>Crat\u00e9us;<\/li>\n\n\n\n<li>Fortaleza;<\/li>\n\n\n\n<li>Iguatu;<\/li>\n\n\n\n<li>Juazeiro do Norte;<\/li>\n\n\n\n<li>Quixad\u00e1; e<\/li>\n\n\n\n<li>Sobral.<\/li>\n<\/ul><\/li>\n<\/ul><ul class=\"wp-block-list\"><li><strong>Maranh\u00e3o<\/strong>\n<ul class=\"wp-block-list\"><li>Bacabal;<\/li>\n\n\n\n<li>Balsas;<\/li>\n\n\n\n<li>Caxias;<\/li>\n\n\n\n<li>Chapadinha;<\/li>\n\n\n\n<li>Imperatriz;<\/li>\n\n\n\n<li>Pinheiro;<\/li>\n\n\n\n<li>Presidente Dutra;<\/li>\n\n\n\n<li>Santa In\u00eas; e<\/li>\n\n\n\n<li>S\u00e3o Lu\u00eds.<\/li>\n<\/ul><\/li>\n\n\n\n<li><strong>Para\u00edba<\/strong>\n<ul class=\"wp-block-list\"><li>Campina Grande;<\/li>\n\n\n\n<li>Jo\u00e3o Pessoa;<\/li>\n\n\n\n<li>Patos; e<\/li>\n\n\n\n<li>Sousa.<\/li>\n<\/ul><\/li>\n\n\n\n<li><strong>Pernambuco<\/strong>\n<ul class=\"wp-block-list\"><li>Caruaru;<\/li>\n\n\n\n<li>Garanhuns;<\/li>\n\n\n\n<li>Petrolina;<\/li>\n\n\n\n<li>Recife; e<\/li>\n\n\n\n<li>Serra Talhada.<\/li>\n<\/ul><\/li>\n\n\n\n<li><strong>Piau\u00ed<\/strong>\n<ul class=\"wp-block-list\"><li>Bom Jesus;<\/li>\n\n\n\n<li>Corrente;<\/li>\n\n\n\n<li>Floriano;<\/li>\n\n\n\n<li>Parna\u00edba;<\/li>\n\n\n\n<li>Picos;<\/li>\n\n\n\n<li>S\u00e3o Raimundo Nonato; e<\/li>\n\n\n\n<li>Teresina.<\/li>\n<\/ul><\/li>\n\n\n\n<li><strong>Rio Grande do Norte<\/strong>\n<ul class=\"wp-block-list\"><li>Caic\u00f3;<\/li>\n\n\n\n<li>Mossor\u00f3; e<\/li>\n\n\n\n<li>Natal.<\/li>\n<\/ul><\/li>\n\n\n\n<li><strong>Sergipe<\/strong>\n<ul class=\"wp-block-list\"><li>Aracaju;<\/li>\n\n\n\n<li>Itabaiana.<\/li>\n<\/ul><\/li>\n<\/ul><p><\/p>\n\n\n\n<h3 class=\"wp-block-heading\">Centro Oeste \u2013 20 munic\u00edpios<\/h3>\n\n\n\n<ul class=\"wp-block-list\"><li><strong>Distrito Federal<\/strong>\n<ul class=\"wp-block-list\"><li>Bras\u00edlia.<\/li>\n<\/ul><\/li>\n\n\n\n<li><strong>Goi\u00e1s<\/strong>\n<ul class=\"wp-block-list\"><li>Catal\u00e3o;<\/li>\n\n\n\n<li>Goian\u00e9sia;<\/li>\n\n\n\n<li>Goi\u00e2nia;<\/li>\n\n\n\n<li>Ipor\u00e1;<\/li>\n\n\n\n<li>Itumbiara;<\/li>\n\n\n\n<li>Mineiros;<\/li>\n\n\n\n<li>Porangatu; e<\/li>\n\n\n\n<li>Rio Verde.<\/li>\n<\/ul><\/li>\n\n\n\n<li><strong>Mato Grosso do Sul<\/strong>\n<ul class=\"wp-block-list\"><li>Campo Grande;<\/li>\n\n\n\n<li>Corumb\u00e1;<\/li>\n\n\n\n<li>Dourados; e<\/li>\n\n\n\n<li>Tr\u00eas Lagoas.<\/li>\n<\/ul><\/li>\n\n\n\n<li><strong>Mato Grosso<\/strong>\n<ul class=\"wp-block-list\"><li>Alta Floresta<\/li>\n\n\n\n<li>Barra do Gar\u00e7as;<\/li>\n\n\n\n<li>C\u00e1ceres;<\/li>\n\n\n\n<li>Cuiab\u00e1;<\/li>\n\n\n\n<li>Rondon\u00f3polis;<\/li>\n\n\n\n<li>Sinop; e<\/li>\n\n\n\n<li>Tangar\u00e1 da Serra.<\/li>\n<\/ul><\/li>\n<\/ul><p><\/p>\n\n\n\n<h3 class=\"wp-block-heading\">Sudeste \u2013 44 munic\u00edpios<\/h3>\n\n\n\n<ul class=\"wp-block-list\"><li><strong>Espirito Santo<\/strong>\n<ul class=\"wp-block-list\"><li>Cachoeiro de Itaperim;<\/li>\n\n\n\n<li>Colatina;<\/li>\n\n\n\n<li>S\u00e3o Mateus; e<\/li>\n\n\n\n<li>Vit\u00f3ria.<\/li>\n<\/ul><\/li>\n\n\n\n<li><strong>Minas Gerais<\/strong>\n<ul class=\"wp-block-list\"><li>Almenara;<\/li>\n\n\n\n<li>Ara\u00e7ua\u00ed;<\/li>\n\n\n\n<li>Arax\u00e1;<\/li>\n\n\n\n<li>Belo Horizonte;<\/li>\n\n\n\n<li>Curvelo;<\/li>\n\n\n\n<li>Diamantina;<\/li>\n\n\n\n<li>Divin\u00f3polis;<\/li>\n\n\n\n<li>Governador Valadares;<\/li>\n\n\n\n<li>Ipatinga;<\/li>\n\n\n\n<li>Ituiutaba;<\/li>\n\n\n\n<li>Jana\u00faba;<\/li>\n\n\n\n<li>Janu\u00e1ria;<\/li>\n\n\n\n<li>Juiz de Fora;<\/li>\n\n\n\n<li>Lavras;<\/li>\n\n\n\n<li>Montes Claros;<\/li>\n\n\n\n<li>Muria\u00e9;<\/li>\n\n\n\n<li>Paracatu;<\/li>\n\n\n\n<li>Passos;<\/li>\n\n\n\n<li>Patos de Minas;<\/li>\n\n\n\n<li>Pirapora;<\/li>\n\n\n\n<li>Pouso Alegre;<\/li>\n\n\n\n<li>Te\u00f3filo Otoni;<\/li>\n\n\n\n<li>Uberaba; e<\/li>\n\n\n\n<li>Uberl\u00e2ndia.<\/li>\n<\/ul><\/li>\n\n\n\n<li><strong>Rio de Janeiro<\/strong><ul><li>Cabo Frio;<\/li><li>Campos dos Goytacazes;<\/li><\/ul><ul class=\"wp-block-list\"><li>Rio de Janeiro; e<\/li>\n\n\n\n<li>Volta Redonda.<\/li>\n<\/ul><\/li>\n\n\n\n<li><strong>S\u00e3o Paulo<\/strong>\n<ul class=\"wp-block-list\"><li>Ara\u00e7atuba;<\/li>\n\n\n\n<li>Bauru;<\/li>\n\n\n\n<li>Campinas;<\/li>\n\n\n\n<li>Itapeva;<\/li>\n\n\n\n<li>Mar\u00edlia;<\/li>\n\n\n\n<li>Piracicaba;<\/li>\n\n\n\n<li>Presidente Prudente;<\/li>\n\n\n\n<li>Ribeir\u00e3o Preto;<\/li>\n\n\n\n<li>S\u00e3o Jos\u00e9 do Rio Preto;<\/li>\n\n\n\n<li>S\u00e3o Jos\u00e9 dos Campos;<\/li>\n\n\n\n<li>S\u00e3o Paulo; e<\/li>\n\n\n\n<li>Sorocaba.<\/li>\n<\/ul><\/li>\n<\/ul><p><\/p>\n\n\n\n<h3 class=\"wp-block-heading\">Sul \u2013 23 munic\u00edpios<\/h3>\n\n\n\n<ul class=\"wp-block-list\"><li><strong>Paran\u00e1<\/strong><ul><li>Cascavel;<\/li><\/ul><ul class=\"wp-block-list\"><li>Curitiba;<\/li>\n\n\n\n<li>Guarapuava;<\/li>\n\n\n\n<li>Londrina;<\/li>\n\n\n\n<li>Maring\u00e1;<\/li>\n\n\n\n<li>Paranagu\u00e1;<\/li>\n\n\n\n<li>Ponta Grossa; e<\/li>\n\n\n\n<li>Umuarama.<\/li>\n<\/ul><\/li>\n\n\n\n<li><strong>Rio Grande do Sul<\/strong>\n<ul class=\"wp-block-list\"><li>Bag\u00e9;<\/li>\n\n\n\n<li>Caxias do Sul;<\/li>\n\n\n\n<li>Passo Fundo;<\/li>\n\n\n\n<li>Pelotas;<\/li>\n\n\n\n<li>Porto Alegre;<\/li>\n\n\n\n<li>Santa Cruz do Sul;<\/li>\n\n\n\n<li>Santa Maria;<\/li>\n\n\n\n<li>Santo \u00c2ngelo; e<\/li>\n\n\n\n<li>Uruguaiana.<\/li>\n<\/ul><\/li>\n\n\n\n<li><strong>Santa Catarina<\/strong>\n<ul class=\"wp-block-list\"><li>Ca\u00e7ador;<\/li>\n\n\n\n<li>2. Chapec\u00f3;<\/li>\n\n\n\n<li>3. Crici\u00fama;<\/li>\n\n\n\n<li>4. Florian\u00f3polis;<\/li>\n\n\n\n<li>5. Joinville; e<\/li>\n\n\n\n<li>6. Lages.<\/li>\n<\/ul><\/li>\n<\/ul><p><\/p>\n\n\n\n<p><a href=\"https:\/\/www.novaconcursos.com.br\/portal\/noticias\/concurso-nacional-unificado-o-que-estudar\/\">Concurso Nacional Unificado: o que estudar?<\/a><\/p>\n\n\n\n<p>Por fim, a\u00a0<strong>distribui\u00e7\u00e3o dos munic\u00edpios<\/strong>\u00a0voc\u00ea pode encontrar <a href=\"https:\/\/www.novaconcursos.com.br\/portal\/wp-content\/uploads\/2023\/09\/municipios-sede-cnu.pdf\" target=\"_blank\" rel=\"noreferrer noopener\">aqui<\/a>! Veja ainda, segundo o cronograma, as poss\u00edveis datas da sele\u00e7\u00e3o:<\/p>\n\n\n\n<ul class=\"wp-block-list\"><li>resultado final da etapa unificada: at\u00e9 maio de 2024;<\/li>\n\n\n\n<li>cursos de forma\u00e7\u00e3o, quando cab\u00edvel: at\u00e9 julho de 2024;<\/li>\n\n\n\n<li>posse dos novos servidores: at\u00e9 agosto de 2024.<\/li>\n<\/ul><p><\/p>\n\n\n\n<blockquote class=\"wp-block-quote is-layout-flow wp-block-quote-is-layout-flow\">\n<p><a href=\"https:\/\/www.novaconcursos.com.br\/portal\/noticias\/concurso-nacional-unificado-mgi-divulga-conteudos-da-prova\/\">MGI divulga quais conte\u00fados podem ser cobrados na prova!<\/a><\/p>\n<\/blockquote>\n\n\n\n<h2 class=\"wp-block-heading\" id=\"o-que-o-concurso-nacional-unificado-cnu\">O que \u00e9 o Concurso Nacional Unificado (CNU)?<\/h2>\n\n\n\n<p>Portanto, o Concurso\u00a0Nacional\u00a0Unificado \u00e9 um\u00a0<strong>modelo inovador de sele\u00e7\u00e3o<\/strong>\u00a0de servidores p\u00fablicos, criado pelo Minist\u00e9rio da Gest\u00e3o e da Inova\u00e7\u00e3o em Servi\u00e7os P\u00fablicos, no governo Lula.<\/p>\n\n\n\n<p>Segundo o minist\u00e9rio, ent\u00e3o, o novo modelo\u00a0consiste na realiza\u00e7\u00e3o conjunta de\u00a0<a href=\"https:\/\/www.novaconcursos.com.br\/portal\/concursos-previstos\/nacional\">concursos p\u00fablicos\u00a0<\/a>para o provimento de cargos efetivos no \u00e2mbito dos \u00f3rg\u00e3os e das entidades da Administra\u00e7\u00e3o Federal direta, aut\u00e1rquica e fundacional, com aplica\u00e7\u00e3o simult\u00e2nea de provas em todos os Estados e no Distrito Federal.<\/p>\n\n\n\n<p><em>\u201cO objetivo \u00e9 promover igualdade de oportunidades de acesso aos cargos p\u00fablicos efetivos; padronizar procedimentos na aplica\u00e7\u00e3o das provas; aprimorar os m\u00e9todos de sele\u00e7\u00e3o de servidores p\u00fablicos, de modo a priorizar as qualifica\u00e7\u00f5es necess\u00e1rias para o desempenho das atividades inerentes ao setor p\u00fablico; e zelar pelo princ\u00edpio da impessoalidade na sele\u00e7\u00e3o dos candidatos em todas as fases e etapas do certame\u201d,<\/em>\u00a0explicou o Governo.<\/p>\n\n\n\n<h3 class=\"wp-block-heading\">D\u00favidas ou outras informa\u00e7\u00f5es?<\/h3>\n\n\n\n<p>Para se atualizar sobre o novo Concurso Nacional, os interessados tamb\u00e9m podem seguir as redes sociais do Minist\u00e9rio da Gest\u00e3o no Instagram, X e TikTok com o usu\u00e1rio @gestaogovbr.<\/p>\n\n\n\n<p>Mas, o\u00a0Minist\u00e9rio da\u00a0Gest\u00e3o\u00a0tamb\u00e9m possui um canal oficial de atendimento para d\u00favidas e den\u00fancias\u00a0sobre o concurso:\u00a0<a href=\"mailto:concursonacional@gestao.gov.br\" target=\"_blank\" rel=\"noreferrer noopener\">concursonacional@gestao.gov.br<\/a>\u00a0<a href=\"https:\/\/www.novaconcursos.com.br\/portal\/wp-content\/uploads\/2023\/11\/cats.jpg\"><\/a><\/p>","protected":false},"excerpt":{"rendered":"<p>Sextou, concurseiros! O contrato est\u00e1 assinado e o edital do Concurso Nacional Unificado (CNU) est\u00e1 prestes a ser publicado. Veja como ser aprovado e conquistar uma vaga! Estude para o concurso dos seus sonhos com o\u00a0M\u00e9todo\u00a0que j\u00e1 ajudou na\u00a0aprova\u00e7\u00e3o de mais de 70 mil alunos.\u00a0Clique aqui\u00a0e saiba mais! Quando ser\u00e1 publicado o edital do concurso [&hellip;]<\/p>\n","protected":false},"author":54671,"featured_media":207127,"comment_status":"closed","ping_status":"closed","sticky":false,"template":"","format":"standard","meta":{"_acf_changed":false,"footnotes":"","_wp_rev_ctl_limit":""},"categories":[228],"tags":[],"class_list":["post-214136","post","type-post","status-publish","format-standard","has-post-thumbnail","hentry","category-noticias"],"acf":[],"_links":{"self":[{"href":"https:\/\/www.novaconcursos.com.br\/portal\/wp-json\/wp\/v2\/posts\/214136","targetHints":{"allow":["GET"]}}],"collection":[{"href":"https:\/\/www.novaconcursos.com.br\/portal\/wp-json\/wp\/v2\/posts"}],"about":[{"href":"https:\/\/www.novaconcursos.com.br\/portal\/wp-json\/wp\/v2\/types\/post"}],"author":[{"embeddable":true,"href":"https:\/\/www.novaconcursos.com.br\/portal\/wp-json\/wp\/v2\/users\/54671"}],"replies":[{"embeddable":true,"href":"https:\/\/www.novaconcursos.com.br\/portal\/wp-json\/wp\/v2\/comments?post=214136"}],"version-history":[{"count":6,"href":"https:\/\/www.novaconcursos.com.br\/portal\/wp-json\/wp\/v2\/posts\/214136\/revisions"}],"predecessor-version":[{"id":274066,"href":"https:\/\/www.novaconcursos.com.br\/portal\/wp-json\/wp\/v2\/posts\/214136\/revisions\/274066"}],"wp:featuredmedia":[{"embeddable":true,"href":"https:\/\/www.novaconcursos.com.br\/portal\/wp-json\/wp\/v2\/media\/207127"}],"wp:attachment":[{"href":"https:\/\/www.novaconcursos.com.br\/portal\/wp-json\/wp\/v2\/media?parent=214136"}],"wp:term":[{"taxonomy":"category","embeddable":true,"href":"https:\/\/www.novaconcursos.com.br\/portal\/wp-json\/wp\/v2\/categories?post=214136"},{"taxonomy":"post_tag","embeddable":true,"href":"https:\/\/www.novaconcursos.com.br\/portal\/wp-json\/wp\/v2\/tags?post=214136"}],"curies":[{"name":"wp","href":"https:\/\/api.w.org\/{rel}","templated":true}]}}