{"id":214373,"date":"2025-10-21T10:42:37","date_gmt":"2025-10-21T13:42:37","guid":{"rendered":"https:\/\/www.novaconcursos.com.br\/portal\/?post_type=nc-public-tender&#038;p=214373"},"modified":"2025-10-28T15:52:19","modified_gmt":"2025-10-28T18:52:19","slug":"depen-pr","status":"publish","type":"post","link":"https:\/\/www.novaconcursos.com.br\/portal\/concursos\/depen-pr\/","title":{"rendered":"Concurso Depen PR: Oferta ampliada para 500 vagas!"},"content":{"rendered":"<p>Tem not\u00edcia boa, concurseiro! O <strong>concurso Depen PR<\/strong> (Departamento Penitenci\u00e1rio do Estado do Paran\u00e1) acaba de ter uma <strong>grande atualiza\u00e7\u00e3o<\/strong>: o n\u00famero de vagas dispon\u00edveis foi <mark style=\"background-color:rgba(0, 0, 0, 0)\" class=\"has-inline-color has-vivid-red-color\">ampliado de 7 para 500<\/mark>! As oportunidades s\u00e3o destinadas ao cargo de <strong>Policial Penal<\/strong>, que exige <strong>n\u00edvel m\u00e9dio<\/strong> e oferece <strong>sal\u00e1rio inicial de R$ 4,5 mil<\/strong>.<\/p>\n\n\n\n<p>Essa mudan\u00e7a representa um avan\u00e7o significativo para quem participou do certame e aumenta consideravelmente as chances de nomea\u00e7\u00e3o, abrindo espa\u00e7o para que mais aprovados sejam convocados ao longo da validade do concurso. <\/p>\n\n\n\n<p>Vale lembrar que o edital foi publicado em 2024 e teve organiza\u00e7\u00e3o do Instituto AOCP. Se voc\u00ea participou dessa sele\u00e7\u00e3o ou acompanha o andamento do concurso, \u00e9 hora de ficar atento(a) aos novos desdobramentos. Continue comigo e saiba todos os detalhes sobre as mudan\u00e7as e as novidades do concurso Depen PR.<\/p>\n\n\n\n<h2 class=\"wp-block-heading\" id=\"concurso-depen-pr-situao-atual\">Concurso Depen PR: situa\u00e7\u00e3o atual<\/h2>\n\n\n\n<p>Boas not\u00edcias para os concurseiros que acompanham o concurso Depen PR! Um movimento recente trouxe uma <strong>amplia\u00e7\u00e3o extraordin\u00e1ria de vagas<\/strong>, refor\u00e7ando a import\u00e2ncia e a demanda por novos servidores na Pol\u00edcia Penal do Paran\u00e1.<\/p>\n\n\n\n<p>De acordo com o Edital n\u00ba 86\/2025, publicado no Di\u00e1rio Oficial do Estado em 20 de outubro, foram inclu\u00eddas <strong>mais 493 vagas<\/strong>, elevando o total de <strong>7 para 500 oportunidades<\/strong> no cargo de Policial Penal.<\/p>\n\n\n\n<p>O concurso havia sido originalmente aberto pelo Edital n\u00ba 04\/2024, publicado em fevereiro de 2024, com apenas 7 vagas. <\/p>\n\n\n\n<p>Essa amplia\u00e7\u00e3o representa um aumento superior a 7.000% no n\u00famero de oportunidades, evidenciando a necessidade urgente de refor\u00e7ar o quadro de pessoal do sistema penitenci\u00e1rio paranaense.<\/p>\n\n\n\n<p>Atualmente, o concurso se encontra na fase de realiza\u00e7\u00e3o do curso de forma\u00e7\u00e3o, etapa final do processo seletivo. A \u00faltima apresenta\u00e7\u00e3o dos candidatos ocorreu em 6 de outubro, marcando o avan\u00e7o das etapas preparat\u00f3rias para a nomea\u00e7\u00e3o.<\/p>\n\n\n\n<p>Com a oferta de vagas ampliada, cresce tamb\u00e9m a expectativa para que <strong>mais aprovados sejam convocados<\/strong> ao longo do prazo de validade do concurso, que \u00e9 de dois anos, at\u00e9 abril de 2027, podendo ser prorrogado por igual per\u00edodo.<\/p>\n\n\n\n<p>Confira o hist\u00f3rico de movimenta\u00e7\u00f5es do concurso Depen PR com as principais atualiza\u00e7\u00f5es:<\/p>\n\n\n\n<ul class=\"wp-block-list\"><li><strong>20 de outubro de 2025:<\/strong> vagas ampliadas<\/li>\n\n\n\n<li><strong>26 de junho de 2024:<\/strong> resultado da prova objetiva \u2013 p\u00f3s-recursos (Edital n\u00ba 004\/2024)<\/li>\n\n\n\n<li><strong>13 de junho de 2024:<\/strong> resultado da prova objetiva e gabarito p\u00f3s-recursos<\/li>\n\n\n\n<li><strong>19 de fevereiro de 2024:<\/strong> edital publicado<\/li>\n<\/ul><h2 class=\"wp-block-heading\" id=\"vagas-e-salrios-do-concurso-depen-pr\">Vagas e sal\u00e1rios do concurso Depen PR<\/h2>\n\n\n\n<p>O concurso Depen PR passa a contar com <strong>500 vagas<\/strong>, distribu\u00eddas da seguinte forma:<\/p>\n\n\n\n<figure class=\"wp-block-image size-full\"><img decoding=\"async\" width=\"734\" height=\"261\" src=\"https:\/\/www.novaconcursos.com.br\/portal\/wp-content\/uploads\/2025\/10\/concurso-depen-pr-vagas.webp\" alt=\"Concurso Depen PR Vagas\" class=\"wp-image-295227\" loading=\"lazy\" title=\"\" srcset=\"https:\/\/www.novaconcursos.com.br\/portal\/wp-content\/uploads\/2025\/10\/concurso-depen-pr-vagas-300x107.webp 300w, https:\/\/www.novaconcursos.com.br\/portal\/wp-content\/uploads\/2025\/10\/concurso-depen-pr-vagas-480x171.webp 480w, https:\/\/www.novaconcursos.com.br\/portal\/wp-content\/uploads\/2025\/10\/concurso-depen-pr-vagas.webp 734w\" sizes=\"auto, (max-width: 480px) 100vw, (max-width: 768px) 100vw, (max-width: 1200px) 70vw, 768px\"><figcaption class=\"wp-element-caption\">Confira a novo quadro de vagas do concurso Depen PR!<\/figcaption><\/figure><p>Confira quais cidades cada regi\u00e3o contempla:<\/p>\n\n\n\n<ul class=\"wp-block-list\"><li>Regi\u00e3o 1: Arapoti, Arauc\u00e1ria, Rio Branco do Sul, Campo Largo, Castro, Colombo, Curitiba, Guarapuava, Guaratuba, Irati, Jaguaria\u00edva, Lapa, Laranjeiras do Sul, Manoel Ribas, Ortigueira, Paranagu\u00e1, Pinhais, Pinh\u00e3o, Piraquara, Pitanga, Ponta Grossa, Prudent\u00f3polis, Reserva, Rio Negro, S\u00e3o Jos\u00e9 dos Pinhais, S\u00e3o Mateus do Sul, Seng\u00e9s, Tel\u00eamaco Borba, Wenceslau Braz.<\/li>\n\n\n\n<li>Regi\u00e3o 2: Alto Paran\u00e1, Alt\u00f4nia, Andir\u00e1, Apucarana, Arapongas, Assai, Astorga, Bandeirantes, Cambar\u00e1, Camb\u00e9, Campo Mour\u00e3o, Carl\u00f3polis, Cianorte, Cidade Gaucha, Colorado, Corn\u00e9lio Proc\u00f3pio, Cruzeiro do Oeste, Engenheiro Beltr\u00e3o, Faxinal, Goioer\u00ea, Gua\u00edra, Ibaiti, Ibipor\u00e3, Icara\u00edma, Ipor\u00e3, Ivaipor\u00e3, Jacarezinho, Jandaia do Sul, Loanda, Loanda, Londrina, Mandagua\u00e7u, Mandaguari, Marialva, Maring\u00e1, Nova Esperan\u00e7a, Nova Londrina, Paranacity, Paranava\u00ed, Porecatu, Rol\u00e2ndia, Santo Ant\u00f4nio da Platina, Sarandi e Umuarama.<\/li>\n\n\n\n<li>Regi\u00e3o 3: Assis Chateaubriand, Campina da Lagoa, Capanema, Cascavel, Corb\u00e9lia, Dois Vizinhos, Foz do Igua\u00e7u, Francisco Beltr\u00e3o, Marechal C\u00e2ndido Rondon, Medianeira, Palmas, Palotina, Pato Branco, Quedas do Igua\u00e7u, Santo Ant\u00f4nio do Sudoeste, Toledo, Uni\u00e3o da Vit\u00f3ria.<\/li>\n<\/ul><h3 class=\"wp-block-heading\">Quanto ganha um Policial Penal no Paran\u00e1?<\/h3>\n\n\n\n<p>Com carga hor\u00e1ria de 40h semanais, o cargo conta com um <strong>sal\u00e1rio<\/strong> inicial no valor de <strong>R$ 4.548,97<\/strong>! Al\u00e9m disso, o servidor far\u00e1 jus a um aux\u00edlio alimenta\u00e7\u00e3o de R$ 634,74. <\/p>\n\n\n\n<p>Com isso, a remunera\u00e7\u00e3o total \u00e9 de <strong>R$ 5.183,71<\/strong>.<\/p>\n\n\n\n<h2 class=\"wp-block-heading\" id=\"requisitos-do-concurso-depen-pr\">Requisitos do concurso Depen PR<\/h2>\n\n\n\n<p>As exig\u00eancias<strong> b\u00e1sicas<\/strong> para investidura na Pol\u00edcia Penal do Depen PR s\u00e3o:<\/p>\n\n\n\n<ul class=\"wp-block-list\"><li><strong>ter no m\u00ednimo 18 anos;<\/strong><\/li>\n\n\n\n<li>ter nacionalidade brasileira ou ser naturalizado e, ainda, em caso de nacionalidade portuguesa, estar amparado(a) pelo estatuto de igualdade entre brasileiros e portugueses, com reconhecimento de direitos e obriga\u00e7\u00f5es civis e de gozo de direitos pol\u00edticos, nos termos do par\u00e1grafo 1\u00ba, artigo 12, da Constitui\u00e7\u00e3o Federal e do Tratado de Amizade, Coopera\u00e7\u00e3o e Consulta, promulgado no Brasil por meio do Decreto Federal n\u00ba 3.927, de 19 de setembro de 2001;<\/li>\n\n\n\n<li>estar em dia com as obriga\u00e7\u00f5es eleitorais;<\/li>\n\n\n\n<li>possuir Certificado de Reservista ou de dispensa de incorpora\u00e7\u00e3o, se do sexo masculino;<\/li>\n\n\n\n<li><strong>comprovar o n\u00edvel de escolaridade de n\u00edvel m\u00e9dio completo, na data da posse;<\/strong><\/li>\n\n\n\n<li>apresentar boa sa\u00fade;<\/li>\n\n\n\n<li>ter boa conduta;<\/li>\n\n\n\n<li><strong>possuir Carteira Nacional de Habilita\u00e7\u00e3o \u2013 CNH, regular, no m\u00ednimo, categoria \u201cB\u201d;<\/strong><\/li>\n\n\n\n<li>n\u00e3o possuir ac\u00famulo de cargos na forma prevista na legisla\u00e7\u00e3o; e<\/li>\n\n\n\n<li>cumprir as determina\u00e7\u00f5es do edital.<\/li>\n<\/ul><h2 class=\"wp-block-heading\" id=\"atribuies\">Atribui\u00e7\u00f5es<\/h2>\n\n\n\n<p>A Pol\u00edcia Penal PR desempenha as seguintes fun\u00e7\u00f5es:<\/p>\n\n\n\n<ul class=\"wp-block-list\"><li>Exercer o poder de pol\u00edcia na apura\u00e7\u00e3o e aplica\u00e7\u00e3o de san\u00e7\u00f5es disciplinares de acordo com a Lei n.\u00ba 7.210\/84;<\/li>\n\n\n\n<li>Coordenar, dirigir e chefiar estabelecimentos penais, atividades t\u00edpicas de gest\u00e3o prisional e setores relacionados ao \u00f3rg\u00e3o respons\u00e1vel pela administra\u00e7\u00e3o do sistema prisional;<\/li>\n\n\n\n<li>Participar, integrar ou assessorar \u00f3rg\u00e3os, departamentos, conselhos, comiss\u00f5es ou grupos de trabalho relacionados ao sistema penitenci\u00e1rio de forma direta ou reflexa;<\/li>\n\n\n\n<li>Atuar na intelig\u00eancia penitenci\u00e1ria;<\/li>\n\n\n\n<li>Classificar as pessoas privadas de liberdade (PPL);<\/li>\n\n\n\n<li>Gerenciar e controlar situa\u00e7\u00f5es de crises;<\/li>\n\n\n\n<li>Transportar, conduzir, guardar e escoltar PPL em meio terrestre e a\u00e9reo, inclusive em nosoc\u00f4mios, f\u00f3runs e outros ambientes externos ao estabelecimento penal; e<\/li>\n\n\n\n<li>Conduzir ve\u00edculos de emerg\u00eancia necess\u00e1rios para atividade penal.<\/li>\n<\/ul><h2 class=\"wp-block-heading\" id=\"etapas-de-seleo-do-concurso-depen-pr\">Etapas de Sele\u00e7\u00e3o do concurso Depen PR<\/h2>\n\n\n\n<p>O concurso Depen PR foi realizado nas seguintes etapas de sele\u00e7\u00e3o:<\/p>\n\n\n\n<ul class=\"wp-block-list\"><li>Prova Objetiva, de car\u00e1ter eliminat\u00f3rio e classificat\u00f3rio;<\/li>\n\n\n\n<li>Avalia\u00e7\u00e3o Psicol\u00f3gica, de car\u00e1ter eliminat\u00f3rio;<\/li>\n\n\n\n<li>Investiga\u00e7\u00e3o Social, de car\u00e1ter eliminat\u00f3rio;<\/li>\n\n\n\n<li>Curso de Forma\u00e7\u00e3o, de car\u00e1ter eliminat\u00f3rio;<\/li>\n\n\n\n<li>Avalia\u00e7\u00e3o M\u00e9dica, de car\u00e1ter eliminat\u00f3rio.<\/li>\n<\/ul><p>A prova objetiva foi aplicada no dia<strong> 19 de maio de 2024<\/strong>, nas cidades de Cascavel\/PR, Curitiba\/PR e Londrina\/PR. <\/p>\n\n\n\n<h3 class=\"wp-block-heading\">Prova Objetiva<\/h3>\n\n\n\n<p>Esta etapa foi composta por <strong>75 quest\u00f5es<\/strong> de m\u00faltipla escolha, distribu\u00eddas entre as seguintes<strong> disciplinas<\/strong>:<\/p>\n\n\n\n<ul class=\"wp-block-list\"><li>Conhecimentos Gerais\n<ul class=\"wp-block-list\"><li>L\u00edngua Portuguesa (10)<\/li>\n\n\n\n<li>Racioc\u00ednio L\u00f3gico Matem\u00e1tico (10)<\/li>\n\n\n\n<li>Inform\u00e1tica (05)<\/li>\n<\/ul><\/li>\n\n\n\n<li>Conhecimentos Espec\u00edficos (50)\n<ul class=\"wp-block-list\"><li>Direito Administrativo<\/li>\n\n\n\n<li>Legisla\u00e7\u00e3o extravagante<\/li>\n\n\n\n<li>Direito Constitucional<\/li>\n\n\n\n<li>Direito Penal<\/li>\n\n\n\n<li>Direito Processual Penal<\/li>\n\n\n\n<li>Direito Penitenci\u00e1rio e Criminologia<\/li>\n\n\n\n<li>Direitos Humanos<\/li>\n<\/ul><\/li>\n<\/ul><p>Em uma escala de 0 \u00e0 100 pontos, foi considerado <strong>aprovado<\/strong> o candidato que acertou, cumulativamente:<\/p>\n\n\n\n<ul class=\"wp-block-list\"><li>no m\u00ednimo, 7 quest\u00f5es de Conhecimentos Gerais, sendo:\n<ul class=\"wp-block-list\"><li>3 quest\u00f5es de L\u00edngua Portuguesa;<\/li>\n\n\n\n<li>3 quest\u00e3o de Racioc\u00ednio L\u00f3gico Matem\u00e1tico;<\/li>\n\n\n\n<li>1 quest\u00e3o de Inform\u00e1tica;<\/li>\n<\/ul><\/li>\n\n\n\n<li>no m\u00ednimo, 25 quest\u00f5es de Conhecimentos Espec\u00edficos; ou<\/li>\n\n\n\n<li>no m\u00ednimo, 60 pontos do total da Prova Objetiva.<\/li>\n<\/ul><h3 class=\"wp-block-heading\">Avalia\u00e7\u00e3o Psicol\u00f3gica<\/h3>\n\n\n\n<p>A Avalia\u00e7\u00e3o Psicol\u00f3gica do concurso Pol\u00edcia Penal PR foi realizada por convoca\u00e7\u00e3o em edital espec\u00edfico, abrangendo at\u00e9 1.000 candidatos aprovados nas etapas anteriores, incluindo inscritos de ampla concorr\u00eancia, cotas e por sexo.<\/p>\n\n\n\n<p>Essa etapa visou avaliar se o candidato possui as compet\u00eancias pessoais necess\u00e1rias para desempenhar adequadamente as atividades do cargo.<\/p>\n\n\n\n<p>Assim, o candidato foi avaliado como <strong>Apto <\/strong>ou <strong>Inapto<\/strong>.<\/p>\n\n\n\n<h3 class=\"wp-block-heading\">Investiga\u00e7\u00e3o Social<\/h3>\n\n\n\n<p>Nesta etapa foram analisados os antecedentes nas esferas penal, civil e administrativa, juntamente com a sindic\u00e2ncia da vida pregressa, com o intuito de verificar se o candidato apresenta condi\u00e7\u00f5es condizentes com as exig\u00eancias do cargo.<\/p>\n\n\n\n<h3 class=\"wp-block-heading\">Curso de Forma\u00e7\u00e3o<\/h3>\n\n\n\n<p>O Curso de Forma\u00e7\u00e3o do concurso Pol\u00edcia Penal PR ser\u00e1 realizado nos munic\u00edpios de <strong>Curitiba e Londrina<\/strong>.<\/p>\n\n\n\n<p>Os candidatos que optarem pela vaga na Regi\u00e3o 1 far\u00e3o o curso em Curitiba, enquanto aqueles que escolherem as Regi\u00f5es 2 e 3 far\u00e3o o curso em Londrina.<\/p>\n\n\n\n<p>Com dura\u00e7\u00e3o de<strong> 530 horas\/aula<\/strong>, as aulas ocorrer\u00e3o de segunda-feira a s\u00e1bado, nos turnos matutino e vespertino, podendo se estender a s\u00e1bados, domingos, feriados e no per\u00edodo noturno em casos excepcionais.<\/p>\n\n\n\n<p>Ser\u00e3o convocados para o curso de forma\u00e7\u00e3o profissional at\u00e9 500 candidatos aprovados nas etapas anteriores, incluindo inscritos de ampla concorr\u00eancia e afrodescendentes.<\/p>\n\n\n\n<h2 class=\"wp-block-heading\" id=\"materiais-preparatrios\">Materiais preparat\u00f3rios<\/h2>\n\n\n\n<p>Se voc\u00ea est\u00e1 de olho em uma futura oportunidade no concurso Depen PR, se antecipar nos estudos pode ser o grande diferencial rumo \u00e0 aprova\u00e7\u00e3o! Sabemos que conquistar uma vaga na Pol\u00edcia Penal exige disciplina, estrat\u00e9gia e materiais de qualidade. Pensando nisso, a\u00a0<a href=\"https:\/\/www.novaconcursos.com.br\/\">Nova Concursos<\/a>\u00a0oferece conte\u00fados completos, atualizados e com a credibilidade de quem j\u00e1 ajudou mais de 100 mil candidatos a alcan\u00e7arem seus objetivos.<\/p>\n\n\n\n<p>Um desses exemplos \u00e9 o de Ant\u00f4nio Jos\u00e9, que superou muitos obst\u00e1culos em sua caminhada. Mesmo diante das dificuldades, manteve o foco e confiou nos materiais da Nova. O resultado? Foi aprovado em dois concursos p\u00fablicos de alta concorr\u00eancia.<\/p>\n\n\n\n<p>Quer saber qual foi o segredo da aprova\u00e7\u00e3o dele? Confira o\u00a0<a href=\"https:\/\/resultados.novaconcursos.com.br\/antonio-jose-freire-de-caeres-aprovado-no-ibge-e-see-mg\">depoimento<\/a>\u00a0completo e descubra como voc\u00ea tamb\u00e9m pode transformar seus estudos para o concurso Depen PR!<\/p>\n\n\n\n<div class=\"nova-continue-reading\">Confira: <a href=\"https:\/\/www.novaconcursos.com.br\/concurso\/depen-pr-departamento-penitenciario-do-estado-do-parana\/\" data-type=\"link\" data-id=\"https:\/\/www.novaconcursos.com.br\/concurso\/depen-pr-departamento-penitenciario-do-estado-do-parana\/\">Materiais preparat\u00f3rios para o concurso Depen PR<\/a><\/div>\n\n\n\n<h3 class=\"wp-block-heading\">Curso Online Depen PR<\/h3>\n\n\n\n<p>O curso online Depen PR \u00e9 a escolha ideal para quem busca uma prepara\u00e7\u00e3o completa e pr\u00e1tica. Com aulas em v\u00eddeo ministradas por professores experientes, o conte\u00fado \u00e9 atualizado conforme o edital e segue a mesma estrutura do programa oficial do concurso. 100% online e com acesso ilimitado, o curso permite que voc\u00ea estude no seu ritmo e de qualquer lugar, com foco total na aprova\u00e7\u00e3o<\/p>\n\n\n\n<h3 class=\"wp-block-heading\">Apostila Depen PR<\/h3>\n\n\n\n<p>A apostila Depen PR foi elaborada por especialistas e revisada com base no conte\u00fado exigido no edital. O material traz explica\u00e7\u00f5es claras, exemplos pr\u00e1ticos e foco total nas disciplinas mais cobradas pela banca organizadora. Ideal para quem deseja estudar com praticidade, organiza\u00e7\u00e3o e seguran\u00e7a.<\/p>\n\n\n\n<h3 class=\"wp-block-heading\">Livro 1.000 Quest\u00f5es Gabaritadas Depen PR<\/h3>\n\n\n\n<p>O livro 1.000 Quest\u00f5es Gabaritadas Depen PR \u00e9 a ferramenta indispens\u00e1vel para quem deseja treinar com base no perfil da banca e nos temas mais recorrentes da prova. As quest\u00f5es foram selecionadas cuidadosamente, acompanhadas de gabarito e coment\u00e1rios explicativos, ajudando voc\u00ea a consolidar o aprendizado e aprimorar o desempenho.<\/p>\n\n\n\n<h2 class=\"wp-block-heading\" id=\"sobre-o-depen-pr\">Sobre o Depen PR<\/h2>\n\n\n\n<p>A <a href=\"https:\/\/www.deppen.pr.gov.br\/\" target=\"_blank\" rel=\"noopener\">Pol\u00edcia Penal do Estado do Paran\u00e1 \u2013 PPPR<\/a>, gestor do sistema penitenci\u00e1rio, constitui-se em unidade administrativa de natureza program\u00e1tica da Secretaria da Seguran\u00e7a P\u00fablica e Administra\u00e7\u00e3o Penitenci\u00e1ria e suas principais atribui\u00e7\u00f5es s\u00e3o:<\/p>\n\n\n\n<ul class=\"wp-block-list\"><li>A administra\u00e7\u00e3o do sistema penitenci\u00e1rio, atrav\u00e9s do apoio e orienta\u00e7\u00e3o t\u00e9cnica e normativa \u00e0s unidades componentes do sistema;<\/li>\n\n\n\n<li>A coordena\u00e7\u00e3o, a supervis\u00e3o e o controle das a\u00e7\u00f5es dos estabelecimentos penais e das demais unidades integrantes do sistema penitenci\u00e1rio;<\/li>\n\n\n\n<li>A ado\u00e7\u00e3o de medidas que visem ao aperfei\u00e7oamento do pessoal do sistema penitenci\u00e1rio, bem como \u00e0 promo\u00e7\u00e3o da educa\u00e7\u00e3o formal e profissionalizante dos internos;<\/li>\n\n\n\n<li>O cumprimento das disposi\u00e7\u00f5es constantes da Lei de Execu\u00e7\u00e3o Penal;<\/li>\n\n\n\n<li>O relacionamento interinstitucional de interesse do sistema penitenci\u00e1rio, visando ao aprimoramento das a\u00e7\u00f5es na \u00e1rea penitenci\u00e1ria.<\/li>\n<\/ul><p><\/p>","protected":false},"excerpt":{"rendered":"<p>Com uma oferta inicial de sete vagas, o concurso Depen PR agora passa a contar com 500 vagas! Confira os detalhes das mudan\u00e7as na sele\u00e7\u00e3o.<\/p>\n","protected":false},"author":54693,"featured_media":295216,"comment_status":"closed","ping_status":"closed","sticky":false,"template":"","format":"standard","meta":{"_acf_changed":false,"footnotes":"","_wp_rev_ctl_limit":""},"categories":[44999,44941,44952],"tags":[42224,45023],"class_list":["post-214373","post","type-post","status-publish","format-standard","has-post-thumbnail","hentry","category-concursos","category-carreira-policial","category-pr","tag-concurso-depen-pr","tag-concursos-abertos-pr"],"acf":[],"_links":{"self":[{"href":"https:\/\/www.novaconcursos.com.br\/portal\/wp-json\/wp\/v2\/posts\/214373","targetHints":{"allow":["GET"]}}],"collection":[{"href":"https:\/\/www.novaconcursos.com.br\/portal\/wp-json\/wp\/v2\/posts"}],"about":[{"href":"https:\/\/www.novaconcursos.com.br\/portal\/wp-json\/wp\/v2\/types\/post"}],"author":[{"embeddable":true,"href":"https:\/\/www.novaconcursos.com.br\/portal\/wp-json\/wp\/v2\/users\/54693"}],"replies":[{"embeddable":true,"href":"https:\/\/www.novaconcursos.com.br\/portal\/wp-json\/wp\/v2\/comments?post=214373"}],"version-history":[{"count":26,"href":"https:\/\/www.novaconcursos.com.br\/portal\/wp-json\/wp\/v2\/posts\/214373\/revisions"}],"predecessor-version":[{"id":296114,"href":"https:\/\/www.novaconcursos.com.br\/portal\/wp-json\/wp\/v2\/posts\/214373\/revisions\/296114"}],"wp:featuredmedia":[{"embeddable":true,"href":"https:\/\/www.novaconcursos.com.br\/portal\/wp-json\/wp\/v2\/media\/295216"}],"wp:attachment":[{"href":"https:\/\/www.novaconcursos.com.br\/portal\/wp-json\/wp\/v2\/media?parent=214373"}],"wp:term":[{"taxonomy":"category","embeddable":true,"href":"https:\/\/www.novaconcursos.com.br\/portal\/wp-json\/wp\/v2\/categories?post=214373"},{"taxonomy":"post_tag","embeddable":true,"href":"https:\/\/www.novaconcursos.com.br\/portal\/wp-json\/wp\/v2\/tags?post=214373"}],"curies":[{"name":"wp","href":"https:\/\/api.w.org\/{rel}","templated":true}]}}