{"id":214442,"date":"2023-12-05T16:15:55","date_gmt":"2023-12-05T19:15:55","guid":{"rendered":"https:\/\/www.novaconcursos.com.br\/portal\/?p=214442"},"modified":"2023-12-05T16:15:59","modified_gmt":"2023-12-05T19:15:59","slug":"concurso-fundacao-saude-pb-governador-estuda-edital","status":"publish","type":"post","link":"https:\/\/www.novaconcursos.com.br\/portal\/noticias\/concurso-fundacao-saude-pb-governador-estuda-edital\/","title":{"rendered":"Concurso Funda\u00e7\u00e3o Sa\u00fade PB: Governador estuda realizar edital para \u00e1rea. Confira!"},"content":{"rendered":"<p>Durante o programa Conversa com o Governador, da R\u00e1dio Tabajara, realizado nesta segunda-feira, (04\/11), o governador Jo\u00e3o Azev\u00eado, informou que est\u00e1 estudando a realiza\u00e7\u00e3o de um novo <a href=\"https:\/\/www.novaconcursos.com.br\/portal\/concursos\/concurso-fundacao-pb-saude\/\">concurso Funda\u00e7\u00e3o Sa\u00fade PB<\/a> (Funda\u00e7\u00e3o Paraibana de Gest\u00e3o em Sa\u00fade)!<\/p>\n\n\n\n<p>Durante a <a href=\"https:\/\/www.youtube.com\/watch?v=d8xFI6uXey4\" target=\"_blank\" rel=\"noreferrer noopener\">entrevista,<\/a> o governador informou que o certame ser\u00e1 destinado para a<strong> forma\u00e7\u00e3o de um cadastro reserva<\/strong> que ser\u00e1 utilizado durante o prazo de validade da sele\u00e7\u00e3o.<\/p>\n\n\n\n<p>Os servidores <strong>ser\u00e3o convocados rapidamente<\/strong>, assim que a Funda\u00e7\u00e3o Sa\u00fade assumir mais hospitais do Estado.<\/p>\n\n\n\n<p><em>\u201cJ\u00e1 fizemos concursos para diversas \u00e1reas, professores, procuradores, Pol\u00edcia Civil, Docas, EPC, Aesa e um grande concurso para a PB Sa\u00fade. Estamos pensando em fazer mais um concurso da PB Sa\u00fade para criar um banco de reserva. Quando a funda\u00e7\u00e3o assumir um hospital precisamos ter essa reserva pronta para convoca\u00e7\u00e3o<\/em>\u201c, disse o governador.<\/p>\n\n\n\n<p><\/p>\n\n\n\n<p>O governador explicou que a medida visa criar um banco de reserva para atender a demanda da Funda\u00e7\u00e3o, que come\u00e7ou a administrar o Hospital Edson Ramalho, por exemplo.<\/p>\n\n\n\n<p><em>\u201cComo ela (funda\u00e7\u00e3o) amplia a sua atua\u00e7\u00e3o e tem que ter uma equipe toda contratada a partir do momento que assume cada hospital, a gente faz um concurso para cadastro de reserva e vai chamando. J\u00e1 chamamos 4.000. Semana passada n\u00f3s chamamos mais 500 profissionais porque n\u00f3s assumimos o Edson Ramalho pela PB Sa\u00fade e precisa de profissionais qualificados\u201d<\/em>, declarou.<\/p>\n\n\n\n<p><\/p>\n\n\n\n<p>A Funda\u00e7\u00e3o Sa\u00fade PB \u00e9 uma funda\u00e7\u00e3o governamental de direito privado que comp\u00f5e a <strong>administra\u00e7\u00e3o indireta do estado.<\/strong><\/p>\n\n\n\n<ul class=\"wp-block-list\"><li><strong>Confira: <\/strong><a href=\"https:\/\/www.novaconcursos.com.br\/mapa-mental\/sus-sistema-unico-de-saude-pdf?q=LEI%208080\">Mapas Mentais SUS \u2013 Sistema \u00danico de Sa\u00fade (Lei 8.142\/1990 e Lei 8.080\/1990) (PDF)<\/a><\/li>\n<\/ul><p><\/p>\n\n\n\n<p>Estude para o concurso dos seus sonhos com o\u00a0<strong>M\u00e9todo<\/strong>\u00a0que j\u00e1 ajudou na\u00a0<strong>aprova\u00e7\u00e3o de mais de 70 mil alunos!<\/strong>\u00a0<a href=\"https:\/\/aprovacao.novaconcursos.com.br\/assinatura?promo_creative=Clique+aqui&amp;promo_name=noticia&amp;promo_id=%2Fportal&amp;promo_position=corpo-texto\" target=\"_blank\" rel=\"noreferrer noopener\">Clique aqui<\/a>\u00a0e saiba mais!<\/p>\n\n\n\n<h2 class=\"wp-block-heading\" id=\"como-foi-o-ltimo-concurso-fundao-sade-pb\">Como foi o \u00faltimo concurso Funda\u00e7\u00e3o Sa\u00fade PB?<\/h2>\n\n\n\n<p>O \u00faltimo concurso foi realizado em 2021 para o preenchimento de <strong>326 vagas imediatas<\/strong> e 4.075 oportunidades em cadastro reserva, para cargos de n\u00edvel m\u00e9dio e superior.<\/p>\n\n\n\n<p>As oportunidades foram distribu\u00eddas entre as seguintes especialidades:<\/p>\n\n\n\n<ul class=\"wp-block-list\"><li>Assistente Administrativo;<\/li>\n\n\n\n<li>Auxiliar Administrativo;<\/li>\n\n\n\n<li>Auxiliar de Cozinha;<\/li>\n\n\n\n<li>Auxiliar de Farm\u00e1cia;<\/li>\n\n\n\n<li>Auxiliar de Manuten\u00e7\u00e3o Predial;<\/li>\n\n\n\n<li>Copeiro;<\/li>\n\n\n\n<li>Costureira;<\/li>\n\n\n\n<li>Cozinheiro;<\/li>\n\n\n\n<li>Designer Gr\u00e1fico;<\/li>\n\n\n\n<li>Eletricista de Manuten\u00e7\u00e3o;<\/li>\n\n\n\n<li>Estoquista;<\/li>\n\n\n\n<li>Instrumentador em Cirurgia Cardiovascular;<\/li>\n\n\n\n<li>Instrumentador em Cirurgia Neurol\u00f3gica;<\/li>\n\n\n\n<li>Maqueiro;<\/li>\n\n\n\n<li>Motorista Administrativo;<\/li>\n\n\n\n<li>T\u00e9cnico de Enfermagem (diversas especialidades);<\/li>\n\n\n\n<li>T\u00e9cnico de Imobiliza\u00e7\u00e3o Ortop\u00e9dica;<\/li>\n\n\n\n<li>T\u00e9cnico de Manuten\u00e7\u00e3o em Equipamento M\u00e9dico Hospitalar;<\/li>\n\n\n\n<li>T\u00e9cnico de Manuten\u00e7\u00e3o Hidr\u00e1ulica;<\/li>\n\n\n\n<li>T\u00e9cnico de Refrigera\u00e7\u00e3o;<\/li>\n\n\n\n<li>T\u00e9cnico em Inform\u00e1tica;<\/li>\n\n\n\n<li>T\u00e9cnico em Radiologia;<\/li>\n\n\n\n<li>T\u00e9cnico em Seguran\u00e7a do Trabalho;<\/li>\n\n\n\n<li>Advogado;<\/li>\n\n\n\n<li>Analista de Departamento Pessoal;<\/li>\n\n\n\n<li>Analista de Recursos Humanos;<\/li>\n\n\n\n<li>Analista de Rede\/Sistemas\/Software;<\/li>\n\n\n\n<li>Assessor de Imprensa;<\/li>\n\n\n\n<li>Assistente Social;<\/li>\n\n\n\n<li>Biom\u00e9dico;<\/li>\n\n\n\n<li>Contador;<\/li>\n\n\n\n<li>Ec\u00f3logo;<\/li>\n\n\n\n<li>Enfermeiro (diversas especialidades);<\/li>\n\n\n\n<li>Engenheiro do Trabalho;<\/li>\n\n\n\n<li>Estat\u00edstico;<\/li>\n\n\n\n<li>Farmac\u00eautico;<\/li>\n\n\n\n<li>Fisioterapeuta;<\/li>\n\n\n\n<li>Fisioterapeuta Intensivista Adulto;<\/li>\n\n\n\n<li>Fisioterapeuta Intensivista Pedi\u00e1trico;<\/li>\n\n\n\n<li>Fonoaudiologia;<\/li>\n\n\n\n<li>M\u00e9dico (diversas especialidades);<\/li>\n\n\n\n<li>Neuropsic\u00f3logo;<\/li>\n\n\n\n<li>Nutricionista;<\/li>\n\n\n\n<li>Odontologia (Cirurgi\u00e3o Dentista);<\/li>\n\n\n\n<li>Perfusionista;<\/li>\n\n\n\n<li>Psic\u00f3logo;<\/li>\n\n\n\n<li>Psicopedagogo; e<\/li>\n\n\n\n<li>Terapeuta Ocupacional.<\/li>\n<\/ul><p><\/p>\n\n\n\n<p>Na ocasi\u00e3o, a banca organizadora foi a <a href=\"https:\/\/www.vunesp.com.br\/\" target=\"_blank\" rel=\"noreferrer noopener\">Vunesp,<\/a> que avaliou os candidatos por meio de provas objetivas, discursivas e de t\u00edtulos.<\/p>\n\n\n\n<p>Na prova objetiva, foram cobrados os seguintes conhecimentos:<\/p>\n\n\n\n<ul class=\"wp-block-list\"><li>L\u00edngua Portuguesa;<\/li>\n\n\n\n<li>No\u00e7\u00f5es de Inform\u00e1tica;<\/li>\n\n\n\n<li>Matem\u00e1tica;<\/li>\n\n\n\n<li>Racioc\u00ednio L\u00f3gico; e<\/li>\n\n\n\n<li>Pol\u00edtica da Sa\u00fade.<\/li>\n<\/ul><p><\/p>\n\n\n\n<p>Foi considerado aprovado o candidato que obteve nota igual ou superior a 50 pontos do total. Lembrando que ao todo, foram registradas mais de <strong>23 mil candidaturas.<\/strong><\/p>\n\n\n\n<p><a href=\"https:\/\/www.novaconcursos.com.br\/portal\/wp-content\/uploads\/2023\/12\/diario-oficial-03-07-2021-6-31-1.pdf\" target=\"_blank\" rel=\"noreferrer noopener\">Clique aqui e baixe o edital!<\/a><\/p>\n\n\n\n<p><\/p>","protected":false},"excerpt":{"rendered":"<p>Durante o programa Conversa com o Governador, da R\u00e1dio Tabajara, realizado nesta segunda-feira, (04\/11), o governador Jo\u00e3o Azev\u00eado, informou que est\u00e1 estudando a realiza\u00e7\u00e3o de um novo concurso Funda\u00e7\u00e3o Sa\u00fade PB (Funda\u00e7\u00e3o Paraibana de Gest\u00e3o em Sa\u00fade)! Durante a entrevista, o governador informou que o certame ser\u00e1 destinado para a forma\u00e7\u00e3o de um cadastro reserva [&hellip;]<\/p>\n","protected":false},"author":54679,"featured_media":158644,"comment_status":"closed","ping_status":"closed","sticky":false,"template":"","format":"standard","meta":{"_acf_changed":false,"footnotes":"","_wp_rev_ctl_limit":""},"categories":[228],"tags":[],"class_list":["post-214442","post","type-post","status-publish","format-standard","has-post-thumbnail","hentry","category-noticias"],"acf":[],"_links":{"self":[{"href":"https:\/\/www.novaconcursos.com.br\/portal\/wp-json\/wp\/v2\/posts\/214442","targetHints":{"allow":["GET"]}}],"collection":[{"href":"https:\/\/www.novaconcursos.com.br\/portal\/wp-json\/wp\/v2\/posts"}],"about":[{"href":"https:\/\/www.novaconcursos.com.br\/portal\/wp-json\/wp\/v2\/types\/post"}],"author":[{"embeddable":true,"href":"https:\/\/www.novaconcursos.com.br\/portal\/wp-json\/wp\/v2\/users\/54679"}],"replies":[{"embeddable":true,"href":"https:\/\/www.novaconcursos.com.br\/portal\/wp-json\/wp\/v2\/comments?post=214442"}],"version-history":[{"count":10,"href":"https:\/\/www.novaconcursos.com.br\/portal\/wp-json\/wp\/v2\/posts\/214442\/revisions"}],"predecessor-version":[{"id":214454,"href":"https:\/\/www.novaconcursos.com.br\/portal\/wp-json\/wp\/v2\/posts\/214442\/revisions\/214454"}],"wp:featuredmedia":[{"embeddable":true,"href":"https:\/\/www.novaconcursos.com.br\/portal\/wp-json\/wp\/v2\/media\/158644"}],"wp:attachment":[{"href":"https:\/\/www.novaconcursos.com.br\/portal\/wp-json\/wp\/v2\/media?parent=214442"}],"wp:term":[{"taxonomy":"category","embeddable":true,"href":"https:\/\/www.novaconcursos.com.br\/portal\/wp-json\/wp\/v2\/categories?post=214442"},{"taxonomy":"post_tag","embeddable":true,"href":"https:\/\/www.novaconcursos.com.br\/portal\/wp-json\/wp\/v2\/tags?post=214442"}],"curies":[{"name":"wp","href":"https:\/\/api.w.org\/{rel}","templated":true}]}}