{"id":214742,"date":"2023-12-07T18:49:34","date_gmt":"2023-12-07T21:49:34","guid":{"rendered":"https:\/\/www.novaconcursos.com.br\/portal\/?p=214742"},"modified":"2025-04-08T14:25:58","modified_gmt":"2025-04-08T17:25:58","slug":"concurso-prefeitura-de-campo-grande-saiu-o-edital-da-semed","status":"publish","type":"post","link":"https:\/\/www.novaconcursos.com.br\/portal\/noticias\/concurso-prefeitura-de-campo-grande-saiu-o-edital-da-semed\/","title":{"rendered":"Concurso Prefeitura de Campo Grande: Saiu o edital da Semed. 323 vagas!"},"content":{"rendered":"<p>Est\u00e1, enfim, publicado o edital do concurso para a Secretaria de Educa\u00e7\u00e3o da\u00a0Prefeitura de Campo Grande. S\u00e3o vagas para Professores, com<strong> sal\u00e1rios de at\u00e9 R$ 3,6 mil.<\/strong><\/p>\n\n\n\n<h2 class=\"wp-block-heading\" id=\"resumo-do-edital\">Resumo do Edital<\/h2>\n\n\n\n<p>Vagas: 323\u00a0<br>Escolaridade: N\u00edvel superior<br>Sal\u00e1rio: R$3.617,07<br>Per\u00edodo de inscri\u00e7\u00e3o: 11\/12\/2023 at\u00e9 15\/01\/2024<br>Taxa de inscri\u00e7\u00e3o: R$ 95<br>Prova: 04\/02\/2024<br>Banca: Instituto Avalia<br><a href=\"https:\/\/www.novaconcursos.com.br\/portal\/wp-content\/uploads\/2023\/12\/b00b8313-f9d0-4ea8-8d6b-349384eb8c50.pdf\" target=\"_blank\" rel=\"noreferrer noopener\">Baixe o edital<\/a><\/p>\n\n\n\n<p><\/p>\n\n\n\n<h2 class=\"wp-block-heading\" id=\"como-realizar-inscrio-para-o-concurso-da-prefeitura-de-campo\">Como realizar inscri\u00e7\u00e3o para o concurso da Prefeitura de Campo Grande?<\/h2>\n\n\n\n<p>Portanto, os interessados no concurso da Prefeitura de Campo Grande, no\u00a0Mato Grosso do Sul, devem se atentar aos prazos. <strong>O edital j\u00e1 saiu<\/strong>!<\/p>\n\n\n\n<ul class=\"wp-block-list\"><li><strong>Confira:<\/strong> <a href=\"https:\/\/www.novaconcursos.com.br\/apostila\/carreiras-educacionais-professor\">Apostila Carreiras Educacionais \u2013 Professor<\/a><\/li>\n<\/ul><p><\/p>\n\n\n\n<p>As inscri\u00e7\u00f5es, por\u00e9m, se iniciam no dia <strong>11 de dezembro<\/strong>, ficando abertas at\u00e9 o dia <strong>15 de janeiro<\/strong> de 2024. Elas devem ser feitas no site da banca <a href=\"https:\/\/www.avalia.org.br\/concursos\/484\" target=\"_blank\" rel=\"noreferrer noopener\">Instituto Avalia<\/a>.<\/p>\n\n\n\n<p>Portanto, o primeiro passo \u00e9 preencher o formul\u00e1rio com os dados solicitados, depois gerar o boleto e a\u00ed sim pagar a taxa de inscri\u00e7\u00e3o de <strong>R$ 95<\/strong>.\u00a0<\/p>\n\n\n\n<p><strong>Aten\u00e7\u00e3o<\/strong>: desempregados; doadores de medula \u00f3ssea, de sangue ou doador ou receptor de rim no munic\u00edpio de Campo Grande, podem solicitar a isen\u00e7\u00e3o da taxa.<\/p>\n\n\n\n<p>Para isso, ent\u00e3o, ser\u00e1 preciso entrar tamb\u00e9m no site da banca entre <strong>11 e 18 de dezembro<\/strong>. Tamb\u00e9m ter\u00e1 direito, doadoras de leite materno e pessoas com renda per capita familiar igual ou inferior a meio sal\u00e1rio m\u00ednimo.<\/p>\n\n\n\n<h2 class=\"wp-block-heading\" id=\"quais-as-vagas-e-cargos-do-concurso-da-prefeitura-de-campo-g\">Quais as vagas e cargos do concurso da Prefeitura de Campo Grande?<\/h2>\n\n\n\n<p>Sendo assim, a oferta do concurso \u00e9 de <strong>323 vagas<\/strong> para cargos de Professor efetivo da rede municipal de ensino da cidade. Veja, ent\u00e3o, as \u00e1reas:<\/p>\n\n\n\n<ul class=\"wp-block-list\"><li>Educa\u00e7\u00e3o Infantil: 82 vagas;<\/li>\n\n\n\n<li>Ensino Fundamental: 120 vagas;<\/li>\n\n\n\n<li>Arte: 84 vagas;<\/li>\n\n\n\n<li>Educa\u00e7\u00e3o F\u00edsica: 10 vagas;<\/li>\n\n\n\n<li>L\u00edngua Inglesa: 5 vagas;\u00a0<\/li>\n\n\n\n<li>L\u00edngua Portuguesa: 5 vagas;<\/li>\n\n\n\n<li>Matem\u00e1tica: 5 vagas;<\/li>\n\n\n\n<li>Geografia: 4 vagas;<\/li>\n\n\n\n<li>Hist\u00f3ria: 4 vagas; e<\/li>\n\n\n\n<li>Ci\u00eancias: 4 vagas.<\/li>\n<\/ul><p><\/p>\n\n\n\n<p>Para Professor de Educa\u00e7\u00e3o Infantil e dos anos iniciais do ensino fundamental o requisito \u00e9 o curso de gradua\u00e7\u00e3o de licenciatura plena em Pedagogia. Isso com habilita\u00e7\u00e3o na Educa\u00e7\u00e3o Infantil e Anos Iniciais. <\/p>\n\n\n\n<p>J\u00e1 para os demais cargos, o exigido \u00e9 Licenciatura plena, com habilita\u00e7\u00e3o espec\u00edfica na \u00e1rea de atua\u00e7\u00e3o. Lembrando que h\u00e1 <strong>reserva de vagas<\/strong> para cotas.<\/p>\n\n\n\n<h3 class=\"wp-block-heading\">Sal\u00e1rios e requisitos<\/h3>\n\n\n\n<p>Por outro lado, destacamos que os sal\u00e1rios iniciais dos cargos \u00e9 de <strong>R$3.617,07.<\/strong> Veja os demais requisitos cobrados no edital:<\/p>\n\n\n\n<ul class=\"wp-block-list\"><li>ser brasileiro nato ou naturalizado e cidad\u00e3o portugu\u00eas conforme disposto nos termos do artigo 12, da Constitui\u00e7\u00e3o Federal, e do Decreto Federal n\u00ba 70.436\/1972;<\/li>\n\n\n\n<li>ter idade igual ou superior a 18 (dezoito) anos;<\/li>\n\n\n\n<li>ser eleitor e estar quite com as obriga\u00e7\u00f5es eleitorais;<\/li>\n\n\n\n<li>estar quite com as obriga\u00e7\u00f5es militares, em caso de candidato do sexo masculino;<\/li>\n\n\n\n<li>ter aptid\u00e3o f\u00edsica e mental para o exerc\u00edcio das atribui\u00e7\u00f5es do cargo, verificada em exame m\u00e9dico pericial, condicionada \u00e0 apresenta\u00e7\u00e3o pelo candidato de comprovantes m\u00e9dico-laboratoriais espec\u00edficos para o exerc\u00edcio do cargo;<\/li>\n\n\n\n<li>n\u00e3o ocupar cargo, emprego ou fun\u00e7\u00e3o p\u00fablica e n\u00e3o acumular proventos de aposentadoria pagos pela previd\u00eancia<\/li>\n\n\n\n<li>p\u00fablica federal, estadual ou municipal, exceto nas hip\u00f3teses constantes do art. 37, inciso X, da Constitui\u00e7\u00e3o Federal e art. 219 a 221 da Lei Complementar n. 190\/2011 (Estatuto do Servidor P\u00fablico Municipal);<\/li>\n\n\n\n<li>n\u00e3o ter sido demitido por justa causa, em raz\u00e3o de falta grave, mediante decis\u00e3o de qualquer esfera governamental, nos \u00faltimos cinco anos;<\/li>\n\n\n\n<li>n\u00e3o possuir condena\u00e7\u00e3o criminal com tr\u00e2nsito em julgado, comprovada por certid\u00f5es passadas pela Justi\u00e7a Estadual e Federal, observando o domic\u00edlio do candidato, nos 5 (cinco) anos anteriores \u00e0 data de publica\u00e7\u00e3o deste Edital;<\/li>\n\n\n\n<li>apresenta\u00e7\u00e3o de declara\u00e7\u00e3o de bens, conforme formul\u00e1rio pr\u00f3prio da Administra\u00e7\u00e3o Municipal ou c\u00f3pia da declara\u00e7\u00e3o apresentada \u00e0 Receita Federal do Brasil;<\/li>\n\n\n\n<li>apresenta\u00e7\u00e3o de Declara\u00e7\u00e3o de Ficha Limpa, conforme estabelece o Decreto n 12.675, de 1\u00ba de julho de 2015;<\/li>\n\n\n\n<li>n\u00e3o possuir condena\u00e7\u00e3o com tr\u00e2nsito em julgado, conforme rol taxativo da Lei n. 6.194\/2019<\/li>\n<\/ul><p><\/p>\n\n\n\n<p><a href=\"https:\/\/www.novaconcursos.com.br\/portal\/concursos-abertos\/ms\/\">Saiba mais editais abertos no estado do Mato Grosso do Sul<\/a>!<\/p>\n\n\n\n<h2 class=\"wp-block-heading\" id=\"como-e-quando-sero-as-provas-do-concurso-prefeitura-de-campo\">Como e quando ser\u00e3o as provas do concurso Prefeitura de Campo Grande?<\/h2>\n\n\n\n<p>Composto por provas objetivas e de reda\u00e7\u00e3o, a aplica\u00e7\u00e3o das etapas est\u00e1 marcada para o dia\u00a0<strong>4 de fevereiro de 2024<\/strong>, em dois turnos:\u00a0<\/p>\n\n\n\n<ul class=\"wp-block-list\"><li><strong>manh\u00e3<\/strong>: provas para professor de Educa\u00e7\u00e3o Infantil; professor nas disciplinas de Arte, Educa\u00e7\u00e3o F\u00edsica, L\u00edngua Inglesa, Matem\u00e1tica, Geografia, Hist\u00f3ria, Ci\u00eancias.\u00a0<\/li>\n\n\n\n<li><strong>tarde<\/strong>: professor dos anos iniciais do Ensino Fundamental; e professor de L\u00edngua Portuguesa.\u00a0<\/li>\n<\/ul><p><\/p>\n\n\n\n<p>Assim, a objetiva ter\u00e1 <strong>60 quest\u00f5es<\/strong>, distribu\u00eddas entre as disciplinas de L\u00edngua Portuguesa, Racioc\u00ednio L\u00f3gico e Matem\u00e1tico, Legisla\u00e7\u00e3o B\u00e1sica da Educa\u00e7\u00e3o, Educa\u00e7\u00e3o Brasileira e Conhecimentos Espec\u00edficos.\u00a0<\/p>\n\n\n\n<p>Por outro lado, na <strong>discursiva <\/strong>ser\u00e1 preciso elaborar uma reda\u00e7\u00e3o. E ainda haver\u00e1 a etapa de prova de t\u00edtulos, posteriormente. <\/p>","protected":false},"excerpt":{"rendered":"<p>Est\u00e1, enfim, publicado o edital do concurso para a Secretaria de Educa\u00e7\u00e3o da\u00a0Prefeitura de Campo Grande. S\u00e3o vagas para Professores, com sal\u00e1rios de at\u00e9 R$ 3,6 mil. Resumo do Edital Vagas: 323\u00a0Escolaridade: N\u00edvel superiorSal\u00e1rio: R$3.617,07Per\u00edodo de inscri\u00e7\u00e3o: 11\/12\/2023 at\u00e9 15\/01\/2024Taxa de inscri\u00e7\u00e3o: R$ 95Prova: 04\/02\/2024Banca: Instituto AvaliaBaixe o edital Como realizar inscri\u00e7\u00e3o para o concurso [&hellip;]<\/p>\n","protected":false},"author":54671,"featured_media":214743,"comment_status":"closed","ping_status":"closed","sticky":false,"template":"","format":"standard","meta":{"_acf_changed":false,"footnotes":"","_wp_rev_ctl_limit":""},"categories":[228],"tags":[],"class_list":["post-214742","post","type-post","status-publish","format-standard","has-post-thumbnail","hentry","category-noticias"],"acf":[],"_links":{"self":[{"href":"https:\/\/www.novaconcursos.com.br\/portal\/wp-json\/wp\/v2\/posts\/214742","targetHints":{"allow":["GET"]}}],"collection":[{"href":"https:\/\/www.novaconcursos.com.br\/portal\/wp-json\/wp\/v2\/posts"}],"about":[{"href":"https:\/\/www.novaconcursos.com.br\/portal\/wp-json\/wp\/v2\/types\/post"}],"author":[{"embeddable":true,"href":"https:\/\/www.novaconcursos.com.br\/portal\/wp-json\/wp\/v2\/users\/54671"}],"replies":[{"embeddable":true,"href":"https:\/\/www.novaconcursos.com.br\/portal\/wp-json\/wp\/v2\/comments?post=214742"}],"version-history":[{"count":8,"href":"https:\/\/www.novaconcursos.com.br\/portal\/wp-json\/wp\/v2\/posts\/214742\/revisions"}],"predecessor-version":[{"id":278214,"href":"https:\/\/www.novaconcursos.com.br\/portal\/wp-json\/wp\/v2\/posts\/214742\/revisions\/278214"}],"wp:featuredmedia":[{"embeddable":true,"href":"https:\/\/www.novaconcursos.com.br\/portal\/wp-json\/wp\/v2\/media\/214743"}],"wp:attachment":[{"href":"https:\/\/www.novaconcursos.com.br\/portal\/wp-json\/wp\/v2\/media?parent=214742"}],"wp:term":[{"taxonomy":"category","embeddable":true,"href":"https:\/\/www.novaconcursos.com.br\/portal\/wp-json\/wp\/v2\/categories?post=214742"},{"taxonomy":"post_tag","embeddable":true,"href":"https:\/\/www.novaconcursos.com.br\/portal\/wp-json\/wp\/v2\/tags?post=214742"}],"curies":[{"name":"wp","href":"https:\/\/api.w.org\/{rel}","templated":true}]}}