{"id":214882,"date":"2023-12-11T12:17:40","date_gmt":"2023-12-11T15:17:40","guid":{"rendered":"https:\/\/www.novaconcursos.com.br\/portal\/?p=214882"},"modified":"2025-12-11T11:49:39","modified_gmt":"2025-12-11T14:49:39","slug":"concurso-pm-sp-inscricoes-entram-reta-final","status":"publish","type":"post","link":"https:\/\/www.novaconcursos.com.br\/portal\/noticias\/concurso-pm-sp-inscricoes-entram-reta-final\/","title":{"rendered":"Concurso PM SP: Inscri\u00e7\u00f5es para Soldado entram na reta final!"},"content":{"rendered":"<p>As inscri\u00e7\u00f5es do <a href=\"https:\/\/www.novaconcursos.com.br\/portal\/concursos\/concurso-pm-sp\/\" target=\"_blank\" rel=\"noreferrer noopener\">concurso PM SP<\/a>, que oferta 2.700 vagas para Soldado, entram na <strong>reta final!<\/strong> ?<\/p>\n\n\n\n<p>Os interessados ter\u00e3o at\u00e9 \u00e0s 23h59 de<strong> 20 de dezembro de 2023 <\/strong>para se candidatar. <\/p>\n\n\n\n<p>O primeiro passo \u00e9 acessar o site da banca, a\u00a0<a href=\"https:\/\/www.vunesp.com.br\/PMES2304\" target=\"_blank\" rel=\"noreferrer noopener\">Funda\u00e7\u00e3o Vunesp,<\/a> e preencher o formul\u00e1rio de inscri\u00e7\u00e3o com os dados solicitados.<\/p>\n\n\n\n<p>Em seguida, \u00e9 preciso efetuar o pagamento da taxa de inscri\u00e7\u00e3o no valor de\u00a0<strong>R$ 85,00\u00a0<\/strong>at\u00e9 o 1\u00ba dia subsequente ao encerramento das inscri\u00e7\u00f5es. <\/p>\n\n\n\n<p>Fique atento ao prazo, hein? \u23f1\ufe0f<\/p>\n\n\n\n<ul class=\"wp-block-list\"><li><strong>Adquira:<\/strong><a href=\"https:\/\/www.novaconcursos.com.br\/curso-online\/pm-sp-soldado?promo_creative=+Concurso+PM+SP+%26%238211%3B+Curso+Completo+Soldado&amp;promo_name=noticia&amp;promo_id=%2Fportal%2Fnoticias%2Fsaiu-o-edital-pm-sp-2-7000-vagas-para-soldado-nivel-medio&amp;promo_position=corpo-texto\">\u00a0Concurso PM SP \u2013 Curso Completo Soldado<\/a><\/li>\n\n\n\n<li><strong>Adquira:<\/strong>\u00a0<a href=\"https:\/\/www.novaconcursos.com.br\/apostila\/pm-sp-soldado-qppm?promo_creative=Concurso+PM+SP+%26%238211%3B+Apostila+Soldado+2023&amp;promo_name=noticia&amp;promo_id=%2Fportal%2Fnoticias%2Fsaiu-o-edital-pm-sp-2-7000-vagas-para-soldado-nivel-medio&amp;promo_position=corpo-texto\">Concurso PM SP \u2013 Apostila Soldado 2023<\/a><\/li>\n<\/ul><p><\/p>\n\n\n\n<p>Estude para o concurso dos seus sonhos com o\u00a0<strong>M\u00e9todo<\/strong>\u00a0que j\u00e1 ajudou na\u00a0<strong>aprova\u00e7\u00e3o de mais de 70 mil alunos<\/strong>.\u00a0<a href=\"https:\/\/www.novaconcursos.com.br\/eventos\/assinatura?promo_creative=Clique+aqui&amp;promo_name=noticia&amp;promo_id=%2Fportal%2Fnoticias%2Fconcurso-pm-sp-inscricoes-abertas-vagas-para-soldado&amp;promo_position=corpo-texto\" target=\"_blank\" rel=\"noreferrer noopener\">Clique aqui<\/a>\u00a0e saiba mais!<\/p>\n\n\n\n<h2 class=\"wp-block-heading\" id=\"quanto-ganha-um-soldado-da-pm-sp\">Quanto ganha um Soldado da PM SP?<\/h2>\n\n\n\n<p>O concurso PM SP oferta 2.700 vagas\u00a0de\u00a0<strong>Soldado PM de 2\u00aa Classe<\/strong>, para o sexo masculino e feminino.<\/p>\n\n\n\n<p>Atualmente, o cargo conta com uma remunera\u00e7\u00e3o b\u00e1sica inicial de\u00a0<strong>R$ 4.852,21<\/strong>.<\/p>\n\n\n\n<p>Este valor \u00e9 dividido da seguinte forma:<\/p>\n\n\n\n<ul class=\"wp-block-list\"><li>Padr\u00e3o no valor: R$ 2.033,27<\/li>\n\n\n\n<li>Regime Especial de Trabalho Policial (RETP): R$ 2.033,27<\/li>\n\n\n\n<li>Insalubridade: R$ 785,67<\/li>\n<\/ul><p><\/p>\n\n\n\n<p>Entretanto, com a<strong>\u00a0progress\u00e3o de carreira,\u00a0<\/strong>a remunera\u00e7\u00e3o pode ultrapassar os R$ 10 mil.<\/p>\n\n\n\n<figure class=\"wp-block-image size-full\"><a href=\"https:\/\/www.novaconcursos.com.br\/portal\/wp-content\/uploads\/2023\/12\/remuneracao-reajuste-salarial-pm-sp.webp\"><img decoding=\"async\" width=\"1014\" height=\"957\" src=\"https:\/\/www.novaconcursos.com.br\/portal\/wp-content\/uploads\/2023\/12\/remuneracao-reajuste-salarial-pm-sp.webp\" alt=\"\" class=\"wp-image-214885\" loading=\"lazy\" title=\"\" srcset=\"https:\/\/www.novaconcursos.com.br\/portal\/wp-content\/uploads\/2023\/12\/remuneracao-reajuste-salarial-pm-sp-300x283.webp 300w, https:\/\/www.novaconcursos.com.br\/portal\/wp-content\/uploads\/2023\/12\/remuneracao-reajuste-salarial-pm-sp-480x453.webp 480w, https:\/\/www.novaconcursos.com.br\/portal\/wp-content\/uploads\/2023\/12\/remuneracao-reajuste-salarial-pm-sp-768x725.webp 768w, https:\/\/www.novaconcursos.com.br\/portal\/wp-content\/uploads\/2023\/12\/remuneracao-reajuste-salarial-pm-sp.webp 1014w\" sizes=\"auto, (max-width: 480px) 100vw, (max-width: 768px) 100vw, (max-width: 1200px) 70vw, 768px\"><\/a><figcaption><\/figcaption><\/figure><p><\/p>\n\n\n\n<h2 class=\"wp-block-heading\" id=\"o-que-precisa-para-participar-do-concurso-pm-sp\">O que precisa para participar do concurso PM SP?<\/h2>\n\n\n\n<p>Para participar do concurso, \u00e9 necess\u00e1rio:<\/p>\n\n\n\n<ul class=\"wp-block-list\"><li>Ser brasileiro;<\/li>\n\n\n\n<li>Ter idade m\u00ednima de 17 anos;<\/li>\n\n\n\n<li>Ter idade m\u00e1xima de 30 anos;<\/li>\n\n\n\n<li>Ter estatura m\u00ednima, descal\u00e7o e descoberto, de 155 cm se mulher e 160 cm se homem;<\/li>\n\n\n\n<li>Haver recolhido a taxa de inscri\u00e7\u00e3o prevista neste Edital.<\/li>\n\n\n\n<li>Possuir aptid\u00e3o f\u00edsica compat\u00edvel com o exerc\u00edcio do cargo;<\/li>\n\n\n\n<li>Possuir higidez f\u00edsica e mental;<\/li>\n\n\n\n<li>Possuir perfil psicol\u00f3gico compat\u00edvel com o exerc\u00edcio do cargo;<\/li>\n\n\n\n<li>Estar quite com as obriga\u00e7\u00f5es eleitorais;<\/li>\n\n\n\n<li>Estar quite com as obriga\u00e7\u00f5es militares, se do sexo masculino;<\/li>\n\n\n\n<li>Se militar, estar enquadrado pelo menos no comportamento disciplinar \u201cbom\u201d ou equivalente, e n\u00e3o ter cometido, nos 2 (dois) \u00faltimos anos, transgress\u00e3o disciplinar classificada como \u201cgrave\u201d ou equivalente;<\/li>\n\n\n\n<li>Ter conclu\u00eddo o ensino m\u00e9dio ou equivalente;<\/li>\n\n\n\n<li>Ser habilitado para condu\u00e7\u00e3o de ve\u00edculo motorizado entre as categorias \u201cB\u201d e \u201cE\u201d;<\/li>\n\n\n\n<li>Ter boa conduta social, reputa\u00e7\u00e3o e idoneidade ilibadas;<\/li>\n\n\n\n<li>Se ex-integrante das For\u00e7as Armadas ou de For\u00e7a Auxiliar, n\u00e3o ter sido demitido \u201cex officio\u201d por ter sido declarado indigno para o oficialato ou com ele incompat\u00edvel, exclu\u00eddo ou licenciado a bem da disciplina, salvo em caso de reabilita\u00e7\u00e3o;<\/li>\n\n\n\n<li>N\u00e3o ter sido, nos \u00faltimos 5 (cinco) anos na forma da legisla\u00e7\u00e3o vigente:<\/li>\n\n\n\n<li>Responsabilizado por ato lesivo ao patrim\u00f4nio p\u00fablico de qualquer esfera de governo em processo disciplinar administrativo, do qual n\u00e3o caiba mais recurso, contado o prazo a partir da data do cumprimento da san\u00e7\u00e3o;<\/li>\n\n\n\n<li>Condenado em processo criminal transitado em julgado, contado o prazo a partir da data do cumprimento da pena.<\/li>\n<\/ul><p><\/p>\n\n\n\n<h2 class=\"wp-block-heading\" id=\"quais-as-funes-desempenhadas-pelo-soldado-da-pm-sp\">Quais as fun\u00e7\u00f5es desempenhadas pelo Soldado da PM SP?<\/h2>\n\n\n\n<p>Entre as fun\u00e7\u00f5es exercidas pelos servidores, est\u00e3o:<\/p>\n\n\n\n<ul class=\"wp-block-list\"><li>Policiamento ostensivo e a preserva\u00e7\u00e3o da ordem p\u00fablica, envolvendo a repress\u00e3o imediata \u00e0s infra\u00e7\u00f5es penais e administrativas;<\/li>\n\n\n\n<li>Aplica\u00e7\u00e3o da lei, nas diversas modalidades de policiamento, sempre primando pela defesa da vida, da integridade f\u00edsica e da dignidade da pessoa humana, em conformidade com os princ\u00edpios doutrin\u00e1rios de pol\u00edcia comunit\u00e1ria, de direitos humanos e de gest\u00e3o pela qualidade;<\/li>\n\n\n\n<li>Conclus\u00e3o com aproveitamento do Curso Superior de T\u00e9cnico de Pol\u00edcia Ostensiva e Preserva\u00e7\u00e3o da Ordem P\u00fablica, destinado a formar, com solidez te\u00f3rica e pr\u00e1tica, o profissional ocupante do cargo inicial do Quadro de Pra\u00e7as da Pol\u00edcia Militar.<\/li>\n<\/ul><p><\/p>\n\n\n\n<h2 class=\"wp-block-heading\" id=\"como-sero-as-provas-e-etapas-de-seleo\">Como ser\u00e3o as provas e etapas de sele\u00e7\u00e3o?<\/h2>\n\n\n\n<p>O certame tem seis etapas avaliativas:<\/p>\n\n\n\n<ul class=\"wp-block-list\"><li>Prova Objetiva (parte I), de car\u00e1ter eliminat\u00f3rio e classificat\u00f3rio;<\/li>\n\n\n\n<li>Discursiva (parte II), de car\u00e1ter eliminat\u00f3rio e classificat\u00f3rio;<\/li>\n\n\n\n<li>Exames de Aptid\u00e3o F\u00edsica, de car\u00e1ter eliminat\u00f3rio;<\/li>\n\n\n\n<li>Exames de Sa\u00fade, car\u00e1ter eliminat\u00f3rio;<\/li>\n\n\n\n<li>Exames Psicol\u00f3gicos, de car\u00e1ter eliminat\u00f3rio;<\/li>\n\n\n\n<li>Avalia\u00e7\u00e3o da conduta social, reputa\u00e7\u00e3o e idoneidade, car\u00e1ter eliminat\u00f3rio;<\/li>\n\n\n\n<li>An\u00e1lise de Documentos.<\/li>\n<\/ul><p><\/p>\n\n\n\n<p>As provas objetivas e discursivas ser\u00e3o aplicadas no dia <strong>04 de fevereiro de 2024<\/strong>, nos munic\u00edpios escolhidos no ato da inscri\u00e7\u00e3o, s\u00e3o eles:<\/p>\n\n\n\n<ul class=\"wp-block-list\"><li>Estado de S\u00e3o Paulo\n<ul class=\"wp-block-list\"><li>Andradina;<\/li>\n\n\n\n<li>Ara\u00e7atuba;<\/li>\n\n\n\n<li>Araraquara;<\/li>\n\n\n\n<li>Avar\u00e9;<\/li>\n\n\n\n<li>Bauru;<\/li>\n\n\n\n<li>Bragan\u00e7a Paulista;<\/li>\n\n\n\n<li>Campinas<\/li>\n\n\n\n<li>Caraguatatuba;<\/li>\n\n\n\n<li>Catanduva;<\/li>\n\n\n\n<li>Cotia;<\/li>\n\n\n\n<li>Dracena;<\/li>\n\n\n\n<li>Franca;<\/li>\n\n\n\n<li>Franco da Rocha;<\/li>\n\n\n\n<li>Guarulhos;<\/li>\n\n\n\n<li>Itapetininga;<\/li>\n\n\n\n<li>Jundia\u00ed;<\/li>\n\n\n\n<li>Mar\u00edlia<\/li>\n\n\n\n<li>Mogi das Cruzes;<\/li>\n\n\n\n<li>Mongagu\u00e1;<\/li>\n\n\n\n<li>Osasco;<\/li>\n\n\n\n<li>Ourinhos<\/li>\n\n\n\n<li>Piracicaba;<\/li>\n\n\n\n<li>Pirassununga;<\/li>\n\n\n\n<li>Praia Grande;<\/li>\n\n\n\n<li>Presidente Prudente;<\/li>\n\n\n\n<li>Presidente Venceslau;<\/li>\n\n\n\n<li>Registro;<\/li>\n\n\n\n<li>Ribeir\u00e3o Preto;<\/li>\n\n\n\n<li>Rio Claro;<\/li>\n\n\n\n<li>S\u00e3o Paulo;<\/li>\n\n\n\n<li>Santos;<\/li>\n\n\n\n<li>S\u00e3o Bernardo do Campo;<\/li>\n\n\n\n<li>S\u00e3o Jos\u00e9 do Rio Preto;<\/li>\n\n\n\n<li>S\u00e3o Jose dos Campos;<\/li>\n\n\n\n<li>Sorocaba;<\/li>\n\n\n\n<li>Taubat\u00e9;<\/li>\n\n\n\n<li>Votuporanga;<\/li>\n<\/ul><\/li>\n<\/ul><p><\/p>\n\n\n\n<h2 class=\"wp-block-heading\" id=\"\"><\/h2>\n\n\n\n<ul class=\"wp-block-list\"><li><strong>Demais estados<\/strong>\n<ul class=\"wp-block-list\"><li>Belo Horizonte\/MG;<\/li>\n\n\n\n<li>Bras\u00edlia\/DF;<\/li>\n\n\n\n<li>Campo Grande\/MS;<\/li>\n\n\n\n<li>Cuiab\u00e1\/MT;<\/li>\n\n\n\n<li>Curitiba\/PR;<\/li>\n\n\n\n<li>Florian\u00f3polis\/SC;<\/li>\n\n\n\n<li>Fortaleza\/CE;<\/li>\n\n\n\n<li>Goi\u00e2nia\/GO;<\/li>\n\n\n\n<li>Manaus\/AM;<\/li>\n\n\n\n<li>Porto Alegre\/RS;<\/li>\n\n\n\n<li>Recife\/PE;<\/li>\n\n\n\n<li>Rio de Janeiro\/RJ;<\/li>\n\n\n\n<li>Salvador\/BA;<\/li>\n\n\n\n<li>Vit\u00f3ria\/ES<\/li>\n<\/ul><\/li>\n<\/ul><p><\/p>\n\n\n\n<p>A prova objetiva ser\u00e1 composta de <strong>60 quest\u00f5es<\/strong>\u00a0de m\u00faltipla escolha, com apenas uma alternativa correta, sobre as disciplinas de:<\/p>\n\n\n\n<ul class=\"wp-block-list\"><li>L\u00edngua Portuguesa e Interpreta\u00e7\u00e3o de Texto (20 quest\u00f5es)<\/li>\n\n\n\n<li>Matem\u00e1tica (15)<\/li>\n\n\n\n<li>Conhecimentos Gerais (15)<\/li>\n\n\n\n<li>No\u00e7\u00f5es de Inform\u00e1tica (5)<\/li>\n\n\n\n<li>Administra\u00e7\u00e3o P\u00fablica (5)<\/li>\n<\/ul><p><\/p>\n\n\n\n<ul class=\"wp-block-list\"><li><strong>Confira:<\/strong> <a href=\"https:\/\/www.novaconcursos.com.br\/livro\/1500-questoes-gab-pm-sp-soldado?q=pm%20sp\">Livro 1.500 Quest\u00f5es Gabaritadas PM SP Soldado<\/a><\/li>\n<\/ul><p><\/p>\n\n\n\n<p>J\u00e1 a prova discursiva consistir\u00e1 na elabora\u00e7\u00e3o de uma <strong>reda\u00e7\u00e3o<\/strong>\u00a0de at\u00e9 30 linhas. Ser\u00e1 considerado habilitado, o candidato que obtiver nota igual ou superior a 20 pontos.<\/p>\n\n\n\n<p><strong>Aten\u00e7\u00e3o!<\/strong> S\u00f3 ter\u00e3o a prova dissertativa corrigidas, os candidatos que obtiverem no m\u00ednimo\u00a0<strong>30 pontos<\/strong>\u00a0na prova objetiva.<\/p>\n\n\n\n<p>Os classificados ser\u00e3o convocados para o Teste de Aptid\u00e3o F\u00edsica, onde ser\u00e1 necess\u00e1rio realizar os seguintes exerc\u00edcios:<\/p>\n\n\n\n<ul class=\"wp-block-list\"><li>Teste de flex\u00e3o e extens\u00e3o de cotovelos, por meio do teste din\u00e2mico de barra para homens e isometria na barra fixa para mulheres;<\/li>\n\n\n\n<li>Resist\u00eancia abdominal, em dec\u00fabito dorsal;<\/li>\n\n\n\n<li>Corrida de 50 metros; <\/li>\n\n\n\n<li>Corrida de 12 minutos.<\/li>\n<\/ul><p><\/p>\n\n\n\n<p>Ser\u00e1 considerado\u00a0<strong>apto<\/strong>, o candidato que alcan\u00e7ar no m\u00ednimo, 20 pontos em cada um dos testes e 201 pontos no somat\u00f3rio geral obtido nos testes.<\/p>\n\n\n\n<h2 class=\"wp-block-heading\" id=\"estude-com-a-nova-concursos\">Estude com a Nova Concursos!<\/h2>\n\n\n\n<p>Se voc\u00ea quer ser o pr\u00f3ximo her\u00f3i de farda de S\u00e3o Paulo, voc\u00ea est\u00e1 no lugar certo!<\/p>\n\n\n\n<p>N\u00f3s somos <strong>l\u00edder em aprova\u00e7\u00e3o na PM SP <\/strong>? e preparamos uma playlist com aulas sobre todas as disciplinas que v\u00e3o cair na sua prova.<\/p>\n\n\n\n<p>Mais de <strong>70 mil pessoas<\/strong> confiaram na nossa did\u00e1tica e foram aprovadas! \u2705<\/p>\n\n\n\n<p>D\u00e1 o play no v\u00eddeo \u25b6\ufe0f e comece a estudar agora mesmo!<\/p>\n\n\n\n<figure class=\"wp-block-embed is-type-video is-provider-youtube wp-block-embed-youtube wp-embed-aspect-16-9 wp-has-aspect-ratio\"><div class=\"wp-block-embed__wrapper\">\n<iframe loading=\"lazy\" title=\"Concurso Soldado PMSP 2023 Como Gabaritar Portugu\u00eas\" width=\"500\" height=\"281\" src=\"https:\/\/www.youtube.com\/embed\/4fyUOIxyAHA?list=PLSQIEyevifX6sntTgLsJuHxJOcxDHXygp\" frameborder=\"0\" allow=\"accelerometer; autoplay; clipboard-write; encrypted-media; gyroscope; picture-in-picture; web-share\" referrerpolicy=\"strict-origin-when-cross-origin\" allowfullscreen><\/iframe>\n<\/div><\/figure>","protected":false},"excerpt":{"rendered":"<p>As inscri\u00e7\u00f5es do concurso PM SP, que oferta 2.700 vagas para Soldado, entram na reta final! ? Os interessados ter\u00e3o at\u00e9 \u00e0s 23h59 de 20 de dezembro de 2023 para se candidatar. O primeiro passo \u00e9 acessar o site da banca, a\u00a0Funda\u00e7\u00e3o Vunesp, e preencher o formul\u00e1rio de inscri\u00e7\u00e3o com os dados solicitados. Em seguida, [&hellip;]<\/p>\n","protected":false},"author":54679,"featured_media":214884,"comment_status":"closed","ping_status":"closed","sticky":false,"template":"","format":"standard","meta":{"_acf_changed":false,"footnotes":"","_wp_rev_ctl_limit":""},"categories":[228],"tags":[],"class_list":["post-214882","post","type-post","status-publish","format-standard","has-post-thumbnail","hentry","category-noticias"],"acf":[],"_links":{"self":[{"href":"https:\/\/www.novaconcursos.com.br\/portal\/wp-json\/wp\/v2\/posts\/214882","targetHints":{"allow":["GET"]}}],"collection":[{"href":"https:\/\/www.novaconcursos.com.br\/portal\/wp-json\/wp\/v2\/posts"}],"about":[{"href":"https:\/\/www.novaconcursos.com.br\/portal\/wp-json\/wp\/v2\/types\/post"}],"author":[{"embeddable":true,"href":"https:\/\/www.novaconcursos.com.br\/portal\/wp-json\/wp\/v2\/users\/54679"}],"replies":[{"embeddable":true,"href":"https:\/\/www.novaconcursos.com.br\/portal\/wp-json\/wp\/v2\/comments?post=214882"}],"version-history":[{"count":6,"href":"https:\/\/www.novaconcursos.com.br\/portal\/wp-json\/wp\/v2\/posts\/214882\/revisions"}],"predecessor-version":[{"id":300274,"href":"https:\/\/www.novaconcursos.com.br\/portal\/wp-json\/wp\/v2\/posts\/214882\/revisions\/300274"}],"wp:featuredmedia":[{"embeddable":true,"href":"https:\/\/www.novaconcursos.com.br\/portal\/wp-json\/wp\/v2\/media\/214884"}],"wp:attachment":[{"href":"https:\/\/www.novaconcursos.com.br\/portal\/wp-json\/wp\/v2\/media?parent=214882"}],"wp:term":[{"taxonomy":"category","embeddable":true,"href":"https:\/\/www.novaconcursos.com.br\/portal\/wp-json\/wp\/v2\/categories?post=214882"},{"taxonomy":"post_tag","embeddable":true,"href":"https:\/\/www.novaconcursos.com.br\/portal\/wp-json\/wp\/v2\/tags?post=214882"}],"curies":[{"name":"wp","href":"https:\/\/api.w.org\/{rel}","templated":true}]}}