{"id":215602,"date":"2023-12-15T15:43:40","date_gmt":"2023-12-15T18:43:40","guid":{"rendered":"https:\/\/www.novaconcursos.com.br\/portal\/?p=215602"},"modified":"2023-12-27T13:48:57","modified_gmt":"2023-12-27T16:48:57","slug":"pl-da-carreira-de-policia-penal-sp-sera-enviado-a-alesp-nos-proximos-dias","status":"publish","type":"post","link":"https:\/\/www.novaconcursos.com.br\/portal\/noticias\/pl-da-carreira-de-policia-penal-sp-sera-enviado-a-alesp-nos-proximos-dias\/","title":{"rendered":"PL da carreira de Pol\u00edcia Penal SP ser\u00e1 enviado \u00e0 Alesp nos pr\u00f3ximos dias!"},"content":{"rendered":"<p>O Governador Tarc\u00edsio de Freitas planeja enviar o PL para regulamenta\u00e7\u00e3o da <a href=\"https:\/\/www.novaconcursos.com.br\/portal\/concursos\/concurso-sap-sp\/\">Pol\u00edcia Penal SP<\/a> ainda em dezembro. Edital para cargo de n\u00edvel m\u00e9dio ser\u00e1 republicado; veja!<\/p>\n\n\n\n<ul class=\"wp-block-list\"><li><strong>Confira: <\/strong><a href=\"https:\/\/www.novaconcursos.com.br\/curso-online\/curso-sap-sp-agente-seguranca-penitenciaria\">Curso Pol\u00edcia Penal-SP (SAP-SP) \u2013 Agente de Seguran\u00e7a Penitenci\u00e1ria de Classe I<\/a><\/li>\n\n\n\n<li><strong>Confira: <\/strong><a href=\"https:\/\/www.novaconcursos.com.br\/livro\/1000-questoes-gab-policia-penal-sp-sap-sp-ag-seguranca-penit-classe-i\">Livro 1.000 Quest\u00f5es Gabaritadas Pol\u00edcia Penal \u2013 SP (SAP-SP) \u2013 Agente de Seguran\u00e7a Penitenci\u00e1ria de Classe I<\/a><\/li>\n<\/ul><p>Estude para o concurso dos seus sonhos com o\u00a0<strong>M\u00e9todo<\/strong>\u00a0que j\u00e1 ajudou na\u00a0<strong>aprova\u00e7\u00e3o de mais de 70 mil alunos.<\/strong>\u00a0<a href=\"https:\/\/aprovacao.novaconcursos.com.br\/assinatura\" target=\"_blank\" rel=\"noreferrer noopener\">Clique aqui<\/a>\u00a0e saiba mais!<\/p>\n\n\n\n<h2 class=\"wp-block-heading\" id=\"quando-ser-regulamentada-a-carreira-de-polcia-penal-em-sp\">Quando ser\u00e1 regulamentada a carreira de Pol\u00edcia Penal em SP?<\/h2>\n\n\n\n<p>O governador de S\u00e3o Paulo, Tarc\u00edsio de Freitas, planeja enviar \u00e0 Assembleia Legislativa, ainda em dezembro, um\u00a0projeto de lei para<strong> regulamenta\u00e7\u00e3o da Pol\u00edcia Penal<\/strong>.<\/p>\n\n\n\n<ul class=\"wp-block-list\"><li><strong>Confira: <\/strong><a href=\"https:\/\/www.novaconcursos.com.br\/apostila\/policia-penal-sp-sap-sp-agente-seguranca-penitenciaria-classe-i\">Apostila Pol\u00edcia Penal-SP (SAP-SP) 2023 \u2013 Agente de Seguran\u00e7a Penitenci\u00e1ria de Classe I<\/a><\/li>\n\n\n\n<li><strong>Confira: <\/strong><a href=\"https:\/\/www.novaconcursos.com.br\/apostila\/pc-sp-escrivao-pol\">Apostila PC-SP 2023 Escriv\u00e3o de Pol\u00edcia<\/a><\/li>\n<\/ul><p>Lembrando que a carreira j\u00e1 foi <strong>criada em 2022<\/strong>, mas ainda n\u00e3o conta com regulariza\u00e7\u00e3o, medida que vem sendo cobrada pela categoria.<\/p>\n\n\n\n<p>A cobran\u00e7a se aumentou ap\u00f3s o governador conceder <strong>reajuste <\/strong>nos sal\u00e1rios dos policiais civis e militares, mas n\u00e3o para os policiais penais.\u00a0<\/p>\n\n\n\n<p>Caso seja regulamentada, ser\u00e3o <strong>unidas <\/strong>as carreiras de Agentes de Seguran\u00e7a Penitenci\u00e1ria e Agentes de Escolta e Vigil\u00e2ncia Penitenci\u00e1ria.<\/p>\n\n\n\n<p><em>\u201cA Secretaria da Administra\u00e7\u00e3o Penitenci\u00e1ria esclarece que a proposta de Projeto de Lei, elaborada pela Pasta, est\u00e1 em an\u00e1lise pelos \u00f3rg\u00e3os t\u00e9cnicos do Governo do Estado de S\u00e3o Paulo antes de ser encaminhada \u00e0 Assembleia Legislativa Estadual\u201d,<\/em>\u00a0disse a Assessoria do \u00f3rg\u00e3o, anteriormente. <\/p>\n\n\n\n<p>De acordo com o\u00a0<strong>\u00a7 2\u00ba, Artigo 143-A da EC n 51\/22<\/strong>, a Lei Org\u00e2nica e o Estatuto define as atribui\u00e7\u00f5es, funcionamento, direitos, deveres, vantagens e regime de trabalho da corpora\u00e7\u00e3o.<\/p>\n\n\n\n<p>Para acessar o anteprojeto na \u00edntegra,\u00a0<a href=\"http:\/\/www.sap.sp.gov.br\/download_files\/pdf_files\/Apresenta%C3%A7%C3%A3o%20LOPP%20e%20Subs%C3%ADdio%20(completa).pdf\" target=\"_blank\" rel=\"noreferrer noopener\">clique aqui!<\/a><\/p>\n\n\n\n<h2 class=\"wp-block-heading\" id=\"concurso-polcia-penal-sp-ser-republicado-quando\">Concurso Pol\u00edcia Penal SP ser\u00e1 republicado? Quando?<\/h2>\n\n\n\n<p>Boa not\u00edcia! O edital do\u00a0concurso Pol\u00edcia Penal SP\u00a0(SAP SP), dever\u00e1 ser republicado em breve! A oferta deve se manter em\u00a0<strong>1.100 vagas\u00a0<\/strong>para Agente Penitenci\u00e1rio.<\/p>\n\n\n\n<ul class=\"wp-block-list\"><li><strong>Confira: <\/strong><a href=\"https:\/\/www.novaconcursos.com.br\/apostila\/pc-sp-prep-agente\">Apostila PC-SP 2023 \u2013 Agente de Pol\u00edcia<\/a><\/li>\n<\/ul><p>Em julho, foram publicados\u00a0dois editais, mas, tr\u00eas dias depois, os documentos foram cancelados. Isso porque as vagas eram para agente de seguran\u00e7a penitenci\u00e1ria.<\/p>\n\n\n\n<p>Entretanto, mesmo com a aprova\u00e7\u00e3o da Proposta de Emenda Constitucional (PEC), que cria a Pol\u00edcia Penal de S\u00e3o Paulo, a carreira ainda\u00a0<strong>precisa de regulamenta\u00e7\u00e3o.\u00a0<\/strong><\/p>\n\n\n\n<h3 class=\"wp-block-heading\">Algo mudar\u00e1?<\/h3>\n\n\n\n<p>Por isso, a regulamenta\u00e7\u00e3o saindo, os editais devem ser republicados. Mas, \u00e9 poss\u00edvel ocorra algumas mudan\u00e7as no edital.<\/p>\n\n\n\n<p>Por exemplo, o anteprojeto estabelece\u00a0<strong>idade m\u00e1xima de 35 anos\u00a0<\/strong>para investidura no cargo, al\u00e9m de estatura de 1,60 m (homens) e 1,55 m (mulheres). <\/p>\n\n\n\n<p>Entretanto, no edital cancelado, a idade m\u00e1xima \u00e9 de 74 anos e n\u00e3o existe estatura m\u00ednima definida.<\/p>\n\n\n\n<p>\u00c9 poss\u00edvel que a<strong>\u00a0remunera\u00e7\u00e3o<\/strong>\u00a0do servidor tamb\u00e9m sofra altera\u00e7\u00f5es. De acordo com o anteprojeto, a remunera\u00e7\u00e3o adotada poder\u00e1 ser por meio de subs\u00eddio.\u00a0<\/p>\n\n\n\n<p>Lembrando que a carreira oferece\u00a0<strong>remunera\u00e7\u00e3o inicial\u00a0<\/strong>de R$ 3.515,72, al\u00e9m do adicional insalubridade de R$ 785,67, ou seja, o valor total da remunera\u00e7\u00e3o \u00e9 de R$ 4.301,39 ?<\/p>\n\n\n\n<p>Al\u00e9m disso, o Policial Penal poder\u00e1 fazer jus a diversos benef\u00edcios, como a bonifica\u00e7\u00e3o por resultados.<\/p>\n\n\n\n<h3 class=\"wp-block-heading\">Provas e etapas <\/h3>\n\n\n\n<p>Anteriormente, o edital trouxe quatro etapas avaliativas que deveriam se aplicar aos candidatos inscritos na sele\u00e7\u00e3o, s\u00e3o elas:<\/p>\n\n\n\n<ul class=\"wp-block-list\"><li>Prova Objetiva;<\/li>\n\n\n\n<li>Prova de Condicionamento F\u00edsico;<\/li>\n\n\n\n<li>Aptid\u00e3o Psicol\u00f3gica;<\/li>\n\n\n\n<li>Comprova\u00e7\u00e3o de Idoneidade e Conduta Ilibada e Investiga\u00e7\u00e3o Social.<\/li>\n<\/ul><p>Assim, a prova objetiva consistiria em\u00a0<strong>50 quest\u00f5es\u00a0<\/strong>de m\u00faltipla escolha, com quatro alternativas cada, sendo apenas uma resposta considerada correta, acerca das seguintes disciplinas:<\/p>\n\n\n\n<ul class=\"wp-block-list\"><li>L\u00edngua Portuguesa: 20 quest\u00f5es<\/li>\n\n\n\n<li>Matem\u00e1tica: 15 quest\u00f5es<\/li>\n\n\n\n<li>Conhecimentos Gerais: 15 quest\u00f5es<\/li>\n<\/ul><p><a href=\"https:\/\/www.novaconcursos.com.br\/portal\/artigos\/concursos-fgv-7-dicas-para-sair-bem-provas\/\">Concursos FGV: 7 dicas para sair bem nas provas!<\/a><\/p>\n\n\n\n<blockquote class=\"wp-block-quote is-layout-flow wp-block-quote-is-layout-flow\">\n<blockquote class=\"wp-block-quote is-layout-flow wp-block-quote-is-layout-flow\">\n<p>Sendo assim, ficamos na expectativa pela reabertura do certame! Confira detalhes do edital, clicando <a href=\"https:\/\/www.novaconcursos.com.br\/portal\/wp-content\/uploads\/2023\/07\/concurso-policia-penal-sp-edital-publicado.pdf\" target=\"_blank\" rel=\"noreferrer noopener\">aqui!<\/a> <\/p>\n<\/blockquote>\n<\/blockquote>","protected":false},"excerpt":{"rendered":"<p>O Governador Tarc\u00edsio de Freitas planeja enviar o PL para regulamenta\u00e7\u00e3o da Pol\u00edcia Penal SP ainda em dezembro. Edital para cargo de n\u00edvel m\u00e9dio ser\u00e1 republicado; veja! Estude para o concurso dos seus sonhos com o\u00a0M\u00e9todo\u00a0que j\u00e1 ajudou na\u00a0aprova\u00e7\u00e3o de mais de 70 mil alunos.\u00a0Clique aqui\u00a0e saiba mais! Quando ser\u00e1 regulamentada a carreira de Pol\u00edcia [&hellip;]<\/p>\n","protected":false},"author":54671,"featured_media":215603,"comment_status":"closed","ping_status":"closed","sticky":false,"template":"","format":"standard","meta":{"_acf_changed":false,"footnotes":"","_wp_rev_ctl_limit":""},"categories":[228],"tags":[],"class_list":["post-215602","post","type-post","status-publish","format-standard","has-post-thumbnail","hentry","category-noticias"],"acf":[],"_links":{"self":[{"href":"https:\/\/www.novaconcursos.com.br\/portal\/wp-json\/wp\/v2\/posts\/215602","targetHints":{"allow":["GET"]}}],"collection":[{"href":"https:\/\/www.novaconcursos.com.br\/portal\/wp-json\/wp\/v2\/posts"}],"about":[{"href":"https:\/\/www.novaconcursos.com.br\/portal\/wp-json\/wp\/v2\/types\/post"}],"author":[{"embeddable":true,"href":"https:\/\/www.novaconcursos.com.br\/portal\/wp-json\/wp\/v2\/users\/54671"}],"replies":[{"embeddable":true,"href":"https:\/\/www.novaconcursos.com.br\/portal\/wp-json\/wp\/v2\/comments?post=215602"}],"version-history":[{"count":5,"href":"https:\/\/www.novaconcursos.com.br\/portal\/wp-json\/wp\/v2\/posts\/215602\/revisions"}],"predecessor-version":[{"id":216863,"href":"https:\/\/www.novaconcursos.com.br\/portal\/wp-json\/wp\/v2\/posts\/215602\/revisions\/216863"}],"wp:featuredmedia":[{"embeddable":true,"href":"https:\/\/www.novaconcursos.com.br\/portal\/wp-json\/wp\/v2\/media\/215603"}],"wp:attachment":[{"href":"https:\/\/www.novaconcursos.com.br\/portal\/wp-json\/wp\/v2\/media?parent=215602"}],"wp:term":[{"taxonomy":"category","embeddable":true,"href":"https:\/\/www.novaconcursos.com.br\/portal\/wp-json\/wp\/v2\/categories?post=215602"},{"taxonomy":"post_tag","embeddable":true,"href":"https:\/\/www.novaconcursos.com.br\/portal\/wp-json\/wp\/v2\/tags?post=215602"}],"curies":[{"name":"wp","href":"https:\/\/api.w.org\/{rel}","templated":true}]}}