{"id":215940,"date":"2023-12-20T08:56:00","date_gmt":"2023-12-20T11:56:00","guid":{"rendered":"https:\/\/www.novaconcursos.com.br\/portal\/?p=215940"},"modified":"2023-12-20T08:56:04","modified_gmt":"2023-12-20T11:56:04","slug":"concurso-pocos-de-caldas-mg-509-vagas","status":"publish","type":"post","link":"https:\/\/www.novaconcursos.com.br\/portal\/noticias\/concurso-pocos-de-caldas-mg-509-vagas\/","title":{"rendered":"Publicado edital do Concurso Po\u00e7os de Caldas MG! 509 vagas!"},"content":{"rendered":"<p>Boa not\u00edcia para os concurseiros de Minas Gerais! Saiu o edital do <a href=\"https:\/\/www.novaconcursos.com.br\/portal\/concursos\/concurso-prefeitura-de-pocos-de-caldas-mg\/\">Concurso Po\u00e7os de Caldas MG<\/a> com oferta de <strong>509 vagas<\/strong> para todos os n\u00edveis de escolaridade. Saiba mais!<\/p>\n\n\n\n<ul class=\"wp-block-list\"><li><strong>Confira: <\/strong><a href=\"https:\/\/www.novaconcursos.com.br\/livro\/600-questoes-comentadas-lingua-portuguesa-isabella-ramiro?q=portu\">Livro 600 Quest\u00f5es Comentadas L\u00edngua Portuguesa<\/a><\/li>\n<\/ul><p>Estude para o concurso dos seus sonhos com o\u00a0<strong>M\u00e9todo<\/strong>\u00a0que j\u00e1 ajudou na\u00a0<strong>aprova\u00e7\u00e3o de mais de 70 mil alunos.<\/strong>\u00a0<a href=\"https:\/\/aprovacao.novaconcursos.com.br\/assinatura?promo_creative=Clique+aqui&amp;promo_name=noticia&amp;promo_id=%2Fportal%2Fnoticias%2Fconcurso-receita-federal-2023-homologado&amp;promo_position=corpo-texto\" target=\"_blank\" rel=\"noreferrer noopener\">Clique aqui<\/a>\u00a0e saiba mais!<\/p>\n\n\n\n<h2 class=\"wp-block-heading\" id=\"resumo-do-edital\">Resumo do edital<\/h2>\n\n\n\n<ul class=\"wp-block-list\"><li>Vagas: 509<\/li>\n\n\n\n<li>Cargo: Diversos<\/li>\n\n\n\n<li>Escolaridade: N\u00edvel Fundamental, M\u00e9dio, T\u00e9cnico e Superior<\/li>\n\n\n\n<li>Banca: IMAM Concursos<\/li>\n\n\n\n<li>Sal\u00e1rio: entre R$ 1.400,00 e R$ 15.000,00<\/li>\n\n\n\n<li>Per\u00edodo de inscri\u00e7\u00f5es: 19\/02\/2024 at\u00e9 20\/03\/2024<\/li>\n\n\n\n<li>Taxa: R$ 66,50 at\u00e9 R$ 100,00<\/li>\n\n\n\n<li>Prova: 20, 21, 27 e 28 de abril de 2024<\/li>\n\n\n\n<li><a href=\"https:\/\/www.novaconcursos.com.br\/portal\/wp-content\/uploads\/2023\/12\/editalpocoscaldasconcuso001202378638381698233396464.pdf\" target=\"_blank\" rel=\"noreferrer noopener\">Edital<\/a><\/li>\n<\/ul><h2 class=\"wp-block-heading\" id=\"como-realizar-a-inscrio-no-concurso-poos-de-caldas-mg\">Como realizar a inscri\u00e7\u00e3o no Concurso Po\u00e7os de Caldas MG?<\/h2>\n\n\n\n<p>Os interessados em uma das vagas devem realizar as inscri\u00e7\u00f5es no site da banca, a <a href=\"https:\/\/imam.org.br\/sitenoticia\/processo_seletivo_detalhes.aspx?id=A04051344DF0B322\" target=\"_blank\" rel=\"noreferrer noopener\">IMAM Concursos,<\/a> entre os dias <strong>19 de fevereiro e 20 de mar\u00e7o de 2024.<\/strong><\/p>\n\n\n\n<p>Ap\u00f3s preencher o formul\u00e1rio com os dados solicitados, o candidato dever\u00e1 efetuar o pagamento da taxa de inscri\u00e7\u00e3o para que a candidatura seja homologada.<\/p>\n\n\n\n<p>O valor da taxa varia conforme o cargo pretendido, sendo:<\/p>\n\n\n\n<ul class=\"wp-block-list\"><li>Agente de Educa\u00e7\u00e3o: R$ 66,50<\/li>\n\n\n\n<li>Professor I: R$ 90,00<\/li>\n\n\n\n<li>Professor II: R$ 90,00<\/li>\n\n\n\n<li>Supervisor Pedag\u00f3gico: R$ 100,00<\/li>\n<\/ul><p><\/p>\n\n\n\n<h2 class=\"wp-block-heading\" id=\"quais-as-especialidades-do-edital-poos-de-caldas-mg\">Quais as especialidades do edital Po\u00e7os de Caldas MG?<\/h2>\n\n\n\n<p>O concurso <a href=\"https:\/\/pocosdecaldas.mg.gov.br\/\" target=\"_blank\" rel=\"noreferrer noopener\">Po\u00e7os de Caldas MG<\/a> oferta 509 vagas para as especialidades de:<\/p>\n\n\n\n<ul class=\"wp-block-list\"><li><strong>N\u00edvel Fundamental<\/strong>\n<ul class=\"wp-block-list\"><li>Auxiliar de Servi\u00e7os Gerais: 50 vagas\n<ul class=\"wp-block-list\"><li>R$ 1.400,00<\/li>\n<\/ul><\/li>\n\n\n\n<li>Merendeira: 23 vagas\n<ul class=\"wp-block-list\"><li>R$ 1.400,00<\/li>\n<\/ul><\/li>\n\n\n\n<li>Oficial de Controle Animal: 03 vagas\n<ul class=\"wp-block-list\"><li>R$ 1.400,00<\/li>\n<\/ul><\/li>\n\n\n\n<li>Vigia: 28 vagas\n<ul class=\"wp-block-list\"><li>R$ 1.400,00<\/li>\n<\/ul><\/li>\n\n\n\n<li>Operador de R\u00e1dio do SAMU: 1 vaga\n<ul class=\"wp-block-list\"><li>R$ 1.750,00);<\/li>\n<\/ul><\/li>\n\n\n\n<li>Telefonista Auxiliar de Regula\u00e7\u00e3o M\u00e9dica do SAMU: 1 vaga\n<ul class=\"wp-block-list\"><li>R$ 1.750,00<\/li>\n<\/ul><\/li>\n<\/ul><\/li>\n<\/ul><ul class=\"wp-block-list\"><li><strong>N\u00edvel M\u00e9dio\/T\u00e9cnico <\/strong>\n<ul class=\"wp-block-list\"><li>Agente de Educa\u00e7\u00e3o: 80 vagas\n<ul class=\"wp-block-list\"><li>R$ 1.900,00<\/li>\n<\/ul><\/li>\n\n\n\n<li>Agente Administrativo: 30 vagas\n<ul class=\"wp-block-list\"><li>R$ 1.900,00<\/li>\n<\/ul><\/li>\n\n\n\n<li>Agente de Atendimento Emergencial: 4 vagas\n<ul class=\"wp-block-list\"><li>R$ 1.900,00<\/li>\n<\/ul><\/li>\n\n\n\n<li>Auxiliar em Sa\u00fade Bucal: 3 vagas\n<ul class=\"wp-block-list\"><li>R$ 1.900,00<\/li>\n<\/ul><\/li>\n\n\n\n<li>Professor I: 145 vagas\n<ul class=\"wp-block-list\"><li>R$ 3.315,41<\/li>\n<\/ul><\/li>\n\n\n\n<li>T\u00e9cnico de Edifica\u00e7\u00e3o: 1 vaga\n<ul class=\"wp-block-list\"><li>R$ 2.640,00<\/li>\n<\/ul><\/li>\n\n\n\n<li>T\u00e9cnico de Enfermagem: 20 vagas\n<ul class=\"wp-block-list\"><li>R$ 3.325,00<\/li>\n<\/ul><\/li>\n\n\n\n<li>T\u00e9cnico de Enfermagem do SAMU: 1 vaga\n<ul class=\"wp-block-list\"><li>R$ 3.325,00<\/li>\n<\/ul><\/li>\n<\/ul><ul class=\"wp-block-list\"><li>Professor I: 145 vagas\n<ul class=\"wp-block-list\"><li>R$ 3.315,41<\/li>\n<\/ul><\/li>\n<\/ul><\/li>\n<\/ul><h2 class=\"wp-block-heading\" id=\"\"><\/h2>\n\n\n\n<ul class=\"wp-block-list\"><li><strong>N\u00edvel Superior<\/strong>\n<ul class=\"wp-block-list\"><li>Professor II \n<ul class=\"wp-block-list\"><li>Artes: 1 vaga<\/li>\n\n\n\n<li>Canto: 1 vaga<\/li>\n\n\n\n<li>Ci\u00eancias: 4 vagas<\/li>\n\n\n\n<li>Contrabaixo El\u00e9trico: 1 vaga<\/li>\n\n\n\n<li>Educa\u00e7\u00e3o F\u00edsica: 2 vagas<\/li>\n\n\n\n<li>Educa\u00e7\u00e3o Religiosa: 1 vaga<\/li>\n\n\n\n<li>Geografia: 4 vagas<\/li>\n\n\n\n<li>Hist\u00f3ria: 2 vagas<\/li>\n\n\n\n<li>L\u00edngua Inglesa: 6 vagas<\/li>\n\n\n\n<li>L\u00edngua Portuguesa: 3 vagas<\/li>\n\n\n\n<li>Matem\u00e1tica: 2 vagas<\/li>\n\n\n\n<li>Piano Cl\u00e1ssico: 1 vaga<\/li>\n\n\n\n<li>Viol\u00e3o: 1 vaga\n<ul class=\"wp-block-list\"><li>R$ 21,05 hora\/aula<\/li>\n<\/ul><\/li>\n<\/ul><\/li>\n\n\n\n<li>Supervisor Pedag\u00f3gico: 8 vagas\n<ul class=\"wp-block-list\"><li>R$ 4.144,26<\/li>\n<\/ul><\/li>\n\n\n\n<li>Agente Fiscal de Meio Ambiente: 1 vaga\n<ul class=\"wp-block-list\"><li>R$ 2.640,00<\/li>\n<\/ul><\/li>\n\n\n\n<li>Agente Fiscal de Obras: 1 vaga\n<ul class=\"wp-block-list\"><li>R$ 2.640,00<\/li>\n<\/ul><\/li>\n\n\n\n<li>Agente Fiscal de Posturas: 1 vaga\n<ul class=\"wp-block-list\"><li>R$ 2.640,00<\/li>\n<\/ul><\/li>\n\n\n\n<li>Arquiteto: 2 vagas\n<ul class=\"wp-block-list\"><li>R$ 5.940,00<\/li>\n<\/ul><\/li>\n\n\n\n<li>Assistente Social: 4 vagas\n<ul class=\"wp-block-list\"><li>R$ 3.562,50<\/li>\n<\/ul><\/li>\n\n\n\n<li>Bibliotec\u00e1rio: 1 vaga\n<ul class=\"wp-block-list\"><li>R$ 3.562,50<\/li>\n<\/ul><\/li>\n\n\n\n<li>Cirurgi\u00e3o Dentista (diversas especialidades): 5 vagas\n<ul class=\"wp-block-list\"><li>R$ 3.712,50<\/li>\n<\/ul><\/li>\n\n\n\n<li>Dentista da Aten\u00e7\u00e3o B\u00e1sica: 3 vagas\n<ul class=\"wp-block-list\"><li>R$ 5.940,00<\/li>\n<\/ul><\/li>\n\n\n\n<li>Enfermeiro (diversas \u00e1reas): 24 vagas\n<ul class=\"wp-block-list\"><li>R$ 4.750,00<\/li>\n<\/ul><\/li>\n\n\n\n<li>Engenheiro Civil: 1 vaga\n<ul class=\"wp-block-list\"><li>R$ 5.940,00<\/li>\n<\/ul><\/li>\n\n\n\n<li>Engenheiro de Transportes: 1 vaga\n<ul class=\"wp-block-list\"><li>R$ 5.940,00<\/li>\n<\/ul><\/li>\n\n\n\n<li>Engenheiro Florestal: 1 vaga\n<ul class=\"wp-block-list\"><li>R$ 5.940,00<\/li>\n<\/ul><\/li>\n\n\n\n<li>Farmac\u00eautico: 2 vagas\n<ul class=\"wp-block-list\"><li>R$ 4.750,00<\/li>\n<\/ul><\/li>\n\n\n\n<li>Fisioterapeuta: 3 vagas\n<ul class=\"wp-block-list\"><li>R$ 3.562,50<\/li>\n<\/ul><\/li>\n\n\n\n<li>Fonoaudi\u00f3logo: 1 vaga\n<ul class=\"wp-block-list\"><li>R$ 3.562,50<\/li>\n<\/ul><\/li>\n\n\n\n<li>M\u00e9dico (diversas \u00e1reas): 10 vagas\n<ul class=\"wp-block-list\"><li>R$ 4.750,00 a R$ 15.000,00<\/li>\n<\/ul><\/li>\n\n\n\n<li>Nutricionista: 2 vagas\n<ul class=\"wp-block-list\"><li>R$ 4.750,00<\/li>\n<\/ul><\/li>\n\n\n\n<li>Psic\u00f3logo: 9 vagas\n<ul class=\"wp-block-list\"><li>R$ 3.562,50<\/li>\n<\/ul><\/li>\n\n\n\n<li>Terapeuta Ocupacional: 1 vaga\n<ul class=\"wp-block-list\"><li>R$ 3.562,50<\/li>\n<\/ul><\/li>\n<\/ul><\/li>\n<\/ul><h2 class=\"wp-block-heading\" id=\"quais-os-requisitos-para-tomar-posse\">Quais os requisitos para tomar posse?<\/h2>\n\n\n\n<p>S\u00e3o exig\u00eancias b\u00e1sicas necess\u00e1rias:<\/p>\n\n\n\n<ul class=\"wp-block-list\"><li>Ter sido aprovado no Concurso P\u00fablico de que trata este Edital;<\/li>\n\n\n\n<li>Ter, na data da posse, a idade m\u00ednima de 18 anos completos;<\/li>\n\n\n\n<li>Ser brasileiro nato, naturalizado ou cidad\u00e3o portugu\u00eas em condi\u00e7\u00e3o de igualdade de direitos com os brasileiros; no caso de naturalizados, comprovar a naturaliza\u00e7\u00e3o na forma da Lei n\u00ba 13.445 de 24 de maio de 2017; no caso de nacionalidade portuguesa, estar amparado pela reciprocidade de direitos advinda do Estatuto de igualdade entre brasileiros e portugueses, com reconhecimento de direitos pol\u00edticos, nos termos do \u00a7 1\u00ba, do Artigo 12, da Constitui\u00e7\u00e3o Brasileira.<\/li>\n\n\n\n<li>Estar em dia com as obriga\u00e7\u00f5es eleitorais;<\/li>\n\n\n\n<li>Estar em dia com as obriga\u00e7\u00f5es militares, se do sexo masculino;<\/li>\n\n\n\n<li>Ter, na data da posse, a escolaridade, o registro no respectivo Conselho de Classe quando o exerc\u00edcio do cargo o exigir e os requisitos exigidos para o provimento do cargo;<\/li>\n\n\n\n<li>Gozar de boa sa\u00fade f\u00edsica e mental e ter capacita\u00e7\u00e3o f\u00edsica para o exerc\u00edcio do cargo;<\/li>\n\n\n\n<li>Ser detentor de aptid\u00e3o f\u00edsica e mental para o exerc\u00edcio das fun\u00e7\u00f5es inerentes ao cargo, na forma de Laudo M\u00e9dico Oficial, emitido por M\u00e9dico do Trabalho;<\/li>\n\n\n\n<li>N\u00e3o ser aposentado por invalidez ou estar em idade de aposentadoria compuls\u00f3ria, ou seja, 75 anos (Lei Complementar n\u00ba 152 de 03 de dezembro de 2015), nos termos do inciso II do Par\u00e1grafo 1\u00ba do art. 40 da Constitui\u00e7\u00e3o Federal;<\/li>\n\n\n\n<li>N\u00e3o exercer cargo, emprego ou fun\u00e7\u00e3o p\u00fablica, ressalvados os casos de acumula\u00e7\u00e3o autorizados em lei, quando houver compatibilidade de hor\u00e1rios, nos termos do art. 37 XVI da Constitui\u00e7\u00e3o Federal.<\/li>\n<\/ul><p><\/p>\n\n\n\n<h2 class=\"wp-block-heading\" id=\"como-sero-as-provas-do-concurso-poos-de-caldas-mg\">Como ser\u00e3o as provas do concurso Po\u00e7os de Caldas MG?<\/h2>\n\n\n\n<p>Os candidatos ser\u00e3o avaliados em quatro etapas:<\/p>\n\n\n\n<ul class=\"wp-block-list\"><li>Prova Objetiva: para todos os cargos, de car\u00e1ter eliminat\u00f3rio e classificat\u00f3rio;<\/li>\n\n\n\n<li>Prova de Reda\u00e7\u00e3o:\u00a0somente para os cargos de Professor I, Professor II (todas as disciplinas) e Supervisor Pedag\u00f3gico, de car\u00e1ter classificat\u00f3rio;<\/li>\n\n\n\n<li>Prova de T\u00edtulos: para todos os cargos de n\u00edvel superior e Professor I, de car\u00e1ter classificat\u00f3rio; e<\/li>\n\n\n\n<li>Prova Pr\u00e1tica:\u00a0para os cargos de Professor II \u2013 Canto, Professor II \u2013 Contrabaixo El\u00e9trico, Professor II \u2013 Piano Cl\u00e1ssico, Professor II \u2013 Viol\u00e3o e Professor II \u2013 Violoncelo, de car\u00e1ter classificat\u00f3rio.<\/li>\n<\/ul><p><\/p>\n\n\n\n<p>A prova objetiva ser\u00e1 aplicada nos dias 20, 21, 27 e 28 de abril de 2024, dependendo do cargo.<\/p>\n\n\n\n<p>Na ocasi\u00e3o, os candidatos dever\u00e3o demonstrar conhecimentos sobre as disciplinas de:<\/p>\n\n\n\n<ul class=\"wp-block-list\"><li>L\u00edngua Portuguesa;<\/li>\n\n\n\n<li>Matem\u00e1tica;<\/li>\n\n\n\n<li>Conhecimentos Gerais;<\/li>\n\n\n\n<li>Conhecimentos Espec\u00edficos;<\/li>\n\n\n\n<li>Sistema \u00danico de Sa\u00fade \u2013 Sa\u00fade P\u00fablica;<\/li>\n\n\n\n<li>No\u00e7\u00f5es B\u00e1sicas de Administra\u00e7\u00e3o P\u00fablica;<\/li>\n\n\n\n<li>Teoria e Pr\u00e1tica da Educa\u00e7\u00e3o.<\/li>\n<\/ul><ul class=\"wp-block-list\"><li><strong>Adquira:<\/strong> <a href=\"https:\/\/www.novaconcursos.com.br\/mapa-mental\/sus-sistema-unico-de-saude-pdf?q=sus\">Mapas Mentais SUS \u2013 Sistema \u00danico de Sa\u00fade (Lei 8.142\/1990 e Lei 8.080\/1990) (PDF)<\/a><\/li>\n<\/ul><p>J\u00e1 a prova de reda\u00e7\u00e3o consistir\u00e1 na elabora\u00e7\u00e3o de um <strong>texto dissertativo-argumentativo,<\/strong> versando sobre tema da atualidade, com o m\u00ednimo de 20 e o m\u00e1ximo de 30 linhas.<\/p>\n\n\n\n<p>Os interessados na carreira de Professor e classificados ainda ter\u00e3o seus <strong>t\u00edtulos e experi\u00eancias<\/strong> pontuados conforme a tabela:<\/p>\n\n\n<div class=\"wp-block-image\">\n<figure class=\"aligncenter size-full\"><a href=\"https:\/\/www.novaconcursos.com.br\/portal\/wp-content\/uploads\/2023\/12\/titulos-pocos.webp\"><img decoding=\"async\" width=\"809\" height=\"434\" src=\"https:\/\/www.novaconcursos.com.br\/portal\/wp-content\/uploads\/2023\/12\/titulos-pocos.webp\" alt=\"tabela com os crit\u00e9rios de pontua\u00e7\u00e3o da prova de t\u00edtulos do concurso po\u00e7os de caldas mg\" class=\"wp-image-215969\" loading=\"lazy\" title=\"\" srcset=\"https:\/\/www.novaconcursos.com.br\/portal\/wp-content\/uploads\/2023\/12\/titulos-pocos-300x161.webp 300w, https:\/\/www.novaconcursos.com.br\/portal\/wp-content\/uploads\/2023\/12\/titulos-pocos-480x258.webp 480w, https:\/\/www.novaconcursos.com.br\/portal\/wp-content\/uploads\/2023\/12\/titulos-pocos-768x412.webp 768w, https:\/\/www.novaconcursos.com.br\/portal\/wp-content\/uploads\/2023\/12\/titulos-pocos.webp 809w\" sizes=\"auto, (max-width: 480px) 100vw, (max-width: 768px) 100vw, (max-width: 1200px) 70vw, 768px\"><\/a><\/figure><\/div>\n\n\n<p><\/p>\n\n\n\n<p>Ser\u00e3o convocados para a <strong>prova pr\u00e1tica<\/strong> somente os candidatos que tiverem sua prova de reda\u00e7\u00e3o corrigida.<\/p>\n\n\n\n<p>Nessa etapa, o candidato dever\u00e1 apresentar a execu\u00e7\u00e3o de <strong>duas pe\u00e7as musicais<\/strong> de estilos contrastantes, n\u00e3o podendo exceder 30 minutos para execu\u00e7\u00e3o das duas pe\u00e7as.<\/p>\n\n\n\n<p>Confira os crit\u00e9rios de pontua\u00e7\u00e3o:<\/p>\n\n\n<div class=\"wp-block-image\">\n<figure class=\"aligncenter size-full\"><a href=\"https:\/\/www.novaconcursos.com.br\/portal\/wp-content\/uploads\/2023\/12\/prova-pratica-pocos.webp\"><img decoding=\"async\" width=\"601\" height=\"437\" src=\"https:\/\/www.novaconcursos.com.br\/portal\/wp-content\/uploads\/2023\/12\/prova-pratica-pocos.webp\" alt=\"tabela com os crit\u00e9rios de pontua\u00e7\u00e3o da prova pr\u00e1tica do concurso po\u00e7os de caldas mg\" class=\"wp-image-215967\" loading=\"lazy\" title=\"\" srcset=\"https:\/\/www.novaconcursos.com.br\/portal\/wp-content\/uploads\/2023\/12\/prova-pratica-pocos-300x218.webp 300w, https:\/\/www.novaconcursos.com.br\/portal\/wp-content\/uploads\/2023\/12\/prova-pratica-pocos-480x349.webp 480w, https:\/\/www.novaconcursos.com.br\/portal\/wp-content\/uploads\/2023\/12\/prova-pratica-pocos.webp 601w\" sizes=\"auto, (max-width: 480px) 100vw, (max-width: 768px) 100vw, (max-width: 1200px) 70vw, 768px\"><\/a><\/figure><\/div>\n\n\n<p><\/p>\n\n\n\n<p>O prazo de validade deste concurso ser\u00e1 de dois anos, contados a partir da data de publica\u00e7\u00e3o da homologa\u00e7\u00e3o da classifica\u00e7\u00e3o final, podendo ser prorrogado uma vez por igual per\u00edodo a crit\u00e9rio exclusivo do Poder Executivo do Munic\u00edpio de Po\u00e7os de Caldas.<\/p>\n\n\n\n<p>Conhe\u00e7a outros concursos abertos em Minas Gerais: <a href=\"https:\/\/www.novaconcursos.com.br\/portal\/concursos-abertos\/mg\/\">Concursos Abertos Minas Gerais \u2013 ATUALIZADO: Mais de 3 mil vagas<\/a><\/p>","protected":false},"excerpt":{"rendered":"<p>Boa not\u00edcia para os concurseiros de Minas Gerais! Saiu o edital do Concurso Po\u00e7os de Caldas MG com oferta de 509 vagas para todos os n\u00edveis de escolaridade. Saiba mais! Estude para o concurso dos seus sonhos com o\u00a0M\u00e9todo\u00a0que j\u00e1 ajudou na\u00a0aprova\u00e7\u00e3o de mais de 70 mil alunos.\u00a0Clique aqui\u00a0e saiba mais! Resumo do edital Como [&hellip;]<\/p>\n","protected":false},"author":54679,"featured_media":215997,"comment_status":"closed","ping_status":"closed","sticky":false,"template":"","format":"standard","meta":{"_acf_changed":false,"footnotes":"","_wp_rev_ctl_limit":""},"categories":[228],"tags":[],"class_list":["post-215940","post","type-post","status-publish","format-standard","has-post-thumbnail","hentry","category-noticias"],"acf":[],"_links":{"self":[{"href":"https:\/\/www.novaconcursos.com.br\/portal\/wp-json\/wp\/v2\/posts\/215940","targetHints":{"allow":["GET"]}}],"collection":[{"href":"https:\/\/www.novaconcursos.com.br\/portal\/wp-json\/wp\/v2\/posts"}],"about":[{"href":"https:\/\/www.novaconcursos.com.br\/portal\/wp-json\/wp\/v2\/types\/post"}],"author":[{"embeddable":true,"href":"https:\/\/www.novaconcursos.com.br\/portal\/wp-json\/wp\/v2\/users\/54679"}],"replies":[{"embeddable":true,"href":"https:\/\/www.novaconcursos.com.br\/portal\/wp-json\/wp\/v2\/comments?post=215940"}],"version-history":[{"count":9,"href":"https:\/\/www.novaconcursos.com.br\/portal\/wp-json\/wp\/v2\/posts\/215940\/revisions"}],"predecessor-version":[{"id":216004,"href":"https:\/\/www.novaconcursos.com.br\/portal\/wp-json\/wp\/v2\/posts\/215940\/revisions\/216004"}],"wp:featuredmedia":[{"embeddable":true,"href":"https:\/\/www.novaconcursos.com.br\/portal\/wp-json\/wp\/v2\/media\/215997"}],"wp:attachment":[{"href":"https:\/\/www.novaconcursos.com.br\/portal\/wp-json\/wp\/v2\/media?parent=215940"}],"wp:term":[{"taxonomy":"category","embeddable":true,"href":"https:\/\/www.novaconcursos.com.br\/portal\/wp-json\/wp\/v2\/categories?post=215940"},{"taxonomy":"post_tag","embeddable":true,"href":"https:\/\/www.novaconcursos.com.br\/portal\/wp-json\/wp\/v2\/tags?post=215940"}],"curies":[{"name":"wp","href":"https:\/\/api.w.org\/{rel}","templated":true}]}}