{"id":216721,"date":"2023-12-27T12:47:24","date_gmt":"2023-12-27T15:47:24","guid":{"rendered":"https:\/\/www.novaconcursos.com.br\/portal\/?p=216721"},"modified":"2025-05-06T14:03:35","modified_gmt":"2025-05-06T17:03:35","slug":"sancionada-lei-que-cria-vagas-para-analista-mp-sp","status":"publish","type":"post","link":"https:\/\/www.novaconcursos.com.br\/portal\/noticias\/sancionada-lei-que-cria-vagas-para-analista-mp-sp\/","title":{"rendered":"Sancionada lei que cria 600 vagas para Analista MP SP!"},"content":{"rendered":"<p>O Governo do Estado de S\u00e3o Paulo sancionou a lei complementar, que cria <strong>600 cargos de<\/strong> <a href=\"https:\/\/www.novaconcursos.com.br\/portal\/concursos\/concurso-mp-sp\/\">Analista MP SP<\/a>. Quando haver\u00e1 novo edital?<\/p>\n\n\n\n<ul class=\"wp-block-list\"><li><strong>Confira:<\/strong>\u00a0<a href=\"https:\/\/www.novaconcursos.com.br\/livro\/1000-questoes-gabaritadas-vunesp\">Livro 1.000 Quest\u00f5es Gabaritadas da Vunesp<\/a><\/li>\n\n\n\n<li><strong>Confira:<\/strong>\u00a0<a href=\"https:\/\/www.novaconcursos.com.br\/apostila\/mp-sp-analista-tecnico-cientifico\">Apostila MP-SP 2023 \u2013 Analista T\u00e9cnico Cient\u00edfico<\/a><\/li>\n<\/ul><p>Estude para o concurso dos seus sonhos com o\u00a0<strong>M\u00e9todo<\/strong>\u00a0que j\u00e1 ajudou na\u00a0<strong>aprova\u00e7\u00e3o de mais de 70 mil alunos.<\/strong>\u00a0<a href=\"https:\/\/aprovacao.novaconcursos.com.br\/assinatura\" target=\"_blank\" rel=\"noreferrer noopener\">Clique aqui<\/a>\u00a0e saiba mais!<\/p>\n\n\n\n<h2 class=\"wp-block-heading\" id=\"quantos-cargos-foram-criados-no-mp-sp\">Quantos cargos foram criados no MP SP?<\/h2>\n\n\n\n<p>Portanto, o Governo do Estado de S\u00e3o Paulo sancionou a<strong> lei complementar N\u00ba 1.394,<\/strong> que cria 600 cargos de Analista Jur\u00eddico do Minist\u00e9rio P\u00fablico.<\/p>\n\n\n\n<p>Sendo assim, agora a expectativa fica para publica\u00e7\u00e3o de<strong> novos editais<\/strong> de concursos p\u00fablicos, para que as vagas sejam preenchidas.<\/p>\n\n\n\n<p>Anteriormente, o projeto havia sido aprovado<strong> <\/strong>pelo\u00a0<strong>Procurador-Geral da Justi\u00e7a<\/strong>\u00a0do estado, M\u00e1rio Luiz Sarrubbo.\u00a0Tamb\u00e9m houve cria\u00e7\u00e3o de 98 vagas para Promotor de Justi\u00e7a.<\/p>\n\n\n\n<p>Al\u00e9m disso, conv\u00e9m destacar que a remunera\u00e7\u00e3o inicial de Analista Jur\u00eddico pode ultrapassar os<strong> R$ 10,7 mil.<\/strong> Ainda h\u00e1 f\u00e9rias e 13\u00ba, al\u00e9m de benef\u00edcios.<\/p>\n\n\n\n<p>Por enquanto ainda n\u00e3o h\u00e1 uma previs\u00e3o de quando o edital poder\u00e1 ser publicado, uma vez que a sele\u00e7\u00e3o agora depender\u00e1 de autoriza\u00e7\u00e3o.<\/p>\n\n\n\n<p>Ademais, a carreira ainda exige <strong>n\u00edvel superior <\/strong>como escolaridade e conta com jornada de trabalho de 40 horas semanais.<\/p>\n\n\n\n<h2 class=\"wp-block-heading\" id=\"veja-a-publicao-oficial-da-criao-de-cargos-no-mp-sp\">Veja a publica\u00e7\u00e3o oficial da cria\u00e7\u00e3o de cargos no MP SP<\/h2>\n\n\n\n<p>Disp\u00f5e sobre a cria\u00e7\u00e3o de cargos de Analista Jur\u00eddico do Minist\u00e9rio P\u00fablico no Quadro de Pessoal do Minist\u00e9rio P\u00fablico do Estado de S\u00e3o Paulo<\/p>\n\n\n\n<p>O GOVERNADOR DO ESTADO DE S\u00c3O PAULO: Fa\u00e7o saber que a Assembleia Legislativa decreta e eu promulgo a seguinte lei:<\/p>\n\n\n\n<p>Artigo 1\u00ba \u2013 Ficam criados no Quadro de Pessoal do Minist\u00e9rio P\u00fablico do Estado de S\u00e3o Paulo, institu\u00eddo pelo artigo 4\u00ba da Lei Complementar Estadual n\u00ba 1.118, de 1\u00ba de junho de 2010, e suas altera\u00e7\u00f5es, 600 (seiscentos) cargos de Analista Jur\u00eddico do Minist\u00e9rio P\u00fablico, previsto no artigo 4\u00ba, inciso V, daquela lei complementar, e em seu Anexo I \u2013 Carreira V<\/p>\n\n\n\n<p>\u00a7 1\u00ba \u2013 Caber\u00e1 ao Procurador-Geral de Justi\u00e7a, por ato espec\u00edfico, a atribui\u00e7\u00e3o da lota\u00e7\u00e3o dos cargos previstos neste artigo.<\/p>\n\n\n\n<p>\u00a7 2\u00ba \u2013 Os cargos criados no \u201ccaput\u201d deste artigo s\u00e3o regidos pelas disposi\u00e7\u00f5es contidas na Lei Complementar n\u00ba 1.118, de 1\u00ba de junho de 2010.<\/p>\n\n\n\n<p>Artigo 2\u00ba \u2013 As despesas resultantes da aplica\u00e7\u00e3o desta lei correr\u00e3o \u00e0 conta das dota\u00e7\u00f5es or\u00e7ament\u00e1rias consignadas no or\u00e7amento vigente, suplementadas, se necess\u00e1rio, nos termos da legisla\u00e7\u00e3o em vigor.<\/p>\n\n\n\n<p>Artigo 3\u00ba \u2013 Esta lei complementar entra em vigor na data de sua publica\u00e7\u00e3o.<\/p>\n\n\n\n<p>Pal\u00e1cio dos Bandeirantes, 22 de dezembro de 2023<br>TARC\u00cdSIO DE FREITAS<br>Samuel Yoshiaki Oliveira Kinoshita<br>Secret\u00e1rio da Fazenda e Planejamento<br>Gilberto Kassab<br>Secret\u00e1rio de Governo e Rela\u00e7\u00f5es Institucionais<br>Arthur Luis Pinho de Lima<br>Secret\u00e1rio-Chefe da Casa Civil<br>Publicada na Assessoria T\u00e9cnico-Legislativa, em 22 de<br>dezembro de 2023.<\/p>\n\n\n\n<p>Confira mais editais abertos no <a href=\"https:\/\/www.novaconcursos.com.br\/portal\/concursos-abertos\/sp\/\">Estado de SP<\/a><\/p>\n\n\n\n<h2 class=\"wp-block-heading\" id=\"confira-as-atribuies-da-carreira-de-analista-mp-sp\">Confira as atribui\u00e7\u00f5es da carreira de Analista MP SP<\/h2>\n\n\n\n<ul class=\"wp-block-list\"><li>prestar aux\u00edlio t\u00e9cnico-jur\u00eddico \u00e0s atividades processuais e extraprocessuais do Minist\u00e9rio P\u00fablico;<\/li>\n\n\n\n<li>elaborar minutas de pe\u00e7as processuais, pareceres e outras manifesta\u00e7\u00f5es pr\u00f3prias da fun\u00e7\u00e3o de execu\u00e7\u00e3o, al\u00e9m de an\u00e1lises, estudos, exames, pesquisas, relat\u00f3rios e trabalhos de natureza jur\u00eddica atinentes a feitos judiciais ou a procedimentos administrativos de al\u00e7ada do Minist\u00e9rio P\u00fablico;<\/li>\n\n\n\n<li>acompanhar o andamento de processos judiciais, inqu\u00e9ritos policiais ou civis ou<br>procedimentos administrativos sob a presid\u00eancia do Minist\u00e9rio P\u00fablico, prestando<br>informa\u00e7\u00f5es ao membro do Minist\u00e9rio P\u00fablico;<\/li>\n\n\n\n<li>auxiliar na realiza\u00e7\u00e3o de audi\u00eancias, reuni\u00f5es e sess\u00f5es, referentes \u00e0 execu\u00e7\u00e3o de atividades processuais ou extraprocessuais do membro do Minist\u00e9rio P\u00fablico;<br>realizar dilig\u00eancias determinadas pelo membro do Minist\u00e9rio P\u00fablico;<br>assegurar a exatid\u00e3o e o fluxo normal de of\u00edcios, certid\u00f5es, laudos, documentos, atestados, informa\u00e7\u00f5es, circulares, processos judiciais e outros textos oficiais pertinentes aos membros do Minist\u00e9rio P\u00fablico;<\/li>\n\n\n\n<li>preparar a entrada e sa\u00edda de dados ou inserir dados em sistemas aplicados de recep\u00e7\u00e3o, controle e andamento de procedimentos administrativos e processos judiciais;<\/li>\n\n\n\n<li>elaborar of\u00edcios, pareceres, planilhas, tabelas e gr\u00e1ficos, utilizando-se de diversos \u201csoftwares\u201d; acompanhar publica\u00e7\u00f5es de interesse de sua \u00e1rea no Di\u00e1rio Oficial;<br>receber e restituir, sob supervis\u00e3o, procedimentos e processos administrativos e judiciais;<\/li>\n\n\n\n<li>manter registro e controle das atividades desenvolvidas, apresentando os consequentes relat\u00f3rios;<\/li>\n\n\n\n<li>cumprir, no que couber, as disposi\u00e7\u00f5es aplic\u00e1veis aos Oficiais de Promotoria I e demais servidores, em especial as estabelecidas nos Atos Normativos que regulamentam as respectivas fun\u00e7\u00f5es;<\/li>\n\n\n\n<li>realizar, mediante determina\u00e7\u00e3o superior, contatos com pessoas e organismos p\u00fablicos ou privados para atender \u00e0s necessidades de trabalho; executar demais tarefas correlatas a seu cargo que lhe forem atribu\u00eddas pelo \u00f3rg\u00e3o do Minist\u00e9rio P\u00fablico.<\/li>\n<\/ul>","protected":false},"excerpt":{"rendered":"<p>O Governo do Estado de S\u00e3o Paulo sancionou a lei complementar, que cria 600 cargos de Analista MP SP. Quando haver\u00e1 novo edital? Estude para o concurso dos seus sonhos com o\u00a0M\u00e9todo\u00a0que j\u00e1 ajudou na\u00a0aprova\u00e7\u00e3o de mais de 70 mil alunos.\u00a0Clique aqui\u00a0e saiba mais! Quantos cargos foram criados no MP SP? Portanto, o Governo do [&hellip;]<\/p>\n","protected":false},"author":54671,"featured_media":216736,"comment_status":"closed","ping_status":"closed","sticky":false,"template":"","format":"standard","meta":{"_acf_changed":false,"footnotes":"","_wp_rev_ctl_limit":""},"categories":[228],"tags":[],"class_list":["post-216721","post","type-post","status-publish","format-standard","has-post-thumbnail","hentry","category-noticias"],"acf":[],"_links":{"self":[{"href":"https:\/\/www.novaconcursos.com.br\/portal\/wp-json\/wp\/v2\/posts\/216721","targetHints":{"allow":["GET"]}}],"collection":[{"href":"https:\/\/www.novaconcursos.com.br\/portal\/wp-json\/wp\/v2\/posts"}],"about":[{"href":"https:\/\/www.novaconcursos.com.br\/portal\/wp-json\/wp\/v2\/types\/post"}],"author":[{"embeddable":true,"href":"https:\/\/www.novaconcursos.com.br\/portal\/wp-json\/wp\/v2\/users\/54671"}],"replies":[{"embeddable":true,"href":"https:\/\/www.novaconcursos.com.br\/portal\/wp-json\/wp\/v2\/comments?post=216721"}],"version-history":[{"count":5,"href":"https:\/\/www.novaconcursos.com.br\/portal\/wp-json\/wp\/v2\/posts\/216721\/revisions"}],"predecessor-version":[{"id":281593,"href":"https:\/\/www.novaconcursos.com.br\/portal\/wp-json\/wp\/v2\/posts\/216721\/revisions\/281593"}],"wp:featuredmedia":[{"embeddable":true,"href":"https:\/\/www.novaconcursos.com.br\/portal\/wp-json\/wp\/v2\/media\/216736"}],"wp:attachment":[{"href":"https:\/\/www.novaconcursos.com.br\/portal\/wp-json\/wp\/v2\/media?parent=216721"}],"wp:term":[{"taxonomy":"category","embeddable":true,"href":"https:\/\/www.novaconcursos.com.br\/portal\/wp-json\/wp\/v2\/categories?post=216721"},{"taxonomy":"post_tag","embeddable":true,"href":"https:\/\/www.novaconcursos.com.br\/portal\/wp-json\/wp\/v2\/tags?post=216721"}],"curies":[{"name":"wp","href":"https:\/\/api.w.org\/{rel}","templated":true}]}}