{"id":216877,"date":"2023-12-27T14:11:50","date_gmt":"2023-12-27T17:11:50","guid":{"rendered":"https:\/\/www.novaconcursos.com.br\/portal\/?p=216877"},"modified":"2023-12-27T14:11:52","modified_gmt":"2023-12-27T17:11:52","slug":"proposta-preve-reajuste-salarial-para-cargos-da-policia-federal-entenda","status":"publish","type":"post","link":"https:\/\/www.novaconcursos.com.br\/portal\/noticias\/proposta-preve-reajuste-salarial-para-cargos-da-policia-federal-entenda\/","title":{"rendered":"Proposta prev\u00ea reajuste salarial para cargos da Pol\u00edcia Federal; entenda!"},"content":{"rendered":"<p>\u00d3tima not\u00edcia para os concurseiros interessados no pr\u00f3ximo\u00a0<a href=\"https:\/\/www.novaconcursos.com.br\/portal\/concursos\/concurso-policia-federal\/\">concurso Pol\u00edcia Federal<\/a>, que pode sair em 2024. Os <strong>sal\u00e1rios <\/strong>das carreiras poder\u00e3o ser <strong>reajustados <\/strong>em breve!<\/p>\n\n\n\n<ul class=\"wp-block-list\"><li><strong>Confira:<\/strong>\u00a0<a href=\"https:\/\/www.novaconcursos.com.br\/apostila\/pf-prep-agente-pol\">Apostila PF 2023 \u2013 Agente de Pol\u00edcia<\/a><\/li>\n\n\n\n<li><strong>Confira:\u00a0<\/strong><a href=\"https:\/\/www.novaconcursos.com.br\/curso-online\/pacote-completo-policia-federal-agente-administrativo\">Curso Completo Pol\u00edcia Federal \u2013 Agente Administrativo<\/a><\/li>\n<\/ul><p>Estude para o concurso dos seus sonhos com o\u00a0<strong>M\u00e9todo<\/strong>\u00a0que j\u00e1 ajudou na\u00a0<strong>aprova\u00e7\u00e3o de mais de 70 mil alunos.<\/strong>\u00a0<a href=\"https:\/\/aprovacao.novaconcursos.com.br\/assinatura\" target=\"_blank\" rel=\"noreferrer noopener\">Clique aqui<\/a>\u00a0e saiba mais!<\/p>\n\n\n\n<h2 class=\"wp-block-heading\" id=\"salrios-sero-reajustados-na-polcia-federal\">Sal\u00e1rios ser\u00e3o reajustados na Pol\u00edcia Federal?<\/h2>\n\n\n\n<p>De acordo com uma proposta do Minist\u00e9rio da Gest\u00e3o e Inova\u00e7\u00e3o em Servi\u00e7os P\u00fablicos (MGI), os sal\u00e1rios das carreiras da <a href=\"https:\/\/www.gov.br\/pf\/pt-br\" target=\"_blank\" rel=\"noreferrer noopener\">Pol\u00edcia Federal<\/a> poder\u00e3o ser reajustados em breve!<\/p>\n\n\n\n<p>Assim, a proposta afirma que a previs\u00e3o \u00e9 que o reajuste de 7,7% seja corrigido. Atualmente, o sal\u00e1rio inicial de um Agente da Pol\u00edcia Federal \u00e9<strong> R$ 13.649,52 <\/strong>e com o reajuste, seria <strong>R$ 14.700,53.<\/strong><\/p>\n\n\n\n<p>Portanto, a expectativa fica agora pela defini\u00e7\u00e3o do percentual a ser reajustado. Al\u00e9m disso, para vigorar, a proposta precisa ser sancionada pelo Presidente da Rep\u00fablica, Luiz In\u00e1cio Lula da Silva. <\/p>\n\n\n\n<h2 class=\"wp-block-heading\" id=\"quando-vai-ter-novo-concurso-para-a-pf\">Quando vai ter novo concurso para a PF?<\/h2>\n\n\n\n<p>Se depender do presidente da Rep\u00fablica,\u00a0<strong>Luiz In\u00e1cio Lula da Silva<\/strong>, haver\u00e1 novo edital para a PF muito em breve, em 2024.<\/p>\n\n\n\n<p>Durante o programa \u201cConversa com o presidente\u201d, em agosto, Lula falou sobre\u00a0<strong>necessidade\u00a0<\/strong>de editais para a corpora\u00e7\u00e3o, al\u00e9m do Ibama. <\/p>\n\n\n\n<p>Sobre a PF, Lula citou o combate ao crime organizado para que um novo concurso seja publicado, uma vez que ser\u00e1 preciso\u00a0<strong>mais policiais,<\/strong>\u00a0segundo ele.<\/p>\n\n\n\n<blockquote class=\"wp-block-quote is-layout-flow wp-block-quote-is-layout-flow\">\n<p><em>\u201cA Pol\u00edcia Federal para tomar conta disso, \u00e9 porque n\u00f3s precisamos de mais policiais, fazer mais concursos, sen\u00e3o voc\u00ea n\u00e3o combate o crime organizado\u201d<\/em>, disse o presidente.<\/p>\n\n\n\n<p>O \u00faltimo\u00a0concurso para a corpora\u00e7\u00e3o teve seu edital publicado em 2021 pela banca Cebraspe.\u00a0Por isso, um novo vem sendo muito cobrado.<\/p>\n\n\n\n<p>Assim, antes da fala do presidente, em fevereiro, o ministro da Justi\u00e7a e Seguran\u00e7a P\u00fablica, Fl\u00e1vio Dino, j\u00e1 tinha falado tamb\u00e9m sobre o certame.<\/p>\n\n\n\n<p>\u201c<em>Eu quero dizer \u00e0 Policia Federal, \u00e0 Pol\u00edcia Rodovi\u00e1ria Federal e \u00e0 Pol\u00edcia Penal Federal, que eu tenho a honra de liderar, representadas pelos seus dirigentes, que muito em breve o presidente Lula vai propiciar um aumento para essas categorias. Eu tenho absoluta certeza que nossos pleitos que hoje tramitam, tem o apoio mais importante, que \u00e9 o apoio do dono do dinheiro, que \u00e9 ele. E ele vai, muito em breve, viabilizar esse apoio que essa pol\u00edcias e as carreiras do minist\u00e9rio da justi\u00e7a tanto merece<\/em>\u201c, disse o Ministro.<\/p>\n\n\n\n<h2 class=\"wp-block-heading\" id=\"quais-os-requisitos-para-investidura-nos-cargos\">Quais os requisitos para investidura nos cargos?<\/h2>\n\n\n\n<p>De acordo com o \u00faltimo edital, os\u00a0<strong>requisitos b\u00e1sicos\u00a0<\/strong>para ingresso nas carreira, s\u00e3o os seguintes:<\/p>\n\n\n\n<ul class=\"wp-block-list\"><li>Ter a nacionalidade brasileira ou portuguesa e, no caso de nacionalidade portuguesa, estar amparado pelo estatuto de igualdade entre brasileiros e portugueses, com reconhecimento do gozo dos direitos pol\u00edticos, nos termos do \u00a7 1\u00ba do artigo 12 da Constitui\u00e7\u00e3o Federal.<\/li>\n\n\n\n<li>Estar em gozo dos direitos pol\u00edticos.<\/li>\n\n\n\n<li>Ter idade m\u00ednima de dezoito anos completos na data da posse.<\/li>\n\n\n\n<li>Ter aptid\u00e3o f\u00edsica e mental para o exerc\u00edcio das atribui\u00e7\u00f5es do cargo.<\/li>\n\n\n\n<li>Firmar declara\u00e7\u00e3o de n\u00e3o estar cumprindo san\u00e7\u00e3o por inidoneidade, aplicada por qualquer \u00f3rg\u00e3o p\u00fablico e(ou) entidade da esfera federal, estadual e (ou) municipal.<\/li>\n<\/ul><\/blockquote>\n\n\n\n<blockquote class=\"wp-block-quote is-layout-flow wp-block-quote-is-layout-flow\">\n<p><strong>Leia tamb\u00e9m: <\/strong><a href=\"https:\/\/www.novaconcursos.com.br\/portal\/noticias\/concurso-pf-dino-confirma-o-pedido-para-convocar-201-excedentes\/\">Concurso PF<\/a>: Dino confirma o pedido para convocar 201 excedentes!<\/p>\n<\/blockquote>","protected":false},"excerpt":{"rendered":"<p>\u00d3tima not\u00edcia para os concurseiros interessados no pr\u00f3ximo\u00a0concurso Pol\u00edcia Federal, que pode sair em 2024. Os sal\u00e1rios das carreiras poder\u00e3o ser reajustados em breve! Estude para o concurso dos seus sonhos com o\u00a0M\u00e9todo\u00a0que j\u00e1 ajudou na\u00a0aprova\u00e7\u00e3o de mais de 70 mil alunos.\u00a0Clique aqui\u00a0e saiba mais! Sal\u00e1rios ser\u00e3o reajustados na Pol\u00edcia Federal? De acordo com uma [&hellip;]<\/p>\n","protected":false},"author":54671,"featured_media":216886,"comment_status":"closed","ping_status":"closed","sticky":false,"template":"","format":"standard","meta":{"_acf_changed":false,"footnotes":"","_wp_rev_ctl_limit":""},"categories":[228],"tags":[],"class_list":["post-216877","post","type-post","status-publish","format-standard","has-post-thumbnail","hentry","category-noticias"],"acf":[],"_links":{"self":[{"href":"https:\/\/www.novaconcursos.com.br\/portal\/wp-json\/wp\/v2\/posts\/216877","targetHints":{"allow":["GET"]}}],"collection":[{"href":"https:\/\/www.novaconcursos.com.br\/portal\/wp-json\/wp\/v2\/posts"}],"about":[{"href":"https:\/\/www.novaconcursos.com.br\/portal\/wp-json\/wp\/v2\/types\/post"}],"author":[{"embeddable":true,"href":"https:\/\/www.novaconcursos.com.br\/portal\/wp-json\/wp\/v2\/users\/54671"}],"replies":[{"embeddable":true,"href":"https:\/\/www.novaconcursos.com.br\/portal\/wp-json\/wp\/v2\/comments?post=216877"}],"version-history":[{"count":4,"href":"https:\/\/www.novaconcursos.com.br\/portal\/wp-json\/wp\/v2\/posts\/216877\/revisions"}],"predecessor-version":[{"id":216895,"href":"https:\/\/www.novaconcursos.com.br\/portal\/wp-json\/wp\/v2\/posts\/216877\/revisions\/216895"}],"wp:featuredmedia":[{"embeddable":true,"href":"https:\/\/www.novaconcursos.com.br\/portal\/wp-json\/wp\/v2\/media\/216886"}],"wp:attachment":[{"href":"https:\/\/www.novaconcursos.com.br\/portal\/wp-json\/wp\/v2\/media?parent=216877"}],"wp:term":[{"taxonomy":"category","embeddable":true,"href":"https:\/\/www.novaconcursos.com.br\/portal\/wp-json\/wp\/v2\/categories?post=216877"},{"taxonomy":"post_tag","embeddable":true,"href":"https:\/\/www.novaconcursos.com.br\/portal\/wp-json\/wp\/v2\/tags?post=216877"}],"curies":[{"name":"wp","href":"https:\/\/api.w.org\/{rel}","templated":true}]}}