{"id":217100,"date":"2023-12-29T12:39:48","date_gmt":"2023-12-29T15:39:48","guid":{"rendered":"https:\/\/www.novaconcursos.com.br\/portal\/?p=217100"},"modified":"2023-12-29T12:39:50","modified_gmt":"2023-12-29T15:39:50","slug":"policia-federal-tera-reestruturacao-salarial","status":"publish","type":"post","link":"https:\/\/www.novaconcursos.com.br\/portal\/noticias\/policia-federal-tera-reestruturacao-salarial\/","title":{"rendered":"Concurso Pol\u00edcia Federal ter\u00e1 reestrutura\u00e7\u00e3o salarial acordado com o governo!"},"content":{"rendered":"<p>Boa not\u00edcia! O Governo Federal e os representantes dos servidores da <a href=\"https:\/\/www.novaconcursos.com.br\/portal\/concursos\/concurso-policia-federal\" target=\"_blank\" rel=\"noreferrer noopener\">Pol\u00edcia Federal<\/a> chegaram em acordo sobre a <strong>reestrutura\u00e7\u00e3o das carreiras.<\/strong><\/p>\n\n\n\n<p>De acordo com o Minist\u00e9rio da Gest\u00e3o e da Inova\u00e7\u00e3o em Servi\u00e7os P\u00fablicos (MGI), o acordo foi intermediado pela mesa espec\u00edfica e tempor\u00e1ria de negocia\u00e7\u00e3o.<\/p>\n\n\n\n<p>Sendo assim, os ocupantes das carreiras de Delegado, Escriv\u00e3o, Agente, Papiloscopista e Perito Criminal receber\u00e3o <strong>novos valores no padr\u00e3o remunerat\u00f3rio,<\/strong> sendo:<\/p>\n\n\n\n<ul class=\"wp-block-list\"><li>Delegado e Perito da Pol\u00edcia Federal\n<ul class=\"wp-block-list\"><li>a partir de maio de 2026: <strong>R$ 28.149,35, <\/strong>podendo ultrapassar o valor de R$ 41 mil no final da carreira.<\/li>\n<\/ul><\/li>\n<\/ul><ul class=\"wp-block-list\"><li> Escriv\u00e3o, Agente e Papiloscopista\n<ul class=\"wp-block-list\"><li>a partir de maio de 2026: <strong>R$14.877,98, <\/strong>podendo ultrapassar o valor de R$ 25 mil no final da carreira.<\/li>\n<\/ul><\/li>\n<\/ul><p><\/p>\n\n\n\n<p>Os delegados e peritos foram representados pela Federa\u00e7\u00e3o Nacional dos Delegados de Pol\u00edcia Federal (Fenadepol), pela Associa\u00e7\u00e3o Nacional Dos Delegados de Pol\u00edcia Federal (ADPF) e pela Associa\u00e7\u00e3o Nacional dos Peritos Criminais Federais (APCF).<\/p>\n\n\n\n<p>J\u00e1 os agentes, escriv\u00e3es e papiloscopistas, foram representados pela Federa\u00e7\u00e3o Nacional dos Policiais Federais (Fenapef).<\/p>\n\n\n\n<p><em>\u201cDeixamos a mesa bastante satisfeitos com o resultado poss\u00edvel, entendendo as limita\u00e7\u00f5es do pa\u00eds, do governo e do Minist\u00e9rio. Convictos de que aquilo que acordamos \u00e9 um reconhecimento e uma valoriza\u00e7\u00e3o importante para os nossos servidores, dentro das limita\u00e7\u00f5es, da responsabilidade com que a coisa p\u00fablica deve ser gerida\u201d,<\/em> refor\u00e7ou o delegado e diretor-executivo da Pol\u00edcia Federal.<\/p>\n\n\n\n<ul class=\"wp-block-list\"><li><strong>Confira:\u00a0<\/strong><a href=\"https:\/\/www.novaconcursos.com.br\/mapa-mental\/mapas-mentais-policia-federal-agente-administrativo-pdf?promo_creative=Mapas+Mentais+%E2%80%93+Pol%C3%ADcia+Federal+%E2%80%93+Agente+Administrativo&amp;promo_name=noticia&amp;promo_id=%2Fportal%2Fnoticias%2Fconcurso-policia-federal-autorizada-convocacao-201-aprovados&amp;promo_position=corpo-texto\">Mapas Mentais \u2013 Pol\u00edcia Federal \u2013 Agente Administrativo<\/a><\/li>\n\n\n\n<li><strong>Confira:<\/strong>\u00a0<a href=\"https:\/\/www.novaconcursos.com.br\/livro\/2000-questoes-policia-federal-gabaritadas?promo_creative=2.000+Quest%C3%B5es+para+Pol%C3%ADcia+Federal+%E2%80%93+Gabaritadas&amp;promo_name=noticia&amp;promo_id=%2Fportal%2Fnoticias%2Fconcurso-policia-federal-autorizada-convocacao-201-aprovados&amp;promo_position=corpo-texto\">2.000 Quest\u00f5es para Pol\u00edcia Federal \u2013 Gabaritadas<\/a><\/li>\n<\/ul><p>Estude para o concurso dos seus sonhos com o\u00a0<strong>M\u00e9todo<\/strong>\u00a0que j\u00e1 ajudou na\u00a0<strong>aprova\u00e7\u00e3o de mais de 70 mil alunos!\u00a0<\/strong><a href=\"https:\/\/aprovacao.novaconcursos.com.br\/assinatura?promo_creative=Clique+aqui&amp;promo_name=noticia&amp;promo_id=%2Fportal%2Fnoticias%2Fconcurso-policia-federal-autorizada-convocacao-201-aprovados&amp;promo_position=corpo-texto\" target=\"_blank\" rel=\"noreferrer noopener\">Clique aqui<\/a>\u00a0\u00a0e saiba mais!<\/p>\n\n\n\n<h2 class=\"wp-block-heading\" id=\"concurso-pf-2024-um-desejo-do-presidente-da-repblica-\">Concurso PF 2024 \u00e9 um desejo do presidente da Rep\u00fablica! <\/h2>\n\n\n\n<p>Em agosto de 2023, o diretor-geral da Pol\u00edcia Federal, Andrei Passos Rodrigues,\u00a0falou sobre a possibilidade de solicita\u00e7\u00e3o de um <strong>novo concurso PF<\/strong> ap\u00f3s o CFP.<\/p>\n\n\n\n<p>De acordo com ele, um dos objetivos da <a href=\"https:\/\/www.gov.br\/pt-br\/orgaos\/policia-federal\" target=\"_blank\" rel=\"noreferrer noopener\">Pol\u00edcia Federal<\/a> \u00e9 a realiza\u00e7\u00e3o de concursos regulares para aumentar o quadro de pessoal.<\/p>\n\n\n\n<p>Lembrando que o ministro da\u00a0Justi\u00e7a e Seguran\u00e7a P\u00fablica, Fl\u00e1vio Dino, tinha dito que o presidente Lula est\u00e1 querendo <strong>novos editais para a corpora\u00e7\u00e3o.<\/strong><\/p>\n\n\n\n<blockquote class=\"wp-block-quote is-layout-flow wp-block-quote-is-layout-flow\">\n<p><em>\u201cA posi\u00e7\u00e3o do Minist\u00e9rio da Justi\u00e7a \u00e9 da prorroga\u00e7\u00e3o da validade do concurso existente e o\u00a0presidente Lula j\u00e1 enfatizou que quer fazer novos concursos\u00a0para a Pol\u00edcia Federal\u201d<\/em>, disse ele.<\/p>\n<\/blockquote>\n\n\n\n<p><\/p>\n\n\n\n<p>O ministro continuou, informando que\u00a0<strong>n\u00e3o tinha mais nada<\/strong>\u00a0para anunciar sobre o assunto, mas terminou dizendo\u00a0<em>\u201cos dois temas est\u00e3o a s\u00e9rio na nossa pauta e vamos avan\u00e7ar\u201d.<\/em><\/p>\n\n\n\n<p>Uma dessas pautas foi o \u00a0<strong>reajuste de sal\u00e1rio<\/strong>\u00a0dos servidores da \u00e1rea de Seguran\u00e7a Federal.\u00a0<\/p>\n\n\n\n<p>Saiba quais concursos est\u00e3o abertos \u27a1\ufe0f <a href=\"https:\/\/www.novaconcursos.com.br\/portal\/concursos-abertos\/\">Concursos Abertos!<\/a><\/p>\n\n\n\n<h2 class=\"wp-block-heading\" id=\"detalhes-do-ltimo-concurso-polcia-federal\">Detalhes do \u00faltimo concurso Pol\u00edcia Federal<\/h2>\n\n\n\n<p>O \u00faltimo concurso PF foi realizado em 2021, sob a organiza\u00e7\u00e3o do <a href=\"https:\/\/www.cebraspe.org.br\/concursos\/\" target=\"_blank\" rel=\"noreferrer noopener\">Cebraspe<\/a> e ofertou <strong>1.500 vagas<\/strong>\u00a0de n\u00edvel superior, distribu\u00eddas da seguinte maneira:<\/p>\n\n\n\n<ul class=\"wp-block-list\"><li>Agente de Pol\u00edcia: 893 vagas<\/li>\n\n\n\n<li>Escriv\u00e3o de Pol\u00edcia: 400 vagas<\/li>\n\n\n\n<li>Papiloscopista Policial Federal: 84 vagas<\/li>\n\n\n\n<li>Delegado de Pol\u00edcia: 123 vagas<\/li>\n<\/ul><p>Na ocasi\u00e3o, os candidatos foram avaliados por meio de diversas etapas, como:<\/p>\n\n\n\n<ul class=\"wp-block-list\"><li>Prova Objetiva;<\/li>\n\n\n\n<li>Prova Discurvisa;<\/li>\n\n\n\n<li>Exame de Aptid\u00e3o F\u00edsica;<\/li>\n\n\n\n<li>Avalia\u00e7\u00e3o M\u00e9dica;<\/li>\n\n\n\n<li>Prova Oral; e<\/li>\n\n\n\n<li>Prova Pr\u00e1tica de Digita\u00e7\u00e3o.<\/li>\n<\/ul><p><\/p>\n\n\n\n<p>A prova objetiva consistiu em <strong>quest\u00f5es de julgamento<\/strong> do tipo \u201ccerto\u201d ou \u201cerrado\u201d sobre as disciplinas de:<\/p>\n\n\n\n<p><strong>Delegado (120 quest\u00f5es)<\/strong><\/p>\n\n\n\n<ul class=\"wp-block-list\"><li>Direito Administrativo<\/li>\n\n\n\n<li>Direito Constitucional<\/li>\n\n\n\n<li>Direito Civil<\/li>\n\n\n\n<li>Direito Processual Civil<\/li>\n\n\n\n<li>Direito Empresarial<\/li>\n\n\n\n<li>Direito Internacional P\u00fablico e Coopera\u00e7\u00e3o Internacional<\/li>\n\n\n\n<li>Direito Penal<\/li>\n\n\n\n<li>Direito Processual Penal<\/li>\n\n\n\n<li>Criminologia<\/li>\n\n\n\n<li>Direito Previdenci\u00e1rio<\/li>\n\n\n\n<li>Direito Financeiro e Tribut\u00e1rio<\/li>\n<\/ul><p><strong>Agente<\/strong><\/p>\n\n\n\n<ul class=\"wp-block-list\"><li>Bloco 1 (60 quest\u00f5es)\n<ul class=\"wp-block-list\"><li>Portugu\u00eas<\/li>\n\n\n\n<li>No\u00e7\u00f5es de Direito Administrativo<\/li>\n\n\n\n<li>No\u00e7\u00f5es de Direito Constitucional<\/li>\n\n\n\n<li>No\u00e7\u00f5es de Direito Penal e Direito Processual Penal<\/li>\n\n\n\n<li>Legisla\u00e7\u00e3o Especial<\/li>\n\n\n\n<li>Estat\u00edstica Racioc\u00ednio L\u00f3gico<\/li>\n<\/ul><\/li>\n\n\n\n<li>Bloco 2 (36 quest\u00f5es)\n<ul class=\"wp-block-list\"><li>Inform\u00e1tica<\/li>\n<\/ul><\/li>\n\n\n\n<li>Bloco 3 (24 quest\u00f5es)\n<ul class=\"wp-block-list\"><li>Contabilidade Geral<\/li>\n<\/ul><\/li>\n<\/ul><p><strong>Escriv\u00e3o<\/strong><\/p>\n\n\n\n<ul class=\"wp-block-list\"><li>Bloco 1 (60)\n<ul class=\"wp-block-list\"><li>Portugu\u00eas<\/li>\n\n\n\n<li>No\u00e7\u00f5es de Direito Administrativo<\/li>\n\n\n\n<li>No\u00e7\u00f5es de Direito Constitucional<\/li>\n\n\n\n<li>No\u00e7\u00f5es de Direito Penal e Direito Processual Penal<\/li>\n\n\n\n<li>Legisla\u00e7\u00e3o Especial<\/li>\n\n\n\n<li>Estat\u00edstica<\/li>\n\n\n\n<li>Racioc\u00ednio L\u00f3gico<\/li>\n<\/ul><\/li>\n\n\n\n<li>Bloco 2 (36 quest\u00f5es)\n<ul class=\"wp-block-list\"><li>Inform\u00e1tica<\/li>\n<\/ul><\/li>\n\n\n\n<li>Bloco 3 (24 quest\u00f5es)\n<ul class=\"wp-block-list\"><li>Contabilidade Geral<\/li>\n\n\n\n<li>Arquivologia<\/li>\n<\/ul><\/li>\n<\/ul><p><strong>Papiloscopista<\/strong><\/p>\n\n\n\n<ul class=\"wp-block-list\"><li>Bloco 1 (60)\n<ul class=\"wp-block-list\"><li>Portugu\u00eas<\/li>\n\n\n\n<li>No\u00e7\u00f5es de Direito Administrativo<\/li>\n\n\n\n<li>No\u00e7\u00f5es de Direito Constitucional<\/li>\n\n\n\n<li>No\u00e7\u00f5es de Direito Penal e Direito Processual Penal<\/li>\n\n\n\n<li>Legisla\u00e7\u00e3o Especial<\/li>\n\n\n\n<li>Estat\u00edstica<\/li>\n\n\n\n<li>Racioc\u00ednio L\u00f3gico<\/li>\n<\/ul><\/li>\n\n\n\n<li>Bloco 2 (36 quest\u00f5es)\n<ul class=\"wp-block-list\"><li>Inform\u00e1tica<\/li>\n<\/ul><\/li>\n\n\n\n<li>Bloco 3 (24 quest\u00f5es)\n<ul class=\"wp-block-list\"><li>Biologia<\/li>\n\n\n\n<li>F\u00edsica<\/li>\n\n\n\n<li>Qu\u00edmica<\/li>\n<\/ul><\/li>\n<\/ul><p>Apesar de terem sido ofertadas 1.500 vagas, o poder Executivo Federal autorizou a chamada de mais aprovados no concurso, pretendendo preencher\u00a0<strong>625 vagas.<\/strong><\/p>","protected":false},"excerpt":{"rendered":"<p>Boa not\u00edcia! O Governo Federal e os representantes dos servidores da Pol\u00edcia Federal chegaram em acordo sobre a reestrutura\u00e7\u00e3o das carreiras. De acordo com o Minist\u00e9rio da Gest\u00e3o e da Inova\u00e7\u00e3o em Servi\u00e7os P\u00fablicos (MGI), o acordo foi intermediado pela mesa espec\u00edfica e tempor\u00e1ria de negocia\u00e7\u00e3o. Sendo assim, os ocupantes das carreiras de Delegado, Escriv\u00e3o, [&hellip;]<\/p>\n","protected":false},"author":54679,"featured_media":217102,"comment_status":"closed","ping_status":"closed","sticky":false,"template":"","format":"standard","meta":{"_acf_changed":false,"footnotes":"","_wp_rev_ctl_limit":""},"categories":[228],"tags":[],"class_list":["post-217100","post","type-post","status-publish","format-standard","has-post-thumbnail","hentry","category-noticias"],"acf":[],"_links":{"self":[{"href":"https:\/\/www.novaconcursos.com.br\/portal\/wp-json\/wp\/v2\/posts\/217100","targetHints":{"allow":["GET"]}}],"collection":[{"href":"https:\/\/www.novaconcursos.com.br\/portal\/wp-json\/wp\/v2\/posts"}],"about":[{"href":"https:\/\/www.novaconcursos.com.br\/portal\/wp-json\/wp\/v2\/types\/post"}],"author":[{"embeddable":true,"href":"https:\/\/www.novaconcursos.com.br\/portal\/wp-json\/wp\/v2\/users\/54679"}],"replies":[{"embeddable":true,"href":"https:\/\/www.novaconcursos.com.br\/portal\/wp-json\/wp\/v2\/comments?post=217100"}],"version-history":[{"count":5,"href":"https:\/\/www.novaconcursos.com.br\/portal\/wp-json\/wp\/v2\/posts\/217100\/revisions"}],"predecessor-version":[{"id":217112,"href":"https:\/\/www.novaconcursos.com.br\/portal\/wp-json\/wp\/v2\/posts\/217100\/revisions\/217112"}],"wp:featuredmedia":[{"embeddable":true,"href":"https:\/\/www.novaconcursos.com.br\/portal\/wp-json\/wp\/v2\/media\/217102"}],"wp:attachment":[{"href":"https:\/\/www.novaconcursos.com.br\/portal\/wp-json\/wp\/v2\/media?parent=217100"}],"wp:term":[{"taxonomy":"category","embeddable":true,"href":"https:\/\/www.novaconcursos.com.br\/portal\/wp-json\/wp\/v2\/categories?post=217100"},{"taxonomy":"post_tag","embeddable":true,"href":"https:\/\/www.novaconcursos.com.br\/portal\/wp-json\/wp\/v2\/tags?post=217100"}],"curies":[{"name":"wp","href":"https:\/\/api.w.org\/{rel}","templated":true}]}}