{"id":217130,"date":"2023-12-29T14:05:52","date_gmt":"2023-12-29T17:05:52","guid":{"rendered":"https:\/\/www.novaconcursos.com.br\/portal\/?p=217130"},"modified":"2025-04-03T12:40:16","modified_gmt":"2025-04-03T15:40:16","slug":"saiu-o-edital-da-camara-de-fortaleza-ce","status":"publish","type":"post","link":"https:\/\/www.novaconcursos.com.br\/portal\/noticias\/saiu-o-edital-da-camara-de-fortaleza-ce\/","title":{"rendered":"Foi publicado um novo Edital para a C\u00e2mara de Fortaleza CE com mais de 400 vagas!"},"content":{"rendered":"<p>Est\u00e1 publicado um novo <a href=\"https:\/\/www.novaconcursos.com.br\/portal\/concursos\/concurso-camara-de-fortaleza-ce\/\">Edital da\u00a0C\u00e2mara de Fortaleza CE<\/a>. O certame est\u00e1 ofertando\u00a0vagas de<strong>\u00a0n\u00edveis m\u00e9dio e superior<\/strong> e sal\u00e1rios iniciais de at\u00e9\u00a0<strong>R$ 7 mil<\/strong>! Veja como se inscrever!<\/p>\n\n\n\n<h2 class=\"wp-block-heading\" id=\"resumo-do-edital\">Resumo do Edital<\/h2>\n\n\n\n<p>Vagas: 78 + 330 CR<br>Escolaridade: n\u00edveis m\u00e9dio e superior<br>Sal\u00e1rio: R$ 4.740,52 e R$ 7.110,79<br>Per\u00edodo de inscri\u00e7\u00e3o: de 04\/01\/2024 at\u00e9 05\/02\/2024<br>Taxa de inscri\u00e7\u00e3o: R$ 62,00 e R$ 85,00<br>Prova: 07\/04\/2024<br>Banca: FGV<br><a href=\"https:\/\/conhecimento.fgv.br\/sites\/default\/files\/concursos\/cmfor-edital-27.12.2023-vf.pdf\" target=\"_blank\" rel=\"noreferrer noopener\">Baixe o edital<\/a><\/p>\n\n\n\n<ul class=\"wp-block-list\"><li><strong>Confira:<\/strong>\u00a0<a href=\"https:\/\/www.novaconcursos.com.br\/livro\/600-questoes-comentadas-lingua-portuguesa-isabella-ramiro\">Livro 600 Quest\u00f5es Comentadas L\u00edngua Portuguesa<\/a><\/li>\n\n\n\n<li><strong>Confira:\u00a0<\/strong><a href=\"https:\/\/www.novaconcursos.com.br\/apostila\/basico-concurso\">Apostila B\u00e1sico para Concursos 2023<\/a><\/li>\n<\/ul><p>Estude para o concurso dos seus sonhos com o\u00a0<strong>M\u00e9todo<\/strong>\u00a0que j\u00e1 ajudou na\u00a0<strong>aprova\u00e7\u00e3o de mais de 70 mil alunos!<\/strong>\u00a0<a href=\"https:\/\/aprovacao.novaconcursos.com.br\/assinatura\" target=\"_blank\" rel=\"noreferrer noopener\">Clique aqui<\/a>\u00a0e saiba mais!<\/p>\n\n\n\n<h2 class=\"wp-block-heading\" id=\"como-realizar-a-inscrio-do-concurso-cmara-de-fotaleza\">Como realizar a inscri\u00e7\u00e3o do concurso C\u00e2mara de Fotaleza?<\/h2>\n\n\n\n<p>Portanto, as inscri\u00e7\u00f5es para o concurso C\u00e2mara de Fortaleza Cear\u00e1 devem ser realizadas no site da banca organizadora,\u00a0<a href=\"https:\/\/conhecimento.fgv.br\/concursos\/cmfor\" target=\"_blank\" rel=\"noreferrer noopener\">Funda\u00e7\u00e3o Get\u00falio Vargos (FGV)<\/a>.<\/p>\n\n\n\n<p>Aten\u00e7\u00e3o: o prazo ter\u00e1 in\u00edcio \u00e0s <strong>16h do dia 04 de janeiro <\/strong>de 2024 e se encerrar\u00e1 \u00e0s<strong> 16h do dia 05 de fevereiro<\/strong> de 2024.<\/p>\n\n\n\n<p>Para que ela seja efetivada, o interessado deve realizar o pagamento de uma\u00a0<strong>taxa de inscri\u00e7\u00e3o<\/strong>, at\u00e9 o dia 06 de fevereiro, sendo R$ 62 para n\u00edvel m\u00e9dio e R$ 85 para o n\u00edvel superior. <\/p>\n\n\n\n<p>Entretanto, entre 4 e 8 de janeiro de 2024, os candidatos poder\u00e3o solicitar a isen\u00e7\u00e3o desta taxa. \u00c9 preciso que sejam:<\/p>\n\n\n\n<ul class=\"wp-block-list\"><li>benefici\u00e1rios de, ao menos, um dos programas sociais do Governo Federal, conforme Lei Ordin\u00e1ria n\u00ba 10.590\/2017; e<\/li>\n\n\n\n<li>doadores de sangue, conforme Lei Ordin\u00e1ria n\u00ba 9.242\/2007.<\/li>\n<\/ul><p>Lembrando que a\u00a0<a href=\"https:\/\/www.cmfor.ce.gov.br\/\" target=\"_blank\" rel=\"noreferrer noopener\">C\u00e2mara Municipal de Fortaleza<\/a>\u00a0\u00e9 o \u00f3rg\u00e3o legislativo do munic\u00edpio hom\u00f4nimo, composta por 43 vereadores, \u00e9 a maior c\u00e2mara municipal do Cear\u00e1.<\/p>\n\n\n\n<h2 class=\"wp-block-heading\" id=\"quais-os-cargos-vagas-e-salrios-do-concurso-cmara-de-fortale\"><a><\/a>Quais os cargos, vagas e sal\u00e1rios do concurso C\u00e2mara de Fortaleza?<\/h2>\n\n\n\n<p>Sendo assim, o concurso C\u00e2mara de Fortaleza, no estado do Cear\u00e1, est\u00e1 ofertando\u00a0<strong>408 vagas<\/strong>, entre vagas imediatas e de forma\u00e7\u00e3o de cadastro reserva. Veja a distribui\u00e7\u00e3o:<\/p>\n\n\n\n<ul class=\"wp-block-list\"><li><strong>N\u00edvel M\u00e9dio<\/strong>\n<ul class=\"wp-block-list\"><li>Agente Administrativo: 30 + 90 CR<\/li>\n<\/ul><\/li>\n\n\n\n<li><strong>N\u00edvel Superior<\/strong>\n<ul class=\"wp-block-list\"><li>Analista de Gest\u00e3o de Pessoas: 02 + 10 CR<\/li>\n\n\n\n<li>Contador: 05 + 25 CR<\/li>\n\n\n\n<li>Engenheiro Civil: 02 + 10 CR<\/li>\n\n\n\n<li>Advogado: 06 + 30 CR<\/li>\n\n\n\n<li>Analista de Inform\u00e1tica: 06 + 30 CR<\/li>\n\n\n\n<li>Analista de Comunica\u00e7\u00e3o Social: 02 + 10 CR<\/li>\n\n\n\n<li>Pedagogo: 02 + 10 CR<\/li>\n\n\n\n<li>Analista de Reda\u00e7\u00e3o: 02 + 10 CR<\/li>\n\n\n\n<li>Analista de Revis\u00e3o: 02 + 10 CR<\/li>\n\n\n\n<li>Consultor Legislativo \u2013 Or\u00e7amento e Finan\u00e7as P\u00fablicas: 04 + 20 CR\n<ul class=\"wp-block-list\"><li>Sa\u00fade P\u00fablica: 02 + 10 CR<\/li>\n\n\n\n<li>Educa\u00e7\u00e3o, Cultura e Esporte: 02 + 10 CR<\/li>\n\n\n\n<li>Direitos Humanos: 02 + 10 CR<\/li>\n\n\n\n<li>Meio Ambiente e Urbanismo: 02 + 10 CR<\/li>\n\n\n\n<li>Processo Legislativo: 05 + 25 CR<\/li>\n\n\n\n<li>Administra\u00e7\u00e3o P\u00fablica: 02 + 10 CR<\/li>\n<\/ul><\/li>\n<\/ul><\/li>\n<\/ul><p>Al\u00e9m disso, com uma carga hor\u00e1ria de trabalho de <strong>40 horas<\/strong> por semana, os sal\u00e1rios s\u00e3o de R$ 4.740,52 (n\u00edvel m\u00e9dio) e R$ 7.110,79 (n\u00edvel superior). <\/p>\n\n\n\n<h2 class=\"wp-block-heading\" id=\"quais-os-requisitos-do-concurso-cmara-de-fortaleza\">Quais os requisitos do Concurso C\u00e2mara de Fortaleza?<\/h2>\n\n\n\n<ul class=\"wp-block-list\"><li>ser aprovado no concurso;<\/li>\n\n\n\n<li>ter nacionalidade brasileira ou portuguesa e, no caso de nacionalidade portuguesa, estar amparado pelo estatuto de igualdade entre brasileiros e portugueses, com reconhecimento do gozo dos direitos pol\u00edticos, nos termos do \u00a7 1\u00ba do art. 12 da Constitui\u00e7\u00e3o Federal;<\/li>\n\n\n\n<li>estar em gozo dos direitos pol\u00edticos;<\/li>\n\n\n\n<li>estar quite com as obriga\u00e7\u00f5es militares, em caso de candidato do sexo masculino;<\/li>\n\n\n\n<li>estar quite com as obriga\u00e7\u00f5es eleitorais;<\/li>\n\n\n\n<li>n\u00edvel de escolaridade exigido para o exerc\u00edcio do cargo;<\/li>\n\n\n\n<li>ter aptid\u00e3o f\u00edsica e mental para o exerc\u00edcio das atribui\u00e7\u00f5es do cargo;<\/li>\n\n\n\n<li>apresentar, \u00e0 \u00e9poca da posse, outros documentos que se fizerem necess\u00e1rios; e<\/li>\n\n\n\n<li>ter idade m\u00ednima de 18 anos completos na data da posse.<\/li>\n<\/ul><h2 class=\"wp-block-heading\" id=\"como-sero-as-provas-do-concurso-cmara-de-fortaleza-ce\">Como ser\u00e3o as provas do Concurso C\u00e2mara de Fortaleza CE?<\/h2>\n\n\n\n<p>Portanto, os inscritos no concurso passar\u00e3o por <strong>4 etapas<\/strong>, sendo: Provas Objetivas; Provas Dissertativas (somente cargos de n\u00edvel superior); Procedimento de Heteroidentifica\u00e7\u00e3o e Per\u00edcia M\u00e9dica.<\/p>\n\n\n\n<p>Assim, as provas objetivas e dissertativas ser\u00e3o aplicadas no mesmo dia e hor\u00e1rio, no dia\u00a0<strong>07 de abril de 2024<\/strong>, na cidade de Fortaleza\/CE.<\/p>\n\n\n\n<p>Para o cargo de Agente Administrativo, as provas ser\u00e3o no per\u00edodo da manh\u00e3, das 8 \u00e0s 11h. J\u00e1 para os cargos de n\u00edvel superior, ser\u00e3o no per\u00edodo vespertino, entre \u00e0s 14h e 19h.<\/p>\n\n\n\n<p>Ademais, as provas objetivas ser\u00e3o compostas por\u00a0<strong>quest\u00f5es de m\u00faltipla escolha<\/strong>, avaliada em 1 ponto cada, distribu\u00eddas da seguinte forma:<\/p>\n\n\n\n<ul class=\"wp-block-list\"><li>N\u00edvel m\u00e9dio \u2013 60 quest\u00f5es\n<ul class=\"wp-block-list\"><li>L\u00edngua Portugu\u00eas (10)<\/li>\n\n\n\n<li>Racioc\u00ednio L\u00f3gico e Matem\u00e1tico (05)<\/li>\n\n\n\n<li>Regimento Interno da C\u00e2mara Municipal de Fortaleza (10)<\/li>\n\n\n\n<li>Lei Org\u00e2nica Municipal (05)<\/li>\n\n\n\n<li>Conhecimentos Espec\u00edficos (30)<\/li>\n<\/ul><\/li>\n\n\n\n<li>N\u00edvel Superior \u2013 70 quest\u00f5es\n<ul class=\"wp-block-list\"><li>L\u00edngua Portugu\u00eas (10)<\/li>\n\n\n\n<li>Racioc\u00ednio L\u00f3gico e Matem\u00e1tico (05)<\/li>\n\n\n\n<li>Regimento Interno da C\u00e2mara Municipal de Fortaleza (10)<\/li>\n\n\n\n<li>Lei Org\u00e2nica Municipal (05)<\/li>\n\n\n\n<li>Conhecimentos Espec\u00edficos (40)<\/li>\n<\/ul><\/li>\n<\/ul><h3 class=\"wp-block-heading\">Provas Dissertativas<\/h3>\n\n\n\n<p>Aplicada somente aos cargos de\u00a0<strong>n\u00edvel superior<\/strong>, est\u00e1 etapa ser\u00e1 composta de forma distinta entre os cargos. Por isso \u00e9 preciso aten\u00e7\u00e3o ao edital!<\/p>\n\n\n\n<p>O candidato ao cargo de\u00a0<strong>Consultor\u00a0<\/strong>dever\u00e1 responder \u00e0\u00a0<strong>2 quest\u00f5es discursivas<\/strong>\u00a0para cada \u00e1rea, a serem respondidas em at\u00e9 30 linhas.<\/p>\n\n\n\n<p>Cada quest\u00e3o estar\u00e1 avaliada em uma escala de 0 \u00e0 15 pontos e ser\u00e1\u00a0<strong>aprovado<\/strong>\u00a0o candidato que obtiver, no m\u00ednimo. 7,5 pontos.<\/p>\n\n\n\n<p>J\u00e1 a prova dissertativa para os demais cargos ser\u00e1 composta pela\u00a0<strong>elabora\u00e7\u00e3o de uma reda\u00e7\u00e3o<\/strong>, g\u00eanero dissertativo argumentativo, que dever\u00e1 ser redigida com o m\u00ednimo de 20 e o m\u00e1ximo de 30 linhas.<\/p>\n\n\n\n<p>Estar\u00e3o avaliados os seguintes<strong>\u00a0crit\u00e9rios<\/strong>:<\/p>\n\n\n\n<ul class=\"wp-block-list\"><li>Estrutura Textual Global\n<ul class=\"wp-block-list\"><li>Abordagem do Tema; e<\/li>\n\n\n\n<li>Progress\u00e3o Textual.<\/li>\n<\/ul><\/li>\n\n\n\n<li>Corre\u00e7\u00e3o Gramatical\n<ul class=\"wp-block-list\"><li>Sele\u00e7\u00e3o Vocabular; e<\/li>\n\n\n\n<li>Norma Culta.<\/li>\n<\/ul><\/li>\n<\/ul><p>Avaliada em at\u00e9 20 pontos, estar\u00e1 <strong>aprovado<\/strong>\u00a0o candidato que obtiver nota igual ou superior a 10 pontos na reda\u00e7\u00e3o.<\/p>\n\n\n\n<p>Conhe\u00e7a todos os concursos abertos no\u00a0<a href=\"https:\/\/www.novaconcursos.com.br\/portal\/concursos-abertos\/ce\/\">Estado do Cear\u00e1<\/a>!<\/p>","protected":false},"excerpt":{"rendered":"<p>Est\u00e1 publicado um novo Edital da\u00a0C\u00e2mara de Fortaleza CE. O certame est\u00e1 ofertando\u00a0vagas de\u00a0n\u00edveis m\u00e9dio e superior e sal\u00e1rios iniciais de at\u00e9\u00a0R$ 7 mil! Veja como se inscrever! Resumo do Edital Vagas: 78 + 330 CREscolaridade: n\u00edveis m\u00e9dio e superiorSal\u00e1rio: R$ 4.740,52 e R$ 7.110,79Per\u00edodo de inscri\u00e7\u00e3o: de 04\/01\/2024 at\u00e9 05\/02\/2024Taxa de inscri\u00e7\u00e3o: R$ 62,00 [&hellip;]<\/p>\n","protected":false},"author":54671,"featured_media":217132,"comment_status":"closed","ping_status":"closed","sticky":false,"template":"","format":"standard","meta":{"_acf_changed":false,"footnotes":"","_wp_rev_ctl_limit":""},"categories":[228],"tags":[],"class_list":["post-217130","post","type-post","status-publish","format-standard","has-post-thumbnail","hentry","category-noticias"],"acf":[],"_links":{"self":[{"href":"https:\/\/www.novaconcursos.com.br\/portal\/wp-json\/wp\/v2\/posts\/217130","targetHints":{"allow":["GET"]}}],"collection":[{"href":"https:\/\/www.novaconcursos.com.br\/portal\/wp-json\/wp\/v2\/posts"}],"about":[{"href":"https:\/\/www.novaconcursos.com.br\/portal\/wp-json\/wp\/v2\/types\/post"}],"author":[{"embeddable":true,"href":"https:\/\/www.novaconcursos.com.br\/portal\/wp-json\/wp\/v2\/users\/54671"}],"replies":[{"embeddable":true,"href":"https:\/\/www.novaconcursos.com.br\/portal\/wp-json\/wp\/v2\/comments?post=217130"}],"version-history":[{"count":6,"href":"https:\/\/www.novaconcursos.com.br\/portal\/wp-json\/wp\/v2\/posts\/217130\/revisions"}],"predecessor-version":[{"id":277646,"href":"https:\/\/www.novaconcursos.com.br\/portal\/wp-json\/wp\/v2\/posts\/217130\/revisions\/277646"}],"wp:featuredmedia":[{"embeddable":true,"href":"https:\/\/www.novaconcursos.com.br\/portal\/wp-json\/wp\/v2\/media\/217132"}],"wp:attachment":[{"href":"https:\/\/www.novaconcursos.com.br\/portal\/wp-json\/wp\/v2\/media?parent=217130"}],"wp:term":[{"taxonomy":"category","embeddable":true,"href":"https:\/\/www.novaconcursos.com.br\/portal\/wp-json\/wp\/v2\/categories?post=217130"},{"taxonomy":"post_tag","embeddable":true,"href":"https:\/\/www.novaconcursos.com.br\/portal\/wp-json\/wp\/v2\/tags?post=217130"}],"curies":[{"name":"wp","href":"https:\/\/api.w.org\/{rel}","templated":true}]}}