{"id":217456,"date":"2024-01-03T12:51:16","date_gmt":"2024-01-03T15:51:16","guid":{"rendered":"https:\/\/www.novaconcursos.com.br\/portal\/?p=217456"},"modified":"2025-02-28T14:54:13","modified_gmt":"2025-02-28T17:54:13","slug":"revelados-os-cargos-e-vagas-que-serao-ofertados-no-tse-unificado-confira","status":"publish","type":"post","link":"https:\/\/www.novaconcursos.com.br\/portal\/noticias\/revelados-os-cargos-e-vagas-que-serao-ofertados-no-tse-unificado-confira\/","title":{"rendered":"Revelados os cargos e vagas que ser\u00e3o ofertados no TSE Unificado. Confira!"},"content":{"rendered":"<p>O edital do <a href=\"https:\/\/www.novaconcursos.com.br\/portal\/concursos\/concurso-tse\/\">concurso TSE Unificado<\/a> ser\u00e1 organizado pelo <strong>Cebraspe <\/strong>e o termo de refer\u00eancia ainda detalhou <strong>especialidades <\/strong>e etapas da sele\u00e7\u00e3o. Confira detalhes!<\/p>\n\n\n\n<ul class=\"wp-block-list\"><li><strong>Confira: <\/strong><a href=\"https:\/\/www.novaconcursos.com.br\/curso-online\/tse-unificado-tecnico-judiciario\">Curso TSE Unificado \u2013 T\u00e9cnico Judici\u00e1rio<\/a><\/li>\n<\/ul><p>Estude para o concurso dos seus sonhos com o\u00a0<strong>M\u00e9todo<\/strong>\u00a0que j\u00e1 ajudou na\u00a0<strong>aprova\u00e7\u00e3o de mais de 70 mil alunos.<\/strong>\u00a0<a href=\"https:\/\/aprovacao.novaconcursos.com.br\/assinatura\" target=\"_blank\" rel=\"noreferrer noopener\">Clique aqui<\/a>\u00a0e saiba mais!<\/p>\n\n\n\n<h2 class=\"wp-block-heading\" id=\"quais-cargos-e-vagas-do-edital-tse-unificado\">Quais cargos e vagas do edital TSE Unificado?<\/h2>\n\n\n\n<p>Muito em breve sai o edital do\u00a0concurso\u00a0unificado do TSE, que ter\u00e1\u00a0<strong>ades\u00e3o\u00a0<\/strong>tamb\u00e9m de todos os Tribunais Regionais Eleitorais (TREs). Ele\u00a0est\u00e1 previsto para o primeiro semestre de 2024.<\/p>\n\n\n\n<ul class=\"wp-block-list\"><li><strong>Confira: <\/strong><a href=\"https:\/\/www.novaconcursos.com.br\/mapa-mental\/mapas-mentais-para-tse-unificado-tecnico-judiciario-pdf\">297 Mapas Mentais para TSE Unificado \u2013 T\u00e9cnico Judici\u00e1rio (PDF)<\/a><\/li>\n<\/ul><p>O projeto b\u00e1sico utilizado na\u00a0contrata\u00e7\u00e3o da banca foi divulgado nesta ter\u00e7a-feira, 02 de janeiro de 2024, e confirmou especialidades e etapas de sele\u00e7\u00e3o.<\/p>\n\n\n\n<p>Conforme consta no projeto b\u00e1sico, ser\u00e3o ofertadas\u00a0<strong>520 vagas imediatas<\/strong>\u00a0para as carreiras de T\u00e9cnico Judici\u00e1rio e Analista Judici\u00e1rio, nas seguintes especialidades:<\/p>\n\n\n\n<ul class=\"wp-block-list\"><li><strong>T\u00e9cnico Judici\u00e1rio<\/strong>\n<ul class=\"wp-block-list\"><li>\u00c1rea Administrativa Sem Especialidade;<\/li>\n\n\n\n<li>\u00c1rea Administrativa Para Agente De Pol\u00edcia Judicial; e<\/li>\n\n\n\n<li>\u00c1rea De Apoio Especializado Em Programa\u00e7\u00e3o De Sistemas.<\/li>\n<\/ul><\/li>\n\n\n\n<li><strong>Analista Judici\u00e1rio<\/strong>\n<ul class=\"wp-block-list\"><li>\u00c1rea Administrativa Em Contabilidade;<\/li>\n\n\n\n<li>\u00c1rea Administrativa Sem Especialidade;<\/li>\n\n\n\n<li>Apoio Especializado Em Tecnologia Da Informa\u00e7\u00e3o;<\/li>\n\n\n\n<li>Apoio Especializado Em Arquitetura;<\/li>\n\n\n\n<li>Apoio Especializado Em Arquivologia;<\/li>\n\n\n\n<li>Apoio Especializado Em Biblioteconomia;<\/li>\n\n\n\n<li>Apoio Especializado Em Enfermagem;<\/li>\n\n\n\n<li>Apoio Especializado Em Engenharia Civil;<\/li>\n\n\n\n<li>Apoio Especializado Em Engenharia El\u00e9trica;<\/li>\n\n\n\n<li>Apoio Especializado Em Estat\u00edstica;<\/li>\n\n\n\n<li>Apoio Especializado Em Engenharia Mec\u00e2nica;<\/li>\n\n\n\n<li>Apoio Especializado Em Medicina \u2013 Cl\u00ednica Geral, Medicina Do Trabalho E Psiquiatria;<\/li>\n\n\n\n<li>Apoio Especializado Em Odontologia;<\/li>\n\n\n\n<li>Apoio Especializado Em Psicologia;<\/li>\n\n\n\n<li>Apoio Especializado Em Servi\u00e7o Social;<\/li>\n\n\n\n<li>Apoio Especializado Em An\u00e1lise De Sistemas; e<\/li>\n\n\n\n<li>\u00c1rea Judici\u00e1ria Sem Especialidade.<\/li>\n<\/ul><\/li>\n<\/ul><p>Lembrando que a resolu\u00e7\u00e3o do concurso\u00a0<a href=\"https:\/\/www.tse.jus.br\/\" target=\"_blank\" rel=\"noreferrer noopener\">TSE<\/a>\u00a0Unificado informa que<strong> 33% das vagas <\/strong>ser\u00e3o destinadas para cotas, sendo 20% para negros; 10% para pessoas com defici\u00eancia e 3% para ind\u00edgenas.<\/p>\n\n\n\n<p>Saiba mais sobre a\u00a0<a href=\"https:\/\/www.novaconcursos.com.br\/portal\/noticias\/concurso-tse-unificado-aprovada-resolucao-com-normas-gerais-certame\/\">\u201cResolu\u00e7\u00e3o com normas gerais do certame!\u201d<\/a><\/p>\n\n\n\n<h2 class=\"wp-block-heading\" id=\"qual-o-salrio-do-aprovado-no-concurso-tse-unificado\">Qual o sal\u00e1rio do aprovado no concurso TSE Unificado?<\/h2>\n\n\n\n<p>Em rela\u00e7\u00e3o a remunera\u00e7\u00e3o inicial, o presidente Luiz In\u00e1cio Lula da Silva sancionou a Lei 14.523\/2023, que concede\u00a0<strong>reajuste aos sal\u00e1rios\u00a0<\/strong>das carreiras que ser\u00e3o ofertadas, sendo:<\/p>\n\n\n\n<p><strong>T\u00e9cnico Judici\u00e1rio<\/strong><\/p>\n\n\n\n<ul class=\"wp-block-list\"><li>Fevereiro\n<ul class=\"wp-block-list\"><li>2023: R$ 9.220,34<\/li>\n\n\n\n<li>2024: R$ 9.773,58<\/li>\n\n\n\n<li>2025: R$ 10.372,70<\/li>\n<\/ul><\/li>\n<\/ul><p><strong>Analista Judici\u00e1rio<\/strong><\/p>\n\n\n\n<ul class=\"wp-block-list\"><li>Fevereiro\n<ul class=\"wp-block-list\"><li>2023: R$ 15.128,00<\/li>\n\n\n\n<li>2024: R$ 16.035,69<\/li>\n\n\n\n<li>2025: R$ 17.018,67<\/li>\n<\/ul><\/li>\n<\/ul><p>Al\u00e9m do sal\u00e1rio, os servidores ter\u00e3o direito aos seguintes benef\u00edcios:<\/p>\n\n\n\n<ul class=\"wp-block-list\"><li>Aux\u00edlio Alimenta\u00e7\u00e3o: R$1.182,74;<\/li>\n\n\n\n<li>Assist\u00eancia Pr\u00e9-escolar: R$935,22<\/li>\n\n\n\n<li>Assist\u00eancia M\u00e9dica e Odontol\u00f3gica (participa\u00e7\u00e3o da Uni\u00e3o): R$586,92.<\/li>\n<\/ul><h3 class=\"wp-block-heading\">Provas e etapas<\/h3>\n\n\n\n<p>Al\u00e9m disso, os inscritos passar\u00e3o por Prova Objetiva; Prova Discursiva; Exame De Aptid\u00e3o F\u00edsica (somente Agente de Pol\u00edcia Judicial); Avalia\u00e7\u00e3o De T\u00edtulos; Avalia\u00e7\u00e3o Biopsicossocial e Procedimento De Heteroidentifica\u00e7\u00e3o.<\/p>\n\n\n\n<p>Ademais, as provas objetivas e discursivas para T\u00e9cnico Judici\u00e1rio e Analista Judici\u00e1rio ocorrer\u00e3o em turnos distintos, simultaneamente, nas capitais, sedes dos tribunais.<\/p>\n\n\n\n<p>Assim, a prova objetiva ser\u00e1 composta de\u00a0<strong>quest\u00f5es de julgamento\u00a0<\/strong>do tipo \u201ccerto\u201d ou \u201cerrado\u201d, onde cada erro cometido anula um acerto.<\/p>\n\n\n\n<p>Ou seja, caso o candidato acerte 75 quest\u00f5es e erre 75 quest\u00f5es em uma prova com 150 quest\u00f5es, sua pontua\u00e7\u00e3o ser\u00e1 0.<\/p>\n\n\n\n<p>Essa etapa ser\u00e1 avaliada em escala de 0 a 10 pontos, sendo considerado aprovado o candidato que atender os crit\u00e9rios que ser\u00e3o mencionados no edital de abertura.<\/p>\n\n\n\n<p>Confira o <a href=\"https:\/\/dhg1h5j42swfq.cloudfront.net\/2024\/01\/02171906\/sei_2731016_termo_de_referencia.pdf\" target=\"_blank\" rel=\"noreferrer noopener\">projeto b\u00e1sico<\/a>, na \u00edntegra!<a href=\"https:\/\/www.novaconcursos.com.br\/portal\/wp-content\/uploads\/2024\/01\/cebraspe.webp\"><\/a><\/p>\n\n\n\n<h2 class=\"wp-block-heading\" id=\"qual-ser-a-banca-do-concurso-tse-unificado\">Qual ser\u00e1 a banca do concurso TSE Unificado?<\/h2>\n\n\n\n<p>O <a href=\"https:\/\/www.cebraspe.org.br\/concursos\/\" target=\"_blank\" rel=\"noreferrer noopener\">Cebraspe<\/a>! Anteriormente, a Funda\u00e7\u00e3o Get\u00falio Vargas (FGV) esteve confirmada como banca, mas para a surpresa de todos, <strong>houve uma mudan\u00e7a.<\/strong><\/p>\n\n\n\n<p>A contrata\u00e7\u00e3o da empresa est\u00e1 anunciada em publica\u00e7\u00e3o realizada no Portal Nacional de Contrata\u00e7\u00f5es P\u00fablicas, neste dia 2 de janeiro de 2024. <\/p>\n\n\n\n<p>Por meio de nota divulgada neste dia 3 de janeiro, o TSE informou que a decis\u00e3o pela nova institui\u00e7\u00e3o ocorreu ap\u00f3s a FGV informar que n\u00e3o atende a um dos requisitos exigidos pela legisla\u00e7\u00e3o, no que se refere \u00e0 reserva de vagas a pessoas com defici\u00eancia prevista no artigo 93 da Lei n\u00ba 8.213\/1991.<\/p>\n\n\n\n<p><em>\u201cOu seja, a FGV n\u00e3o poder\u00e1 realizar o certame e, diante disso, um outro estudo foi realizado para escolher a nova institui\u00e7\u00e3o para organizar a sele\u00e7\u00e3o de 520 servidores para atuar na Justi\u00e7a Eleitoral\u201d<\/em>, explicou. <\/p>\n\n\n\n<p>Segundo despacho do diretor-geral do TSE, Rog\u00e9rio Galloro, a decis\u00e3o foi baseada em subs\u00eddios t\u00e9cnicos e jur\u00eddicos fornecidos pela Equipe de Planejamento do concurso, a Assessoria Jur\u00eddica e a Secretaria de Administra\u00e7\u00e3o da Corte.<\/p>\n\n\n\n<p>Ademais, a decis\u00e3o tamb\u00e9m esteve confirmada pelo presidente do TSE, ministro Alexandre de Moraes, em despacho assinado na sexta-feira (29\/12\/23). <\/p>\n\n\n\n<p>Segundo o documento,<em> \u201c\u00e9 imprescind\u00edvel que a empresa cumpra a regra diante da relev\u00e2ncia conferida pela Lei n\u00ba 14.133\/2021 ao cumprimento da reserva de vagas para pessoa portadora de defici\u00eancia, como medida de inclus\u00e3o social\u201d. <\/em><\/p>\n\n\n\n<h3 class=\"wp-block-heading\">Hist\u00f3rico e legisla\u00e7\u00e3o<\/h3>\n\n\n\n<p>Segundo o tribunal, a escolha pela FGV ocorreu com base no artigo 75, inciso XV, da Lei de Licita\u00e7\u00f5es (Lei n\u00ba 14.133\/2021), que prev\u00ea a dispensa de licita\u00e7\u00e3o. <\/p>\n\n\n\n<p><em>\u201cA defini\u00e7\u00e3o se deu ap\u00f3s estudo elaborado pela Equipe de Planejamento a partir de dados relativos \u00e0s diversas institui\u00e7\u00f5es que realizaram concursos p\u00fablicos de grande relevo nos \u00faltimos anos, indicando as que det\u00eam maior relev\u00e2ncia e\u00a0expertise. Contudo, ap\u00f3s analisar declara\u00e7\u00e3o apresentada pela FGV, a Assessoria Jur\u00eddica do TSE concluiu que n\u00e3o ficou demonstrado o cumprimento da reserva de vagas exigida pelo artigo 93 da Lei n\u00ba 8.213\/1991, que trata de um percentual m\u00ednimo de pessoas com defici\u00eancia contratadas pela institui\u00e7\u00e3o\u201d<\/em>, explicou. <\/p>\n\n\n\n<p>Posteriormente, a FGV apresentou, ent\u00e3o, nova proposta comercial ao Tribunal. Ao examinar a documenta\u00e7\u00e3o, a Secretaria de Administra\u00e7\u00e3o do TSE considerou que n\u00e3o h\u00e1 respaldo legal ou l\u00f3gico capaz de acolher a pretens\u00e3o da institui\u00e7\u00e3o, entendimento confirmado pela Assessoria Jur\u00eddica da Corte, pelo diretor-geral e pelo presidente do TSE.<\/p>\n\n\n\n<p>Conhe\u00e7a outros concursos que est\u00e3o abertos no Brasil \u27a1\ufe0f\u00a0<a href=\"https:\/\/www.novaconcursos.com.br\/portal\/concursos-abertos\/\">Concursos Abertos: Mais de 55 mil vagas!<\/a><\/p>","protected":false},"excerpt":{"rendered":"<p>O edital do concurso TSE Unificado ser\u00e1 organizado pelo Cebraspe e o termo de refer\u00eancia ainda detalhou especialidades e etapas da sele\u00e7\u00e3o. Confira detalhes! Estude para o concurso dos seus sonhos com o\u00a0M\u00e9todo\u00a0que j\u00e1 ajudou na\u00a0aprova\u00e7\u00e3o de mais de 70 mil alunos.\u00a0Clique aqui\u00a0e saiba mais! Quais cargos e vagas do edital TSE Unificado? Muito em [&hellip;]<\/p>\n","protected":false},"author":54671,"featured_media":217447,"comment_status":"closed","ping_status":"closed","sticky":false,"template":"","format":"standard","meta":{"_acf_changed":false,"footnotes":"","_wp_rev_ctl_limit":""},"categories":[228],"tags":[],"class_list":["post-217456","post","type-post","status-publish","format-standard","has-post-thumbnail","hentry","category-noticias"],"acf":[],"_links":{"self":[{"href":"https:\/\/www.novaconcursos.com.br\/portal\/wp-json\/wp\/v2\/posts\/217456","targetHints":{"allow":["GET"]}}],"collection":[{"href":"https:\/\/www.novaconcursos.com.br\/portal\/wp-json\/wp\/v2\/posts"}],"about":[{"href":"https:\/\/www.novaconcursos.com.br\/portal\/wp-json\/wp\/v2\/types\/post"}],"author":[{"embeddable":true,"href":"https:\/\/www.novaconcursos.com.br\/portal\/wp-json\/wp\/v2\/users\/54671"}],"replies":[{"embeddable":true,"href":"https:\/\/www.novaconcursos.com.br\/portal\/wp-json\/wp\/v2\/comments?post=217456"}],"version-history":[{"count":8,"href":"https:\/\/www.novaconcursos.com.br\/portal\/wp-json\/wp\/v2\/posts\/217456\/revisions"}],"predecessor-version":[{"id":273772,"href":"https:\/\/www.novaconcursos.com.br\/portal\/wp-json\/wp\/v2\/posts\/217456\/revisions\/273772"}],"wp:featuredmedia":[{"embeddable":true,"href":"https:\/\/www.novaconcursos.com.br\/portal\/wp-json\/wp\/v2\/media\/217447"}],"wp:attachment":[{"href":"https:\/\/www.novaconcursos.com.br\/portal\/wp-json\/wp\/v2\/media?parent=217456"}],"wp:term":[{"taxonomy":"category","embeddable":true,"href":"https:\/\/www.novaconcursos.com.br\/portal\/wp-json\/wp\/v2\/categories?post=217456"},{"taxonomy":"post_tag","embeddable":true,"href":"https:\/\/www.novaconcursos.com.br\/portal\/wp-json\/wp\/v2\/tags?post=217456"}],"curies":[{"name":"wp","href":"https:\/\/api.w.org\/{rel}","templated":true}]}}