{"id":217568,"date":"2024-01-04T13:01:40","date_gmt":"2024-01-04T16:01:40","guid":{"rendered":"https:\/\/www.novaconcursos.com.br\/portal\/?p=217568"},"modified":"2024-04-24T14:44:21","modified_gmt":"2024-04-24T17:44:21","slug":"policia-federal-concurso-com-2-mil-vagas-entenda","status":"publish","type":"post","link":"https:\/\/www.novaconcursos.com.br\/portal\/noticias\/policia-federal-concurso-com-2-mil-vagas-entenda\/","title":{"rendered":"Novo concurso da Pol\u00edcia Federal com 2 mil vagas? Entenda!"},"content":{"rendered":"<p>Boa not\u00edcia, concurseiros! O novo <a href=\"\/portal\/concursos\/concurso-policia-federal\/\">concurso da Pol\u00edcia Federal<\/a> est\u00e1 em estudos para o provimento de<strong> 2 mil vagas!<\/strong><\/p>\n\n\n\n<p>A informa\u00e7\u00e3o foi repassada pelo jornalista Cesar Tralli, do canal por assinatura Globo News. De acordo com ele, o diretor-geral da PF, Andrei Passos, informou que a diretoria administrativa que trata do <strong>controle de armas <\/strong>e as superintend\u00eancias regionais nos estados ser\u00e3o fortalecidas em sua gest\u00e3o.<\/p>\n\n\n\n<p>Para isso, a PF vai <strong>precisar aumentar seu quadro de pessoal. <\/strong>Portanto, a gest\u00e3o ter\u00e1 como objetivo a realiza\u00e7\u00e3o de novos concursos visando a contrata\u00e7\u00e3o e treinamento de novos policiais. S\u00e3o esperadas 2.000 vagas.<\/p>\n\n\n\n<p>Lembrando que em agosto de 2023, Andrei Passos tinha falado sobre a possibilidade de solicita\u00e7\u00e3o de um\u00a0<strong>novo concurso PF<\/strong>\u00a0ap\u00f3s o CFP dos aprovados de 2021.<\/p>\n\n\n\n<p><em>\u201cUm pleito nosso \u00e9 que a Pol\u00edcia tenha concursos anuais, concursos peri\u00f3dicos, com menor quantidade de vagas, mas concursos peri\u00f3dicos de maneira que a gente consiga sempre \u2013 n\u00e3o s\u00f3 repor aqueles quadros que v\u00e3o se aposentando, mas tamb\u00e9m, incrementar o nosso efetivo que, hoje, \u00e9 de apenas 15 mil servidores\u201d, <\/em>disse, na ocasi\u00e3o.<\/p>\n\n\n\n<p>O ministro da\u00a0Justi\u00e7a e Seguran\u00e7a P\u00fablica, Fl\u00e1vio Dino, tamb\u00e9m tinha dito que o presidente Lula est\u00e1 querendo\u00a0<strong>novos editais para a corpora\u00e7\u00e3o.<\/strong><\/p>\n\n\n\n<p><em>A posi\u00e7\u00e3o do Minist\u00e9rio da Justi\u00e7a \u00e9 da prorroga\u00e7\u00e3o da validade do concurso existente e o\u00a0presidente Lula j\u00e1 enfatizou que quer fazer novos concursos\u00a0para a Pol\u00edcia Federal\u201d<\/em>, disse ele.<\/p>\n\n\n\n<ul class=\"wp-block-list\"><li><strong>Confira:\u00a0<\/strong><a href=\"https:\/\/www.novaconcursos.com.br\/mapa-mental\/mapas-mentais-policia-federal-agente-administrativo-pdf?promo_creative=Mapas+Mentais+%E2%80%93+Pol%C3%ADcia+Federal+%E2%80%93+Agente+Administrativo&amp;promo_name=noticia&amp;promo_id=%2Fportal%2Fnoticias%2Fpolicia-federal-tera-reestruturacao-salarial&amp;promo_position=corpo-texto\">Mapas Mentais \u2013 Pol\u00edcia Federal \u2013 Agente Administrativo<\/a><\/li>\n\n\n\n<li><strong>Confira:<\/strong>\u00a0<a href=\"https:\/\/www.novaconcursos.com.br\/livro\/2000-questoes-policia-federal-gabaritadas?promo_creative=2.000+Quest%C3%B5es+para+Pol%C3%ADcia+Federal+%E2%80%93+Gabaritadas&amp;promo_name=noticia&amp;promo_id=%2Fportal%2Fnoticias%2Fpolicia-federal-tera-reestruturacao-salarial&amp;promo_position=corpo-texto\">2.000 Quest\u00f5es para Pol\u00edcia Federal \u2013 Gabaritadas<\/a><\/li>\n<\/ul><p>Estude para o concurso dos seus sonhos com o\u00a0<strong>M\u00e9todo<\/strong>\u00a0que j\u00e1 ajudou na\u00a0<strong>aprova\u00e7\u00e3o de mais de 70 mil alunos!<\/strong>\u00a0<a href=\"https:\/\/aprovacao.novaconcursos.com.br\/assinatura?promo_creative=Clique+aqui&amp;promo_name=noticia&amp;promo_id=%2Fportal&amp;promo_position=corpo-texto\" target=\"_blank\" rel=\"noreferrer noopener\">Clique aqui<\/a>\u00a0e saiba mais!<\/p>\n\n\n\n<h2 class=\"wp-block-heading\" id=\"pf-tem-reestruturao-salarial-acordado-com-o-governo-federal\">PF tem reestrutura\u00e7\u00e3o salarial acordado com o Governo Federal<\/h2>\n\n\n\n<p>\u00a0O Governo Federal e os representantes dos servidores da\u00a0<a href=\"https:\/\/www.gov.br\/pf\/pt-br\" target=\"_blank\" rel=\"noreferrer noopener\">Pol\u00edcia Federal<\/a>\u00a0chegaram em acordo sobre a\u00a0<strong>reestrutura\u00e7\u00e3o das carreiras.<\/strong><\/p>\n\n\n\n<p>De acordo com o Minist\u00e9rio da Gest\u00e3o e da Inova\u00e7\u00e3o em Servi\u00e7os P\u00fablicos (MGI), o acordo foi intermediado pela mesa espec\u00edfica e tempor\u00e1ria de negocia\u00e7\u00e3o.<\/p>\n\n\n\n<p>Sendo assim, os ocupantes das carreiras de Delegado, Escriv\u00e3o, Agente, Papiloscopista e Perito Criminal receber\u00e3o\u00a0<strong>novos valores no padr\u00e3o remunerat\u00f3rio,<\/strong>\u00a0sendo:<\/p>\n\n\n\n<ul class=\"wp-block-list\"><li>Delegado e Perito da Pol\u00edcia Federal\n<ul class=\"wp-block-list\"><li>a partir de maio de 2026:\u00a0<strong>R$ 28.149,35,\u00a0<\/strong>podendo ultrapassar o valor de R$ 41 mil no final da carreira.<\/li>\n<\/ul><\/li>\n\n\n\n<li>Escriv\u00e3o, Agente e Papiloscopista\n<ul class=\"wp-block-list\"><li>a partir de maio de 2026:\u00a0<strong>R$14.877,98,\u00a0<\/strong>podendo ultrapassar o valor de R$ 25 mil no final da carreira.<\/li>\n<\/ul><\/li>\n<\/ul><p>Al\u00e9m do sal\u00e1rio, os servidores receber\u00e3o aux\u00edlio-alimenta\u00e7\u00e3o de R$ 658,00 para jornadas de trabalho de 40h semanais.<\/p>\n\n\n\n<p>\u27a1\ufe0f Saiba mais sobre a <a href=\"https:\/\/www.novaconcursos.com.br\/portal\/noticias\/policia-federal-tera-reestruturacao-salarial\/\" target=\"_blank\" rel=\"noreferrer noopener\">\u201cReestrutura\u00e7\u00e3o salarial da Pol\u00edcia Federal!\u201d<\/a>!<\/p>\n\n\n\n<h2 class=\"wp-block-heading\" id=\"polcia-federal-protocolou-novo-pedido-de-concurso-\">Pol\u00edcia Federal protocolou novo pedido de concurso <\/h2>\n\n\n\n<p>Em 2023, a Pol\u00edcia Federal protocolou um novo pedido de concurso ao Minist\u00e9rio da Gest\u00e3o e Inova\u00e7\u00e3o em Servi\u00e7os P\u00fablicos para o provimento de <strong>734 vagas<\/strong> nas especialidades de:<\/p>\n\n\n\n<p><em>N\u00edvel M\u00e9dio<\/em><\/p>\n\n\n\n<ul class=\"wp-block-list\"><li>Agente Administrativo: 559 vagas.<\/li>\n<\/ul><p><em>N\u00edvel Superior<\/em><\/p>\n\n\n\n<ul class=\"wp-block-list\"><li>Administrador: 26 vagas;<\/li>\n\n\n\n<li>Arquivista: 9 vagas;<\/li>\n\n\n\n<li>Assistente Social: 13 vagas;<\/li>\n\n\n\n<li>Bibliotec\u00e1rio: 1 vaga;<\/li>\n\n\n\n<li>Contador: 9 vagas;<\/li>\n\n\n\n<li>Economista: 3 vagas;<\/li>\n\n\n\n<li>Enfermeiro: 3 vagas;<\/li>\n\n\n\n<li>Estat\u00edstico: 4 vagas;<\/li>\n\n\n\n<li>Farmac\u00eautico: 2 vagas;<\/li>\n\n\n\n<li>M\u00e9dico: 70 vagas;<\/li>\n\n\n\n<li>Nutricionista: 1 vaga;<\/li>\n\n\n\n<li>Odont\u00f3logo (30 horas): 1 vaga;<\/li>\n\n\n\n<li>Odont\u00f3logo (40 horas): 11 vagas;<\/li>\n\n\n\n<li>Psic\u00f3logo: 6 vagas;<\/li>\n\n\n\n<li>T\u00e9cnico em Assuntos Educacionais: 13 vagas; e<\/li>\n\n\n\n<li>T\u00e9cnico em Comunica\u00e7\u00e3o Social: 3 vagas.<\/li>\n<\/ul><figure class=\"wp-block-image size-full is-resized\"><a href=\"https:\/\/www.novaconcursos.com.br\/portal\/wp-content\/uploads\/2024\/01\/agentes-da-Policia-Federal-do-Brasil-sao-vistos-durante-uma-investigacao-publica-de-peculato-na-cida.webp\"><img decoding=\"async\" width=\"600\" height=\"400\" src=\"https:\/\/www.novaconcursos.com.br\/portal\/wp-content\/uploads\/2024\/01\/agentes-da-Policia-Federal-do-Brasil-sao-vistos-durante-uma-investigacao-publica-de-peculato-na-cida.webp\" alt=\"policial federal de costas entrando em viatura escrito policia federal no uniforme\" class=\"wp-image-217576\" style=\"width:815px;height:543px\" loading=\"lazy\" title=\"\" srcset=\"https:\/\/www.novaconcursos.com.br\/portal\/wp-content\/uploads\/2024\/01\/agentes-da-Policia-Federal-do-Brasil-sao-vistos-durante-uma-investigacao-publica-de-peculato-na-cida-300x200.webp 300w, https:\/\/www.novaconcursos.com.br\/portal\/wp-content\/uploads\/2024\/01\/agentes-da-Policia-Federal-do-Brasil-sao-vistos-durante-uma-investigacao-publica-de-peculato-na-cida-480x320.webp 480w, https:\/\/www.novaconcursos.com.br\/portal\/wp-content\/uploads\/2024\/01\/agentes-da-Policia-Federal-do-Brasil-sao-vistos-durante-uma-investigacao-publica-de-peculato-na-cida.webp 600w\" sizes=\"auto, (max-width: 480px) 100vw, (max-width: 768px) 100vw, (max-width: 1200px) 70vw, 768px\"><\/a><figcaption class=\"wp-element-caption\">O novo concurso Pol\u00edcia Federal est\u00e1 em estudos para o provimento de 2.000 vagas<\/figcaption><\/figure><h2 class=\"wp-block-heading\" id=\"quais-os-requisitos-das-carreiras-da-polcia-federal\">Quais os requisitos das carreiras da Pol\u00edcia Federal?<\/h2>\n\n\n\n<p>S\u00e3o exig\u00eancias b\u00e1sicas necess\u00e1rias para ingressar na PF:<\/p>\n\n\n\n<p><strong>Agente de Pol\u00edcia Federal:\u00a0<\/strong>diploma, devidamente registrado, de conclus\u00e3o de curso superior em n\u00edvel de gradua\u00e7\u00e3o, fornecido por institui\u00e7\u00e3o de ensino superior reconhecida pelo MEC. Al\u00e9m de possuir carteira de identidade civil e carteira nacional de habilita\u00e7\u00e3o, categoria \u201cB\u201d, no m\u00ednimo.<\/p>\n\n\n\n<p><strong>Escriv\u00e3o de Pol\u00edcia Federal:<\/strong>\u00a0diploma, devidamente registrado, de conclus\u00e3o de curso superior em n\u00edvel de gradua\u00e7\u00e3o, fornecido por institui\u00e7\u00e3o de ensino superior reconhecida pelo MEC. Al\u00e9m de possuir carteira de identidade civil e carteira nacional de habilita\u00e7\u00e3o, categoria \u201cB\u201d, no m\u00ednimo.<\/p>\n\n\n\n<p><strong>Papiloscopista:\u00a0<\/strong>diploma, devidamente registrado, de conclus\u00e3o de curso superior em n\u00edvel de gradua\u00e7\u00e3o, fornecido por institui\u00e7\u00e3o de ensino superior reconhecida pelo MEC. Al\u00e9m de possuir carteira de identidade civil e carteira nacional de habilita\u00e7\u00e3o, categoria \u201cB\u201d, no m\u00ednimo.<\/p>\n\n\n\n<p><strong>Delegado:\u00a0<\/strong>diploma, devidamente registrado, de bacharel em Direito, fornecido por institui\u00e7\u00e3o de ensino superior reconhecida pelo Minist\u00e9rio da Educa\u00e7\u00e3o (MEC), e comprova\u00e7\u00e3o de tr\u00eas anos de atividade jur\u00eddica ou policial. Al\u00e9m de possuir carteira de identidade civil e carteira nacional de habilita\u00e7\u00e3o, categoria \u201cB\u201d, no m\u00ednimo.<\/p>\n\n\n\n\n\n<h2 class=\"wp-block-heading\" id=\"como-foi-o-ltimo-concurso-da-polcia-federal\">Como foi o \u00faltimo concurso da Pol\u00edcia Federal?<\/h2>\n\n\n\n<p>O \u00faltimo concurso PF foi realizado em 2021, sob a organiza\u00e7\u00e3o do\u00a0<a href=\"https:\/\/www.cebraspe.org.br\/concursos\/\" target=\"_blank\" rel=\"noreferrer noopener\">Cebraspe<\/a>\u00a0e ofertou\u00a0<strong>1.500 vagas<\/strong>\u00a0de n\u00edvel superior, distribu\u00eddas da seguinte maneira:<\/p>\n\n\n\n<ul class=\"wp-block-list\"><li>Agente de Pol\u00edcia: 893 vagas<\/li>\n\n\n\n<li>Escriv\u00e3o de Pol\u00edcia: 400 vagas<\/li>\n\n\n\n<li>Papiloscopista Policial Federal: 84 vagas<\/li>\n\n\n\n<li>Delegado de Pol\u00edcia: 123 vagas<\/li>\n<\/ul><p>Na ocasi\u00e3o, os candidatos foram avaliados por meio de diversas etapas, como:<\/p>\n\n\n\n<ul class=\"wp-block-list\"><li>Prova Objetiva;<\/li>\n\n\n\n<li>Prova Discurvisa;<\/li>\n\n\n\n<li>Exame de Aptid\u00e3o F\u00edsica;<\/li>\n\n\n\n<li>Avalia\u00e7\u00e3o M\u00e9dica;<\/li>\n\n\n\n<li>Prova Oral; e<\/li>\n\n\n\n<li>Prova Pr\u00e1tica de Digita\u00e7\u00e3o.<\/li>\n<\/ul><p>A prova objetiva consistiu em\u00a0<strong>quest\u00f5es de julgamento<\/strong>\u00a0do tipo \u201ccerto\u201d ou \u201cerrado\u201d sobre as disciplinas de:<\/p>\n\n\n\n<p><strong>Delegado (120 quest\u00f5es)<\/strong><\/p>\n\n\n\n<ul class=\"wp-block-list\"><li>Direito Administrativo<\/li>\n\n\n\n<li>Direito Constitucional<\/li>\n\n\n\n<li>Direito Civil<\/li>\n\n\n\n<li>Direito Processual Civil<\/li>\n\n\n\n<li>Direito Empresarial<\/li>\n\n\n\n<li>Direito Internacional P\u00fablico e Coopera\u00e7\u00e3o Internacional<\/li>\n\n\n\n<li>Direito Penal<\/li>\n\n\n\n<li>Direito Processual Penal<\/li>\n\n\n\n<li>Criminologia<\/li>\n\n\n\n<li>Direito Previdenci\u00e1rio<\/li>\n\n\n\n<li>Direito Financeiro e Tribut\u00e1rio<\/li>\n<\/ul><p><strong>Agente<\/strong><\/p>\n\n\n\n<ul class=\"wp-block-list\"><li>Bloco 1 (60 quest\u00f5es)\n<ul class=\"wp-block-list\"><li>Portugu\u00eas<\/li>\n\n\n\n<li>No\u00e7\u00f5es de Direito Administrativo<\/li>\n\n\n\n<li>No\u00e7\u00f5es de Direito Constitucional<\/li>\n\n\n\n<li>No\u00e7\u00f5es de Direito Penal e Direito Processual Penal<\/li>\n\n\n\n<li>Legisla\u00e7\u00e3o Especial<\/li>\n\n\n\n<li>Estat\u00edstica Racioc\u00ednio L\u00f3gico<\/li>\n<\/ul><\/li>\n\n\n\n<li>Bloco 2 (36 quest\u00f5es)\n<ul class=\"wp-block-list\"><li>Inform\u00e1tica<\/li>\n<\/ul><\/li>\n\n\n\n<li>Bloco 3 (24 quest\u00f5es)\n<ul class=\"wp-block-list\"><li>Contabilidade Geral<\/li>\n<\/ul><\/li>\n<\/ul><p><strong>Escriv\u00e3o<\/strong><\/p>\n\n\n\n<ul class=\"wp-block-list\"><li>Bloco 1 (60)\n<ul class=\"wp-block-list\"><li>Portugu\u00eas<\/li>\n\n\n\n<li>No\u00e7\u00f5es de Direito Administrativo<\/li>\n\n\n\n<li>No\u00e7\u00f5es de Direito Constitucional<\/li>\n\n\n\n<li>No\u00e7\u00f5es de Direito Penal e Direito Processual Penal<\/li>\n\n\n\n<li>Legisla\u00e7\u00e3o Especial<\/li>\n\n\n\n<li>Estat\u00edstica<\/li>\n\n\n\n<li>Racioc\u00ednio L\u00f3gico<\/li>\n<\/ul><\/li>\n\n\n\n<li>Bloco 2 (36 quest\u00f5es)\n<ul class=\"wp-block-list\"><li>Inform\u00e1tica<\/li>\n<\/ul><\/li>\n\n\n\n<li>Bloco 3 (24 quest\u00f5es)\n<ul class=\"wp-block-list\"><li>Contabilidade Geral<\/li>\n\n\n\n<li>Arquivologia<\/li>\n<\/ul><\/li>\n<\/ul><p><strong>Papiloscopista<\/strong><\/p>\n\n\n\n<ul class=\"wp-block-list\"><li>Bloco 1 (60)\n<ul class=\"wp-block-list\"><li>Portugu\u00eas<\/li>\n\n\n\n<li>No\u00e7\u00f5es de Direito Administrativo<\/li>\n\n\n\n<li>No\u00e7\u00f5es de Direito Constitucional<\/li>\n\n\n\n<li>No\u00e7\u00f5es de Direito Penal e Direito Processual Penal<\/li>\n\n\n\n<li>Legisla\u00e7\u00e3o Especial<\/li>\n\n\n\n<li>Estat\u00edstica<\/li>\n\n\n\n<li>Racioc\u00ednio L\u00f3gico<\/li>\n<\/ul><\/li>\n\n\n\n<li>Bloco 2 (36 quest\u00f5es)\n<ul class=\"wp-block-list\"><li>Inform\u00e1tica<\/li>\n<\/ul><\/li>\n\n\n\n<li>Bloco 3 (24 quest\u00f5es)\n<ul class=\"wp-block-list\"><li>Biologia<\/li>\n\n\n\n<li>F\u00edsica<\/li>\n\n\n\n<li>Qu\u00edmica<\/li>\n<\/ul><\/li>\n<\/ul><p>Apesar de terem sido ofertadas 1.500 vagas, o poder Executivo Federal autorizou a chamada de mais aprovados no concurso, pretendendo preencher\u00a0<strong>625 vagas.<\/strong><\/p>","protected":false},"excerpt":{"rendered":"<p>Boa not\u00edcia, concurseiros! O novo concurso da Pol\u00edcia Federal est\u00e1 em estudos para o provimento de 2 mil vagas! A informa\u00e7\u00e3o foi repassada pelo jornalista Cesar Tralli, do canal por assinatura Globo News. De acordo com ele, o diretor-geral da PF, Andrei Passos, informou que a diretoria administrativa que trata do controle de armas e [&hellip;]<\/p>\n","protected":false},"author":54679,"featured_media":217577,"comment_status":"closed","ping_status":"closed","sticky":false,"template":"","format":"standard","meta":{"_acf_changed":false,"footnotes":"","_wp_rev_ctl_limit":""},"categories":[228],"tags":[],"class_list":["post-217568","post","type-post","status-publish","format-standard","has-post-thumbnail","hentry","category-noticias"],"acf":[],"_links":{"self":[{"href":"https:\/\/www.novaconcursos.com.br\/portal\/wp-json\/wp\/v2\/posts\/217568","targetHints":{"allow":["GET"]}}],"collection":[{"href":"https:\/\/www.novaconcursos.com.br\/portal\/wp-json\/wp\/v2\/posts"}],"about":[{"href":"https:\/\/www.novaconcursos.com.br\/portal\/wp-json\/wp\/v2\/types\/post"}],"author":[{"embeddable":true,"href":"https:\/\/www.novaconcursos.com.br\/portal\/wp-json\/wp\/v2\/users\/54679"}],"replies":[{"embeddable":true,"href":"https:\/\/www.novaconcursos.com.br\/portal\/wp-json\/wp\/v2\/comments?post=217568"}],"version-history":[{"count":8,"href":"https:\/\/www.novaconcursos.com.br\/portal\/wp-json\/wp\/v2\/posts\/217568\/revisions"}],"predecessor-version":[{"id":230689,"href":"https:\/\/www.novaconcursos.com.br\/portal\/wp-json\/wp\/v2\/posts\/217568\/revisions\/230689"}],"wp:featuredmedia":[{"embeddable":true,"href":"https:\/\/www.novaconcursos.com.br\/portal\/wp-json\/wp\/v2\/media\/217577"}],"wp:attachment":[{"href":"https:\/\/www.novaconcursos.com.br\/portal\/wp-json\/wp\/v2\/media?parent=217568"}],"wp:term":[{"taxonomy":"category","embeddable":true,"href":"https:\/\/www.novaconcursos.com.br\/portal\/wp-json\/wp\/v2\/categories?post=217568"},{"taxonomy":"post_tag","embeddable":true,"href":"https:\/\/www.novaconcursos.com.br\/portal\/wp-json\/wp\/v2\/tags?post=217568"}],"curies":[{"name":"wp","href":"https:\/\/api.w.org\/{rel}","templated":true}]}}