{"id":217764,"date":"2024-01-10T17:40:00","date_gmt":"2024-01-10T20:40:00","guid":{"rendered":"https:\/\/www.novaconcursos.com.br\/portal\/?p=217764"},"modified":"2024-01-10T17:44:26","modified_gmt":"2024-01-10T20:44:26","slug":"sme-sp-divulga-orientacoes-para-a-prova-de-auxiliar-tecnico-e-professor","status":"publish","type":"post","link":"https:\/\/www.novaconcursos.com.br\/portal\/noticias\/sme-sp-divulga-orientacoes-para-a-prova-de-auxiliar-tecnico-e-professor\/","title":{"rendered":"SME SP divulga orienta\u00e7\u00f5es para a prova de Auxiliar T\u00e9cnico e Professor!"},"content":{"rendered":"<p>As provas objetivas e discursivas do <a style=\"list-style: none; margin: 0px; padding: 0px; border: 0px; -webkit-font-smoothing: antialiased; box-sizing: border-box; font-family: Roboto, sans-serif; background-color: transparent; white-space-collapse: collapse; color: rgb(39, 69, 211) !important;\" href=\"https:\/\/www.novaconcursos.com.br\/portal\/concursos\/concurso-sme-sp\/\">concurso SME SP<\/a> (Secretaria Municipal de Educa\u00e7\u00e3o de S\u00e3o Paulo) est\u00e3o confirmadas para o dia 14 de janeiro, em dois turnos. Veja as orienta\u00e7\u00f5es; s\u00e3o 924 vagas de<strong>\u00a0n\u00edvel m\u00e9dio e superior<\/strong>!<\/p>\n\n\n\n<ul class=\"wp-block-list\"><li><strong>Confira:<\/strong>\u00a0<a href=\"https:\/\/www.novaconcursos.com.br\/livro\/1000-questoes-gabaritadas-vunesp\">Livro 1.000 Quest\u00f5es Gabaritadas da Vunesp<\/a><\/li>\n<\/ul><p>Estude para o concurso dos seus sonhos com o\u00a0<strong>M\u00e9todo<\/strong>\u00a0que j\u00e1 ajudou na\u00a0<strong>aprova\u00e7\u00e3o de mais de 70 mil alunos<\/strong>.\u00a0<a href=\"https:\/\/www.novaconcursos.com.br\/eventos\/assinatura\" target=\"_blank\" rel=\"noreferrer noopener\">Clique aqui<\/a>\u00a0e saiba mais!<\/p>\n\n\n\n<h2 class=\"wp-block-heading\" id=\"quando-sero-as-provas-do-edital-sme-sp\">Quando ser\u00e3o as provas do edital SME SP?<\/h2>\n\n\n\n<p>Primeiro \u00e9 importante dizer que os inscritos no concurso SME SP passar\u00e3o por provas <strong>objetivas e discursivas<\/strong>, em car\u00e1ter eliminat\u00f3rio e classificat\u00f3rio, e prova de <strong>t\u00edtulos<\/strong>, em car\u00e1ter classificat\u00f3rio.<\/p>\n\n\n\n<p>As primeiras avalia\u00e7\u00f5es, ent\u00e3o, ser\u00e3o aplicadas no dia <strong>14 de janeiro<\/strong>,\u00a0na cidade de S\u00e3o Paulo. Por isso, foram divulgadas as orienta\u00e7\u00f5es pelo \u00f3rg\u00e3o. <\/p>\n\n\n\n<p>Veja a convoca\u00e7\u00e3o para a prova de <a href=\"https:\/\/diariooficial.prefeitura.sp.gov.br\/md_epubli_visualizar.php?hTg6Vm8SVnYhgol0nf1e9DHtoHqCo-7rYVAXGodBEQ0friG7Q68fXSArEGe-I_g7qe1Uas5hcNd_jg3GJrtQWw,,\" target=\"_blank\" rel=\"noreferrer noopener\">Auxiliar T\u00e9cnico de Educa\u00e7\u00e3o<\/a> e para a prova de <a href=\"https:\/\/diariooficial.prefeitura.sp.gov.br\/md_epubli_visualizar.php?hTg6Vm8SVnYhgol0nf1e9DHtoHqCo-7rYVAXGodBEQ1BNzLY1QHfqEcht46YrYExo_Enf7YJBV7U1MREffSwaA,,\" target=\"_blank\" rel=\"noreferrer noopener\">Professor de Educa\u00e7\u00e3o Infantil<\/a><\/p>\n\n\n\n<p>De acordo com os documentos, as provas objetivas acontecer\u00e3o a partir das 7h, com dura\u00e7\u00e3o de 4 horas, e as discursivas a partir das 14h, com dura\u00e7\u00e3o de 3h30. <\/p>\n\n\n\n<p>Ainda, o candidato poder\u00e1 ter acesso ao seu local de provas no site\u00a0da <a href=\"https:\/\/www.vunesp.com.br\/PMSE2303\" target=\"_blank\" rel=\"noreferrer noopener\">banca Vunesp<\/a>\u00a0e pelo Servi\u00e7o de Atendimento ao Candidato, telefone (11) 3874-6300,\u00a0de segunda a s\u00e1bado, das 8 \u00e0s 18 horas.<\/p>\n\n\n\n<h3 class=\"wp-block-heading\">N\u00famero de inscritos<\/h3>\n\n\n\n<p>A\u00a0Funda\u00e7\u00e3o Vunesp\u00a0divulgou nesta quarta-feira (10\/01), o n\u00famero de inscritos do concurso. Assim a sele\u00e7\u00e3o re\u00fane <strong>125.931 participantes.<\/strong><\/p>\n\n\n\n<p>Segundo a <strong>divis\u00e3o<\/strong>, 53.064 inscritos foram no cargo de\u00a0Auxiliar T\u00e9cnico de Educa\u00e7\u00e3o\u00a0(93,775 candidatos por vaga) e 72.867 para Professor de Educa\u00e7\u00e3o Infantil (203,53 candidatos por vaga).<\/p>\n\n\n\n<h3 class=\"wp-block-heading\">Como ser\u00e3o as provas?<\/h3>\n\n\n\n<p>Assim, a prova objetiva, ent\u00e3o, consistir\u00e1 em<strong>\u00a060 quest\u00f5es de m\u00faltipla escolha<\/strong>\u00a0sobre as disciplinas de:<\/p>\n\n\n\n<p><strong>Auxiliar T\u00e9cnico de Educa\u00e7\u00e3o<\/strong><\/p>\n\n\n\n<ul class=\"wp-block-list\"><li>Conhecimentos Gerais\n<ul class=\"wp-block-list\"><li>L\u00edngua Portuguesa: 10 quest\u00f5es<\/li>\n\n\n\n<li>Matem\u00e1tica: 10 quest\u00f5es<\/li>\n\n\n\n<li>No\u00e7\u00f5es de Tecnologia: 10 quest\u00f5es<\/li>\n<\/ul><\/li>\n\n\n\n<li>Conhecimentos Espec\u00edficos: 30 quest\u00f5es\n<ul class=\"wp-block-list\"><li>Legisla\u00e7\u00e3o e Publica\u00e7\u00f5es Federais<\/li>\n\n\n\n<li>Legisla\u00e7\u00e3o e Publica\u00e7\u00f5es Municipais<\/li>\n<\/ul><\/li>\n<\/ul><p><strong>Professor de Educa\u00e7\u00e3o B\u00e1sica<\/strong><\/p>\n\n\n\n<ul class=\"wp-block-list\"><li>Conhecimentos Gerais: 30 quest\u00f5es\n<ul class=\"wp-block-list\"><li>Legisla\u00e7\u00e3o e Publica\u00e7\u00f5es Federais<\/li>\n\n\n\n<li>Legisla\u00e7\u00e3o e Publica\u00e7\u00f5es Municipais<\/li>\n<\/ul><\/li>\n\n\n\n<li>Conhecimentos Espec\u00edficos: 30 quest\u00f5es\n<ul class=\"wp-block-list\"><li>Documentos Institucionais<\/li>\n<\/ul><\/li>\n<\/ul><p>Em contrapartida, a prova discursiva contar\u00e1 com um estudo de caso e duas quest\u00f5es discursivas. Para ser aprovado, ser\u00e1 necess\u00e1rio obter 50 pontos na prova objetiva e 50 pontos na prova discursiva.<\/p>\n\n\n\n<p>Baixe o conte\u00fado program\u00e1tico:\u00a0<a href=\"https:\/\/diariooficial.prefeitura.sp.gov.br\/md_epubli_visualizar.php?kHdgtACkKWJxjOVDE7BkQy24RK_w0WYcDMI4xNfLbdmZqUs2sxkVaaT98Mt6goebygHq5X3dxx4n6cSBZxstjHO5gQKRXgHzI4V2wE3AgMGNiyOsRKTAuj1lc0H5pXyy\" target=\"_blank\" rel=\"noreferrer noopener\">Auxiliar<\/a>\u00a0|\u00a0<a href=\"https:\/\/diariooficial.prefeitura.sp.gov.br\/md_epubli_visualizar.php?kHdgtACkKWJxjOVDE7BkQy24RK_w0WYcDMI4xNfLbdkuKMnOeez5MPGUTa0tJwmnZOz1GCRLNG3dP8MZDCJSHbBBJHnkwHSRr2imEomyZjhynD-71NUQaLF_kpg2Saxg\" target=\"_blank\" rel=\"noreferrer noopener\">Professor<\/a>\u00a0??<\/p>\n\n\n\n<h2 class=\"wp-block-heading\" id=\"vagas-cargos-e-salrios-do-concurso-sme-sp\">Vagas, cargos e sal\u00e1rios do concurso SME SP<\/h2>\n\n\n\n<p>Sendo assim, o concurso SME SP visa o preenchimento de\u00a0<strong>924 vagas,<\/strong>\u00a0sendo 556 oportunidades para a carreira de Auxiliar T\u00e9cnico de Educa\u00e7\u00e3o e 358 para a carreira de Professor de Educa\u00e7\u00e3o Infantil. Confira:<\/p>\n\n\n\n<ul class=\"wp-block-list\"><li><strong>Auxiliar T\u00e9cnico de Educa\u00e7\u00e3o \u2013 N\u00edvel M\u00e9dio<\/strong>\n<ul class=\"wp-block-list\"><li>AC: 424 vagas<\/li>\n\n\n\n<li>PCD: 28 vagas<\/li>\n\n\n\n<li>Negros: 114 vagas<\/li>\n<\/ul><\/li>\n\n\n\n<li><strong>Professor de Educa\u00e7\u00e3o Infantil \u2013 N\u00edvel Superior<\/strong>\n<ul class=\"wp-block-list\"><li>AC: 268 vagas<\/li>\n\n\n\n<li>PCD: 18 vagas<\/li>\n\n\n\n<li>Negros: 72 vagas<\/li>\n<\/ul><\/li>\n<\/ul><p>Posteriormente, os aprovados ser\u00e3o remunerados com\u00a0<strong>sal\u00e1rios iniciais\u00a0<\/strong>e abonos nos seguintes valores:<\/p>\n\n\n\n<ul class=\"wp-block-list\"><li>Auxiliar T\u00e9cnico de Educa\u00e7\u00e3o: R$ R$1.782,94 + abono complementar de R$ 999,56<\/li>\n\n\n\n<li>Professor de Educa\u00e7\u00e3o Infantil: R$ 3.498,20 + abono complementar de R$ 922,35<\/li>\n<\/ul><p>Al\u00e9m do sal\u00e1rio, os servidores receber\u00e3o vale-alimenta\u00e7\u00e3o de R$ 630,00 e aux\u00edlio-refei\u00e7\u00e3o de R$ 26,50 por dia trabalhado (m\u00e9dia R$ 577,50).<\/p>\n\n\n\n<p>Em rela\u00e7\u00e3o a\u00a0<strong>jornada de trabalho,<\/strong>\u00a0os aprovados no cargo de Auxiliar T\u00e9cnico de Educa\u00e7\u00e3o ter\u00e3o carga hor\u00e1ria de 40h semanais, enquanto os aprovados no cargo de Professor de Educa\u00e7\u00e3o Infantil ter\u00e3o carga hor\u00e1ria de 30h semanais.<\/p>\n\n\n\n<figure class=\"wp-block-image size-full\"><a href=\"https:\/\/www.novaconcursos.com.br\/portal\/wp-content\/uploads\/2024\/01\/Fachada-SME.jpg\"><img decoding=\"async\" width=\"825\" height=\"470\" src=\"https:\/\/www.novaconcursos.com.br\/portal\/wp-content\/uploads\/2024\/01\/Fachada-SME.jpg\" alt=\"\" class=\"wp-image-217767\" loading=\"lazy\" title=\"\" srcset=\"https:\/\/www.novaconcursos.com.br\/portal\/wp-content\/uploads\/2024\/01\/Fachada-SME-300x171.jpg 300w, https:\/\/www.novaconcursos.com.br\/portal\/wp-content\/uploads\/2024\/01\/Fachada-SME-480x273.jpg 480w, https:\/\/www.novaconcursos.com.br\/portal\/wp-content\/uploads\/2024\/01\/Fachada-SME-768x438.jpg 768w, https:\/\/www.novaconcursos.com.br\/portal\/wp-content\/uploads\/2024\/01\/Fachada-SME.jpg 825w\" sizes=\"auto, (max-width: 480px) 100vw, (max-width: 768px) 100vw, (max-width: 1200px) 70vw, 768px\"><\/a><figcaption class=\"wp-element-caption\"><em>Provas do concurso SME SP est\u00e3o se aproximando e \u00f3rg\u00e3o divulgou orienta\u00e7\u00f5es (Foto: Divulga\u00e7\u00e3o)<\/em><\/figcaption><\/figure><h2 class=\"wp-block-heading\" id=\"quais-as-atribuies-de-um-auxiliar-tcnico-de-educao\">Quais as atribui\u00e7\u00f5es de um Auxiliar T\u00e9cnico de Educa\u00e7\u00e3o?<\/h2>\n\n\n\n<ul class=\"wp-block-list\"><li>Executar atividades de natureza t\u00e9cnico-administrativa da secretaria da escola, com uso das tecnologias de comunica\u00e7\u00e3o e informa\u00e7\u00e3o (TICs) e apoio de softwares da Prefeitura, em especial:<\/li>\n\n\n\n<li>Receber, classificar, arquivar, instruir e encaminhar documentos ou expedientes de funcion\u00e1rios e de alunos da escola garantindo sua atualiza\u00e7\u00e3o;<\/li>\n\n\n\n<li>Controlar e registrar dados relativos \u00e0 vida funcional dos servidores da escola e \u00e0 vida escolar dos alunos;<\/li>\n\n\n\n<li>Digitar documentos, expedientes e processos, inclusive os de natureza did\u00e1tico-pedag\u00f3gica;<\/li>\n\n\n\n<li>Executar atividades auxiliares de administra\u00e7\u00e3o relativas ao recenseamento e da frequ\u00eancia dos<br>alunos;<\/li>\n\n\n\n<li>Fornecer dados e informa\u00e7\u00f5es da organiza\u00e7\u00e3o escolar de acordo com o cronograma estabelecido<br>no projeto pol\u00edtico-pedag\u00f3gico da escola ou determinado pelos \u00f3rg\u00e3os superiores;<\/li>\n\n\n\n<li>Dar atendimento e acompanhamento aos alunos nos hor\u00e1rios de entrada, sa\u00edda, recreio e em outros per\u00edodos em que n\u00e3o houver a assist\u00eancia do professor;<\/li>\n\n\n\n<li>Comunicar \u00e0 dire\u00e7\u00e3o da escola eventuais enfermidades ou acidentes ocorridos com os alunos, bem<br>como outras ocorr\u00eancias graves;<\/li>\n\n\n\n<li>Participar de programas e projetos definidos no projeto pol\u00edtico-pedag\u00f3gico da unidade educacional que visem \u00e0 preven\u00e7\u00e3o de acidentes e de uso indevido de subst\u00e2ncias nocivas \u00e0 sa\u00fade dos alunos;<\/li>\n\n\n\n<li>Auxiliar os professores quanto \u00e0 provid\u00eancias de assist\u00eancia di\u00e1ria aos alunos;<\/li>\n\n\n\n<li>Colaborar no controle dos alunos quando da participa\u00e7\u00e3o em atividades extra ou intraescolar de<br>qualquer natureza; entre outras.<\/li>\n<\/ul><p>Quer saber mais editais com inscri\u00e7\u00f5es abertas ou em andamento em S\u00e3o Paulo? <a href=\"https:\/\/www.novaconcursos.com.br\/portal\/concursos-abertos\/sp\/\">Clique aqui<\/a>!<\/p>\n\n\n\n<h2 class=\"wp-block-heading\" id=\"quais-as-atribuies-de-um-professor-de-educao-infantil\">Quais as atribui\u00e7\u00f5es de um Professor de Educa\u00e7\u00e3o Infantil?<\/h2>\n\n\n\n<ul class=\"wp-block-list\"><li>Desenvolver atividades com crian\u00e7as na faixa et\u00e1ria de 0 a 3 anos;<\/li>\n\n\n\n<li>Participar da elabora\u00e7\u00e3o, implementa\u00e7\u00e3o e avalia\u00e7\u00e3o do projeto pol\u00edtico-pedag\u00f3gico da unidade<br>educacional, visando \u00e0 melhoria da qualidade da educa\u00e7\u00e3o, em conson\u00e2ncia com as diretrizes<br>educacionais da Secretaria Municipal de Educa\u00e7\u00e3o;<\/li>\n\n\n\n<li>Elaborar o plano de ensino, observadas as metas e objetivos propostos no projeto pol\u00edtico-pedag\u00f3gico e as diretrizes da Secretaria Municipal de Educa\u00e7\u00e3o;<\/li>\n\n\n\n<li>Zelar pela aprendizagem e frequ\u00eancia dos beb\u00eas\/crian\u00e7as;<\/li>\n\n\n\n<li>Planejar e ministrar atividades, registrando os objetivos e resultados do processo educativo, tendo<br>em vista a efetiva aprendizagem de todos as crian\u00e7as;<\/li>\n\n\n\n<li>Planejar e desenvolver, articuladamente com os demais profissionais, atividades pedag\u00f3gicas<br>compat\u00edveis com os v\u00e1rios espa\u00e7os de ensino e de aprendizagem existentes na unidade<br>educacional;<\/li>\n\n\n\n<li>Articular as experi\u00eancias das crian\u00e7as com o conhecimento sistematizado, valendo-se de princ\u00edpios<br>metodol\u00f3gicos, procedimentos did\u00e1ticos e instrumentos que possibilitem o pleno aproveitamento das atividades desenvolvidas;<\/li>\n\n\n\n<li>Planejar e executar atividades de forma a assegurar oportunidades de aprendizagem \u00e0s crian\u00e7as;<\/li>\n\n\n\n<li>Adequar os procedimentos did\u00e1ticos e pedag\u00f3gicos que viabilizem a implementa\u00e7\u00e3o da educa\u00e7\u00e3o<br>inclusiva e da educa\u00e7\u00e3o das crian\u00e7as;<\/li>\n\n\n\n<li>Manter atualizado o registro das a\u00e7\u00f5es pedag\u00f3gicas, tendo em vista a avalia\u00e7\u00e3o cont\u00ednua do<br>processo educativo;<\/li>\n\n\n\n<li>Analisar com os pais ou respons\u00e1veis as propostas de trabalho da unidade educacional, formas de<br>acompanhamento da vida escolar e procedimentos adotados no processo; entre outras.<\/li>\n<\/ul><p>Secretaria Municipal de Educa\u00e7\u00e3o de S\u00e3o Paulo vai <strong>prorrogar contrato<\/strong> de cerca de 5 mil professores \u2013 <a href=\"https:\/\/educacao.sme.prefeitura.sp.gov.br\/noticias\/sme-vai-prorrogar-contrato-de-cerca-de-5-mil-professores\/\" target=\"_blank\" rel=\"noreferrer noopener\">Clique aqui e saiba mais<\/a>!<\/p>","protected":false},"excerpt":{"rendered":"<p>As provas objetivas e discursivas do concurso SME SP (Secretaria Municipal de Educa\u00e7\u00e3o de S\u00e3o Paulo) est\u00e3o confirmadas para o dia 14 de janeiro, em dois turnos. Veja as orienta\u00e7\u00f5es; s\u00e3o 924 vagas de\u00a0n\u00edvel m\u00e9dio e superior! Estude para o concurso dos seus sonhos com o\u00a0M\u00e9todo\u00a0que j\u00e1 ajudou na\u00a0aprova\u00e7\u00e3o de mais de 70 mil alunos.\u00a0Clique [&hellip;]<\/p>\n","protected":false},"author":54671,"featured_media":217765,"comment_status":"closed","ping_status":"closed","sticky":false,"template":"","format":"standard","meta":{"_acf_changed":false,"footnotes":"","_wp_rev_ctl_limit":""},"categories":[228],"tags":[],"class_list":["post-217764","post","type-post","status-publish","format-standard","has-post-thumbnail","hentry","category-noticias"],"acf":[],"_links":{"self":[{"href":"https:\/\/www.novaconcursos.com.br\/portal\/wp-json\/wp\/v2\/posts\/217764","targetHints":{"allow":["GET"]}}],"collection":[{"href":"https:\/\/www.novaconcursos.com.br\/portal\/wp-json\/wp\/v2\/posts"}],"about":[{"href":"https:\/\/www.novaconcursos.com.br\/portal\/wp-json\/wp\/v2\/types\/post"}],"author":[{"embeddable":true,"href":"https:\/\/www.novaconcursos.com.br\/portal\/wp-json\/wp\/v2\/users\/54671"}],"replies":[{"embeddable":true,"href":"https:\/\/www.novaconcursos.com.br\/portal\/wp-json\/wp\/v2\/comments?post=217764"}],"version-history":[{"count":5,"href":"https:\/\/www.novaconcursos.com.br\/portal\/wp-json\/wp\/v2\/posts\/217764\/revisions"}],"predecessor-version":[{"id":218291,"href":"https:\/\/www.novaconcursos.com.br\/portal\/wp-json\/wp\/v2\/posts\/217764\/revisions\/218291"}],"wp:featuredmedia":[{"embeddable":true,"href":"https:\/\/www.novaconcursos.com.br\/portal\/wp-json\/wp\/v2\/media\/217765"}],"wp:attachment":[{"href":"https:\/\/www.novaconcursos.com.br\/portal\/wp-json\/wp\/v2\/media?parent=217764"}],"wp:term":[{"taxonomy":"category","embeddable":true,"href":"https:\/\/www.novaconcursos.com.br\/portal\/wp-json\/wp\/v2\/categories?post=217764"},{"taxonomy":"post_tag","embeddable":true,"href":"https:\/\/www.novaconcursos.com.br\/portal\/wp-json\/wp\/v2\/tags?post=217764"}],"curies":[{"name":"wp","href":"https:\/\/api.w.org\/{rel}","templated":true}]}}